{"id":417444,"date":"2026-03-20T11:32:14","date_gmt":"2026-03-20T14:32:14","guid":{"rendered":"https:\/\/portaltela.pt\/noticias\/2026\/03\/20\/da-falencia-ao-imperio-global-da-agua-a-historia-de-curro-rodriguez\/"},"modified":"2026-03-20T11:32:14","modified_gmt":"2026-03-20T14:32:14","slug":"da-falencia-ao-imperio-global-da-agua-a-historia-de-curro-rodriguez","status":"publish","type":"post","link":"https:\/\/portaltela.pt\/noticias\/economia\/2026\/03\/20\/da-falencia-ao-imperio-global-da-agua-a-historia-de-curro-rodriguez\/","title":{"rendered":"Da fal\u00eancia ao imp\u00e9rio global da \u00e1gua: a hist\u00f3ria de Curro Rodr\u00edguez"},"content":{"rendered":"<p>Desde M\u00e1laga, 2015, nasceu a Ly Company, uma startup que tinha apenas alguns milhares de euros e hoje \u00e9 uma das multinacionais da \u00e1gua embalada em cart\u00e3o. O fundador \u00e9 Francisco \u201cCurro\u201d Rodr\u00edguez, cuja recupera\u00e7\u00e3o pessoal est\u00e1 ligada ao neg\u00f3cio.<\/p>\n<p>A empresa cresceu rapidamente, com 10 locais de produ\u00e7\u00e3o na Europa, Am\u00e9rica Latina e M\u00e9dio Oriente. Produz cerca de 10 milh\u00f5es de caixas de \u00e1gua por m\u00eas, evitando a rede de supermercados tradicionais.<\/p>\n<p>A Ly fornece caixas personalizadas a mais de 3000 marcas, incluindo companhias a\u00e9reas, hot\u00e9is, plataformas de transporte e grandes eventos. O grupo mira a China e, sobretudo, os Estados Unidos.<\/p>\n<h3>Trajet\u00f3ria e modelo<\/h3>\n<p>A sustentabilidade est\u00e1 no cerne do modelo: f\u00e1bricas alimentadas a energia verde, cart\u00e3o de origem respons\u00e1vel e embalagens de biopl\u00e1stico \u00e0 base de cana-de-a\u00e7\u00facar, com \u00e1gua sem micropl\u00e1sticos.<\/p>\n<p>Parte dos lucros financia a funda\u00e7\u00e3o Agua y Vida, que apoia projetos ambientais e humanit\u00e1rios. Rodr\u00edguez afirma que o impulso veio de muitos momentos dif\u00edceis.<\/p>\n<p>Antes de criar a Ly, Rodr\u00edguez trabalhou 20 anos como socorrista e lan\u00e7ou v\u00e1rias empresas que falharam. Hoje dirige um grupo com 39 empresas, 23 ativas, segundo a pr\u00f3pria holding.<\/p>\n","protected":false},"excerpt":{"rendered":"<ul>\n<li>Francisco \u201cCurro\u201d Rodr\u00edguez fundou a Ly Company em M\u00e1laga, em 2015, partindo de uma startup e tornando-a numa das maiores empresas globais de embalagens de \u00e1gua sustent\u00e1veis.<\/li>\n<li>A Ly Company tem dez locais de produ\u00e7\u00e3o na Europa, Am\u00e9rica Latina e Oriente M\u00e9dio, produzindo cerca de dez milh\u00f5es de caixas de \u00e1gua por m\u00eas e servindo mais de tr\u00eas mil marcas sem depender de supermercados.<\/li>\n<li>A empresa fornece caixas de \u00e1gua personalizadas a companhias a\u00e9reas, cadeias hoteleiras, plataformas de transporte e grandes eventos; uma companhia a\u00e9rea pode usar at\u00e9 cinquenta milh\u00f5es de unidades por ano.<\/li>\n<li>A sustentabilidade est\u00e1 no centro do modelo, com f\u00e1bricas movidas a energia verde, cart\u00e3o de origem respons\u00e1vel, tampas e revestimentos de biopl\u00e1stico \u00e0 base de cana-de-a\u00e7\u00facar e \u00e1gua livre de micropl\u00e1sticos; parte dos lucros financia a funda\u00e7\u00e3o Agua y Vida para projetos ambientais e humanit\u00e1rios.<\/li>\n<li>Rodr\u00edguez, que j\u00e1 foi socorrista e enfrentou fal\u00eancias de dois neg\u00f3cios, criou trinta e nove empresas, com vinte e tr\u00eas ativas no grupo; o objetivo \u00e9 expandir para a China e, sobretudo, os Estados Unidos.<\/li>\n<\/ul>\n","protected":false},"author":2,"featured_media":417452,"comment_status":"closed","ping_status":"closed","sticky":false,"template":"","format":"standard","meta":{"footnotes":""},"categories":[2,6735],"tags":[6336,3100,28,2697,174,3444],"class_list":["post-417444","post","type-post","status-publish","format-standard","has-post-thumbnail","hentry","category-economia","category-negocios","tag-a-agua","tag-ambiental","tag-economia","tag-empresas","tag-energia","tag-sustentabilidade"],"yoast_head":"<!-- This site is optimized with the Yoast SEO plugin v27.2 - https:\/\/yoast.com\/product\/yoast-seo-wordpress\/ -->\n<title>Da fal\u00eancia ao imp\u00e9rio global da \u00e1gua: a hist\u00f3ria de Curro Rodr\u00edguez - Portal Tela Portugal<\/title>\n<meta name=\"robots\" content=\"index, follow, max-snippet:-1, max-image-preview:large, max-video-preview:-1\" \/>\n<meta property=\"og:locale\" content=\"pt_PT\" \/>\n<meta property=\"og:type\" content=\"article\" \/>\n<meta property=\"og:title\" content=\"Da fal\u00eancia ao imp\u00e9rio global da \u00e1gua: a hist\u00f3ria de Curro Rodr\u00edguez - Portal Tela Portugal\" \/>\n<meta property=\"og:description\" content=\"Francisco \u201cCurro\u201d Rodr\u00edguez fundou a Ly Company em M\u00e1laga, em 2015, partindo de uma startup e tornando-a numa das maiores empresas globais de embalagens de \u00e1gua sustent\u00e1veis. A Ly Company tem dez locais de produ\u00e7\u00e3o na Europa, Am\u00e9rica Latina e Oriente M\u00e9dio, produzindo cerca de dez milh\u00f5es de caixas de \u00e1gua por m\u00eas e servindo mais de tr\u00eas mil marcas sem depender de supermercados. A empresa fornece caixas de \u00e1gua personalizadas a companhias a\u00e9reas, cadeias hoteleiras, plataformas de transporte e grandes eventos; uma companhia a\u00e9rea pode usar at\u00e9 cinquenta milh\u00f5es de unidades por ano. A sustentabilidade est\u00e1 no centro do modelo, com f\u00e1bricas movidas a energia verde, cart\u00e3o de origem respons\u00e1vel, tampas e revestimentos de biopl\u00e1stico \u00e0 base de cana-de-a\u00e7\u00facar e \u00e1gua livre de micropl\u00e1sticos; parte dos lucros financia a funda\u00e7\u00e3o Agua y Vida para projetos ambientais e humanit\u00e1rios. Rodr\u00edguez, que j\u00e1 foi socorrista e enfrentou fal\u00eancias de dois neg\u00f3cios, criou trinta e nove empresas, com vinte e tr\u00eas ativas no grupo; o objetivo \u00e9 expandir para a China e, sobretudo, os Estados Unidos.\" \/>\n<meta property=\"og:url\" content=\"https:\/\/portaltela.pt\/noticias\/2026\/03\/20\/da-falencia-ao-imperio-global-da-agua-a-historia-de-curro-rodriguez\/\" \/>\n<meta property=\"og:site_name\" content=\"Portal Tela Portugal\" \/>\n<meta property=\"article:published_time\" content=\"2026-03-20T14:32:14+00:00\" \/>\n<meta name=\"author\" content=\"Telinha\" \/>\n<meta name=\"twitter:card\" content=\"summary_large_image\" \/>\n<meta name=\"twitter:label1\" content=\"Escrito por\" \/>\n\t<meta name=\"twitter:data1\" content=\"Telinha\" \/>\n\t<meta name=\"twitter:label2\" content=\"Tempo estimado de leitura\" \/>\n\t<meta name=\"twitter:data2\" content=\"1 minuto\" \/>\n<script type=\"application\/ld+json\" class=\"yoast-schema-graph\">{\"@context\":\"https:\/\/schema.org\",\"@graph\":[{\"@type\":\"Article\",\"@id\":\"https:\/\/portaltela.pt\/noticias\/2026\/03\/20\/da-falencia-ao-imperio-global-da-agua-a-historia-de-curro-rodriguez\/#article\",\"isPartOf\":{\"@id\":\"https:\/\/portaltela.pt\/noticias\/2026\/03\/20\/da-falencia-ao-imperio-global-da-agua-a-historia-de-curro-rodriguez\/\"},\"author\":{\"name\":\"Telinha\",\"@id\":\"https:\/\/portaltela.pt\/#\/schema\/person\/c4278d4a6028830caff9ee44b42d32ed\"},\"headline\":\"Da fal\u00eancia ao imp\u00e9rio global da \u00e1gua: a hist\u00f3ria de Curro Rodr\u00edguez\",\"datePublished\":\"2026-03-20T14:32:14+00:00\",\"mainEntityOfPage\":{\"@id\":\"https:\/\/portaltela.pt\/noticias\/2026\/03\/20\/da-falencia-ao-imperio-global-da-agua-a-historia-de-curro-rodriguez\/\"},\"wordCount\":222,\"image\":{\"@id\":\"https:\/\/portaltela.pt\/noticias\/2026\/03\/20\/da-falencia-ao-imperio-global-da-agua-a-historia-de-curro-rodriguez\/#primaryimage\"},\"thumbnailUrl\":\"https:\/\/portaltela.pt\/s.01k8rhncp4jt1\/2026\/03\/1536x864_cmsv2_b7c79378-43da-54c3-aa4a-176cc4412b6e-9645726.jpg\",\"keywords\":[\"a \u00e1gua\",\"ambiental\",\"economia\",\"empresas\",\"energia\",\"Sustentabilidade\"],\"articleSection\":[\"Economia\",\"Neg\u00f3cios\"],\"inLanguage\":\"pt-PT\"},{\"@type\":\"WebPage\",\"@id\":\"https:\/\/portaltela.pt\/noticias\/2026\/03\/20\/da-falencia-ao-imperio-global-da-agua-a-historia-de-curro-rodriguez\/\",\"url\":\"https:\/\/portaltela.pt\/noticias\/2026\/03\/20\/da-falencia-ao-imperio-global-da-agua-a-historia-de-curro-rodriguez\/\",\"name\":\"Da fal\u00eancia ao imp\u00e9rio global da \u00e1gua: a hist\u00f3ria de Curro Rodr\u00edguez - Portal Tela Portugal\",\"isPartOf\":{\"@id\":\"https:\/\/portaltela.pt\/#website\"},\"primaryImageOfPage\":{\"@id\":\"https:\/\/portaltela.pt\/noticias\/2026\/03\/20\/da-falencia-ao-imperio-global-da-agua-a-historia-de-curro-rodriguez\/#primaryimage\"},\"image\":{\"@id\":\"https:\/\/portaltela.pt\/noticias\/2026\/03\/20\/da-falencia-ao-imperio-global-da-agua-a-historia-de-curro-rodriguez\/#primaryimage\"},\"thumbnailUrl\":\"https:\/\/portaltela.pt\/s.01k8rhncp4jt1\/2026\/03\/1536x864_cmsv2_b7c79378-43da-54c3-aa4a-176cc4412b6e-9645726.jpg\",\"datePublished\":\"2026-03-20T14:32:14+00:00\",\"author\":{\"@id\":\"https:\/\/portaltela.pt\/#\/schema\/person\/c4278d4a6028830caff9ee44b42d32ed\"},\"breadcrumb\":{\"@id\":\"https:\/\/portaltela.pt\/noticias\/2026\/03\/20\/da-falencia-ao-imperio-global-da-agua-a-historia-de-curro-rodriguez\/#breadcrumb\"},\"inLanguage\":\"pt-PT\",\"potentialAction\":[{\"@type\":\"ReadAction\",\"target\":[\"https:\/\/portaltela.pt\/noticias\/2026\/03\/20\/da-falencia-ao-imperio-global-da-agua-a-historia-de-curro-rodriguez\/\"]}]},{\"@type\":\"ImageObject\",\"inLanguage\":\"pt-PT\",\"@id\":\"https:\/\/portaltela.pt\/noticias\/2026\/03\/20\/da-falencia-ao-imperio-global-da-agua-a-historia-de-curro-rodriguez\/#primaryimage\",\"url\":\"https:\/\/portaltela.pt\/s.01k8rhncp4jt1\/2026\/03\/1536x864_cmsv2_b7c79378-43da-54c3-aa4a-176cc4412b6e-9645726.jpg\",\"contentUrl\":\"https:\/\/portaltela.pt\/s.01k8rhncp4jt1\/2026\/03\/1536x864_cmsv2_b7c79378-43da-54c3-aa4a-176cc4412b6e-9645726.jpg\",\"width\":796,\"height\":448,\"caption\":\"Curro Rodr\u00edguez: Da fal\u00eancia a um imp\u00e9rio global da \u00e1gua\"},{\"@type\":\"BreadcrumbList\",\"@id\":\"https:\/\/portaltela.pt\/noticias\/2026\/03\/20\/da-falencia-ao-imperio-global-da-agua-a-historia-de-curro-rodriguez\/#breadcrumb\",\"itemListElement\":[{\"@type\":\"ListItem\",\"position\":1,\"name\":\"In\u00edcio\",\"item\":\"https:\/\/portaltela.pt\/\"},{\"@type\":\"ListItem\",\"position\":2,\"name\":\"Da fal\u00eancia ao imp\u00e9rio global da \u00e1gua: a hist\u00f3ria de Curro Rodr\u00edguez\"}]},{\"@type\":\"WebSite\",\"@id\":\"https:\/\/portaltela.pt\/#website\",\"url\":\"https:\/\/portaltela.pt\/\",\"name\":\"Portal Tela Portugal\",\"description\":\"\",\"potentialAction\":[{\"@type\":\"SearchAction\",\"target\":{\"@type\":\"EntryPoint\",\"urlTemplate\":\"https:\/\/portaltela.pt\/?s={search_term_string}\"},\"query-input\":{\"@type\":\"PropertyValueSpecification\",\"valueRequired\":true,\"valueName\":\"search_term_string\"}}],\"inLanguage\":\"pt-PT\"},{\"@type\":\"Person\",\"@id\":\"https:\/\/portaltela.pt\/#\/schema\/person\/c4278d4a6028830caff9ee44b42d32ed\",\"name\":\"Telinha\",\"image\":{\"@type\":\"ImageObject\",\"inLanguage\":\"pt-PT\",\"@id\":\"https:\/\/portaltela.pt\/s.01k8rhncp4jt1\/2025\/11\/talking-bot-125x125.png\",\"url\":\"https:\/\/portaltela.pt\/s.01k8rhncp4jt1\/2025\/11\/talking-bot-125x125.png\",\"contentUrl\":\"https:\/\/portaltela.pt\/s.01k8rhncp4jt1\/2025\/11\/talking-bot-125x125.png\",\"caption\":\"Telinha\"},\"sameAs\":[\"https:\/\/portaltela.pt\/\"],\"url\":\"https:\/\/portaltela.pt\/por\/367410592786\/\"}]}<\/script>\n<!-- \/ Yoast SEO plugin. -->","yoast_head_json":{"title":"Da fal\u00eancia ao imp\u00e9rio global da \u00e1gua: a hist\u00f3ria de Curro Rodr\u00edguez - Portal Tela Portugal","robots":{"index":"index","follow":"follow","max-snippet":"max-snippet:-1","max-image-preview":"max-image-preview:large","max-video-preview":"max-video-preview:-1"},"og_locale":"pt_PT","og_type":"article","og_title":"Da fal\u00eancia ao imp\u00e9rio global da \u00e1gua: a hist\u00f3ria de Curro Rodr\u00edguez - Portal Tela Portugal","og_description":"Francisco \u201cCurro\u201d Rodr\u00edguez fundou a Ly Company em M\u00e1laga, em 2015, partindo de uma startup e tornando-a numa das maiores empresas globais de embalagens de \u00e1gua sustent\u00e1veis. A Ly Company tem dez locais de produ\u00e7\u00e3o na Europa, Am\u00e9rica Latina e Oriente M\u00e9dio, produzindo cerca de dez milh\u00f5es de caixas de \u00e1gua por m\u00eas e servindo mais de tr\u00eas mil marcas sem depender de supermercados. A empresa fornece caixas de \u00e1gua personalizadas a companhias a\u00e9reas, cadeias hoteleiras, plataformas de transporte e grandes eventos; uma companhia a\u00e9rea pode usar at\u00e9 cinquenta milh\u00f5es de unidades por ano. A sustentabilidade est\u00e1 no centro do modelo, com f\u00e1bricas movidas a energia verde, cart\u00e3o de origem respons\u00e1vel, tampas e revestimentos de biopl\u00e1stico \u00e0 base de cana-de-a\u00e7\u00facar e \u00e1gua livre de micropl\u00e1sticos; parte dos lucros financia a funda\u00e7\u00e3o Agua y Vida para projetos ambientais e humanit\u00e1rios. Rodr\u00edguez, que j\u00e1 foi socorrista e enfrentou fal\u00eancias de dois neg\u00f3cios, criou trinta e nove empresas, com vinte e tr\u00eas ativas no grupo; o objetivo \u00e9 expandir para a China e, sobretudo, os Estados Unidos.","og_url":"https:\/\/portaltela.pt\/noticias\/2026\/03\/20\/da-falencia-ao-imperio-global-da-agua-a-historia-de-curro-rodriguez\/","og_site_name":"Portal Tela Portugal","article_published_time":"2026-03-20T14:32:14+00:00","author":"Telinha","twitter_card":"summary_large_image","twitter_misc":{"Escrito por":"Telinha","Tempo estimado de leitura":"1 minuto"},"schema":{"@context":"https:\/\/schema.org","@graph":[{"@type":"Article","@id":"https:\/\/portaltela.pt\/noticias\/2026\/03\/20\/da-falencia-ao-imperio-global-da-agua-a-historia-de-curro-rodriguez\/#article","isPartOf":{"@id":"https:\/\/portaltela.pt\/noticias\/2026\/03\/20\/da-falencia-ao-imperio-global-da-agua-a-historia-de-curro-rodriguez\/"},"author":{"name":"Telinha","@id":"https:\/\/portaltela.pt\/#\/schema\/person\/c4278d4a6028830caff9ee44b42d32ed"},"headline":"Da fal\u00eancia ao imp\u00e9rio global da \u00e1gua: a hist\u00f3ria de Curro Rodr\u00edguez","datePublished":"2026-03-20T14:32:14+00:00","mainEntityOfPage":{"@id":"https:\/\/portaltela.pt\/noticias\/2026\/03\/20\/da-falencia-ao-imperio-global-da-agua-a-historia-de-curro-rodriguez\/"},"wordCount":222,"image":{"@id":"https:\/\/portaltela.pt\/noticias\/2026\/03\/20\/da-falencia-ao-imperio-global-da-agua-a-historia-de-curro-rodriguez\/#primaryimage"},"thumbnailUrl":"https:\/\/portaltela.pt\/s.01k8rhncp4jt1\/2026\/03\/1536x864_cmsv2_b7c79378-43da-54c3-aa4a-176cc4412b6e-9645726.jpg","keywords":["a \u00e1gua","ambiental","economia","empresas","energia","Sustentabilidade"],"articleSection":["Economia","Neg\u00f3cios"],"inLanguage":"pt-PT"},{"@type":"WebPage","@id":"https:\/\/portaltela.pt\/noticias\/2026\/03\/20\/da-falencia-ao-imperio-global-da-agua-a-historia-de-curro-rodriguez\/","url":"https:\/\/portaltela.pt\/noticias\/2026\/03\/20\/da-falencia-ao-imperio-global-da-agua-a-historia-de-curro-rodriguez\/","name":"Da fal\u00eancia ao imp\u00e9rio global da \u00e1gua: a hist\u00f3ria de Curro Rodr\u00edguez - Portal Tela Portugal","isPartOf":{"@id":"https:\/\/portaltela.pt\/#website"},"primaryImageOfPage":{"@id":"https:\/\/portaltela.pt\/noticias\/2026\/03\/20\/da-falencia-ao-imperio-global-da-agua-a-historia-de-curro-rodriguez\/#primaryimage"},"image":{"@id":"https:\/\/portaltela.pt\/noticias\/2026\/03\/20\/da-falencia-ao-imperio-global-da-agua-a-historia-de-curro-rodriguez\/#primaryimage"},"thumbnailUrl":"https:\/\/portaltela.pt\/s.01k8rhncp4jt1\/2026\/03\/1536x864_cmsv2_b7c79378-43da-54c3-aa4a-176cc4412b6e-9645726.jpg","datePublished":"2026-03-20T14:32:14+00:00","author":{"@id":"https:\/\/portaltela.pt\/#\/schema\/person\/c4278d4a6028830caff9ee44b42d32ed"},"breadcrumb":{"@id":"https:\/\/portaltela.pt\/noticias\/2026\/03\/20\/da-falencia-ao-imperio-global-da-agua-a-historia-de-curro-rodriguez\/#breadcrumb"},"inLanguage":"pt-PT","potentialAction":[{"@type":"ReadAction","target":["https:\/\/portaltela.pt\/noticias\/2026\/03\/20\/da-falencia-ao-imperio-global-da-agua-a-historia-de-curro-rodriguez\/"]}]},{"@type":"ImageObject","inLanguage":"pt-PT","@id":"https:\/\/portaltela.pt\/noticias\/2026\/03\/20\/da-falencia-ao-imperio-global-da-agua-a-historia-de-curro-rodriguez\/#primaryimage","url":"https:\/\/portaltela.pt\/s.01k8rhncp4jt1\/2026\/03\/1536x864_cmsv2_b7c79378-43da-54c3-aa4a-176cc4412b6e-9645726.jpg","contentUrl":"https:\/\/portaltela.pt\/s.01k8rhncp4jt1\/2026\/03\/1536x864_cmsv2_b7c79378-43da-54c3-aa4a-176cc4412b6e-9645726.jpg","width":796,"height":448,"caption":"Curro Rodr\u00edguez: Da fal\u00eancia a um imp\u00e9rio global da \u00e1gua"},{"@type":"BreadcrumbList","@id":"https:\/\/portaltela.pt\/noticias\/2026\/03\/20\/da-falencia-ao-imperio-global-da-agua-a-historia-de-curro-rodriguez\/#breadcrumb","itemListElement":[{"@type":"ListItem","position":1,"name":"In\u00edcio","item":"https:\/\/portaltela.pt\/"},{"@type":"ListItem","position":2,"name":"Da fal\u00eancia ao imp\u00e9rio global da \u00e1gua: a hist\u00f3ria de Curro Rodr\u00edguez"}]},{"@type":"WebSite","@id":"https:\/\/portaltela.pt\/#website","url":"https:\/\/portaltela.pt\/","name":"Portal Tela Portugal","description":"","potentialAction":[{"@type":"SearchAction","target":{"@type":"EntryPoint","urlTemplate":"https:\/\/portaltela.pt\/?s={search_term_string}"},"query-input":{"@type":"PropertyValueSpecification","valueRequired":true,"valueName":"search_term_string"}}],"inLanguage":"pt-PT"},{"@type":"Person","@id":"https:\/\/portaltela.pt\/#\/schema\/person\/c4278d4a6028830caff9ee44b42d32ed","name":"Telinha","image":{"@type":"ImageObject","inLanguage":"pt-PT","@id":"https:\/\/portaltela.pt\/s.01k8rhncp4jt1\/2025\/11\/talking-bot-125x125.png","url":"https:\/\/portaltela.pt\/s.01k8rhncp4jt1\/2025\/11\/talking-bot-125x125.png","contentUrl":"https:\/\/portaltela.pt\/s.01k8rhncp4jt1\/2025\/11\/talking-bot-125x125.png","caption":"Telinha"},"sameAs":["https:\/\/portaltela.pt\/"],"url":"https:\/\/portaltela.pt\/por\/367410592786\/"}]}},"_links":{"self":[{"href":"https:\/\/portaltela.pt\/api\/wp\/v2\/posts\/417444","targetHints":{"allow":["GET"]}}],"collection":[{"href":"https:\/\/portaltela.pt\/api\/wp\/v2\/posts"}],"about":[{"href":"https:\/\/portaltela.pt\/api\/wp\/v2\/types\/post"}],"author":[{"embeddable":true,"href":"https:\/\/portaltela.pt\/api\/wp\/v2\/users\/2"}],"replies":[{"embeddable":true,"href":"https:\/\/portaltela.pt\/api\/wp\/v2\/comments?post=417444"}],"version-history":[{"count":0,"href":"https:\/\/portaltela.pt\/api\/wp\/v2\/posts\/417444\/revisions"}],"wp:featuredmedia":[{"embeddable":true,"href":"https:\/\/portaltela.pt\/api\/wp\/v2\/media\/417452"}],"wp:attachment":[{"href":"https:\/\/portaltela.pt\/api\/wp\/v2\/media?parent=417444"}],"wp:term":[{"taxonomy":"category","embeddable":true,"href":"https:\/\/portaltela.pt\/api\/wp\/v2\/categories?post=417444"},{"taxonomy":"post_tag","embeddable":true,"href":"https:\/\/portaltela.pt\/api\/wp\/v2\/tags?post=417444"}],"curies":[{"name":"wp","href":"https:\/\/api.w.org\/{rel}","templated":true}]}}