{"id":417430,"date":"2026-03-20T09:46:00","date_gmt":"2026-03-20T12:46:00","guid":{"rendered":"https:\/\/portaltela.pt\/noticias\/2026\/03\/20\/relatorio-apela-a-reforcar-o-sistema-eletrico-da-ue-diz-comissario\/"},"modified":"2026-03-20T09:46:00","modified_gmt":"2026-03-20T12:46:00","slug":"relatorio-apela-a-reforcar-o-sistema-eletrico-da-ue-diz-comissario","status":"publish","type":"post","link":"https:\/\/portaltela.pt\/noticias\/politica\/2026\/03\/20\/relatorio-apela-a-reforcar-o-sistema-eletrico-da-ue-diz-comissario\/","title":{"rendered":"Relat\u00f3rio apela a refor\u00e7ar o sistema el\u00e9trico da UE, diz comiss\u00e1rio"},"content":{"rendered":"<p>Um comiss\u00e1rio da Uni\u00e3o Europeia afirmou que um relat\u00f3rio aponta para a necessidade de refor\u00e7ar o sistema el\u00e9trico da UE, destacando vulnerabilidades da rede e riscos para a seguran\u00e7a energ\u00e9tica. A mensagem central \u00e9 a de que a infraestrutura atual exige moderniza\u00e7\u00e3o para enfrentar press\u00f5es presentes.<\/p>\n<p>Segundo o comiss\u00e1rio, o texto detalha a urg\u00eancia de fortalecer a resili\u00eancia da rede, melhorar a capacidade de resposta a falhas e facilitar a integra\u00e7\u00e3o de fontes de energia. O objetivo \u00e9 reduzir interrup\u00e7\u00f5es no abastecimento e acompanhar a transi\u00e7\u00e3o energ\u00e9tica.<\/p>\n<p>O conte\u00fado completo encontra-se dispon\u00edvel apenas para subscritores, conforme aviso oficial. A divulga\u00e7\u00e3o p\u00fablica do relat\u00f3rio visa esclarecer prioridades de investimento e orientar pol\u00edticas europeias relativas \u00e0 eletricidade e \u00e0 seguran\u00e7a energ\u00e9tica.<\/p>\n","protected":false},"excerpt":{"rendered":"<ul>\n<li>Um relat\u00f3rio aponta a necessidade de refor\u00e7ar o sistema el\u00e9trico da Uni\u00e3o Europeia, segundo o comiss\u00e1rio respons\u00e1vel.<\/li>\n<li>O conte\u00fado completo est\u00e1 dispon\u00edvel apenas para subscritores.<\/li>\n<li>O relat\u00f3rio foca a melhoria da resili\u00eancia do sistema, capacidade de transmiss\u00e3o e integra\u00e7\u00e3o de fontes de energia renov\u00e1vel.<\/li>\n<li>O comiss\u00e1rio destacou a import\u00e2ncia de investimentos e de medidas regulat\u00f3rias para avan\u00e7ar com as mudan\u00e7as.<\/li>\n<\/ul>\n","protected":false},"author":2,"featured_media":417433,"comment_status":"closed","ping_status":"closed","sticky":false,"template":"","format":"standard","meta":{"footnotes":""},"categories":[6806,5],"tags":[174,3603,2487,258,5156,2055],"class_list":["post-417430","post","type-post","status-publish","format-standard","has-post-thumbnail","hentry","category-energia","category-politica","tag-energia","tag-energias-renovaveis","tag-europa","tag-infraestruturas","tag-transicao-climatica","tag-uniao-europeia"],"yoast_head":"<!-- This site is optimized with the Yoast SEO plugin v27.2 - https:\/\/yoast.com\/product\/yoast-seo-wordpress\/ -->\n<title>Relat\u00f3rio apela a refor\u00e7ar o sistema el\u00e9trico da UE, diz comiss\u00e1rio - Portal Tela Portugal<\/title>\n<meta name=\"robots\" content=\"index, follow, max-snippet:-1, max-image-preview:large, max-video-preview:-1\" \/>\n<meta property=\"og:locale\" content=\"pt_PT\" \/>\n<meta property=\"og:type\" content=\"article\" \/>\n<meta property=\"og:title\" content=\"Relat\u00f3rio apela a refor\u00e7ar o sistema el\u00e9trico da UE, diz comiss\u00e1rio - Portal Tela Portugal\" \/>\n<meta property=\"og:description\" content=\"Um relat\u00f3rio aponta a necessidade de refor\u00e7ar o sistema el\u00e9trico da Uni\u00e3o Europeia, segundo o comiss\u00e1rio respons\u00e1vel. O conte\u00fado completo est\u00e1 dispon\u00edvel apenas para subscritores. O relat\u00f3rio foca a melhoria da resili\u00eancia do sistema, capacidade de transmiss\u00e3o e integra\u00e7\u00e3o de fontes de energia renov\u00e1vel. O comiss\u00e1rio destacou a import\u00e2ncia de investimentos e de medidas regulat\u00f3rias para avan\u00e7ar com as mudan\u00e7as.\" \/>\n<meta property=\"og:url\" content=\"https:\/\/portaltela.pt\/noticias\/2026\/03\/20\/relatorio-apela-a-reforcar-o-sistema-eletrico-da-ue-diz-comissario\/\" \/>\n<meta property=\"og:site_name\" content=\"Portal Tela Portugal\" \/>\n<meta property=\"article:published_time\" content=\"2026-03-20T12:46:00+00:00\" \/>\n<meta name=\"author\" content=\"Telinha\" \/>\n<meta name=\"twitter:card\" content=\"summary_large_image\" \/>\n<meta name=\"twitter:label1\" content=\"Escrito por\" \/>\n\t<meta name=\"twitter:data1\" content=\"Telinha\" \/>\n\t<meta name=\"twitter:label2\" content=\"Tempo estimado de leitura\" \/>\n\t<meta name=\"twitter:data2\" content=\"1 minuto\" \/>\n<script type=\"application\/ld+json\" class=\"yoast-schema-graph\">{\"@context\":\"https:\/\/schema.org\",\"@graph\":[{\"@type\":\"Article\",\"@id\":\"https:\/\/portaltela.pt\/noticias\/2026\/03\/20\/relatorio-apela-a-reforcar-o-sistema-eletrico-da-ue-diz-comissario\/#article\",\"isPartOf\":{\"@id\":\"https:\/\/portaltela.pt\/noticias\/2026\/03\/20\/relatorio-apela-a-reforcar-o-sistema-eletrico-da-ue-diz-comissario\/\"},\"author\":{\"name\":\"Telinha\",\"@id\":\"https:\/\/portaltela.pt\/#\/schema\/person\/c4278d4a6028830caff9ee44b42d32ed\"},\"headline\":\"Relat\u00f3rio apela a refor\u00e7ar o sistema el\u00e9trico da UE, diz comiss\u00e1rio\",\"datePublished\":\"2026-03-20T12:46:00+00:00\",\"mainEntityOfPage\":{\"@id\":\"https:\/\/portaltela.pt\/noticias\/2026\/03\/20\/relatorio-apela-a-reforcar-o-sistema-eletrico-da-ue-diz-comissario\/\"},\"wordCount\":154,\"image\":{\"@id\":\"https:\/\/portaltela.pt\/noticias\/2026\/03\/20\/relatorio-apela-a-reforcar-o-sistema-eletrico-da-ue-diz-comissario\/#primaryimage\"},\"thumbnailUrl\":\"https:\/\/portaltela.pt\/s.01k8rhncp4jt1\/2026\/03\/CACHE_780X1200_ANALOG_WATERMARKED_46762136_416809221103203.jpg\",\"keywords\":[\"energia\",\"energias renov\u00e1veis\",\"Europa\",\"infraestruturas\",\"Transi\u00e7\u00e3o Clim\u00e1tica\",\"Uni\u00e3o Europeia\"],\"articleSection\":[\"Energia\",\"Pol\u00edtica\"],\"inLanguage\":\"pt-PT\"},{\"@type\":\"WebPage\",\"@id\":\"https:\/\/portaltela.pt\/noticias\/2026\/03\/20\/relatorio-apela-a-reforcar-o-sistema-eletrico-da-ue-diz-comissario\/\",\"url\":\"https:\/\/portaltela.pt\/noticias\/2026\/03\/20\/relatorio-apela-a-reforcar-o-sistema-eletrico-da-ue-diz-comissario\/\",\"name\":\"Relat\u00f3rio apela a refor\u00e7ar o sistema el\u00e9trico da UE, diz comiss\u00e1rio - Portal Tela Portugal\",\"isPartOf\":{\"@id\":\"https:\/\/portaltela.pt\/#website\"},\"primaryImageOfPage\":{\"@id\":\"https:\/\/portaltela.pt\/noticias\/2026\/03\/20\/relatorio-apela-a-reforcar-o-sistema-eletrico-da-ue-diz-comissario\/#primaryimage\"},\"image\":{\"@id\":\"https:\/\/portaltela.pt\/noticias\/2026\/03\/20\/relatorio-apela-a-reforcar-o-sistema-eletrico-da-ue-diz-comissario\/#primaryimage\"},\"thumbnailUrl\":\"https:\/\/portaltela.pt\/s.01k8rhncp4jt1\/2026\/03\/CACHE_780X1200_ANALOG_WATERMARKED_46762136_416809221103203.jpg\",\"datePublished\":\"2026-03-20T12:46:00+00:00\",\"author\":{\"@id\":\"https:\/\/portaltela.pt\/#\/schema\/person\/c4278d4a6028830caff9ee44b42d32ed\"},\"breadcrumb\":{\"@id\":\"https:\/\/portaltela.pt\/noticias\/2026\/03\/20\/relatorio-apela-a-reforcar-o-sistema-eletrico-da-ue-diz-comissario\/#breadcrumb\"},\"inLanguage\":\"pt-PT\",\"potentialAction\":[{\"@type\":\"ReadAction\",\"target\":[\"https:\/\/portaltela.pt\/noticias\/2026\/03\/20\/relatorio-apela-a-reforcar-o-sistema-eletrico-da-ue-diz-comissario\/\"]}]},{\"@type\":\"ImageObject\",\"inLanguage\":\"pt-PT\",\"@id\":\"https:\/\/portaltela.pt\/noticias\/2026\/03\/20\/relatorio-apela-a-reforcar-o-sistema-eletrico-da-ue-diz-comissario\/#primaryimage\",\"url\":\"https:\/\/portaltela.pt\/s.01k8rhncp4jt1\/2026\/03\/CACHE_780X1200_ANALOG_WATERMARKED_46762136_416809221103203.jpg\",\"contentUrl\":\"https:\/\/portaltela.pt\/s.01k8rhncp4jt1\/2026\/03\/CACHE_780X1200_ANALOG_WATERMARKED_46762136_416809221103203.jpg\",\"width\":796,\"height\":448,\"caption\":\"Relat\u00f3rio revela necessidade de refor\u00e7ar sistema el\u00e9trico da UE \u2013 comiss\u00e1rio\"},{\"@type\":\"BreadcrumbList\",\"@id\":\"https:\/\/portaltela.pt\/noticias\/2026\/03\/20\/relatorio-apela-a-reforcar-o-sistema-eletrico-da-ue-diz-comissario\/#breadcrumb\",\"itemListElement\":[{\"@type\":\"ListItem\",\"position\":1,\"name\":\"In\u00edcio\",\"item\":\"https:\/\/portaltela.pt\/\"},{\"@type\":\"ListItem\",\"position\":2,\"name\":\"Relat\u00f3rio apela a refor\u00e7ar o sistema el\u00e9trico da UE, diz comiss\u00e1rio\"}]},{\"@type\":\"WebSite\",\"@id\":\"https:\/\/portaltela.pt\/#website\",\"url\":\"https:\/\/portaltela.pt\/\",\"name\":\"Portal Tela Portugal\",\"description\":\"\",\"potentialAction\":[{\"@type\":\"SearchAction\",\"target\":{\"@type\":\"EntryPoint\",\"urlTemplate\":\"https:\/\/portaltela.pt\/?s={search_term_string}\"},\"query-input\":{\"@type\":\"PropertyValueSpecification\",\"valueRequired\":true,\"valueName\":\"search_term_string\"}}],\"inLanguage\":\"pt-PT\"},{\"@type\":\"Person\",\"@id\":\"https:\/\/portaltela.pt\/#\/schema\/person\/c4278d4a6028830caff9ee44b42d32ed\",\"name\":\"Telinha\",\"image\":{\"@type\":\"ImageObject\",\"inLanguage\":\"pt-PT\",\"@id\":\"https:\/\/portaltela.pt\/s.01k8rhncp4jt1\/2025\/11\/talking-bot-125x125.png\",\"url\":\"https:\/\/portaltela.pt\/s.01k8rhncp4jt1\/2025\/11\/talking-bot-125x125.png\",\"contentUrl\":\"https:\/\/portaltela.pt\/s.01k8rhncp4jt1\/2025\/11\/talking-bot-125x125.png\",\"caption\":\"Telinha\"},\"sameAs\":[\"https:\/\/portaltela.pt\/\"],\"url\":\"https:\/\/portaltela.pt\/por\/367410592786\/\"}]}<\/script>\n<!-- \/ Yoast SEO plugin. -->","yoast_head_json":{"title":"Relat\u00f3rio apela a refor\u00e7ar o sistema el\u00e9trico da UE, diz comiss\u00e1rio - Portal Tela Portugal","robots":{"index":"index","follow":"follow","max-snippet":"max-snippet:-1","max-image-preview":"max-image-preview:large","max-video-preview":"max-video-preview:-1"},"og_locale":"pt_PT","og_type":"article","og_title":"Relat\u00f3rio apela a refor\u00e7ar o sistema el\u00e9trico da UE, diz comiss\u00e1rio - Portal Tela Portugal","og_description":"Um relat\u00f3rio aponta a necessidade de refor\u00e7ar o sistema el\u00e9trico da Uni\u00e3o Europeia, segundo o comiss\u00e1rio respons\u00e1vel. O conte\u00fado completo est\u00e1 dispon\u00edvel apenas para subscritores. O relat\u00f3rio foca a melhoria da resili\u00eancia do sistema, capacidade de transmiss\u00e3o e integra\u00e7\u00e3o de fontes de energia renov\u00e1vel. O comiss\u00e1rio destacou a import\u00e2ncia de investimentos e de medidas regulat\u00f3rias para avan\u00e7ar com as mudan\u00e7as.","og_url":"https:\/\/portaltela.pt\/noticias\/2026\/03\/20\/relatorio-apela-a-reforcar-o-sistema-eletrico-da-ue-diz-comissario\/","og_site_name":"Portal Tela Portugal","article_published_time":"2026-03-20T12:46:00+00:00","author":"Telinha","twitter_card":"summary_large_image","twitter_misc":{"Escrito por":"Telinha","Tempo estimado de leitura":"1 minuto"},"schema":{"@context":"https:\/\/schema.org","@graph":[{"@type":"Article","@id":"https:\/\/portaltela.pt\/noticias\/2026\/03\/20\/relatorio-apela-a-reforcar-o-sistema-eletrico-da-ue-diz-comissario\/#article","isPartOf":{"@id":"https:\/\/portaltela.pt\/noticias\/2026\/03\/20\/relatorio-apela-a-reforcar-o-sistema-eletrico-da-ue-diz-comissario\/"},"author":{"name":"Telinha","@id":"https:\/\/portaltela.pt\/#\/schema\/person\/c4278d4a6028830caff9ee44b42d32ed"},"headline":"Relat\u00f3rio apela a refor\u00e7ar o sistema el\u00e9trico da UE, diz comiss\u00e1rio","datePublished":"2026-03-20T12:46:00+00:00","mainEntityOfPage":{"@id":"https:\/\/portaltela.pt\/noticias\/2026\/03\/20\/relatorio-apela-a-reforcar-o-sistema-eletrico-da-ue-diz-comissario\/"},"wordCount":154,"image":{"@id":"https:\/\/portaltela.pt\/noticias\/2026\/03\/20\/relatorio-apela-a-reforcar-o-sistema-eletrico-da-ue-diz-comissario\/#primaryimage"},"thumbnailUrl":"https:\/\/portaltela.pt\/s.01k8rhncp4jt1\/2026\/03\/CACHE_780X1200_ANALOG_WATERMARKED_46762136_416809221103203.jpg","keywords":["energia","energias renov\u00e1veis","Europa","infraestruturas","Transi\u00e7\u00e3o Clim\u00e1tica","Uni\u00e3o Europeia"],"articleSection":["Energia","Pol\u00edtica"],"inLanguage":"pt-PT"},{"@type":"WebPage","@id":"https:\/\/portaltela.pt\/noticias\/2026\/03\/20\/relatorio-apela-a-reforcar-o-sistema-eletrico-da-ue-diz-comissario\/","url":"https:\/\/portaltela.pt\/noticias\/2026\/03\/20\/relatorio-apela-a-reforcar-o-sistema-eletrico-da-ue-diz-comissario\/","name":"Relat\u00f3rio apela a refor\u00e7ar o sistema el\u00e9trico da UE, diz comiss\u00e1rio - Portal Tela Portugal","isPartOf":{"@id":"https:\/\/portaltela.pt\/#website"},"primaryImageOfPage":{"@id":"https:\/\/portaltela.pt\/noticias\/2026\/03\/20\/relatorio-apela-a-reforcar-o-sistema-eletrico-da-ue-diz-comissario\/#primaryimage"},"image":{"@id":"https:\/\/portaltela.pt\/noticias\/2026\/03\/20\/relatorio-apela-a-reforcar-o-sistema-eletrico-da-ue-diz-comissario\/#primaryimage"},"thumbnailUrl":"https:\/\/portaltela.pt\/s.01k8rhncp4jt1\/2026\/03\/CACHE_780X1200_ANALOG_WATERMARKED_46762136_416809221103203.jpg","datePublished":"2026-03-20T12:46:00+00:00","author":{"@id":"https:\/\/portaltela.pt\/#\/schema\/person\/c4278d4a6028830caff9ee44b42d32ed"},"breadcrumb":{"@id":"https:\/\/portaltela.pt\/noticias\/2026\/03\/20\/relatorio-apela-a-reforcar-o-sistema-eletrico-da-ue-diz-comissario\/#breadcrumb"},"inLanguage":"pt-PT","potentialAction":[{"@type":"ReadAction","target":["https:\/\/portaltela.pt\/noticias\/2026\/03\/20\/relatorio-apela-a-reforcar-o-sistema-eletrico-da-ue-diz-comissario\/"]}]},{"@type":"ImageObject","inLanguage":"pt-PT","@id":"https:\/\/portaltela.pt\/noticias\/2026\/03\/20\/relatorio-apela-a-reforcar-o-sistema-eletrico-da-ue-diz-comissario\/#primaryimage","url":"https:\/\/portaltela.pt\/s.01k8rhncp4jt1\/2026\/03\/CACHE_780X1200_ANALOG_WATERMARKED_46762136_416809221103203.jpg","contentUrl":"https:\/\/portaltela.pt\/s.01k8rhncp4jt1\/2026\/03\/CACHE_780X1200_ANALOG_WATERMARKED_46762136_416809221103203.jpg","width":796,"height":448,"caption":"Relat\u00f3rio revela necessidade de refor\u00e7ar sistema el\u00e9trico da UE \u2013 comiss\u00e1rio"},{"@type":"BreadcrumbList","@id":"https:\/\/portaltela.pt\/noticias\/2026\/03\/20\/relatorio-apela-a-reforcar-o-sistema-eletrico-da-ue-diz-comissario\/#breadcrumb","itemListElement":[{"@type":"ListItem","position":1,"name":"In\u00edcio","item":"https:\/\/portaltela.pt\/"},{"@type":"ListItem","position":2,"name":"Relat\u00f3rio apela a refor\u00e7ar o sistema el\u00e9trico da UE, diz comiss\u00e1rio"}]},{"@type":"WebSite","@id":"https:\/\/portaltela.pt\/#website","url":"https:\/\/portaltela.pt\/","name":"Portal Tela Portugal","description":"","potentialAction":[{"@type":"SearchAction","target":{"@type":"EntryPoint","urlTemplate":"https:\/\/portaltela.pt\/?s={search_term_string}"},"query-input":{"@type":"PropertyValueSpecification","valueRequired":true,"valueName":"search_term_string"}}],"inLanguage":"pt-PT"},{"@type":"Person","@id":"https:\/\/portaltela.pt\/#\/schema\/person\/c4278d4a6028830caff9ee44b42d32ed","name":"Telinha","image":{"@type":"ImageObject","inLanguage":"pt-PT","@id":"https:\/\/portaltela.pt\/s.01k8rhncp4jt1\/2025\/11\/talking-bot-125x125.png","url":"https:\/\/portaltela.pt\/s.01k8rhncp4jt1\/2025\/11\/talking-bot-125x125.png","contentUrl":"https:\/\/portaltela.pt\/s.01k8rhncp4jt1\/2025\/11\/talking-bot-125x125.png","caption":"Telinha"},"sameAs":["https:\/\/portaltela.pt\/"],"url":"https:\/\/portaltela.pt\/por\/367410592786\/"}]}},"_links":{"self":[{"href":"https:\/\/portaltela.pt\/api\/wp\/v2\/posts\/417430","targetHints":{"allow":["GET"]}}],"collection":[{"href":"https:\/\/portaltela.pt\/api\/wp\/v2\/posts"}],"about":[{"href":"https:\/\/portaltela.pt\/api\/wp\/v2\/types\/post"}],"author":[{"embeddable":true,"href":"https:\/\/portaltela.pt\/api\/wp\/v2\/users\/2"}],"replies":[{"embeddable":true,"href":"https:\/\/portaltela.pt\/api\/wp\/v2\/comments?post=417430"}],"version-history":[{"count":0,"href":"https:\/\/portaltela.pt\/api\/wp\/v2\/posts\/417430\/revisions"}],"wp:featuredmedia":[{"embeddable":true,"href":"https:\/\/portaltela.pt\/api\/wp\/v2\/media\/417433"}],"wp:attachment":[{"href":"https:\/\/portaltela.pt\/api\/wp\/v2\/media?parent=417430"}],"wp:term":[{"taxonomy":"category","embeddable":true,"href":"https:\/\/portaltela.pt\/api\/wp\/v2\/categories?post=417430"},{"taxonomy":"post_tag","embeddable":true,"href":"https:\/\/portaltela.pt\/api\/wp\/v2\/tags?post=417430"}],"curies":[{"name":"wp","href":"https:\/\/api.w.org\/{rel}","templated":true}]}}