{"id":417425,"date":"2026-03-20T11:01:58","date_gmt":"2026-03-20T14:01:58","guid":{"rendered":"https:\/\/portaltela.pt\/noticias\/2026\/03\/20\/projeto-de-lei-do-chega-para-revisao-dos-tvde-rejeitado-na-ar\/"},"modified":"2026-03-20T11:01:58","modified_gmt":"2026-03-20T14:01:58","slug":"projeto-de-lei-do-chega-para-revisao-dos-tvde-rejeitado-na-ar","status":"publish","type":"post","link":"https:\/\/portaltela.pt\/noticias\/politica\/2026\/03\/20\/projeto-de-lei-do-chega-para-revisao-dos-tvde-rejeitado-na-ar\/","title":{"rendered":"Projeto de lei do Chega para revis\u00e3o dos TVDE rejeitado na AR"},"content":{"rendered":"<p>O Projeto de Lei n.\u00ba 465\/XVII\/1.\u00aa do Chega, que visava revisar o regime jur\u00eddico da atividade TVDE, foi rejeitado na Assembleia da Rep\u00fablica nesta sexta-feira. A vota\u00e7\u00e3o contou com votos contra do PS, Bloco de Esquerda e Iniciativa Liberal, e absten\u00e7\u00e3o do PSD, CDS-PP e PCP. A proposta propunha, entre outras medidas, obrigar motoristas a ter certificado de dom\u00ednio funcional de portugu\u00eas para prestar servi\u00e7o no setor.<\/p>\n<p>Entre altera\u00e7\u00f5es propostas, o Chega defendia mudar a designa\u00e7\u00e3o da atividade e admitir publicidade nos interiores e exteriores das viaturas TVDE como forma de compensar custos. O partido tamb\u00e9m aponta o uso de um certificado de dom\u00ednio do portugu\u00eas e a necessidade de comunica\u00e7\u00e3o em portugu\u00eas para todos os motoristas.<\/p>\n<p>A discuss\u00e3o acompanha um movimento mais amplo na comiss\u00e3o de Infra\u00adestruturas, Mobilidade e Habita\u00e7\u00e3o, onde j\u00e1 tinham sido baixados seus diplomas irm\u00e3os do PSD e CDS-PP para alterar a Lei 45\/2018. O PAN e IL viram os seus textos rejeitados.<\/p>\n<p>Em concreto, o Chega pretende que os pre\u00e7os do servi\u00e7o reflitam o in\u00edcio da presta\u00e7\u00e3o desde a aceita\u00e7\u00e3o do pedido at\u00e9 ao fim da viagem, com a inclus\u00e3o de um circuito de televis\u00e3o nos ve\u00edculos para vigil\u00e2ncia. O projeto tamb\u00e9m defende publicidade como remunera\u00e7\u00e3o parcial da atividade.<\/p>\n<p>Paralelamente, o PSD apresentou a linha com mais altera\u00e7\u00f5es, buscando modernizar o enquadramento legal face \u00e0 evolu\u00e7\u00e3o tecnol\u00f3gica. A proposta prev\u00ea cerca de 20 altera\u00e7\u00f5es estruturais, incluindo a possibilidade de ve\u00edculos serem registados como t\u00e1xis e TVDE, conforme necessidade.<\/p>\n<p>A IL apoia maior fiscaliza\u00e7\u00e3o e seguran\u00e7a, mas o setor do t\u00e1xi \u00e9 cauteloso quanto \u00e0 integra\u00e7\u00e3o com o TVDE. Destaques incluem o uso de selos hologr\u00e1ficos, c\u00f3digo QR e um bot\u00e3o de p\u00e2nico obrigat\u00f3rio, bem como a liga\u00e7\u00e3o em tempo real das plataformas \u00e0 base de dados do IMT.<\/p>\n<p>Os diplomas discutidos em geral abordam a fiscaliza\u00e7\u00e3o, a coopera\u00e7\u00e3o entre plataformas e operadores, e o papel de utilizadores e taxistas. Ainda n\u00e3o h\u00e1 data marcada para a vota\u00e7\u00e3o na generalidade de todas as propostas.<\/p>\n","protected":false},"excerpt":{"rendered":"<ul>\n<li>O Projeto de Lei n.\u00ba 465\/XVII\/1.\u00aa do Chega para rever o regime da atividade TVDE foi rejeitado na AR, com votos contra do PS, Bloco de Esquerda e Iniciativa Liberal e absten\u00e7\u00e3o de PSD, CDS-PP e PCP.<\/li>\n<li>O Chega prop\u00f5e que os motoristas tenham um certificado de dom\u00ednio funcional de portugu\u00eas como requisito para exercer a atividade TVDE e altera a designa\u00e7\u00e3o da atividade, removendo refer\u00eancias \u00e0 descaracteriza\u00e7\u00e3o dos ve\u00edculos.<\/li>\n<li>Prop\u00f5e tamb\u00e9m permitir publicidade nos ve\u00edculos de TVDE, interior ou exterior, como forma de compensar parte dos custos da atividade.<\/li>\n<li>O projeto aponta que o pre\u00e7o do servi\u00e7o TVDE deve refletir o servi\u00e7o desde a aceita\u00e7\u00e3o do transporte at\u00e9 o abandono pelo utilizador, e prev\u00ea vigil\u00e2ncia dos ve\u00edculos por circuito fechado de televis\u00e3o.<\/li>\n<li>Em paralelo, foram apresentados projetos de PSD e CDS-PP para alterar a Lei 45\/2018; o PSD avan\u00e7a com cerca de vinte mudan\u00e7as, incluindo integra\u00e7\u00e3o com o setor de t\u00e1xis e liga\u00e7\u00e3o obrigat\u00f3ria a uma base de dados do IMT, com apoio da IL, e cr\u00edticas do setor.<\/li>\n<\/ul>\n","protected":false},"author":2,"featured_media":417427,"comment_status":"closed","ping_status":"closed","sticky":false,"template":"","format":"standard","meta":{"footnotes":""},"categories":[1,5],"tags":[258,5539,3263,4536,4535,4988],"class_list":["post-417425","post","type-post","status-publish","format-standard","has-post-thumbnail","hentry","category-noticias","category-politica","tag-infraestruturas","tag-lei","tag-mobilidade-urbana","tag-seguranca","tag-transporte-publico","tag-transporte-rodoviarios"],"yoast_head":"<!-- This site is optimized with the Yoast SEO plugin v27.2 - https:\/\/yoast.com\/product\/yoast-seo-wordpress\/ -->\n<title>Projeto de lei do Chega para revis\u00e3o dos TVDE rejeitado na AR - Portal Tela Portugal<\/title>\n<meta name=\"robots\" content=\"index, follow, max-snippet:-1, max-image-preview:large, max-video-preview:-1\" \/>\n<meta property=\"og:locale\" content=\"pt_PT\" \/>\n<meta property=\"og:type\" content=\"article\" \/>\n<meta property=\"og:title\" content=\"Projeto de lei do Chega para revis\u00e3o dos TVDE rejeitado na AR - Portal Tela Portugal\" \/>\n<meta property=\"og:description\" content=\"O Projeto de Lei n.\u00ba 465\/XVII\/1.\u00aa do Chega para rever o regime da atividade TVDE foi rejeitado na AR, com votos contra do PS, Bloco de Esquerda e Iniciativa Liberal e absten\u00e7\u00e3o de PSD, CDS-PP e PCP. O Chega prop\u00f5e que os motoristas tenham um certificado de dom\u00ednio funcional de portugu\u00eas como requisito para exercer a atividade TVDE e altera a designa\u00e7\u00e3o da atividade, removendo refer\u00eancias \u00e0 descaracteriza\u00e7\u00e3o dos ve\u00edculos. Prop\u00f5e tamb\u00e9m permitir publicidade nos ve\u00edculos de TVDE, interior ou exterior, como forma de compensar parte dos custos da atividade. O projeto aponta que o pre\u00e7o do servi\u00e7o TVDE deve refletir o servi\u00e7o desde a aceita\u00e7\u00e3o do transporte at\u00e9 o abandono pelo utilizador, e prev\u00ea vigil\u00e2ncia dos ve\u00edculos por circuito fechado de televis\u00e3o. Em paralelo, foram apresentados projetos de PSD e CDS-PP para alterar a Lei 45\/2018; o PSD avan\u00e7a com cerca de vinte mudan\u00e7as, incluindo integra\u00e7\u00e3o com o setor de t\u00e1xis e liga\u00e7\u00e3o obrigat\u00f3ria a uma base de dados do IMT, com apoio da IL, e cr\u00edticas do setor.\" \/>\n<meta property=\"og:url\" content=\"https:\/\/portaltela.pt\/noticias\/2026\/03\/20\/projeto-de-lei-do-chega-para-revisao-dos-tvde-rejeitado-na-ar\/\" \/>\n<meta property=\"og:site_name\" content=\"Portal Tela Portugal\" \/>\n<meta property=\"article:published_time\" content=\"2026-03-20T14:01:58+00:00\" \/>\n<meta name=\"author\" content=\"Telinha\" \/>\n<meta name=\"twitter:card\" content=\"summary_large_image\" \/>\n<meta name=\"twitter:label1\" content=\"Escrito por\" \/>\n\t<meta name=\"twitter:data1\" content=\"Telinha\" \/>\n\t<meta name=\"twitter:label2\" content=\"Tempo estimado de leitura\" \/>\n\t<meta name=\"twitter:data2\" content=\"2 minutos\" \/>\n<script type=\"application\/ld+json\" class=\"yoast-schema-graph\">{\"@context\":\"https:\/\/schema.org\",\"@graph\":[{\"@type\":\"Article\",\"@id\":\"https:\/\/portaltela.pt\/noticias\/2026\/03\/20\/projeto-de-lei-do-chega-para-revisao-dos-tvde-rejeitado-na-ar\/#article\",\"isPartOf\":{\"@id\":\"https:\/\/portaltela.pt\/noticias\/2026\/03\/20\/projeto-de-lei-do-chega-para-revisao-dos-tvde-rejeitado-na-ar\/\"},\"author\":{\"name\":\"Telinha\",\"@id\":\"https:\/\/portaltela.pt\/#\/schema\/person\/c4278d4a6028830caff9ee44b42d32ed\"},\"headline\":\"Projeto de lei do Chega para revis\u00e3o dos TVDE rejeitado na AR\",\"datePublished\":\"2026-03-20T14:01:58+00:00\",\"mainEntityOfPage\":{\"@id\":\"https:\/\/portaltela.pt\/noticias\/2026\/03\/20\/projeto-de-lei-do-chega-para-revisao-dos-tvde-rejeitado-na-ar\/\"},\"wordCount\":385,\"image\":{\"@id\":\"https:\/\/portaltela.pt\/noticias\/2026\/03\/20\/projeto-de-lei-do-chega-para-revisao-dos-tvde-rejeitado-na-ar\/#primaryimage\"},\"thumbnailUrl\":\"https:\/\/portaltela.pt\/s.01k8rhncp4jt1\/2026\/03\/img_1500x1000uu2024-03-13-18-56-15-1598236.jpg\",\"keywords\":[\"infraestruturas\",\"lei\",\"mobilidade urbana\",\"seguran\u00e7a\",\"transporte p\u00fablico\",\"Transporte Rodovi\u00e1rios\"],\"articleSection\":[\"Not\u00edcias\",\"Pol\u00edtica\"],\"inLanguage\":\"pt-PT\"},{\"@type\":\"WebPage\",\"@id\":\"https:\/\/portaltela.pt\/noticias\/2026\/03\/20\/projeto-de-lei-do-chega-para-revisao-dos-tvde-rejeitado-na-ar\/\",\"url\":\"https:\/\/portaltela.pt\/noticias\/2026\/03\/20\/projeto-de-lei-do-chega-para-revisao-dos-tvde-rejeitado-na-ar\/\",\"name\":\"Projeto de lei do Chega para revis\u00e3o dos TVDE rejeitado na AR - Portal Tela Portugal\",\"isPartOf\":{\"@id\":\"https:\/\/portaltela.pt\/#website\"},\"primaryImageOfPage\":{\"@id\":\"https:\/\/portaltela.pt\/noticias\/2026\/03\/20\/projeto-de-lei-do-chega-para-revisao-dos-tvde-rejeitado-na-ar\/#primaryimage\"},\"image\":{\"@id\":\"https:\/\/portaltela.pt\/noticias\/2026\/03\/20\/projeto-de-lei-do-chega-para-revisao-dos-tvde-rejeitado-na-ar\/#primaryimage\"},\"thumbnailUrl\":\"https:\/\/portaltela.pt\/s.01k8rhncp4jt1\/2026\/03\/img_1500x1000uu2024-03-13-18-56-15-1598236.jpg\",\"datePublished\":\"2026-03-20T14:01:58+00:00\",\"author\":{\"@id\":\"https:\/\/portaltela.pt\/#\/schema\/person\/c4278d4a6028830caff9ee44b42d32ed\"},\"breadcrumb\":{\"@id\":\"https:\/\/portaltela.pt\/noticias\/2026\/03\/20\/projeto-de-lei-do-chega-para-revisao-dos-tvde-rejeitado-na-ar\/#breadcrumb\"},\"inLanguage\":\"pt-PT\",\"potentialAction\":[{\"@type\":\"ReadAction\",\"target\":[\"https:\/\/portaltela.pt\/noticias\/2026\/03\/20\/projeto-de-lei-do-chega-para-revisao-dos-tvde-rejeitado-na-ar\/\"]}]},{\"@type\":\"ImageObject\",\"inLanguage\":\"pt-PT\",\"@id\":\"https:\/\/portaltela.pt\/noticias\/2026\/03\/20\/projeto-de-lei-do-chega-para-revisao-dos-tvde-rejeitado-na-ar\/#primaryimage\",\"url\":\"https:\/\/portaltela.pt\/s.01k8rhncp4jt1\/2026\/03\/img_1500x1000uu2024-03-13-18-56-15-1598236.jpg\",\"contentUrl\":\"https:\/\/portaltela.pt\/s.01k8rhncp4jt1\/2026\/03\/img_1500x1000uu2024-03-13-18-56-15-1598236.jpg\",\"width\":796,\"height\":448,\"caption\":\"TVDE\"},{\"@type\":\"BreadcrumbList\",\"@id\":\"https:\/\/portaltela.pt\/noticias\/2026\/03\/20\/projeto-de-lei-do-chega-para-revisao-dos-tvde-rejeitado-na-ar\/#breadcrumb\",\"itemListElement\":[{\"@type\":\"ListItem\",\"position\":1,\"name\":\"In\u00edcio\",\"item\":\"https:\/\/portaltela.pt\/\"},{\"@type\":\"ListItem\",\"position\":2,\"name\":\"Projeto de lei do Chega para revis\u00e3o dos TVDE rejeitado na AR\"}]},{\"@type\":\"WebSite\",\"@id\":\"https:\/\/portaltela.pt\/#website\",\"url\":\"https:\/\/portaltela.pt\/\",\"name\":\"Portal Tela Portugal\",\"description\":\"\",\"potentialAction\":[{\"@type\":\"SearchAction\",\"target\":{\"@type\":\"EntryPoint\",\"urlTemplate\":\"https:\/\/portaltela.pt\/?s={search_term_string}\"},\"query-input\":{\"@type\":\"PropertyValueSpecification\",\"valueRequired\":true,\"valueName\":\"search_term_string\"}}],\"inLanguage\":\"pt-PT\"},{\"@type\":\"Person\",\"@id\":\"https:\/\/portaltela.pt\/#\/schema\/person\/c4278d4a6028830caff9ee44b42d32ed\",\"name\":\"Telinha\",\"image\":{\"@type\":\"ImageObject\",\"inLanguage\":\"pt-PT\",\"@id\":\"https:\/\/portaltela.pt\/s.01k8rhncp4jt1\/2025\/11\/talking-bot-125x125.png\",\"url\":\"https:\/\/portaltela.pt\/s.01k8rhncp4jt1\/2025\/11\/talking-bot-125x125.png\",\"contentUrl\":\"https:\/\/portaltela.pt\/s.01k8rhncp4jt1\/2025\/11\/talking-bot-125x125.png\",\"caption\":\"Telinha\"},\"sameAs\":[\"https:\/\/portaltela.pt\/\"],\"url\":\"https:\/\/portaltela.pt\/por\/367410592786\/\"}]}<\/script>\n<!-- \/ Yoast SEO plugin. -->","yoast_head_json":{"title":"Projeto de lei do Chega para revis\u00e3o dos TVDE rejeitado na AR - Portal Tela Portugal","robots":{"index":"index","follow":"follow","max-snippet":"max-snippet:-1","max-image-preview":"max-image-preview:large","max-video-preview":"max-video-preview:-1"},"og_locale":"pt_PT","og_type":"article","og_title":"Projeto de lei do Chega para revis\u00e3o dos TVDE rejeitado na AR - Portal Tela Portugal","og_description":"O Projeto de Lei n.\u00ba 465\/XVII\/1.\u00aa do Chega para rever o regime da atividade TVDE foi rejeitado na AR, com votos contra do PS, Bloco de Esquerda e Iniciativa Liberal e absten\u00e7\u00e3o de PSD, CDS-PP e PCP. O Chega prop\u00f5e que os motoristas tenham um certificado de dom\u00ednio funcional de portugu\u00eas como requisito para exercer a atividade TVDE e altera a designa\u00e7\u00e3o da atividade, removendo refer\u00eancias \u00e0 descaracteriza\u00e7\u00e3o dos ve\u00edculos. Prop\u00f5e tamb\u00e9m permitir publicidade nos ve\u00edculos de TVDE, interior ou exterior, como forma de compensar parte dos custos da atividade. O projeto aponta que o pre\u00e7o do servi\u00e7o TVDE deve refletir o servi\u00e7o desde a aceita\u00e7\u00e3o do transporte at\u00e9 o abandono pelo utilizador, e prev\u00ea vigil\u00e2ncia dos ve\u00edculos por circuito fechado de televis\u00e3o. Em paralelo, foram apresentados projetos de PSD e CDS-PP para alterar a Lei 45\/2018; o PSD avan\u00e7a com cerca de vinte mudan\u00e7as, incluindo integra\u00e7\u00e3o com o setor de t\u00e1xis e liga\u00e7\u00e3o obrigat\u00f3ria a uma base de dados do IMT, com apoio da IL, e cr\u00edticas do setor.","og_url":"https:\/\/portaltela.pt\/noticias\/2026\/03\/20\/projeto-de-lei-do-chega-para-revisao-dos-tvde-rejeitado-na-ar\/","og_site_name":"Portal Tela Portugal","article_published_time":"2026-03-20T14:01:58+00:00","author":"Telinha","twitter_card":"summary_large_image","twitter_misc":{"Escrito por":"Telinha","Tempo estimado de leitura":"2 minutos"},"schema":{"@context":"https:\/\/schema.org","@graph":[{"@type":"Article","@id":"https:\/\/portaltela.pt\/noticias\/2026\/03\/20\/projeto-de-lei-do-chega-para-revisao-dos-tvde-rejeitado-na-ar\/#article","isPartOf":{"@id":"https:\/\/portaltela.pt\/noticias\/2026\/03\/20\/projeto-de-lei-do-chega-para-revisao-dos-tvde-rejeitado-na-ar\/"},"author":{"name":"Telinha","@id":"https:\/\/portaltela.pt\/#\/schema\/person\/c4278d4a6028830caff9ee44b42d32ed"},"headline":"Projeto de lei do Chega para revis\u00e3o dos TVDE rejeitado na AR","datePublished":"2026-03-20T14:01:58+00:00","mainEntityOfPage":{"@id":"https:\/\/portaltela.pt\/noticias\/2026\/03\/20\/projeto-de-lei-do-chega-para-revisao-dos-tvde-rejeitado-na-ar\/"},"wordCount":385,"image":{"@id":"https:\/\/portaltela.pt\/noticias\/2026\/03\/20\/projeto-de-lei-do-chega-para-revisao-dos-tvde-rejeitado-na-ar\/#primaryimage"},"thumbnailUrl":"https:\/\/portaltela.pt\/s.01k8rhncp4jt1\/2026\/03\/img_1500x1000uu2024-03-13-18-56-15-1598236.jpg","keywords":["infraestruturas","lei","mobilidade urbana","seguran\u00e7a","transporte p\u00fablico","Transporte Rodovi\u00e1rios"],"articleSection":["Not\u00edcias","Pol\u00edtica"],"inLanguage":"pt-PT"},{"@type":"WebPage","@id":"https:\/\/portaltela.pt\/noticias\/2026\/03\/20\/projeto-de-lei-do-chega-para-revisao-dos-tvde-rejeitado-na-ar\/","url":"https:\/\/portaltela.pt\/noticias\/2026\/03\/20\/projeto-de-lei-do-chega-para-revisao-dos-tvde-rejeitado-na-ar\/","name":"Projeto de lei do Chega para revis\u00e3o dos TVDE rejeitado na AR - Portal Tela Portugal","isPartOf":{"@id":"https:\/\/portaltela.pt\/#website"},"primaryImageOfPage":{"@id":"https:\/\/portaltela.pt\/noticias\/2026\/03\/20\/projeto-de-lei-do-chega-para-revisao-dos-tvde-rejeitado-na-ar\/#primaryimage"},"image":{"@id":"https:\/\/portaltela.pt\/noticias\/2026\/03\/20\/projeto-de-lei-do-chega-para-revisao-dos-tvde-rejeitado-na-ar\/#primaryimage"},"thumbnailUrl":"https:\/\/portaltela.pt\/s.01k8rhncp4jt1\/2026\/03\/img_1500x1000uu2024-03-13-18-56-15-1598236.jpg","datePublished":"2026-03-20T14:01:58+00:00","author":{"@id":"https:\/\/portaltela.pt\/#\/schema\/person\/c4278d4a6028830caff9ee44b42d32ed"},"breadcrumb":{"@id":"https:\/\/portaltela.pt\/noticias\/2026\/03\/20\/projeto-de-lei-do-chega-para-revisao-dos-tvde-rejeitado-na-ar\/#breadcrumb"},"inLanguage":"pt-PT","potentialAction":[{"@type":"ReadAction","target":["https:\/\/portaltela.pt\/noticias\/2026\/03\/20\/projeto-de-lei-do-chega-para-revisao-dos-tvde-rejeitado-na-ar\/"]}]},{"@type":"ImageObject","inLanguage":"pt-PT","@id":"https:\/\/portaltela.pt\/noticias\/2026\/03\/20\/projeto-de-lei-do-chega-para-revisao-dos-tvde-rejeitado-na-ar\/#primaryimage","url":"https:\/\/portaltela.pt\/s.01k8rhncp4jt1\/2026\/03\/img_1500x1000uu2024-03-13-18-56-15-1598236.jpg","contentUrl":"https:\/\/portaltela.pt\/s.01k8rhncp4jt1\/2026\/03\/img_1500x1000uu2024-03-13-18-56-15-1598236.jpg","width":796,"height":448,"caption":"TVDE"},{"@type":"BreadcrumbList","@id":"https:\/\/portaltela.pt\/noticias\/2026\/03\/20\/projeto-de-lei-do-chega-para-revisao-dos-tvde-rejeitado-na-ar\/#breadcrumb","itemListElement":[{"@type":"ListItem","position":1,"name":"In\u00edcio","item":"https:\/\/portaltela.pt\/"},{"@type":"ListItem","position":2,"name":"Projeto de lei do Chega para revis\u00e3o dos TVDE rejeitado na AR"}]},{"@type":"WebSite","@id":"https:\/\/portaltela.pt\/#website","url":"https:\/\/portaltela.pt\/","name":"Portal Tela Portugal","description":"","potentialAction":[{"@type":"SearchAction","target":{"@type":"EntryPoint","urlTemplate":"https:\/\/portaltela.pt\/?s={search_term_string}"},"query-input":{"@type":"PropertyValueSpecification","valueRequired":true,"valueName":"search_term_string"}}],"inLanguage":"pt-PT"},{"@type":"Person","@id":"https:\/\/portaltela.pt\/#\/schema\/person\/c4278d4a6028830caff9ee44b42d32ed","name":"Telinha","image":{"@type":"ImageObject","inLanguage":"pt-PT","@id":"https:\/\/portaltela.pt\/s.01k8rhncp4jt1\/2025\/11\/talking-bot-125x125.png","url":"https:\/\/portaltela.pt\/s.01k8rhncp4jt1\/2025\/11\/talking-bot-125x125.png","contentUrl":"https:\/\/portaltela.pt\/s.01k8rhncp4jt1\/2025\/11\/talking-bot-125x125.png","caption":"Telinha"},"sameAs":["https:\/\/portaltela.pt\/"],"url":"https:\/\/portaltela.pt\/por\/367410592786\/"}]}},"_links":{"self":[{"href":"https:\/\/portaltela.pt\/api\/wp\/v2\/posts\/417425","targetHints":{"allow":["GET"]}}],"collection":[{"href":"https:\/\/portaltela.pt\/api\/wp\/v2\/posts"}],"about":[{"href":"https:\/\/portaltela.pt\/api\/wp\/v2\/types\/post"}],"author":[{"embeddable":true,"href":"https:\/\/portaltela.pt\/api\/wp\/v2\/users\/2"}],"replies":[{"embeddable":true,"href":"https:\/\/portaltela.pt\/api\/wp\/v2\/comments?post=417425"}],"version-history":[{"count":0,"href":"https:\/\/portaltela.pt\/api\/wp\/v2\/posts\/417425\/revisions"}],"wp:featuredmedia":[{"embeddable":true,"href":"https:\/\/portaltela.pt\/api\/wp\/v2\/media\/417427"}],"wp:attachment":[{"href":"https:\/\/portaltela.pt\/api\/wp\/v2\/media?parent=417425"}],"wp:term":[{"taxonomy":"category","embeddable":true,"href":"https:\/\/portaltela.pt\/api\/wp\/v2\/categories?post=417425"},{"taxonomy":"post_tag","embeddable":true,"href":"https:\/\/portaltela.pt\/api\/wp\/v2\/tags?post=417425"}],"curies":[{"name":"wp","href":"https:\/\/api.w.org\/{rel}","templated":true}]}}