{"id":417417,"date":"2026-03-20T10:17:00","date_gmt":"2026-03-20T13:17:00","guid":{"rendered":"https:\/\/portaltela.pt\/noticias\/2026\/03\/20\/jovem-mexicano-morre-em-custodia-do-ice-mexico-exige-investigacao\/"},"modified":"2026-03-20T10:17:00","modified_gmt":"2026-03-20T13:17:00","slug":"jovem-mexicano-morre-em-custodia-do-ice-mexico-exige-investigacao","status":"publish","type":"post","link":"https:\/\/portaltela.pt\/geopolitica\/2026\/03\/20\/jovem-mexicano-morre-em-custodia-do-ice-mexico-exige-investigacao\/","title":{"rendered":"Jovem mexicano morre em cust\u00f3dia do ICE; M\u00e9xico exige investiga\u00e7\u00e3o"},"content":{"rendered":"<p>Um jovem mexicano de 19 anos morreu sob cust\u00f3dia do Servi\u00e7o de Imigra\u00e7\u00e3o e Alf\u00e2ndega dos EUA (ICE) no Centro de Deten\u00e7\u00e3o do Condado de Glades, na Fl\u00f3rida. A morte ocorreu na noite de segunda-feira, ap\u00f3s o rapaz ter sido encontrado inconsciente. O ICE indicou que o caso est\u00e1 sob investiga\u00e7\u00e3o.<\/p>\n<p>Royer Perez-Jimenez foi detido em janeiro por acusa\u00e7\u00f5es de fraude, falsa identidade e resist\u00eancia \u00e0 deten\u00e7\u00e3o. Segundo o ICE, ele entrou ilegalmente nos EUA em data n\u00e3o especificada e negou problemas de sa\u00fade mental durante a triagem de risco.<\/p>\n<p>O ICE afirmou que prestou socorro imediato ao detido, que acabou por falecer presumivelmente por suic\u00eddio. A causa oficial da morte ainda n\u00e3o foi determinada, estando o caso a ser analisado pelas autoridades competentes.<\/p>\n<p>O governo mexicano pediu investiga\u00e7\u00e3o r\u00e1pida e completa para esclarecer as circunst\u00e2ncias da morte e determinar responsabilidades. O Minist\u00e9rio dos Neg\u00f3cios Estrangeiros reiterou que tais epis\u00f3dios s\u00e3o inaceit\u00e1veis e pediu transpar\u00eancia.<\/p>\n<p>Segundo a Detention Watch Network, desde janeiro de 2025 j\u00e1 ocorreram v\u00e1rias mortes de imigrantes sob cust\u00f3dia, num registo que tamb\u00e9m envolve casos de viol\u00eancia com cidad\u00e3os americanos. O ICE j\u00e1 publicou estat\u00edsticas sobre mortes em cust\u00f3dia ao longo dos seus relat\u00f3rios.<\/p>\n","protected":false},"excerpt":{"rendered":"<ul>\n<li>Um jovem mexicano de 19 anos, Royer Perez-Jimenez, morreu sob cust\u00f3dia do Servi\u00e7o de Imigra\u00e7\u00e3o e Alf\u00e2ndega dos EUA (ICE) no Centro de Deten\u00e7\u00e3o do Condado de Glades, na Fl\u00f3rida.<\/li>\n<li>Foi encontrado inconsciente e sem rea\u00e7\u00e3o \u00e0s 2h34 locais de segunda-feira; a equipa prisional efetuou manobras de salvamento.<\/li>\n<li>O ICE indica que a morte foi de prov\u00e1vel suic\u00eddio, mas a causa oficial ainda est\u00e1 a ser investigada.<\/li>\n<li>Perez-Jimenez tinha sido preso em janeiro por fraude, identidade falsa e resist\u00eancia \u00e0 deten\u00e7\u00e3o; entrou ilegalmente nos EUA em data n\u00e3o divulgada.<\/li>\n<li>O governo mexicano pediu uma investiga\u00e7\u00e3o r\u00e1pida e completa; organiza\u00e7\u00f5es de vigil\u00e2ncia apontam n\u00fameros de mortes de imigrantes sob cust\u00f3dia desde 2025, com 24 mortes registadas durante o mandato de Joe Biden (dados do ICE).<\/li>\n<\/ul>\n","protected":false},"author":2,"featured_media":417419,"comment_status":"closed","ping_status":"closed","sticky":false,"template":"","format":"standard","meta":{"footnotes":""},"categories":[6814],"tags":[2633,712,6612,1921,5450,6380],"class_list":["post-417417","post","type-post","status-publish","format-standard","has-post-thumbnail","hentry","category-geopolitica","tag-direitos-humanos","tag-imigracao","tag-imigracao-internacional","tag-imigrantes","tag-jurisdicao-internacional","tag-mexico"],"yoast_head":"<!-- This site is optimized with the Yoast SEO plugin v27.2 - https:\/\/yoast.com\/product\/yoast-seo-wordpress\/ -->\n<title>Jovem mexicano morre em cust\u00f3dia do ICE; M\u00e9xico exige investiga\u00e7\u00e3o - Portal Tela Portugal<\/title>\n<meta name=\"robots\" content=\"index, follow, max-snippet:-1, max-image-preview:large, max-video-preview:-1\" \/>\n<meta property=\"og:locale\" content=\"pt_PT\" \/>\n<meta property=\"og:type\" content=\"article\" \/>\n<meta property=\"og:title\" content=\"Jovem mexicano morre em cust\u00f3dia do ICE; M\u00e9xico exige investiga\u00e7\u00e3o - Portal Tela Portugal\" \/>\n<meta property=\"og:description\" content=\"Um jovem mexicano de 19 anos, Royer Perez-Jimenez, morreu sob cust\u00f3dia do Servi\u00e7o de Imigra\u00e7\u00e3o e Alf\u00e2ndega dos EUA (ICE) no Centro de Deten\u00e7\u00e3o do Condado de Glades, na Fl\u00f3rida. Foi encontrado inconsciente e sem rea\u00e7\u00e3o \u00e0s 2h34 locais de segunda-feira; a equipa prisional efetuou manobras de salvamento. O ICE indica que a morte foi de prov\u00e1vel suic\u00eddio, mas a causa oficial ainda est\u00e1 a ser investigada. Perez-Jimenez tinha sido preso em janeiro por fraude, identidade falsa e resist\u00eancia \u00e0 deten\u00e7\u00e3o; entrou ilegalmente nos EUA em data n\u00e3o divulgada. O governo mexicano pediu uma investiga\u00e7\u00e3o r\u00e1pida e completa; organiza\u00e7\u00f5es de vigil\u00e2ncia apontam n\u00fameros de mortes de imigrantes sob cust\u00f3dia desde 2025, com 24 mortes registadas durante o mandato de Joe Biden (dados do ICE).\" \/>\n<meta property=\"og:url\" content=\"https:\/\/portaltela.pt\/noticias\/2026\/03\/20\/jovem-mexicano-morre-em-custodia-do-ice-mexico-exige-investigacao\/\" \/>\n<meta property=\"og:site_name\" content=\"Portal Tela Portugal\" \/>\n<meta property=\"article:published_time\" content=\"2026-03-20T13:17:00+00:00\" \/>\n<meta name=\"author\" content=\"Telinha\" \/>\n<meta name=\"twitter:card\" content=\"summary_large_image\" \/>\n<meta name=\"twitter:label1\" content=\"Escrito por\" \/>\n\t<meta name=\"twitter:data1\" content=\"Telinha\" \/>\n\t<meta name=\"twitter:label2\" content=\"Tempo estimado de leitura\" \/>\n\t<meta name=\"twitter:data2\" content=\"1 minuto\" \/>\n<script type=\"application\/ld+json\" class=\"yoast-schema-graph\">{\"@context\":\"https:\/\/schema.org\",\"@graph\":[{\"@type\":\"Article\",\"@id\":\"https:\/\/portaltela.pt\/noticias\/2026\/03\/20\/jovem-mexicano-morre-em-custodia-do-ice-mexico-exige-investigacao\/#article\",\"isPartOf\":{\"@id\":\"https:\/\/portaltela.pt\/noticias\/2026\/03\/20\/jovem-mexicano-morre-em-custodia-do-ice-mexico-exige-investigacao\/\"},\"author\":{\"name\":\"Telinha\",\"@id\":\"https:\/\/portaltela.pt\/#\/schema\/person\/c4278d4a6028830caff9ee44b42d32ed\"},\"headline\":\"Jovem mexicano morre em cust\u00f3dia do ICE; M\u00e9xico exige investiga\u00e7\u00e3o\",\"datePublished\":\"2026-03-20T13:17:00+00:00\",\"mainEntityOfPage\":{\"@id\":\"https:\/\/portaltela.pt\/noticias\/2026\/03\/20\/jovem-mexicano-morre-em-custodia-do-ice-mexico-exige-investigacao\/\"},\"wordCount\":239,\"image\":{\"@id\":\"https:\/\/portaltela.pt\/noticias\/2026\/03\/20\/jovem-mexicano-morre-em-custodia-do-ice-mexico-exige-investigacao\/#primaryimage\"},\"thumbnailUrl\":\"https:\/\/portaltela.pt\/s.01k8rhncp4jt1\/2026\/03\/img_1500x1000uu2026-03-20-13-15-08-2273672.jpg\",\"keywords\":[\"direitos humanos\",\"imigra\u00e7\u00e3o\",\"imigra\u00e7\u00e3o internacional\",\"imigrantes\",\"jurisdi\u00e7\u00e3o internacional\",\"M\u00e9xico\"],\"articleSection\":[\"Geopol\u00edtica\"],\"inLanguage\":\"pt-PT\"},{\"@type\":\"WebPage\",\"@id\":\"https:\/\/portaltela.pt\/noticias\/2026\/03\/20\/jovem-mexicano-morre-em-custodia-do-ice-mexico-exige-investigacao\/\",\"url\":\"https:\/\/portaltela.pt\/noticias\/2026\/03\/20\/jovem-mexicano-morre-em-custodia-do-ice-mexico-exige-investigacao\/\",\"name\":\"Jovem mexicano morre em cust\u00f3dia do ICE; M\u00e9xico exige investiga\u00e7\u00e3o - Portal Tela Portugal\",\"isPartOf\":{\"@id\":\"https:\/\/portaltela.pt\/#website\"},\"primaryImageOfPage\":{\"@id\":\"https:\/\/portaltela.pt\/noticias\/2026\/03\/20\/jovem-mexicano-morre-em-custodia-do-ice-mexico-exige-investigacao\/#primaryimage\"},\"image\":{\"@id\":\"https:\/\/portaltela.pt\/noticias\/2026\/03\/20\/jovem-mexicano-morre-em-custodia-do-ice-mexico-exige-investigacao\/#primaryimage\"},\"thumbnailUrl\":\"https:\/\/portaltela.pt\/s.01k8rhncp4jt1\/2026\/03\/img_1500x1000uu2026-03-20-13-15-08-2273672.jpg\",\"datePublished\":\"2026-03-20T13:17:00+00:00\",\"author\":{\"@id\":\"https:\/\/portaltela.pt\/#\/schema\/person\/c4278d4a6028830caff9ee44b42d32ed\"},\"breadcrumb\":{\"@id\":\"https:\/\/portaltela.pt\/noticias\/2026\/03\/20\/jovem-mexicano-morre-em-custodia-do-ice-mexico-exige-investigacao\/#breadcrumb\"},\"inLanguage\":\"pt-PT\",\"potentialAction\":[{\"@type\":\"ReadAction\",\"target\":[\"https:\/\/portaltela.pt\/noticias\/2026\/03\/20\/jovem-mexicano-morre-em-custodia-do-ice-mexico-exige-investigacao\/\"]}]},{\"@type\":\"ImageObject\",\"inLanguage\":\"pt-PT\",\"@id\":\"https:\/\/portaltela.pt\/noticias\/2026\/03\/20\/jovem-mexicano-morre-em-custodia-do-ice-mexico-exige-investigacao\/#primaryimage\",\"url\":\"https:\/\/portaltela.pt\/s.01k8rhncp4jt1\/2026\/03\/img_1500x1000uu2026-03-20-13-15-08-2273672.jpg\",\"contentUrl\":\"https:\/\/portaltela.pt\/s.01k8rhncp4jt1\/2026\/03\/img_1500x1000uu2026-03-20-13-15-08-2273672.jpg\",\"width\":796,\"height\":448,\"caption\":\"centro de deten\u00e7\u00e3o nos eua\"},{\"@type\":\"BreadcrumbList\",\"@id\":\"https:\/\/portaltela.pt\/noticias\/2026\/03\/20\/jovem-mexicano-morre-em-custodia-do-ice-mexico-exige-investigacao\/#breadcrumb\",\"itemListElement\":[{\"@type\":\"ListItem\",\"position\":1,\"name\":\"In\u00edcio\",\"item\":\"https:\/\/portaltela.pt\/\"},{\"@type\":\"ListItem\",\"position\":2,\"name\":\"Jovem mexicano morre em cust\u00f3dia do ICE; M\u00e9xico exige investiga\u00e7\u00e3o\"}]},{\"@type\":\"WebSite\",\"@id\":\"https:\/\/portaltela.pt\/#website\",\"url\":\"https:\/\/portaltela.pt\/\",\"name\":\"Portal Tela Portugal\",\"description\":\"\",\"potentialAction\":[{\"@type\":\"SearchAction\",\"target\":{\"@type\":\"EntryPoint\",\"urlTemplate\":\"https:\/\/portaltela.pt\/?s={search_term_string}\"},\"query-input\":{\"@type\":\"PropertyValueSpecification\",\"valueRequired\":true,\"valueName\":\"search_term_string\"}}],\"inLanguage\":\"pt-PT\"},{\"@type\":\"Person\",\"@id\":\"https:\/\/portaltela.pt\/#\/schema\/person\/c4278d4a6028830caff9ee44b42d32ed\",\"name\":\"Telinha\",\"image\":{\"@type\":\"ImageObject\",\"inLanguage\":\"pt-PT\",\"@id\":\"https:\/\/portaltela.pt\/s.01k8rhncp4jt1\/2025\/11\/talking-bot-125x125.png\",\"url\":\"https:\/\/portaltela.pt\/s.01k8rhncp4jt1\/2025\/11\/talking-bot-125x125.png\",\"contentUrl\":\"https:\/\/portaltela.pt\/s.01k8rhncp4jt1\/2025\/11\/talking-bot-125x125.png\",\"caption\":\"Telinha\"},\"sameAs\":[\"https:\/\/portaltela.pt\/\"],\"url\":\"https:\/\/portaltela.pt\/por\/367410592786\/\"}]}<\/script>\n<!-- \/ Yoast SEO plugin. -->","yoast_head_json":{"title":"Jovem mexicano morre em cust\u00f3dia do ICE; M\u00e9xico exige investiga\u00e7\u00e3o - Portal Tela Portugal","robots":{"index":"index","follow":"follow","max-snippet":"max-snippet:-1","max-image-preview":"max-image-preview:large","max-video-preview":"max-video-preview:-1"},"og_locale":"pt_PT","og_type":"article","og_title":"Jovem mexicano morre em cust\u00f3dia do ICE; M\u00e9xico exige investiga\u00e7\u00e3o - Portal Tela Portugal","og_description":"Um jovem mexicano de 19 anos, Royer Perez-Jimenez, morreu sob cust\u00f3dia do Servi\u00e7o de Imigra\u00e7\u00e3o e Alf\u00e2ndega dos EUA (ICE) no Centro de Deten\u00e7\u00e3o do Condado de Glades, na Fl\u00f3rida. Foi encontrado inconsciente e sem rea\u00e7\u00e3o \u00e0s 2h34 locais de segunda-feira; a equipa prisional efetuou manobras de salvamento. O ICE indica que a morte foi de prov\u00e1vel suic\u00eddio, mas a causa oficial ainda est\u00e1 a ser investigada. Perez-Jimenez tinha sido preso em janeiro por fraude, identidade falsa e resist\u00eancia \u00e0 deten\u00e7\u00e3o; entrou ilegalmente nos EUA em data n\u00e3o divulgada. O governo mexicano pediu uma investiga\u00e7\u00e3o r\u00e1pida e completa; organiza\u00e7\u00f5es de vigil\u00e2ncia apontam n\u00fameros de mortes de imigrantes sob cust\u00f3dia desde 2025, com 24 mortes registadas durante o mandato de Joe Biden (dados do ICE).","og_url":"https:\/\/portaltela.pt\/noticias\/2026\/03\/20\/jovem-mexicano-morre-em-custodia-do-ice-mexico-exige-investigacao\/","og_site_name":"Portal Tela Portugal","article_published_time":"2026-03-20T13:17:00+00:00","author":"Telinha","twitter_card":"summary_large_image","twitter_misc":{"Escrito por":"Telinha","Tempo estimado de leitura":"1 minuto"},"schema":{"@context":"https:\/\/schema.org","@graph":[{"@type":"Article","@id":"https:\/\/portaltela.pt\/noticias\/2026\/03\/20\/jovem-mexicano-morre-em-custodia-do-ice-mexico-exige-investigacao\/#article","isPartOf":{"@id":"https:\/\/portaltela.pt\/noticias\/2026\/03\/20\/jovem-mexicano-morre-em-custodia-do-ice-mexico-exige-investigacao\/"},"author":{"name":"Telinha","@id":"https:\/\/portaltela.pt\/#\/schema\/person\/c4278d4a6028830caff9ee44b42d32ed"},"headline":"Jovem mexicano morre em cust\u00f3dia do ICE; M\u00e9xico exige investiga\u00e7\u00e3o","datePublished":"2026-03-20T13:17:00+00:00","mainEntityOfPage":{"@id":"https:\/\/portaltela.pt\/noticias\/2026\/03\/20\/jovem-mexicano-morre-em-custodia-do-ice-mexico-exige-investigacao\/"},"wordCount":239,"image":{"@id":"https:\/\/portaltela.pt\/noticias\/2026\/03\/20\/jovem-mexicano-morre-em-custodia-do-ice-mexico-exige-investigacao\/#primaryimage"},"thumbnailUrl":"https:\/\/portaltela.pt\/s.01k8rhncp4jt1\/2026\/03\/img_1500x1000uu2026-03-20-13-15-08-2273672.jpg","keywords":["direitos humanos","imigra\u00e7\u00e3o","imigra\u00e7\u00e3o internacional","imigrantes","jurisdi\u00e7\u00e3o internacional","M\u00e9xico"],"articleSection":["Geopol\u00edtica"],"inLanguage":"pt-PT"},{"@type":"WebPage","@id":"https:\/\/portaltela.pt\/noticias\/2026\/03\/20\/jovem-mexicano-morre-em-custodia-do-ice-mexico-exige-investigacao\/","url":"https:\/\/portaltela.pt\/noticias\/2026\/03\/20\/jovem-mexicano-morre-em-custodia-do-ice-mexico-exige-investigacao\/","name":"Jovem mexicano morre em cust\u00f3dia do ICE; M\u00e9xico exige investiga\u00e7\u00e3o - Portal Tela Portugal","isPartOf":{"@id":"https:\/\/portaltela.pt\/#website"},"primaryImageOfPage":{"@id":"https:\/\/portaltela.pt\/noticias\/2026\/03\/20\/jovem-mexicano-morre-em-custodia-do-ice-mexico-exige-investigacao\/#primaryimage"},"image":{"@id":"https:\/\/portaltela.pt\/noticias\/2026\/03\/20\/jovem-mexicano-morre-em-custodia-do-ice-mexico-exige-investigacao\/#primaryimage"},"thumbnailUrl":"https:\/\/portaltela.pt\/s.01k8rhncp4jt1\/2026\/03\/img_1500x1000uu2026-03-20-13-15-08-2273672.jpg","datePublished":"2026-03-20T13:17:00+00:00","author":{"@id":"https:\/\/portaltela.pt\/#\/schema\/person\/c4278d4a6028830caff9ee44b42d32ed"},"breadcrumb":{"@id":"https:\/\/portaltela.pt\/noticias\/2026\/03\/20\/jovem-mexicano-morre-em-custodia-do-ice-mexico-exige-investigacao\/#breadcrumb"},"inLanguage":"pt-PT","potentialAction":[{"@type":"ReadAction","target":["https:\/\/portaltela.pt\/noticias\/2026\/03\/20\/jovem-mexicano-morre-em-custodia-do-ice-mexico-exige-investigacao\/"]}]},{"@type":"ImageObject","inLanguage":"pt-PT","@id":"https:\/\/portaltela.pt\/noticias\/2026\/03\/20\/jovem-mexicano-morre-em-custodia-do-ice-mexico-exige-investigacao\/#primaryimage","url":"https:\/\/portaltela.pt\/s.01k8rhncp4jt1\/2026\/03\/img_1500x1000uu2026-03-20-13-15-08-2273672.jpg","contentUrl":"https:\/\/portaltela.pt\/s.01k8rhncp4jt1\/2026\/03\/img_1500x1000uu2026-03-20-13-15-08-2273672.jpg","width":796,"height":448,"caption":"centro de deten\u00e7\u00e3o nos eua"},{"@type":"BreadcrumbList","@id":"https:\/\/portaltela.pt\/noticias\/2026\/03\/20\/jovem-mexicano-morre-em-custodia-do-ice-mexico-exige-investigacao\/#breadcrumb","itemListElement":[{"@type":"ListItem","position":1,"name":"In\u00edcio","item":"https:\/\/portaltela.pt\/"},{"@type":"ListItem","position":2,"name":"Jovem mexicano morre em cust\u00f3dia do ICE; M\u00e9xico exige investiga\u00e7\u00e3o"}]},{"@type":"WebSite","@id":"https:\/\/portaltela.pt\/#website","url":"https:\/\/portaltela.pt\/","name":"Portal Tela Portugal","description":"","potentialAction":[{"@type":"SearchAction","target":{"@type":"EntryPoint","urlTemplate":"https:\/\/portaltela.pt\/?s={search_term_string}"},"query-input":{"@type":"PropertyValueSpecification","valueRequired":true,"valueName":"search_term_string"}}],"inLanguage":"pt-PT"},{"@type":"Person","@id":"https:\/\/portaltela.pt\/#\/schema\/person\/c4278d4a6028830caff9ee44b42d32ed","name":"Telinha","image":{"@type":"ImageObject","inLanguage":"pt-PT","@id":"https:\/\/portaltela.pt\/s.01k8rhncp4jt1\/2025\/11\/talking-bot-125x125.png","url":"https:\/\/portaltela.pt\/s.01k8rhncp4jt1\/2025\/11\/talking-bot-125x125.png","contentUrl":"https:\/\/portaltela.pt\/s.01k8rhncp4jt1\/2025\/11\/talking-bot-125x125.png","caption":"Telinha"},"sameAs":["https:\/\/portaltela.pt\/"],"url":"https:\/\/portaltela.pt\/por\/367410592786\/"}]}},"_links":{"self":[{"href":"https:\/\/portaltela.pt\/api\/wp\/v2\/posts\/417417","targetHints":{"allow":["GET"]}}],"collection":[{"href":"https:\/\/portaltela.pt\/api\/wp\/v2\/posts"}],"about":[{"href":"https:\/\/portaltela.pt\/api\/wp\/v2\/types\/post"}],"author":[{"embeddable":true,"href":"https:\/\/portaltela.pt\/api\/wp\/v2\/users\/2"}],"replies":[{"embeddable":true,"href":"https:\/\/portaltela.pt\/api\/wp\/v2\/comments?post=417417"}],"version-history":[{"count":0,"href":"https:\/\/portaltela.pt\/api\/wp\/v2\/posts\/417417\/revisions"}],"wp:featuredmedia":[{"embeddable":true,"href":"https:\/\/portaltela.pt\/api\/wp\/v2\/media\/417419"}],"wp:attachment":[{"href":"https:\/\/portaltela.pt\/api\/wp\/v2\/media?parent=417417"}],"wp:term":[{"taxonomy":"category","embeddable":true,"href":"https:\/\/portaltela.pt\/api\/wp\/v2\/categories?post=417417"},{"taxonomy":"post_tag","embeddable":true,"href":"https:\/\/portaltela.pt\/api\/wp\/v2\/tags?post=417417"}],"curies":[{"name":"wp","href":"https:\/\/api.w.org\/{rel}","templated":true}]}}