{"id":417389,"date":"2026-03-20T07:34:00","date_gmt":"2026-03-20T10:34:00","guid":{"rendered":"https:\/\/portaltela.pt\/noticias\/2026\/03\/20\/peritos-europeus-nao-culpam-pelo-apagao-e-afastam-criticas-as-renovaveis\/"},"modified":"2026-03-20T07:34:00","modified_gmt":"2026-03-20T10:34:00","slug":"peritos-europeus-nao-culpam-pelo-apagao-e-afastam-criticas-as-renovaveis","status":"publish","type":"post","link":"https:\/\/portaltela.pt\/tecnologia\/2026\/03\/20\/peritos-europeus-nao-culpam-pelo-apagao-e-afastam-criticas-as-renovaveis\/","title":{"rendered":"Peritos europeus n\u00e3o culpam pelo apag\u00e3o e afastam cr\u00edticas \u00e0s renov\u00e1veis"},"content":{"rendered":"<p>A miss\u00e3o dos peritos europeus foi esclarecer o que ocorreu durante o apag\u00e3o que afectou a Pen\u00ednsula Ib\u00e9rica a 28 de abril de 2025. O relat\u00f3rio final, apresentado quase um ano depois do incidente, descreve o evento como o mais grave em mais de duas d\u00e9cadas, sem atribuir culpas a entidades espec\u00edficas.<\/p>\n<p>O painel, composto por 49 especialistas de v\u00e1rios pa\u00edses, sublinha que o fen\u00f3meno n\u00e3o foi previsto nem teorizado, classificando-o como um colapso por sobretens\u00e3o que desencadeou uma cascata de desligamentos. A origem inicial est\u00e1 ligada a uma subida s\u00fabita de tens\u00e3o na rede.<\/p>\n<h3>O que aconteceu e onde<\/h3>\n<p>O apag\u00e3o deixou milhares de residentes sem luz, com impacto em transportes, comunica\u00e7\u00f5es e servi\u00e7os b\u00e1sicos. Em Portugal, o corte ocorreu por volta das 11h33, tendo como origem prov\u00e1vel a rede vizinha na fronteira com a Espanha.<\/p>\n<h3>Quem est\u00e1 envolvido e porqu\u00ea<\/h3>\n<p>O presidente do conselho da ENTSO-E, Damian Cortinas, explica que a an\u00e1lise \u00e9 t\u00e9cnica e n\u00e3o atribui responsabilidades. Klaus Kaschnitz, co-l\u00edder do painel, descreve a cascata de falhas decorrentes de varia\u00e7\u00f5es de tens\u00e3o como o motor do problema.<\/p>\n<h3>Como se desenrolaram os factos<\/h3>\n<p>Entre os fatores identificados est\u00e3o limites de tens\u00e3o diferentes, baixa carga em linhas, falhas nos sistemas de prote\u00e7\u00e3o e insufici\u00eancias no controlo din\u00e2mico da tens\u00e3o. O relat\u00f3rio considera que a combina\u00e7\u00e3o destes elementos foi decisiva para o incidente.<\/p>\n<h3>A rela\u00e7\u00e3o com as renov\u00e1veis<\/h3>\n<p>Os peritos, questionados sobre a influ\u00eancia de unidades de produ\u00e7\u00e3o renov\u00e1vel, rejeitam qualquer rela\u00e7\u00e3o direta com o apag\u00e3o. A mensagem central \u00e9 que o ensaio n\u00e3o \u00e9 sobre o tipo de energia, mas sobre o controlo de tens\u00e3o em toda a rede.<\/p>\n<h3>Li\u00e7\u00f5es e recomenda\u00e7\u00f5es<\/h3>\n<p>A equipa recomenda refor\u00e7ar o controlo de tens\u00e3o e melhorar a coordena\u00e7\u00e3o entre produ\u00e7\u00e3o, distribui\u00e7\u00e3o e transporte de eletricidade. O objetivo \u00e9 evitar escaladas futuras e aplicar li\u00e7\u00f5es para a Europa, inclusive celebrando as pr\u00e1ticas espanholas como refer\u00eancia para a transi\u00e7\u00e3o energ\u00e9tica.<\/p>\n<h3>Perspetivas para o futuro<\/h3>\n<p>Segundo Cortinas, o sistema el\u00e9trico \u00e9 complexo e regido por leis f\u00edsicas que devem orientar mercados, regulamenta\u00e7\u00e3o e pol\u00edticas. Sabe-se o que aconteceu, o que funciona e o que precisa de ser implementado para prevenir novos epis\u00f3dios.<\/p>\n","protected":false},"excerpt":{"rendered":"<ul>\n<li>Em 28 de abril de 2025, a Pen\u00ednsula Ib\u00e9rica sofreu uma falha el\u00e9ctrica que deixou milhares de pessoas sem energia por v\u00e1rias horas, com in\u00edcio em Portugal \u00e0s 11h33.<\/li>\n<li>Peritos europeus afirmam que a an\u00e1lise \u00e9 t\u00e9cnica, n\u00e3o uma atribui\u00e7\u00e3o de culpas, e que n\u00e3o h\u00e1 compet\u00eancia para decidir quem errou; a avalia\u00e7\u00e3o depende da interpreta\u00e7\u00e3o da lei de cada pa\u00eds.<\/li>\n<li>O painel identificou o apag\u00e3o como o mais grave no sistema el\u00e9ctrico europeu em mais de vinte anos, resultando de uma subida r\u00e1pida da tens\u00e3o que desencadeou uma cascata de desligamentos.<\/li>\n<li>Embora tenha sido analisado o papel de unidades de produ\u00e7\u00e3o renov\u00e1vel, os especialistas rejeitaram qualquer rela\u00e7\u00e3o direta com o apag\u00e3o, enfatizando que se trata de controlo de tens\u00e3o, n\u00e3o do tipo de gera\u00e7\u00e3o.<\/li>\n<li>As recomenda\u00e7\u00f5es incluem refor\u00e7ar o controlo de tens\u00e3o e a coordena\u00e7\u00e3o entre produ\u00e7\u00e3o, distribui\u00e7\u00e3o e transporte de eletricidade, com li\u00e7\u00f5es para a Europa e foco na preven\u00e7\u00e3o.<\/li>\n<\/ul>\n","protected":false},"author":2,"featured_media":417395,"comment_status":"closed","ping_status":"closed","sticky":false,"template":"","format":"standard","meta":{"footnotes":""},"categories":[6806,6716],"tags":[2950,174,3603,2487,1014,4327],"class_list":["post-417389","post","type-post","status-publish","format-standard","has-post-thumbnail","hentry","category-energia","category-tecnologia","tag-apagoes","tag-energia","tag-energias-renovaveis","tag-europa","tag-portugal","tag-rede-eletrica"],"yoast_head":"<!-- This site is optimized with the Yoast SEO plugin v27.2 - https:\/\/yoast.com\/product\/yoast-seo-wordpress\/ -->\n<title>Peritos europeus n\u00e3o culpam pelo apag\u00e3o e afastam cr\u00edticas \u00e0s renov\u00e1veis - Portal Tela Portugal<\/title>\n<meta name=\"robots\" content=\"index, follow, max-snippet:-1, max-image-preview:large, max-video-preview:-1\" \/>\n<meta property=\"og:locale\" content=\"pt_PT\" \/>\n<meta property=\"og:type\" content=\"article\" \/>\n<meta property=\"og:title\" content=\"Peritos europeus n\u00e3o culpam pelo apag\u00e3o e afastam cr\u00edticas \u00e0s renov\u00e1veis - Portal Tela Portugal\" \/>\n<meta property=\"og:description\" content=\"Em 28 de abril de 2025, a Pen\u00ednsula Ib\u00e9rica sofreu uma falha el\u00e9ctrica que deixou milhares de pessoas sem energia por v\u00e1rias horas, com in\u00edcio em Portugal \u00e0s 11h33. Peritos europeus afirmam que a an\u00e1lise \u00e9 t\u00e9cnica, n\u00e3o uma atribui\u00e7\u00e3o de culpas, e que n\u00e3o h\u00e1 compet\u00eancia para decidir quem errou; a avalia\u00e7\u00e3o depende da interpreta\u00e7\u00e3o da lei de cada pa\u00eds. O painel identificou o apag\u00e3o como o mais grave no sistema el\u00e9ctrico europeu em mais de vinte anos, resultando de uma subida r\u00e1pida da tens\u00e3o que desencadeou uma cascata de desligamentos. Embora tenha sido analisado o papel de unidades de produ\u00e7\u00e3o renov\u00e1vel, os especialistas rejeitaram qualquer rela\u00e7\u00e3o direta com o apag\u00e3o, enfatizando que se trata de controlo de tens\u00e3o, n\u00e3o do tipo de gera\u00e7\u00e3o. As recomenda\u00e7\u00f5es incluem refor\u00e7ar o controlo de tens\u00e3o e a coordena\u00e7\u00e3o entre produ\u00e7\u00e3o, distribui\u00e7\u00e3o e transporte de eletricidade, com li\u00e7\u00f5es para a Europa e foco na preven\u00e7\u00e3o.\" \/>\n<meta property=\"og:url\" content=\"https:\/\/portaltela.pt\/noticias\/2026\/03\/20\/peritos-europeus-nao-culpam-pelo-apagao-e-afastam-criticas-as-renovaveis\/\" \/>\n<meta property=\"og:site_name\" content=\"Portal Tela Portugal\" \/>\n<meta property=\"article:published_time\" content=\"2026-03-20T10:34:00+00:00\" \/>\n<meta name=\"author\" content=\"Telinha\" \/>\n<meta name=\"twitter:card\" content=\"summary_large_image\" \/>\n<meta name=\"twitter:label1\" content=\"Escrito por\" \/>\n\t<meta name=\"twitter:data1\" content=\"Telinha\" \/>\n\t<meta name=\"twitter:label2\" content=\"Tempo estimado de leitura\" \/>\n\t<meta name=\"twitter:data2\" content=\"2 minutos\" \/>\n<script type=\"application\/ld+json\" class=\"yoast-schema-graph\">{\"@context\":\"https:\/\/schema.org\",\"@graph\":[{\"@type\":\"Article\",\"@id\":\"https:\/\/portaltela.pt\/noticias\/2026\/03\/20\/peritos-europeus-nao-culpam-pelo-apagao-e-afastam-criticas-as-renovaveis\/#article\",\"isPartOf\":{\"@id\":\"https:\/\/portaltela.pt\/noticias\/2026\/03\/20\/peritos-europeus-nao-culpam-pelo-apagao-e-afastam-criticas-as-renovaveis\/\"},\"author\":{\"name\":\"Telinha\",\"@id\":\"https:\/\/portaltela.pt\/#\/schema\/person\/c4278d4a6028830caff9ee44b42d32ed\"},\"headline\":\"Peritos europeus n\u00e3o culpam pelo apag\u00e3o e afastam cr\u00edticas \u00e0s renov\u00e1veis\",\"datePublished\":\"2026-03-20T10:34:00+00:00\",\"mainEntityOfPage\":{\"@id\":\"https:\/\/portaltela.pt\/noticias\/2026\/03\/20\/peritos-europeus-nao-culpam-pelo-apagao-e-afastam-criticas-as-renovaveis\/\"},\"wordCount\":422,\"image\":{\"@id\":\"https:\/\/portaltela.pt\/noticias\/2026\/03\/20\/peritos-europeus-nao-culpam-pelo-apagao-e-afastam-criticas-as-renovaveis\/#primaryimage\"},\"thumbnailUrl\":\"https:\/\/portaltela.pt\/s.01k8rhncp4jt1\/2026\/03\/image-1342.jpg\",\"keywords\":[\"apag\u00f5es\",\"energia\",\"energias renov\u00e1veis\",\"Europa\",\"Portugal\",\"rede el\u00e9trica\"],\"articleSection\":[\"Energia\",\"Tecnologia\"],\"inLanguage\":\"pt-PT\"},{\"@type\":\"WebPage\",\"@id\":\"https:\/\/portaltela.pt\/noticias\/2026\/03\/20\/peritos-europeus-nao-culpam-pelo-apagao-e-afastam-criticas-as-renovaveis\/\",\"url\":\"https:\/\/portaltela.pt\/noticias\/2026\/03\/20\/peritos-europeus-nao-culpam-pelo-apagao-e-afastam-criticas-as-renovaveis\/\",\"name\":\"Peritos europeus n\u00e3o culpam pelo apag\u00e3o e afastam cr\u00edticas \u00e0s renov\u00e1veis - Portal Tela Portugal\",\"isPartOf\":{\"@id\":\"https:\/\/portaltela.pt\/#website\"},\"primaryImageOfPage\":{\"@id\":\"https:\/\/portaltela.pt\/noticias\/2026\/03\/20\/peritos-europeus-nao-culpam-pelo-apagao-e-afastam-criticas-as-renovaveis\/#primaryimage\"},\"image\":{\"@id\":\"https:\/\/portaltela.pt\/noticias\/2026\/03\/20\/peritos-europeus-nao-culpam-pelo-apagao-e-afastam-criticas-as-renovaveis\/#primaryimage\"},\"thumbnailUrl\":\"https:\/\/portaltela.pt\/s.01k8rhncp4jt1\/2026\/03\/image-1342.jpg\",\"datePublished\":\"2026-03-20T10:34:00+00:00\",\"author\":{\"@id\":\"https:\/\/portaltela.pt\/#\/schema\/person\/c4278d4a6028830caff9ee44b42d32ed\"},\"breadcrumb\":{\"@id\":\"https:\/\/portaltela.pt\/noticias\/2026\/03\/20\/peritos-europeus-nao-culpam-pelo-apagao-e-afastam-criticas-as-renovaveis\/#breadcrumb\"},\"inLanguage\":\"pt-PT\",\"potentialAction\":[{\"@type\":\"ReadAction\",\"target\":[\"https:\/\/portaltela.pt\/noticias\/2026\/03\/20\/peritos-europeus-nao-culpam-pelo-apagao-e-afastam-criticas-as-renovaveis\/\"]}]},{\"@type\":\"ImageObject\",\"inLanguage\":\"pt-PT\",\"@id\":\"https:\/\/portaltela.pt\/noticias\/2026\/03\/20\/peritos-europeus-nao-culpam-pelo-apagao-e-afastam-criticas-as-renovaveis\/#primaryimage\",\"url\":\"https:\/\/portaltela.pt\/s.01k8rhncp4jt1\/2026\/03\/image-1342.jpg\",\"contentUrl\":\"https:\/\/portaltela.pt\/s.01k8rhncp4jt1\/2026\/03\/image-1342.jpg\",\"width\":796,\"height\":448,\"caption\":\"O apag\u00e3o de 28 de abril de 2025 deixou milhares de pessoas \u00e0s escuras por v\u00e1rias horas\"},{\"@type\":\"BreadcrumbList\",\"@id\":\"https:\/\/portaltela.pt\/noticias\/2026\/03\/20\/peritos-europeus-nao-culpam-pelo-apagao-e-afastam-criticas-as-renovaveis\/#breadcrumb\",\"itemListElement\":[{\"@type\":\"ListItem\",\"position\":1,\"name\":\"In\u00edcio\",\"item\":\"https:\/\/portaltela.pt\/\"},{\"@type\":\"ListItem\",\"position\":2,\"name\":\"Peritos europeus n\u00e3o culpam pelo apag\u00e3o e afastam cr\u00edticas \u00e0s renov\u00e1veis\"}]},{\"@type\":\"WebSite\",\"@id\":\"https:\/\/portaltela.pt\/#website\",\"url\":\"https:\/\/portaltela.pt\/\",\"name\":\"Portal Tela Portugal\",\"description\":\"\",\"potentialAction\":[{\"@type\":\"SearchAction\",\"target\":{\"@type\":\"EntryPoint\",\"urlTemplate\":\"https:\/\/portaltela.pt\/?s={search_term_string}\"},\"query-input\":{\"@type\":\"PropertyValueSpecification\",\"valueRequired\":true,\"valueName\":\"search_term_string\"}}],\"inLanguage\":\"pt-PT\"},{\"@type\":\"Person\",\"@id\":\"https:\/\/portaltela.pt\/#\/schema\/person\/c4278d4a6028830caff9ee44b42d32ed\",\"name\":\"Telinha\",\"image\":{\"@type\":\"ImageObject\",\"inLanguage\":\"pt-PT\",\"@id\":\"https:\/\/portaltela.pt\/s.01k8rhncp4jt1\/2025\/11\/talking-bot-125x125.png\",\"url\":\"https:\/\/portaltela.pt\/s.01k8rhncp4jt1\/2025\/11\/talking-bot-125x125.png\",\"contentUrl\":\"https:\/\/portaltela.pt\/s.01k8rhncp4jt1\/2025\/11\/talking-bot-125x125.png\",\"caption\":\"Telinha\"},\"sameAs\":[\"https:\/\/portaltela.pt\/\"],\"url\":\"https:\/\/portaltela.pt\/por\/367410592786\/\"}]}<\/script>\n<!-- \/ Yoast SEO plugin. -->","yoast_head_json":{"title":"Peritos europeus n\u00e3o culpam pelo apag\u00e3o e afastam cr\u00edticas \u00e0s renov\u00e1veis - Portal Tela Portugal","robots":{"index":"index","follow":"follow","max-snippet":"max-snippet:-1","max-image-preview":"max-image-preview:large","max-video-preview":"max-video-preview:-1"},"og_locale":"pt_PT","og_type":"article","og_title":"Peritos europeus n\u00e3o culpam pelo apag\u00e3o e afastam cr\u00edticas \u00e0s renov\u00e1veis - Portal Tela Portugal","og_description":"Em 28 de abril de 2025, a Pen\u00ednsula Ib\u00e9rica sofreu uma falha el\u00e9ctrica que deixou milhares de pessoas sem energia por v\u00e1rias horas, com in\u00edcio em Portugal \u00e0s 11h33. Peritos europeus afirmam que a an\u00e1lise \u00e9 t\u00e9cnica, n\u00e3o uma atribui\u00e7\u00e3o de culpas, e que n\u00e3o h\u00e1 compet\u00eancia para decidir quem errou; a avalia\u00e7\u00e3o depende da interpreta\u00e7\u00e3o da lei de cada pa\u00eds. O painel identificou o apag\u00e3o como o mais grave no sistema el\u00e9ctrico europeu em mais de vinte anos, resultando de uma subida r\u00e1pida da tens\u00e3o que desencadeou uma cascata de desligamentos. Embora tenha sido analisado o papel de unidades de produ\u00e7\u00e3o renov\u00e1vel, os especialistas rejeitaram qualquer rela\u00e7\u00e3o direta com o apag\u00e3o, enfatizando que se trata de controlo de tens\u00e3o, n\u00e3o do tipo de gera\u00e7\u00e3o. As recomenda\u00e7\u00f5es incluem refor\u00e7ar o controlo de tens\u00e3o e a coordena\u00e7\u00e3o entre produ\u00e7\u00e3o, distribui\u00e7\u00e3o e transporte de eletricidade, com li\u00e7\u00f5es para a Europa e foco na preven\u00e7\u00e3o.","og_url":"https:\/\/portaltela.pt\/noticias\/2026\/03\/20\/peritos-europeus-nao-culpam-pelo-apagao-e-afastam-criticas-as-renovaveis\/","og_site_name":"Portal Tela Portugal","article_published_time":"2026-03-20T10:34:00+00:00","author":"Telinha","twitter_card":"summary_large_image","twitter_misc":{"Escrito por":"Telinha","Tempo estimado de leitura":"2 minutos"},"schema":{"@context":"https:\/\/schema.org","@graph":[{"@type":"Article","@id":"https:\/\/portaltela.pt\/noticias\/2026\/03\/20\/peritos-europeus-nao-culpam-pelo-apagao-e-afastam-criticas-as-renovaveis\/#article","isPartOf":{"@id":"https:\/\/portaltela.pt\/noticias\/2026\/03\/20\/peritos-europeus-nao-culpam-pelo-apagao-e-afastam-criticas-as-renovaveis\/"},"author":{"name":"Telinha","@id":"https:\/\/portaltela.pt\/#\/schema\/person\/c4278d4a6028830caff9ee44b42d32ed"},"headline":"Peritos europeus n\u00e3o culpam pelo apag\u00e3o e afastam cr\u00edticas \u00e0s renov\u00e1veis","datePublished":"2026-03-20T10:34:00+00:00","mainEntityOfPage":{"@id":"https:\/\/portaltela.pt\/noticias\/2026\/03\/20\/peritos-europeus-nao-culpam-pelo-apagao-e-afastam-criticas-as-renovaveis\/"},"wordCount":422,"image":{"@id":"https:\/\/portaltela.pt\/noticias\/2026\/03\/20\/peritos-europeus-nao-culpam-pelo-apagao-e-afastam-criticas-as-renovaveis\/#primaryimage"},"thumbnailUrl":"https:\/\/portaltela.pt\/s.01k8rhncp4jt1\/2026\/03\/image-1342.jpg","keywords":["apag\u00f5es","energia","energias renov\u00e1veis","Europa","Portugal","rede el\u00e9trica"],"articleSection":["Energia","Tecnologia"],"inLanguage":"pt-PT"},{"@type":"WebPage","@id":"https:\/\/portaltela.pt\/noticias\/2026\/03\/20\/peritos-europeus-nao-culpam-pelo-apagao-e-afastam-criticas-as-renovaveis\/","url":"https:\/\/portaltela.pt\/noticias\/2026\/03\/20\/peritos-europeus-nao-culpam-pelo-apagao-e-afastam-criticas-as-renovaveis\/","name":"Peritos europeus n\u00e3o culpam pelo apag\u00e3o e afastam cr\u00edticas \u00e0s renov\u00e1veis - Portal Tela Portugal","isPartOf":{"@id":"https:\/\/portaltela.pt\/#website"},"primaryImageOfPage":{"@id":"https:\/\/portaltela.pt\/noticias\/2026\/03\/20\/peritos-europeus-nao-culpam-pelo-apagao-e-afastam-criticas-as-renovaveis\/#primaryimage"},"image":{"@id":"https:\/\/portaltela.pt\/noticias\/2026\/03\/20\/peritos-europeus-nao-culpam-pelo-apagao-e-afastam-criticas-as-renovaveis\/#primaryimage"},"thumbnailUrl":"https:\/\/portaltela.pt\/s.01k8rhncp4jt1\/2026\/03\/image-1342.jpg","datePublished":"2026-03-20T10:34:00+00:00","author":{"@id":"https:\/\/portaltela.pt\/#\/schema\/person\/c4278d4a6028830caff9ee44b42d32ed"},"breadcrumb":{"@id":"https:\/\/portaltela.pt\/noticias\/2026\/03\/20\/peritos-europeus-nao-culpam-pelo-apagao-e-afastam-criticas-as-renovaveis\/#breadcrumb"},"inLanguage":"pt-PT","potentialAction":[{"@type":"ReadAction","target":["https:\/\/portaltela.pt\/noticias\/2026\/03\/20\/peritos-europeus-nao-culpam-pelo-apagao-e-afastam-criticas-as-renovaveis\/"]}]},{"@type":"ImageObject","inLanguage":"pt-PT","@id":"https:\/\/portaltela.pt\/noticias\/2026\/03\/20\/peritos-europeus-nao-culpam-pelo-apagao-e-afastam-criticas-as-renovaveis\/#primaryimage","url":"https:\/\/portaltela.pt\/s.01k8rhncp4jt1\/2026\/03\/image-1342.jpg","contentUrl":"https:\/\/portaltela.pt\/s.01k8rhncp4jt1\/2026\/03\/image-1342.jpg","width":796,"height":448,"caption":"O apag\u00e3o de 28 de abril de 2025 deixou milhares de pessoas \u00e0s escuras por v\u00e1rias horas"},{"@type":"BreadcrumbList","@id":"https:\/\/portaltela.pt\/noticias\/2026\/03\/20\/peritos-europeus-nao-culpam-pelo-apagao-e-afastam-criticas-as-renovaveis\/#breadcrumb","itemListElement":[{"@type":"ListItem","position":1,"name":"In\u00edcio","item":"https:\/\/portaltela.pt\/"},{"@type":"ListItem","position":2,"name":"Peritos europeus n\u00e3o culpam pelo apag\u00e3o e afastam cr\u00edticas \u00e0s renov\u00e1veis"}]},{"@type":"WebSite","@id":"https:\/\/portaltela.pt\/#website","url":"https:\/\/portaltela.pt\/","name":"Portal Tela Portugal","description":"","potentialAction":[{"@type":"SearchAction","target":{"@type":"EntryPoint","urlTemplate":"https:\/\/portaltela.pt\/?s={search_term_string}"},"query-input":{"@type":"PropertyValueSpecification","valueRequired":true,"valueName":"search_term_string"}}],"inLanguage":"pt-PT"},{"@type":"Person","@id":"https:\/\/portaltela.pt\/#\/schema\/person\/c4278d4a6028830caff9ee44b42d32ed","name":"Telinha","image":{"@type":"ImageObject","inLanguage":"pt-PT","@id":"https:\/\/portaltela.pt\/s.01k8rhncp4jt1\/2025\/11\/talking-bot-125x125.png","url":"https:\/\/portaltela.pt\/s.01k8rhncp4jt1\/2025\/11\/talking-bot-125x125.png","contentUrl":"https:\/\/portaltela.pt\/s.01k8rhncp4jt1\/2025\/11\/talking-bot-125x125.png","caption":"Telinha"},"sameAs":["https:\/\/portaltela.pt\/"],"url":"https:\/\/portaltela.pt\/por\/367410592786\/"}]}},"_links":{"self":[{"href":"https:\/\/portaltela.pt\/api\/wp\/v2\/posts\/417389","targetHints":{"allow":["GET"]}}],"collection":[{"href":"https:\/\/portaltela.pt\/api\/wp\/v2\/posts"}],"about":[{"href":"https:\/\/portaltela.pt\/api\/wp\/v2\/types\/post"}],"author":[{"embeddable":true,"href":"https:\/\/portaltela.pt\/api\/wp\/v2\/users\/2"}],"replies":[{"embeddable":true,"href":"https:\/\/portaltela.pt\/api\/wp\/v2\/comments?post=417389"}],"version-history":[{"count":0,"href":"https:\/\/portaltela.pt\/api\/wp\/v2\/posts\/417389\/revisions"}],"wp:featuredmedia":[{"embeddable":true,"href":"https:\/\/portaltela.pt\/api\/wp\/v2\/media\/417395"}],"wp:attachment":[{"href":"https:\/\/portaltela.pt\/api\/wp\/v2\/media?parent=417389"}],"wp:term":[{"taxonomy":"category","embeddable":true,"href":"https:\/\/portaltela.pt\/api\/wp\/v2\/categories?post=417389"},{"taxonomy":"post_tag","embeddable":true,"href":"https:\/\/portaltela.pt\/api\/wp\/v2\/tags?post=417389"}],"curies":[{"name":"wp","href":"https:\/\/api.w.org\/{rel}","templated":true}]}}