{"id":417386,"date":"2026-03-20T10:46:52","date_gmt":"2026-03-20T13:46:52","guid":{"rendered":"https:\/\/portaltela.pt\/noticias\/2026\/03\/20\/parlamento-aprova-obrigatoriedade-de-validacao-medica-para-mudanca-de-genero\/"},"modified":"2026-03-20T10:46:52","modified_gmt":"2026-03-20T13:46:52","slug":"parlamento-aprova-obrigatoriedade-de-validacao-medica-para-mudanca-de-genero","status":"publish","type":"post","link":"https:\/\/portaltela.pt\/sociedade\/2026\/03\/20\/parlamento-aprova-obrigatoriedade-de-validacao-medica-para-mudanca-de-genero\/","title":{"rendered":"Parlamento aprova obrigatoriedade de valida\u00e7\u00e3o m\u00e9dica para mudan\u00e7a de g\u00e9nero"},"content":{"rendered":"<p>O Parlamento aprovou na generalidade a revoga\u00e7\u00e3o da lei de 2018 que regula a autodetermina\u00e7\u00e3o da identidade de g\u00e9nero e express\u00e3o de g\u00e9nero. Foram aprovados tr\u00eas diplomas de altera\u00e7\u00e3o com os votos favor\u00e1veis de PSD, Chega e CDS-PP. PS, Iniciativa Liberal, Livre, PCP, BE, PAN e JPP votaram contra.<\/p>\n<p>Os diplomas reintroduzem a legisla\u00e7\u00e3o de 2011, com a obrigatoriedade de valida\u00e7\u00e3o m\u00e9dica para mudan\u00e7a de nome e de g\u00e9nero no registo civil. O regresso \u00e0 norma anterior implica novas condi\u00e7\u00f5es para adultos e menores que pretendam altera\u00e7\u00e3o.<\/p>\n<p>At\u00e9 aqui, a mudan\u00e7a de nome e g\u00e9nero, para maiores de 18, n\u00e3o exigia atestado m\u00e9dico. Entre 16 e 18 anos, era necess\u00e1ria autoriza\u00e7\u00e3o parental e relat\u00f3rio de um profissional de sa\u00fade que atestasse decis\u00e3o informada.<\/p>\n<p>O PSD prop\u00f5e a exig\u00eancia de um atestado m\u00e9dico obrigat\u00f3rio para a mudan\u00e7a de sexo, com possibilidade de crian\u00e7as acima de 16 anos apresentarem altera\u00e7\u00e3o mediante atestado m\u00e9dico especializado e consentimento parental. O relat\u00f3rio deve vir de equipa cl\u00ednica multidisciplinar.<\/p>\n<p>O Chega introduz medidas de prote\u00e7\u00e3o de menores, incluindo normas para evitar a ideologia de g\u00e9nero nos conte\u00fados educativos para menores de 18 anos, deixando a educa\u00e7\u00e3o neste tema apenas aos pais ou tutores legais.<\/p>\n<p>O CDS-PP apresenta um diploma que visa impedir tratamentos como bloqueadores de puberdade e terapias hormonais em menores de 18 anos, visando proteger a integridade das crian\u00e7as.<\/p>\n<p>As propostas geraram cr\u00edticas de organiza\u00e7\u00f5es que defendem a comunidade trans e intersexo, que veem retrocesso nos direitos. Avaliam que a mudan\u00e7a representa um recuo significativo na prote\u00e7\u00e3o de direitos humanos em Portugal.<\/p>\n<p>Deputados de v\u00e1rias bancadas discutiram impactos e contextos. Alguns argumentaram que o Estado deve agir com responsabilidade, baseando-se em avalia\u00e7\u00e3o cl\u00ednica rigorosa. Outros defenderam que n\u00e3o \u00e9 aceit\u00e1vel vincular pessoas trans a processos m\u00e9dicos.<\/p>\n<p>Refer\u00eancias de partidos como PS, BE, PCP, IL e PAN destacaram preocupa\u00e7\u00f5es com direitos adquiridos e com o impacto humano, defendendo que a identidade de g\u00e9nero n\u00e3o \u00e9 doen\u00e7a nem objeto de vexa\u00e7\u00e3o.<\/p>\n<p>Na bancada do JPP, a defesa do direito \u00e0 autodetermina\u00e7\u00e3o continua, afirmando que a lei deve acompanhar a evolu\u00e7\u00e3o cient\u00edfica sem retrocessos. Tamb\u00e9m houve cr\u00edticas \u00e0 forma como as propostas foram apresentadas.<\/p>\n<p>Isabel Moreira, do PS, lamentou o que considera um retrocesso de tr\u00eas partidos da maioria. Paula Santos, do PCP, classificou as propostas como retr\u00f3gradas, destacando o reconhecimento de identidade com ou sem cirurgia.<\/p>\n<p>Marta Patr\u00edcia da IL sublinhou a rejei\u00e7\u00e3o de retrocessos em liberdades individuais, reiterando a dist\u00e2ncia de propostas que avan\u00e7am. O debate manteve-se intenso, com vozes a favor e contra a altera\u00e7\u00e3o.<\/p>\n<p>A vota\u00e7\u00e3o na generalidade abre caminho para a Comiss\u00e3o de Assuntos Constitucionais, Direitos, Liberdades e Garantias analisar os diplomas e emitir parecer. O futuro do registo civil em Portugal fica, assim, em aberto.<\/p>\n","protected":false},"excerpt":{"rendered":"<ul>\n<li>O Parlamento aprovou na generalidade a revoga\u00e7\u00e3o da lei de identidade de g\u00e9nero de 2018 e a reintrodu\u00e7\u00e3o da obriga\u00e7\u00e3o de valida\u00e7\u00e3o m\u00e9dica para mudan\u00e7a de g\u00e9nero e de nome no registo civil, com tr\u00eas projetos-lei aprovados (PSD, Chega e CDS-PP) e votos contra de PS, Iniciativa Liberal, Livre, PCP, BE, PAN e JPP.<\/li>\n<li>De acordo com a nova proposta, as altera\u00e7\u00f5es passam a depender de valida\u00e7\u00e3o m\u00e9dica, incluindo mudan\u00e7as a partir dos 16 anos ou, antes, mediante atestado m\u00e9dico especializado e consentimento dos pais ou tutores.<\/li>\n<li>O relat\u00f3rio que comprove o diagn\u00f3stico de incongru\u00eancia de g\u00e9nero dever\u00e1 ser elaborado por equipa cl\u00ednica multidisciplinar de institui\u00e7\u00e3o de sa\u00fade, devendo ser subscrito por pelo menos um m\u00e9dico e um psic\u00f3logo.<\/li>\n<li>Os diplomas seguem para a Comiss\u00e3o de Assuntos Constitucionais, Direitos, Liberdades e Garantias para aprecia\u00e7\u00e3o.<\/li>\n<li>Al\u00e9m da revoga\u00e7\u00e3o, surgem propostas de outras \u00e1reas: Chega defende educa\u00e7\u00e3o sem ideologia de g\u00e9nero para menores, CDS-PP prop\u00f5e bloqueadores da puberdade e terapias hormonais proibidos a menores de 18 anos, e PSD defende aval t\u00e9cnico rigoroso para mudan\u00e7as de identidade.<\/li>\n<\/ul>\n","protected":false},"author":2,"featured_media":417390,"comment_status":"closed","ping_status":"closed","sticky":false,"template":"","format":"standard","meta":{"footnotes":""},"categories":[6745,6871],"tags":[2633,7180,6391,5539,229],"class_list":["post-417386","post","type-post","status-publish","format-standard","has-post-thumbnail","hentry","category-saude","category-sociedade","tag-direitos-humanos","tag-direitos-sexuais","tag-identidade-de-genero-desafios-na-atualidade","tag-lei","tag-politica-publica"],"yoast_head":"<!-- This site is optimized with the Yoast SEO plugin v27.2 - https:\/\/yoast.com\/product\/yoast-seo-wordpress\/ -->\n<title>Parlamento aprova obrigatoriedade de valida\u00e7\u00e3o m\u00e9dica para mudan\u00e7a de g\u00e9nero - Portal Tela Portugal<\/title>\n<meta name=\"robots\" content=\"index, follow, max-snippet:-1, max-image-preview:large, max-video-preview:-1\" \/>\n<meta property=\"og:locale\" content=\"pt_PT\" \/>\n<meta property=\"og:type\" content=\"article\" \/>\n<meta property=\"og:title\" content=\"Parlamento aprova obrigatoriedade de valida\u00e7\u00e3o m\u00e9dica para mudan\u00e7a de g\u00e9nero - Portal Tela Portugal\" \/>\n<meta property=\"og:description\" content=\"O Parlamento aprovou na generalidade a revoga\u00e7\u00e3o da lei de identidade de g\u00e9nero de 2018 e a reintrodu\u00e7\u00e3o da obriga\u00e7\u00e3o de valida\u00e7\u00e3o m\u00e9dica para mudan\u00e7a de g\u00e9nero e de nome no registo civil, com tr\u00eas projetos-lei aprovados (PSD, Chega e CDS-PP) e votos contra de PS, Iniciativa Liberal, Livre, PCP, BE, PAN e JPP. De acordo com a nova proposta, as altera\u00e7\u00f5es passam a depender de valida\u00e7\u00e3o m\u00e9dica, incluindo mudan\u00e7as a partir dos 16 anos ou, antes, mediante atestado m\u00e9dico especializado e consentimento dos pais ou tutores. O relat\u00f3rio que comprove o diagn\u00f3stico de incongru\u00eancia de g\u00e9nero dever\u00e1 ser elaborado por equipa cl\u00ednica multidisciplinar de institui\u00e7\u00e3o de sa\u00fade, devendo ser subscrito por pelo menos um m\u00e9dico e um psic\u00f3logo. Os diplomas seguem para a Comiss\u00e3o de Assuntos Constitucionais, Direitos, Liberdades e Garantias para aprecia\u00e7\u00e3o. Al\u00e9m da revoga\u00e7\u00e3o, surgem propostas de outras \u00e1reas: Chega defende educa\u00e7\u00e3o sem ideologia de g\u00e9nero para menores, CDS-PP prop\u00f5e bloqueadores da puberdade e terapias hormonais proibidos a menores de 18 anos, e PSD defende aval t\u00e9cnico rigoroso para mudan\u00e7as de identidade.\" \/>\n<meta property=\"og:url\" content=\"https:\/\/portaltela.pt\/noticias\/2026\/03\/20\/parlamento-aprova-obrigatoriedade-de-validacao-medica-para-mudanca-de-genero\/\" \/>\n<meta property=\"og:site_name\" content=\"Portal Tela Portugal\" \/>\n<meta property=\"article:published_time\" content=\"2026-03-20T13:46:52+00:00\" \/>\n<meta name=\"author\" content=\"Telinha\" \/>\n<meta name=\"twitter:card\" content=\"summary_large_image\" \/>\n<meta name=\"twitter:label1\" content=\"Escrito por\" \/>\n\t<meta name=\"twitter:data1\" content=\"Telinha\" \/>\n\t<meta name=\"twitter:label2\" content=\"Tempo estimado de leitura\" \/>\n\t<meta name=\"twitter:data2\" content=\"3 minutos\" \/>\n<script type=\"application\/ld+json\" class=\"yoast-schema-graph\">{\"@context\":\"https:\/\/schema.org\",\"@graph\":[{\"@type\":\"Article\",\"@id\":\"https:\/\/portaltela.pt\/noticias\/2026\/03\/20\/parlamento-aprova-obrigatoriedade-de-validacao-medica-para-mudanca-de-genero\/#article\",\"isPartOf\":{\"@id\":\"https:\/\/portaltela.pt\/noticias\/2026\/03\/20\/parlamento-aprova-obrigatoriedade-de-validacao-medica-para-mudanca-de-genero\/\"},\"author\":{\"name\":\"Telinha\",\"@id\":\"https:\/\/portaltela.pt\/#\/schema\/person\/c4278d4a6028830caff9ee44b42d32ed\"},\"headline\":\"Parlamento aprova obrigatoriedade de valida\u00e7\u00e3o m\u00e9dica para mudan\u00e7a de g\u00e9nero\",\"datePublished\":\"2026-03-20T13:46:52+00:00\",\"mainEntityOfPage\":{\"@id\":\"https:\/\/portaltela.pt\/noticias\/2026\/03\/20\/parlamento-aprova-obrigatoriedade-de-validacao-medica-para-mudanca-de-genero\/\"},\"wordCount\":524,\"image\":{\"@id\":\"https:\/\/portaltela.pt\/noticias\/2026\/03\/20\/parlamento-aprova-obrigatoriedade-de-validacao-medica-para-mudanca-de-genero\/#primaryimage\"},\"thumbnailUrl\":\"https:\/\/portaltela.pt\/s.01k8rhncp4jt1\/2026\/03\/1536x864_cmsv2_26390148-e993-5cb6-94e7-f943befd2dfa-9691476.jpg\",\"keywords\":[\"direitos humanos\",\"direitos sexuais\",\"Identidade de g\u00e9nero \u2013 Desafios na Atualidade\",\"lei\",\"pol\u00edtica p\u00fablica\"],\"articleSection\":[\"Sa\u00fade\",\"Sociedade\"],\"inLanguage\":\"pt-PT\"},{\"@type\":\"WebPage\",\"@id\":\"https:\/\/portaltela.pt\/noticias\/2026\/03\/20\/parlamento-aprova-obrigatoriedade-de-validacao-medica-para-mudanca-de-genero\/\",\"url\":\"https:\/\/portaltela.pt\/noticias\/2026\/03\/20\/parlamento-aprova-obrigatoriedade-de-validacao-medica-para-mudanca-de-genero\/\",\"name\":\"Parlamento aprova obrigatoriedade de valida\u00e7\u00e3o m\u00e9dica para mudan\u00e7a de g\u00e9nero - Portal Tela Portugal\",\"isPartOf\":{\"@id\":\"https:\/\/portaltela.pt\/#website\"},\"primaryImageOfPage\":{\"@id\":\"https:\/\/portaltela.pt\/noticias\/2026\/03\/20\/parlamento-aprova-obrigatoriedade-de-validacao-medica-para-mudanca-de-genero\/#primaryimage\"},\"image\":{\"@id\":\"https:\/\/portaltela.pt\/noticias\/2026\/03\/20\/parlamento-aprova-obrigatoriedade-de-validacao-medica-para-mudanca-de-genero\/#primaryimage\"},\"thumbnailUrl\":\"https:\/\/portaltela.pt\/s.01k8rhncp4jt1\/2026\/03\/1536x864_cmsv2_26390148-e993-5cb6-94e7-f943befd2dfa-9691476.jpg\",\"datePublished\":\"2026-03-20T13:46:52+00:00\",\"author\":{\"@id\":\"https:\/\/portaltela.pt\/#\/schema\/person\/c4278d4a6028830caff9ee44b42d32ed\"},\"breadcrumb\":{\"@id\":\"https:\/\/portaltela.pt\/noticias\/2026\/03\/20\/parlamento-aprova-obrigatoriedade-de-validacao-medica-para-mudanca-de-genero\/#breadcrumb\"},\"inLanguage\":\"pt-PT\",\"potentialAction\":[{\"@type\":\"ReadAction\",\"target\":[\"https:\/\/portaltela.pt\/noticias\/2026\/03\/20\/parlamento-aprova-obrigatoriedade-de-validacao-medica-para-mudanca-de-genero\/\"]}]},{\"@type\":\"ImageObject\",\"inLanguage\":\"pt-PT\",\"@id\":\"https:\/\/portaltela.pt\/noticias\/2026\/03\/20\/parlamento-aprova-obrigatoriedade-de-validacao-medica-para-mudanca-de-genero\/#primaryimage\",\"url\":\"https:\/\/portaltela.pt\/s.01k8rhncp4jt1\/2026\/03\/1536x864_cmsv2_26390148-e993-5cb6-94e7-f943befd2dfa-9691476.jpg\",\"contentUrl\":\"https:\/\/portaltela.pt\/s.01k8rhncp4jt1\/2026\/03\/1536x864_cmsv2_26390148-e993-5cb6-94e7-f943befd2dfa-9691476.jpg\",\"width\":796,\"height\":448,\"caption\":\"Parlamento votou esta quinta-feira tr\u00eas projetos-lei para alterar a lei da identidade de g\u00e9nero\"},{\"@type\":\"BreadcrumbList\",\"@id\":\"https:\/\/portaltela.pt\/noticias\/2026\/03\/20\/parlamento-aprova-obrigatoriedade-de-validacao-medica-para-mudanca-de-genero\/#breadcrumb\",\"itemListElement\":[{\"@type\":\"ListItem\",\"position\":1,\"name\":\"In\u00edcio\",\"item\":\"https:\/\/portaltela.pt\/\"},{\"@type\":\"ListItem\",\"position\":2,\"name\":\"Parlamento aprova obrigatoriedade de valida\u00e7\u00e3o m\u00e9dica para mudan\u00e7a de g\u00e9nero\"}]},{\"@type\":\"WebSite\",\"@id\":\"https:\/\/portaltela.pt\/#website\",\"url\":\"https:\/\/portaltela.pt\/\",\"name\":\"Portal Tela Portugal\",\"description\":\"\",\"potentialAction\":[{\"@type\":\"SearchAction\",\"target\":{\"@type\":\"EntryPoint\",\"urlTemplate\":\"https:\/\/portaltela.pt\/?s={search_term_string}\"},\"query-input\":{\"@type\":\"PropertyValueSpecification\",\"valueRequired\":true,\"valueName\":\"search_term_string\"}}],\"inLanguage\":\"pt-PT\"},{\"@type\":\"Person\",\"@id\":\"https:\/\/portaltela.pt\/#\/schema\/person\/c4278d4a6028830caff9ee44b42d32ed\",\"name\":\"Telinha\",\"image\":{\"@type\":\"ImageObject\",\"inLanguage\":\"pt-PT\",\"@id\":\"https:\/\/portaltela.pt\/s.01k8rhncp4jt1\/2025\/11\/talking-bot-125x125.png\",\"url\":\"https:\/\/portaltela.pt\/s.01k8rhncp4jt1\/2025\/11\/talking-bot-125x125.png\",\"contentUrl\":\"https:\/\/portaltela.pt\/s.01k8rhncp4jt1\/2025\/11\/talking-bot-125x125.png\",\"caption\":\"Telinha\"},\"sameAs\":[\"https:\/\/portaltela.pt\/\"],\"url\":\"https:\/\/portaltela.pt\/por\/367410592786\/\"}]}<\/script>\n<!-- \/ Yoast SEO plugin. -->","yoast_head_json":{"title":"Parlamento aprova obrigatoriedade de valida\u00e7\u00e3o m\u00e9dica para mudan\u00e7a de g\u00e9nero - Portal Tela Portugal","robots":{"index":"index","follow":"follow","max-snippet":"max-snippet:-1","max-image-preview":"max-image-preview:large","max-video-preview":"max-video-preview:-1"},"og_locale":"pt_PT","og_type":"article","og_title":"Parlamento aprova obrigatoriedade de valida\u00e7\u00e3o m\u00e9dica para mudan\u00e7a de g\u00e9nero - Portal Tela Portugal","og_description":"O Parlamento aprovou na generalidade a revoga\u00e7\u00e3o da lei de identidade de g\u00e9nero de 2018 e a reintrodu\u00e7\u00e3o da obriga\u00e7\u00e3o de valida\u00e7\u00e3o m\u00e9dica para mudan\u00e7a de g\u00e9nero e de nome no registo civil, com tr\u00eas projetos-lei aprovados (PSD, Chega e CDS-PP) e votos contra de PS, Iniciativa Liberal, Livre, PCP, BE, PAN e JPP. De acordo com a nova proposta, as altera\u00e7\u00f5es passam a depender de valida\u00e7\u00e3o m\u00e9dica, incluindo mudan\u00e7as a partir dos 16 anos ou, antes, mediante atestado m\u00e9dico especializado e consentimento dos pais ou tutores. O relat\u00f3rio que comprove o diagn\u00f3stico de incongru\u00eancia de g\u00e9nero dever\u00e1 ser elaborado por equipa cl\u00ednica multidisciplinar de institui\u00e7\u00e3o de sa\u00fade, devendo ser subscrito por pelo menos um m\u00e9dico e um psic\u00f3logo. Os diplomas seguem para a Comiss\u00e3o de Assuntos Constitucionais, Direitos, Liberdades e Garantias para aprecia\u00e7\u00e3o. Al\u00e9m da revoga\u00e7\u00e3o, surgem propostas de outras \u00e1reas: Chega defende educa\u00e7\u00e3o sem ideologia de g\u00e9nero para menores, CDS-PP prop\u00f5e bloqueadores da puberdade e terapias hormonais proibidos a menores de 18 anos, e PSD defende aval t\u00e9cnico rigoroso para mudan\u00e7as de identidade.","og_url":"https:\/\/portaltela.pt\/noticias\/2026\/03\/20\/parlamento-aprova-obrigatoriedade-de-validacao-medica-para-mudanca-de-genero\/","og_site_name":"Portal Tela Portugal","article_published_time":"2026-03-20T13:46:52+00:00","author":"Telinha","twitter_card":"summary_large_image","twitter_misc":{"Escrito por":"Telinha","Tempo estimado de leitura":"3 minutos"},"schema":{"@context":"https:\/\/schema.org","@graph":[{"@type":"Article","@id":"https:\/\/portaltela.pt\/noticias\/2026\/03\/20\/parlamento-aprova-obrigatoriedade-de-validacao-medica-para-mudanca-de-genero\/#article","isPartOf":{"@id":"https:\/\/portaltela.pt\/noticias\/2026\/03\/20\/parlamento-aprova-obrigatoriedade-de-validacao-medica-para-mudanca-de-genero\/"},"author":{"name":"Telinha","@id":"https:\/\/portaltela.pt\/#\/schema\/person\/c4278d4a6028830caff9ee44b42d32ed"},"headline":"Parlamento aprova obrigatoriedade de valida\u00e7\u00e3o m\u00e9dica para mudan\u00e7a de g\u00e9nero","datePublished":"2026-03-20T13:46:52+00:00","mainEntityOfPage":{"@id":"https:\/\/portaltela.pt\/noticias\/2026\/03\/20\/parlamento-aprova-obrigatoriedade-de-validacao-medica-para-mudanca-de-genero\/"},"wordCount":524,"image":{"@id":"https:\/\/portaltela.pt\/noticias\/2026\/03\/20\/parlamento-aprova-obrigatoriedade-de-validacao-medica-para-mudanca-de-genero\/#primaryimage"},"thumbnailUrl":"https:\/\/portaltela.pt\/s.01k8rhncp4jt1\/2026\/03\/1536x864_cmsv2_26390148-e993-5cb6-94e7-f943befd2dfa-9691476.jpg","keywords":["direitos humanos","direitos sexuais","Identidade de g\u00e9nero \u2013 Desafios na Atualidade","lei","pol\u00edtica p\u00fablica"],"articleSection":["Sa\u00fade","Sociedade"],"inLanguage":"pt-PT"},{"@type":"WebPage","@id":"https:\/\/portaltela.pt\/noticias\/2026\/03\/20\/parlamento-aprova-obrigatoriedade-de-validacao-medica-para-mudanca-de-genero\/","url":"https:\/\/portaltela.pt\/noticias\/2026\/03\/20\/parlamento-aprova-obrigatoriedade-de-validacao-medica-para-mudanca-de-genero\/","name":"Parlamento aprova obrigatoriedade de valida\u00e7\u00e3o m\u00e9dica para mudan\u00e7a de g\u00e9nero - Portal Tela Portugal","isPartOf":{"@id":"https:\/\/portaltela.pt\/#website"},"primaryImageOfPage":{"@id":"https:\/\/portaltela.pt\/noticias\/2026\/03\/20\/parlamento-aprova-obrigatoriedade-de-validacao-medica-para-mudanca-de-genero\/#primaryimage"},"image":{"@id":"https:\/\/portaltela.pt\/noticias\/2026\/03\/20\/parlamento-aprova-obrigatoriedade-de-validacao-medica-para-mudanca-de-genero\/#primaryimage"},"thumbnailUrl":"https:\/\/portaltela.pt\/s.01k8rhncp4jt1\/2026\/03\/1536x864_cmsv2_26390148-e993-5cb6-94e7-f943befd2dfa-9691476.jpg","datePublished":"2026-03-20T13:46:52+00:00","author":{"@id":"https:\/\/portaltela.pt\/#\/schema\/person\/c4278d4a6028830caff9ee44b42d32ed"},"breadcrumb":{"@id":"https:\/\/portaltela.pt\/noticias\/2026\/03\/20\/parlamento-aprova-obrigatoriedade-de-validacao-medica-para-mudanca-de-genero\/#breadcrumb"},"inLanguage":"pt-PT","potentialAction":[{"@type":"ReadAction","target":["https:\/\/portaltela.pt\/noticias\/2026\/03\/20\/parlamento-aprova-obrigatoriedade-de-validacao-medica-para-mudanca-de-genero\/"]}]},{"@type":"ImageObject","inLanguage":"pt-PT","@id":"https:\/\/portaltela.pt\/noticias\/2026\/03\/20\/parlamento-aprova-obrigatoriedade-de-validacao-medica-para-mudanca-de-genero\/#primaryimage","url":"https:\/\/portaltela.pt\/s.01k8rhncp4jt1\/2026\/03\/1536x864_cmsv2_26390148-e993-5cb6-94e7-f943befd2dfa-9691476.jpg","contentUrl":"https:\/\/portaltela.pt\/s.01k8rhncp4jt1\/2026\/03\/1536x864_cmsv2_26390148-e993-5cb6-94e7-f943befd2dfa-9691476.jpg","width":796,"height":448,"caption":"Parlamento votou esta quinta-feira tr\u00eas projetos-lei para alterar a lei da identidade de g\u00e9nero"},{"@type":"BreadcrumbList","@id":"https:\/\/portaltela.pt\/noticias\/2026\/03\/20\/parlamento-aprova-obrigatoriedade-de-validacao-medica-para-mudanca-de-genero\/#breadcrumb","itemListElement":[{"@type":"ListItem","position":1,"name":"In\u00edcio","item":"https:\/\/portaltela.pt\/"},{"@type":"ListItem","position":2,"name":"Parlamento aprova obrigatoriedade de valida\u00e7\u00e3o m\u00e9dica para mudan\u00e7a de g\u00e9nero"}]},{"@type":"WebSite","@id":"https:\/\/portaltela.pt\/#website","url":"https:\/\/portaltela.pt\/","name":"Portal Tela Portugal","description":"","potentialAction":[{"@type":"SearchAction","target":{"@type":"EntryPoint","urlTemplate":"https:\/\/portaltela.pt\/?s={search_term_string}"},"query-input":{"@type":"PropertyValueSpecification","valueRequired":true,"valueName":"search_term_string"}}],"inLanguage":"pt-PT"},{"@type":"Person","@id":"https:\/\/portaltela.pt\/#\/schema\/person\/c4278d4a6028830caff9ee44b42d32ed","name":"Telinha","image":{"@type":"ImageObject","inLanguage":"pt-PT","@id":"https:\/\/portaltela.pt\/s.01k8rhncp4jt1\/2025\/11\/talking-bot-125x125.png","url":"https:\/\/portaltela.pt\/s.01k8rhncp4jt1\/2025\/11\/talking-bot-125x125.png","contentUrl":"https:\/\/portaltela.pt\/s.01k8rhncp4jt1\/2025\/11\/talking-bot-125x125.png","caption":"Telinha"},"sameAs":["https:\/\/portaltela.pt\/"],"url":"https:\/\/portaltela.pt\/por\/367410592786\/"}]}},"_links":{"self":[{"href":"https:\/\/portaltela.pt\/api\/wp\/v2\/posts\/417386","targetHints":{"allow":["GET"]}}],"collection":[{"href":"https:\/\/portaltela.pt\/api\/wp\/v2\/posts"}],"about":[{"href":"https:\/\/portaltela.pt\/api\/wp\/v2\/types\/post"}],"author":[{"embeddable":true,"href":"https:\/\/portaltela.pt\/api\/wp\/v2\/users\/2"}],"replies":[{"embeddable":true,"href":"https:\/\/portaltela.pt\/api\/wp\/v2\/comments?post=417386"}],"version-history":[{"count":0,"href":"https:\/\/portaltela.pt\/api\/wp\/v2\/posts\/417386\/revisions"}],"wp:featuredmedia":[{"embeddable":true,"href":"https:\/\/portaltela.pt\/api\/wp\/v2\/media\/417390"}],"wp:attachment":[{"href":"https:\/\/portaltela.pt\/api\/wp\/v2\/media?parent=417386"}],"wp:term":[{"taxonomy":"category","embeddable":true,"href":"https:\/\/portaltela.pt\/api\/wp\/v2\/categories?post=417386"},{"taxonomy":"post_tag","embeddable":true,"href":"https:\/\/portaltela.pt\/api\/wp\/v2\/tags?post=417386"}],"curies":[{"name":"wp","href":"https:\/\/api.w.org\/{rel}","templated":true}]}}