{"id":417374,"date":"2026-03-20T10:46:39","date_gmt":"2026-03-20T13:46:39","guid":{"rendered":"https:\/\/portaltela.pt\/noticias\/2026\/03\/20\/mercados-agitados-em-teerao-apesar-dos-ataques-aereos-no-irao\/"},"modified":"2026-03-20T10:46:39","modified_gmt":"2026-03-20T13:46:39","slug":"mercados-agitados-em-teerao-apesar-dos-ataques-aereos-no-irao","status":"publish","type":"post","link":"https:\/\/portaltela.pt\/guerra\/2026\/03\/20\/mercados-agitados-em-teerao-apesar-dos-ataques-aereos-no-irao\/","title":{"rendered":"Mercados agitados em Teer\u00e3o, apesar dos ataques a\u00e9reos no Ir\u00e3o"},"content":{"rendered":"<p>Teer\u00e3o, capital do Ir\u00e3o, regista uma presen\u00e7a cautelosa nas ruas a 19 de mar\u00e7o de 2026, com moradores a preparar o Nowruz, apesar dos ataques a\u00e9reos que t\u00eam perturbado a vida di\u00e1ria desde 28 de fevereiro.<\/p>\n<p>Mercados abriram em zonas como Tajrish, onde as pessoas compraram flores, gr\u00e3os germinados e peixes dourados para as mesas de Haft-Seen. O tr\u00e2nsito intensificou-se nas vias principais, enquanto muitos bairros permaneceram mais calmos que o habitual.<\/p>\n<p>As autoridades mantiveram o metro em funcionamento e gratuito, procurando oferecer abrigo e mobilidade num contexto de conflito. Farm\u00e1cias e lojas de alimenta\u00e7\u00e3o permaneceram abertas, mas o acesso \u00e0 Internet continua limitado e o GPS inst\u00e1vel.<\/p>\n<p>Desde o in\u00edcio do conflito, j\u00e1 morreram mais de 1 300 pessoas no Ir\u00e3o, com muitos residentes de Teer\u00e3o a abandonar a cidade. Ainda assim, as fam\u00edlias mant\u00eam tradi\u00e7\u00f5es com mais de 3 000 anos de hist\u00f3ria, adaptando encontros a condi\u00e7\u00f5es incertas.<\/p>\n<h3>Contexto<\/h3>\n<p>A poucos dias do Nowruz, que come\u00e7a a 20 de mar\u00e7o e marca o in\u00edcio do ano iraniano de 1405, as celebra\u00e7\u00f5es preservam o significado cultural apesar das adversidades. As autoridades enfatizam a continuidade da vida quotidiana e das tradi\u00e7\u00f5es, mesmo em meio a ataques.<\/p>\n<h3>Infraestruturas e comunica\u00e7\u00f5es<\/h3>\n<p>O acesso \u00e0 Internet permanece limitado e os sinais de GPS permanecem inst\u00e1veis, o que afecta transportes e comunica\u00e7\u00f5es. A cidade continua a tentar equilibrar servi\u00e7os essenciais com medidas de seguran\u00e7a em vigor.<\/p>\n","protected":false},"excerpt":{"rendered":"<ul>\n<li>Teer\u00e3o, em 19 de mar\u00e7o de 2026, manteve uma atividade cautelosa enquanto os moradores se preparavam para o Nowruz.<\/li>\n<li>Mercados reabriram em zonas como Tajrish, com venda de flores, gr\u00e3os germinados e peixes dourados para o Haft-Seen, e o tr\u00e1fego intensificou-se.<\/li>\n<li>O Nowruz marca o in\u00edcio do ano iraniano de 1405, em 20 de mar\u00e7o, mantendo significado cultural mesmo em contexto de conflito.<\/li>\n<li>Desde o in\u00edcio do confronto, mais de 1 300 pessoas morreram no Ir\u00e3o; muitos residentes deixaram a cidade; o metro permaneceu operativo e gratuito para servir de abrigo.<\/li>\n<li>Internet continua limitada e sinais de GPS inst\u00e1veis, afetando transportes; as fam\u00edlias adaptam as celebra\u00e7\u00f5es a encontros mais pequenos.<\/li>\n<\/ul>\n","protected":false},"author":2,"featured_media":417375,"comment_status":"closed","ping_status":"closed","sticky":false,"template":"","format":"standard","meta":{"footnotes":""},"categories":[6790,6804],"tags":[2206,39,7114,40,5262,192],"class_list":["post-417374","post","type-post","status-publish","format-standard","has-post-thumbnail","hentry","category-conflitos","category-guerra","tag-comunicacoes","tag-internet","tag-nowruz","tag-pessoas","tag-teera","tag-transporte"],"yoast_head":"<!-- This site is optimized with the Yoast SEO plugin v27.2 - https:\/\/yoast.com\/product\/yoast-seo-wordpress\/ -->\n<title>Mercados agitados em Teer\u00e3o, apesar dos ataques a\u00e9reos no Ir\u00e3o - Portal Tela Portugal<\/title>\n<meta name=\"robots\" content=\"index, follow, max-snippet:-1, max-image-preview:large, max-video-preview:-1\" \/>\n<meta property=\"og:locale\" content=\"pt_PT\" \/>\n<meta property=\"og:type\" content=\"article\" \/>\n<meta property=\"og:title\" content=\"Mercados agitados em Teer\u00e3o, apesar dos ataques a\u00e9reos no Ir\u00e3o - Portal Tela Portugal\" \/>\n<meta property=\"og:description\" content=\"Teer\u00e3o, em 19 de mar\u00e7o de 2026, manteve uma atividade cautelosa enquanto os moradores se preparavam para o Nowruz. Mercados reabriram em zonas como Tajrish, com venda de flores, gr\u00e3os germinados e peixes dourados para o Haft-Seen, e o tr\u00e1fego intensificou-se. O Nowruz marca o in\u00edcio do ano iraniano de 1405, em 20 de mar\u00e7o, mantendo significado cultural mesmo em contexto de conflito. Desde o in\u00edcio do confronto, mais de 1 300 pessoas morreram no Ir\u00e3o; muitos residentes deixaram a cidade; o metro permaneceu operativo e gratuito para servir de abrigo. Internet continua limitada e sinais de GPS inst\u00e1veis, afetando transportes; as fam\u00edlias adaptam as celebra\u00e7\u00f5es a encontros mais pequenos.\" \/>\n<meta property=\"og:url\" content=\"https:\/\/portaltela.pt\/noticias\/2026\/03\/20\/mercados-agitados-em-teerao-apesar-dos-ataques-aereos-no-irao\/\" \/>\n<meta property=\"og:site_name\" content=\"Portal Tela Portugal\" \/>\n<meta property=\"article:published_time\" content=\"2026-03-20T13:46:39+00:00\" \/>\n<meta name=\"author\" content=\"Telinha\" \/>\n<meta name=\"twitter:card\" content=\"summary_large_image\" \/>\n<meta name=\"twitter:label1\" content=\"Escrito por\" \/>\n\t<meta name=\"twitter:data1\" content=\"Telinha\" \/>\n\t<meta name=\"twitter:label2\" content=\"Tempo estimado de leitura\" \/>\n\t<meta name=\"twitter:data2\" content=\"1 minuto\" \/>\n<script type=\"application\/ld+json\" class=\"yoast-schema-graph\">{\"@context\":\"https:\/\/schema.org\",\"@graph\":[{\"@type\":\"Article\",\"@id\":\"https:\/\/portaltela.pt\/noticias\/2026\/03\/20\/mercados-agitados-em-teerao-apesar-dos-ataques-aereos-no-irao\/#article\",\"isPartOf\":{\"@id\":\"https:\/\/portaltela.pt\/noticias\/2026\/03\/20\/mercados-agitados-em-teerao-apesar-dos-ataques-aereos-no-irao\/\"},\"author\":{\"name\":\"Telinha\",\"@id\":\"https:\/\/portaltela.pt\/#\/schema\/person\/c4278d4a6028830caff9ee44b42d32ed\"},\"headline\":\"Mercados agitados em Teer\u00e3o, apesar dos ataques a\u00e9reos no Ir\u00e3o\",\"datePublished\":\"2026-03-20T13:46:39+00:00\",\"mainEntityOfPage\":{\"@id\":\"https:\/\/portaltela.pt\/noticias\/2026\/03\/20\/mercados-agitados-em-teerao-apesar-dos-ataques-aereos-no-irao\/\"},\"wordCount\":264,\"image\":{\"@id\":\"https:\/\/portaltela.pt\/noticias\/2026\/03\/20\/mercados-agitados-em-teerao-apesar-dos-ataques-aereos-no-irao\/#primaryimage\"},\"thumbnailUrl\":\"https:\/\/portaltela.pt\/s.01k8rhncp4jt1\/2026\/03\/1536x864_cmsv2_2430957f-c3f2-584f-870e-ea0823893e87-9692702.jpg\",\"keywords\":[\"comunica\u00e7\u00f5es\",\"internet\",\"Nowruz\",\"pessoas\",\"Teer\u00e3\",\"transporte\"],\"articleSection\":[\"Conflitos\",\"Guerra\"],\"inLanguage\":\"pt-PT\"},{\"@type\":\"WebPage\",\"@id\":\"https:\/\/portaltela.pt\/noticias\/2026\/03\/20\/mercados-agitados-em-teerao-apesar-dos-ataques-aereos-no-irao\/\",\"url\":\"https:\/\/portaltela.pt\/noticias\/2026\/03\/20\/mercados-agitados-em-teerao-apesar-dos-ataques-aereos-no-irao\/\",\"name\":\"Mercados agitados em Teer\u00e3o, apesar dos ataques a\u00e9reos no Ir\u00e3o - Portal Tela Portugal\",\"isPartOf\":{\"@id\":\"https:\/\/portaltela.pt\/#website\"},\"primaryImageOfPage\":{\"@id\":\"https:\/\/portaltela.pt\/noticias\/2026\/03\/20\/mercados-agitados-em-teerao-apesar-dos-ataques-aereos-no-irao\/#primaryimage\"},\"image\":{\"@id\":\"https:\/\/portaltela.pt\/noticias\/2026\/03\/20\/mercados-agitados-em-teerao-apesar-dos-ataques-aereos-no-irao\/#primaryimage\"},\"thumbnailUrl\":\"https:\/\/portaltela.pt\/s.01k8rhncp4jt1\/2026\/03\/1536x864_cmsv2_2430957f-c3f2-584f-870e-ea0823893e87-9692702.jpg\",\"datePublished\":\"2026-03-20T13:46:39+00:00\",\"author\":{\"@id\":\"https:\/\/portaltela.pt\/#\/schema\/person\/c4278d4a6028830caff9ee44b42d32ed\"},\"breadcrumb\":{\"@id\":\"https:\/\/portaltela.pt\/noticias\/2026\/03\/20\/mercados-agitados-em-teerao-apesar-dos-ataques-aereos-no-irao\/#breadcrumb\"},\"inLanguage\":\"pt-PT\",\"potentialAction\":[{\"@type\":\"ReadAction\",\"target\":[\"https:\/\/portaltela.pt\/noticias\/2026\/03\/20\/mercados-agitados-em-teerao-apesar-dos-ataques-aereos-no-irao\/\"]}]},{\"@type\":\"ImageObject\",\"inLanguage\":\"pt-PT\",\"@id\":\"https:\/\/portaltela.pt\/noticias\/2026\/03\/20\/mercados-agitados-em-teerao-apesar-dos-ataques-aereos-no-irao\/#primaryimage\",\"url\":\"https:\/\/portaltela.pt\/s.01k8rhncp4jt1\/2026\/03\/1536x864_cmsv2_2430957f-c3f2-584f-870e-ea0823893e87-9692702.jpg\",\"contentUrl\":\"https:\/\/portaltela.pt\/s.01k8rhncp4jt1\/2026\/03\/1536x864_cmsv2_2430957f-c3f2-584f-870e-ea0823893e87-9692702.jpg\",\"width\":1536,\"height\":864,\"caption\":\"Mulher compra flores antes do Ano Novo persa, o Nowruz, que significa \\\"Novo Dia\\\", no norte de Teer\u00e3o\"},{\"@type\":\"BreadcrumbList\",\"@id\":\"https:\/\/portaltela.pt\/noticias\/2026\/03\/20\/mercados-agitados-em-teerao-apesar-dos-ataques-aereos-no-irao\/#breadcrumb\",\"itemListElement\":[{\"@type\":\"ListItem\",\"position\":1,\"name\":\"In\u00edcio\",\"item\":\"https:\/\/portaltela.pt\/\"},{\"@type\":\"ListItem\",\"position\":2,\"name\":\"Mercados agitados em Teer\u00e3o, apesar dos ataques a\u00e9reos no Ir\u00e3o\"}]},{\"@type\":\"WebSite\",\"@id\":\"https:\/\/portaltela.pt\/#website\",\"url\":\"https:\/\/portaltela.pt\/\",\"name\":\"Portal Tela Portugal\",\"description\":\"\",\"potentialAction\":[{\"@type\":\"SearchAction\",\"target\":{\"@type\":\"EntryPoint\",\"urlTemplate\":\"https:\/\/portaltela.pt\/?s={search_term_string}\"},\"query-input\":{\"@type\":\"PropertyValueSpecification\",\"valueRequired\":true,\"valueName\":\"search_term_string\"}}],\"inLanguage\":\"pt-PT\"},{\"@type\":\"Person\",\"@id\":\"https:\/\/portaltela.pt\/#\/schema\/person\/c4278d4a6028830caff9ee44b42d32ed\",\"name\":\"Telinha\",\"image\":{\"@type\":\"ImageObject\",\"inLanguage\":\"pt-PT\",\"@id\":\"https:\/\/portaltela.pt\/s.01k8rhncp4jt1\/2025\/11\/talking-bot-125x125.png\",\"url\":\"https:\/\/portaltela.pt\/s.01k8rhncp4jt1\/2025\/11\/talking-bot-125x125.png\",\"contentUrl\":\"https:\/\/portaltela.pt\/s.01k8rhncp4jt1\/2025\/11\/talking-bot-125x125.png\",\"caption\":\"Telinha\"},\"sameAs\":[\"https:\/\/portaltela.pt\/\"],\"url\":\"https:\/\/portaltela.pt\/por\/367410592786\/\"}]}<\/script>\n<!-- \/ Yoast SEO plugin. -->","yoast_head_json":{"title":"Mercados agitados em Teer\u00e3o, apesar dos ataques a\u00e9reos no Ir\u00e3o - Portal Tela Portugal","robots":{"index":"index","follow":"follow","max-snippet":"max-snippet:-1","max-image-preview":"max-image-preview:large","max-video-preview":"max-video-preview:-1"},"og_locale":"pt_PT","og_type":"article","og_title":"Mercados agitados em Teer\u00e3o, apesar dos ataques a\u00e9reos no Ir\u00e3o - Portal Tela Portugal","og_description":"Teer\u00e3o, em 19 de mar\u00e7o de 2026, manteve uma atividade cautelosa enquanto os moradores se preparavam para o Nowruz. Mercados reabriram em zonas como Tajrish, com venda de flores, gr\u00e3os germinados e peixes dourados para o Haft-Seen, e o tr\u00e1fego intensificou-se. O Nowruz marca o in\u00edcio do ano iraniano de 1405, em 20 de mar\u00e7o, mantendo significado cultural mesmo em contexto de conflito. Desde o in\u00edcio do confronto, mais de 1 300 pessoas morreram no Ir\u00e3o; muitos residentes deixaram a cidade; o metro permaneceu operativo e gratuito para servir de abrigo. Internet continua limitada e sinais de GPS inst\u00e1veis, afetando transportes; as fam\u00edlias adaptam as celebra\u00e7\u00f5es a encontros mais pequenos.","og_url":"https:\/\/portaltela.pt\/noticias\/2026\/03\/20\/mercados-agitados-em-teerao-apesar-dos-ataques-aereos-no-irao\/","og_site_name":"Portal Tela Portugal","article_published_time":"2026-03-20T13:46:39+00:00","author":"Telinha","twitter_card":"summary_large_image","twitter_misc":{"Escrito por":"Telinha","Tempo estimado de leitura":"1 minuto"},"schema":{"@context":"https:\/\/schema.org","@graph":[{"@type":"Article","@id":"https:\/\/portaltela.pt\/noticias\/2026\/03\/20\/mercados-agitados-em-teerao-apesar-dos-ataques-aereos-no-irao\/#article","isPartOf":{"@id":"https:\/\/portaltela.pt\/noticias\/2026\/03\/20\/mercados-agitados-em-teerao-apesar-dos-ataques-aereos-no-irao\/"},"author":{"name":"Telinha","@id":"https:\/\/portaltela.pt\/#\/schema\/person\/c4278d4a6028830caff9ee44b42d32ed"},"headline":"Mercados agitados em Teer\u00e3o, apesar dos ataques a\u00e9reos no Ir\u00e3o","datePublished":"2026-03-20T13:46:39+00:00","mainEntityOfPage":{"@id":"https:\/\/portaltela.pt\/noticias\/2026\/03\/20\/mercados-agitados-em-teerao-apesar-dos-ataques-aereos-no-irao\/"},"wordCount":264,"image":{"@id":"https:\/\/portaltela.pt\/noticias\/2026\/03\/20\/mercados-agitados-em-teerao-apesar-dos-ataques-aereos-no-irao\/#primaryimage"},"thumbnailUrl":"https:\/\/portaltela.pt\/s.01k8rhncp4jt1\/2026\/03\/1536x864_cmsv2_2430957f-c3f2-584f-870e-ea0823893e87-9692702.jpg","keywords":["comunica\u00e7\u00f5es","internet","Nowruz","pessoas","Teer\u00e3","transporte"],"articleSection":["Conflitos","Guerra"],"inLanguage":"pt-PT"},{"@type":"WebPage","@id":"https:\/\/portaltela.pt\/noticias\/2026\/03\/20\/mercados-agitados-em-teerao-apesar-dos-ataques-aereos-no-irao\/","url":"https:\/\/portaltela.pt\/noticias\/2026\/03\/20\/mercados-agitados-em-teerao-apesar-dos-ataques-aereos-no-irao\/","name":"Mercados agitados em Teer\u00e3o, apesar dos ataques a\u00e9reos no Ir\u00e3o - Portal Tela Portugal","isPartOf":{"@id":"https:\/\/portaltela.pt\/#website"},"primaryImageOfPage":{"@id":"https:\/\/portaltela.pt\/noticias\/2026\/03\/20\/mercados-agitados-em-teerao-apesar-dos-ataques-aereos-no-irao\/#primaryimage"},"image":{"@id":"https:\/\/portaltela.pt\/noticias\/2026\/03\/20\/mercados-agitados-em-teerao-apesar-dos-ataques-aereos-no-irao\/#primaryimage"},"thumbnailUrl":"https:\/\/portaltela.pt\/s.01k8rhncp4jt1\/2026\/03\/1536x864_cmsv2_2430957f-c3f2-584f-870e-ea0823893e87-9692702.jpg","datePublished":"2026-03-20T13:46:39+00:00","author":{"@id":"https:\/\/portaltela.pt\/#\/schema\/person\/c4278d4a6028830caff9ee44b42d32ed"},"breadcrumb":{"@id":"https:\/\/portaltela.pt\/noticias\/2026\/03\/20\/mercados-agitados-em-teerao-apesar-dos-ataques-aereos-no-irao\/#breadcrumb"},"inLanguage":"pt-PT","potentialAction":[{"@type":"ReadAction","target":["https:\/\/portaltela.pt\/noticias\/2026\/03\/20\/mercados-agitados-em-teerao-apesar-dos-ataques-aereos-no-irao\/"]}]},{"@type":"ImageObject","inLanguage":"pt-PT","@id":"https:\/\/portaltela.pt\/noticias\/2026\/03\/20\/mercados-agitados-em-teerao-apesar-dos-ataques-aereos-no-irao\/#primaryimage","url":"https:\/\/portaltela.pt\/s.01k8rhncp4jt1\/2026\/03\/1536x864_cmsv2_2430957f-c3f2-584f-870e-ea0823893e87-9692702.jpg","contentUrl":"https:\/\/portaltela.pt\/s.01k8rhncp4jt1\/2026\/03\/1536x864_cmsv2_2430957f-c3f2-584f-870e-ea0823893e87-9692702.jpg","width":1536,"height":864,"caption":"Mulher compra flores antes do Ano Novo persa, o Nowruz, que significa \"Novo Dia\", no norte de Teer\u00e3o"},{"@type":"BreadcrumbList","@id":"https:\/\/portaltela.pt\/noticias\/2026\/03\/20\/mercados-agitados-em-teerao-apesar-dos-ataques-aereos-no-irao\/#breadcrumb","itemListElement":[{"@type":"ListItem","position":1,"name":"In\u00edcio","item":"https:\/\/portaltela.pt\/"},{"@type":"ListItem","position":2,"name":"Mercados agitados em Teer\u00e3o, apesar dos ataques a\u00e9reos no Ir\u00e3o"}]},{"@type":"WebSite","@id":"https:\/\/portaltela.pt\/#website","url":"https:\/\/portaltela.pt\/","name":"Portal Tela Portugal","description":"","potentialAction":[{"@type":"SearchAction","target":{"@type":"EntryPoint","urlTemplate":"https:\/\/portaltela.pt\/?s={search_term_string}"},"query-input":{"@type":"PropertyValueSpecification","valueRequired":true,"valueName":"search_term_string"}}],"inLanguage":"pt-PT"},{"@type":"Person","@id":"https:\/\/portaltela.pt\/#\/schema\/person\/c4278d4a6028830caff9ee44b42d32ed","name":"Telinha","image":{"@type":"ImageObject","inLanguage":"pt-PT","@id":"https:\/\/portaltela.pt\/s.01k8rhncp4jt1\/2025\/11\/talking-bot-125x125.png","url":"https:\/\/portaltela.pt\/s.01k8rhncp4jt1\/2025\/11\/talking-bot-125x125.png","contentUrl":"https:\/\/portaltela.pt\/s.01k8rhncp4jt1\/2025\/11\/talking-bot-125x125.png","caption":"Telinha"},"sameAs":["https:\/\/portaltela.pt\/"],"url":"https:\/\/portaltela.pt\/por\/367410592786\/"}]}},"_links":{"self":[{"href":"https:\/\/portaltela.pt\/api\/wp\/v2\/posts\/417374","targetHints":{"allow":["GET"]}}],"collection":[{"href":"https:\/\/portaltela.pt\/api\/wp\/v2\/posts"}],"about":[{"href":"https:\/\/portaltela.pt\/api\/wp\/v2\/types\/post"}],"author":[{"embeddable":true,"href":"https:\/\/portaltela.pt\/api\/wp\/v2\/users\/2"}],"replies":[{"embeddable":true,"href":"https:\/\/portaltela.pt\/api\/wp\/v2\/comments?post=417374"}],"version-history":[{"count":0,"href":"https:\/\/portaltela.pt\/api\/wp\/v2\/posts\/417374\/revisions"}],"wp:featuredmedia":[{"embeddable":true,"href":"https:\/\/portaltela.pt\/api\/wp\/v2\/media\/417375"}],"wp:attachment":[{"href":"https:\/\/portaltela.pt\/api\/wp\/v2\/media?parent=417374"}],"wp:term":[{"taxonomy":"category","embeddable":true,"href":"https:\/\/portaltela.pt\/api\/wp\/v2\/categories?post=417374"},{"taxonomy":"post_tag","embeddable":true,"href":"https:\/\/portaltela.pt\/api\/wp\/v2\/tags?post=417374"}],"curies":[{"name":"wp","href":"https:\/\/api.w.org\/{rel}","templated":true}]}}