{"id":417346,"date":"2026-03-20T08:43:00","date_gmt":"2026-03-20T11:43:00","guid":{"rendered":"https:\/\/portaltela.pt\/noticias\/2026\/03\/20\/israel-ataca-instalacoes-militares-na-siria\/"},"modified":"2026-03-20T08:43:00","modified_gmt":"2026-03-20T11:43:00","slug":"israel-ataca-instalacoes-militares-na-siria","status":"publish","type":"post","link":"https:\/\/portaltela.pt\/noticias\/2026\/03\/20\/israel-ataca-instalacoes-militares-na-siria\/","title":{"rendered":"Israel ataca instala\u00e7\u00f5es militares na S\u00edria"},"content":{"rendered":"<p>Israel atacou instala\u00e7\u00f5es militares s\u00edrias, num ataque reportado pela ag\u00eancia Lusa. O objetivo teria sido infraestruturas militares no territ\u00f3rio s\u00edrio, mas o texto dispon\u00edvel n\u00e3o detalha a natureza exacta dos alvos nem a extens\u00e3o dos danos.<\/p>\n<p>N\u00e3o foram divulgados n\u00fameros oficiais de v\u00edtimas nem detalhes sobre o alcance do ataque. As informa\u00e7\u00f5es, no trecho acess\u00edvel, n\u00e3o esclarecem as identidades espec\u00edficas de autoridades envolvidas nem o momento preciso do epis\u00f3dio.<\/p>\n<p>A not\u00edcia n\u00e3o descreve as motiva\u00e7\u00f5es alegadas para a opera\u00e7\u00e3o nem se houve resposta de for\u00e7as s\u00edrias. O conte\u00fado completo da reportagem est\u00e1 reservado a subscritores, sem indica\u00e7\u00e3o de novas informa\u00e7\u00f5es p\u00fablicas no trecho divulgado.<\/p>\n","protected":false},"excerpt":{"rendered":"<ul>\n<li>O t\u00edtulo da not\u00edcia afirma que Israel ataca instala\u00e7\u00f5es militares s\u00edrias.<\/li>\n<li>O conte\u00fado completo da mat\u00e9ria est\u00e1 dispon\u00edvel apenas para subscritores.<\/li>\n<li>A publica\u00e7\u00e3o n\u00e3o apresenta detalhes adicionais no trecho dispon\u00edvel.<\/li>\n<li>A imagem associada ilustra o tema do ataque.<\/li>\n<\/ul>\n","protected":false},"author":2,"featured_media":417347,"comment_status":"closed","ping_status":"closed","sticky":false,"template":"","format":"standard","meta":{"footnotes":""},"categories":[6804,1],"tags":[7343,2792,2358,62,3708,2066],"class_list":["post-417346","post","type-post","status-publish","format-standard","has-post-thumbnail","hentry","category-guerra","category-noticias","tag-ataque","tag-conflito-internacional","tag-crises-internacionais","tag-guerra","tag-israel","tag-siria"],"yoast_head":"<!-- This site is optimized with the Yoast SEO plugin v27.2 - https:\/\/yoast.com\/product\/yoast-seo-wordpress\/ -->\n<title>Israel ataca instala\u00e7\u00f5es militares na S\u00edria - Portal Tela Portugal<\/title>\n<meta name=\"robots\" content=\"index, follow, max-snippet:-1, max-image-preview:large, max-video-preview:-1\" \/>\n<meta property=\"og:locale\" content=\"pt_PT\" \/>\n<meta property=\"og:type\" content=\"article\" \/>\n<meta property=\"og:title\" content=\"Israel ataca instala\u00e7\u00f5es militares na S\u00edria - Portal Tela Portugal\" \/>\n<meta property=\"og:description\" content=\"O t\u00edtulo da not\u00edcia afirma que Israel ataca instala\u00e7\u00f5es militares s\u00edrias. O conte\u00fado completo da mat\u00e9ria est\u00e1 dispon\u00edvel apenas para subscritores. A publica\u00e7\u00e3o n\u00e3o apresenta detalhes adicionais no trecho dispon\u00edvel. A imagem associada ilustra o tema do ataque.\" \/>\n<meta property=\"og:url\" content=\"https:\/\/portaltela.pt\/noticias\/2026\/03\/20\/israel-ataca-instalacoes-militares-na-siria\/\" \/>\n<meta property=\"og:site_name\" content=\"Portal Tela Portugal\" \/>\n<meta property=\"article:published_time\" content=\"2026-03-20T11:43:00+00:00\" \/>\n<meta name=\"author\" content=\"Telinha\" \/>\n<meta name=\"twitter:card\" content=\"summary_large_image\" \/>\n<meta name=\"twitter:label1\" content=\"Escrito por\" \/>\n\t<meta name=\"twitter:data1\" content=\"Telinha\" \/>\n\t<meta name=\"twitter:label2\" content=\"Tempo estimado de leitura\" \/>\n\t<meta name=\"twitter:data2\" content=\"1 minuto\" \/>\n<script type=\"application\/ld+json\" class=\"yoast-schema-graph\">{\"@context\":\"https:\/\/schema.org\",\"@graph\":[{\"@type\":\"Article\",\"@id\":\"https:\/\/portaltela.pt\/noticias\/2026\/03\/20\/israel-ataca-instalacoes-militares-na-siria\/#article\",\"isPartOf\":{\"@id\":\"https:\/\/portaltela.pt\/noticias\/2026\/03\/20\/israel-ataca-instalacoes-militares-na-siria\/\"},\"author\":{\"name\":\"Telinha\",\"@id\":\"https:\/\/portaltela.pt\/#\/schema\/person\/c4278d4a6028830caff9ee44b42d32ed\"},\"headline\":\"Israel ataca instala\u00e7\u00f5es militares na S\u00edria\",\"datePublished\":\"2026-03-20T11:43:00+00:00\",\"mainEntityOfPage\":{\"@id\":\"https:\/\/portaltela.pt\/noticias\/2026\/03\/20\/israel-ataca-instalacoes-militares-na-siria\/\"},\"wordCount\":138,\"image\":{\"@id\":\"https:\/\/portaltela.pt\/noticias\/2026\/03\/20\/israel-ataca-instalacoes-militares-na-siria\/#primaryimage\"},\"thumbnailUrl\":\"https:\/\/portaltela.pt\/s.01k8rhncp4jt1\/2026\/03\/CACHE_780X1200_ANALOG_WATERMARKED_46751467_642033524000077.jpg\",\"keywords\":[\"ataque\",\"conflito internacional\",\"crises internacionais\",\"guerra\",\"Israel\",\"S\u00edria\"],\"articleSection\":[\"Guerra\",\"Not\u00edcias\"],\"inLanguage\":\"pt-PT\"},{\"@type\":\"WebPage\",\"@id\":\"https:\/\/portaltela.pt\/noticias\/2026\/03\/20\/israel-ataca-instalacoes-militares-na-siria\/\",\"url\":\"https:\/\/portaltela.pt\/noticias\/2026\/03\/20\/israel-ataca-instalacoes-militares-na-siria\/\",\"name\":\"Israel ataca instala\u00e7\u00f5es militares na S\u00edria - Portal Tela Portugal\",\"isPartOf\":{\"@id\":\"https:\/\/portaltela.pt\/#website\"},\"primaryImageOfPage\":{\"@id\":\"https:\/\/portaltela.pt\/noticias\/2026\/03\/20\/israel-ataca-instalacoes-militares-na-siria\/#primaryimage\"},\"image\":{\"@id\":\"https:\/\/portaltela.pt\/noticias\/2026\/03\/20\/israel-ataca-instalacoes-militares-na-siria\/#primaryimage\"},\"thumbnailUrl\":\"https:\/\/portaltela.pt\/s.01k8rhncp4jt1\/2026\/03\/CACHE_780X1200_ANALOG_WATERMARKED_46751467_642033524000077.jpg\",\"datePublished\":\"2026-03-20T11:43:00+00:00\",\"author\":{\"@id\":\"https:\/\/portaltela.pt\/#\/schema\/person\/c4278d4a6028830caff9ee44b42d32ed\"},\"breadcrumb\":{\"@id\":\"https:\/\/portaltela.pt\/noticias\/2026\/03\/20\/israel-ataca-instalacoes-militares-na-siria\/#breadcrumb\"},\"inLanguage\":\"pt-PT\",\"potentialAction\":[{\"@type\":\"ReadAction\",\"target\":[\"https:\/\/portaltela.pt\/noticias\/2026\/03\/20\/israel-ataca-instalacoes-militares-na-siria\/\"]}]},{\"@type\":\"ImageObject\",\"inLanguage\":\"pt-PT\",\"@id\":\"https:\/\/portaltela.pt\/noticias\/2026\/03\/20\/israel-ataca-instalacoes-militares-na-siria\/#primaryimage\",\"url\":\"https:\/\/portaltela.pt\/s.01k8rhncp4jt1\/2026\/03\/CACHE_780X1200_ANALOG_WATERMARKED_46751467_642033524000077.jpg\",\"contentUrl\":\"https:\/\/portaltela.pt\/s.01k8rhncp4jt1\/2026\/03\/CACHE_780X1200_ANALOG_WATERMARKED_46751467_642033524000077.jpg\",\"width\":768,\"height\":512,\"caption\":\"Israel ataca instala\u00e7\u00f5es militares s\u00edrias\"},{\"@type\":\"BreadcrumbList\",\"@id\":\"https:\/\/portaltela.pt\/noticias\/2026\/03\/20\/israel-ataca-instalacoes-militares-na-siria\/#breadcrumb\",\"itemListElement\":[{\"@type\":\"ListItem\",\"position\":1,\"name\":\"In\u00edcio\",\"item\":\"https:\/\/portaltela.pt\/\"},{\"@type\":\"ListItem\",\"position\":2,\"name\":\"Israel ataca instala\u00e7\u00f5es militares na S\u00edria\"}]},{\"@type\":\"WebSite\",\"@id\":\"https:\/\/portaltela.pt\/#website\",\"url\":\"https:\/\/portaltela.pt\/\",\"name\":\"Portal Tela Portugal\",\"description\":\"\",\"potentialAction\":[{\"@type\":\"SearchAction\",\"target\":{\"@type\":\"EntryPoint\",\"urlTemplate\":\"https:\/\/portaltela.pt\/?s={search_term_string}\"},\"query-input\":{\"@type\":\"PropertyValueSpecification\",\"valueRequired\":true,\"valueName\":\"search_term_string\"}}],\"inLanguage\":\"pt-PT\"},{\"@type\":\"Person\",\"@id\":\"https:\/\/portaltela.pt\/#\/schema\/person\/c4278d4a6028830caff9ee44b42d32ed\",\"name\":\"Telinha\",\"image\":{\"@type\":\"ImageObject\",\"inLanguage\":\"pt-PT\",\"@id\":\"https:\/\/portaltela.pt\/s.01k8rhncp4jt1\/2025\/11\/talking-bot-125x125.png\",\"url\":\"https:\/\/portaltela.pt\/s.01k8rhncp4jt1\/2025\/11\/talking-bot-125x125.png\",\"contentUrl\":\"https:\/\/portaltela.pt\/s.01k8rhncp4jt1\/2025\/11\/talking-bot-125x125.png\",\"caption\":\"Telinha\"},\"sameAs\":[\"https:\/\/portaltela.pt\/\"],\"url\":\"https:\/\/portaltela.pt\/por\/367410592786\/\"}]}<\/script>\n<!-- \/ Yoast SEO plugin. -->","yoast_head_json":{"title":"Israel ataca instala\u00e7\u00f5es militares na S\u00edria - Portal Tela Portugal","robots":{"index":"index","follow":"follow","max-snippet":"max-snippet:-1","max-image-preview":"max-image-preview:large","max-video-preview":"max-video-preview:-1"},"og_locale":"pt_PT","og_type":"article","og_title":"Israel ataca instala\u00e7\u00f5es militares na S\u00edria - Portal Tela Portugal","og_description":"O t\u00edtulo da not\u00edcia afirma que Israel ataca instala\u00e7\u00f5es militares s\u00edrias. O conte\u00fado completo da mat\u00e9ria est\u00e1 dispon\u00edvel apenas para subscritores. A publica\u00e7\u00e3o n\u00e3o apresenta detalhes adicionais no trecho dispon\u00edvel. A imagem associada ilustra o tema do ataque.","og_url":"https:\/\/portaltela.pt\/noticias\/2026\/03\/20\/israel-ataca-instalacoes-militares-na-siria\/","og_site_name":"Portal Tela Portugal","article_published_time":"2026-03-20T11:43:00+00:00","author":"Telinha","twitter_card":"summary_large_image","twitter_misc":{"Escrito por":"Telinha","Tempo estimado de leitura":"1 minuto"},"schema":{"@context":"https:\/\/schema.org","@graph":[{"@type":"Article","@id":"https:\/\/portaltela.pt\/noticias\/2026\/03\/20\/israel-ataca-instalacoes-militares-na-siria\/#article","isPartOf":{"@id":"https:\/\/portaltela.pt\/noticias\/2026\/03\/20\/israel-ataca-instalacoes-militares-na-siria\/"},"author":{"name":"Telinha","@id":"https:\/\/portaltela.pt\/#\/schema\/person\/c4278d4a6028830caff9ee44b42d32ed"},"headline":"Israel ataca instala\u00e7\u00f5es militares na S\u00edria","datePublished":"2026-03-20T11:43:00+00:00","mainEntityOfPage":{"@id":"https:\/\/portaltela.pt\/noticias\/2026\/03\/20\/israel-ataca-instalacoes-militares-na-siria\/"},"wordCount":138,"image":{"@id":"https:\/\/portaltela.pt\/noticias\/2026\/03\/20\/israel-ataca-instalacoes-militares-na-siria\/#primaryimage"},"thumbnailUrl":"https:\/\/portaltela.pt\/s.01k8rhncp4jt1\/2026\/03\/CACHE_780X1200_ANALOG_WATERMARKED_46751467_642033524000077.jpg","keywords":["ataque","conflito internacional","crises internacionais","guerra","Israel","S\u00edria"],"articleSection":["Guerra","Not\u00edcias"],"inLanguage":"pt-PT"},{"@type":"WebPage","@id":"https:\/\/portaltela.pt\/noticias\/2026\/03\/20\/israel-ataca-instalacoes-militares-na-siria\/","url":"https:\/\/portaltela.pt\/noticias\/2026\/03\/20\/israel-ataca-instalacoes-militares-na-siria\/","name":"Israel ataca instala\u00e7\u00f5es militares na S\u00edria - Portal Tela Portugal","isPartOf":{"@id":"https:\/\/portaltela.pt\/#website"},"primaryImageOfPage":{"@id":"https:\/\/portaltela.pt\/noticias\/2026\/03\/20\/israel-ataca-instalacoes-militares-na-siria\/#primaryimage"},"image":{"@id":"https:\/\/portaltela.pt\/noticias\/2026\/03\/20\/israel-ataca-instalacoes-militares-na-siria\/#primaryimage"},"thumbnailUrl":"https:\/\/portaltela.pt\/s.01k8rhncp4jt1\/2026\/03\/CACHE_780X1200_ANALOG_WATERMARKED_46751467_642033524000077.jpg","datePublished":"2026-03-20T11:43:00+00:00","author":{"@id":"https:\/\/portaltela.pt\/#\/schema\/person\/c4278d4a6028830caff9ee44b42d32ed"},"breadcrumb":{"@id":"https:\/\/portaltela.pt\/noticias\/2026\/03\/20\/israel-ataca-instalacoes-militares-na-siria\/#breadcrumb"},"inLanguage":"pt-PT","potentialAction":[{"@type":"ReadAction","target":["https:\/\/portaltela.pt\/noticias\/2026\/03\/20\/israel-ataca-instalacoes-militares-na-siria\/"]}]},{"@type":"ImageObject","inLanguage":"pt-PT","@id":"https:\/\/portaltela.pt\/noticias\/2026\/03\/20\/israel-ataca-instalacoes-militares-na-siria\/#primaryimage","url":"https:\/\/portaltela.pt\/s.01k8rhncp4jt1\/2026\/03\/CACHE_780X1200_ANALOG_WATERMARKED_46751467_642033524000077.jpg","contentUrl":"https:\/\/portaltela.pt\/s.01k8rhncp4jt1\/2026\/03\/CACHE_780X1200_ANALOG_WATERMARKED_46751467_642033524000077.jpg","width":768,"height":512,"caption":"Israel ataca instala\u00e7\u00f5es militares s\u00edrias"},{"@type":"BreadcrumbList","@id":"https:\/\/portaltela.pt\/noticias\/2026\/03\/20\/israel-ataca-instalacoes-militares-na-siria\/#breadcrumb","itemListElement":[{"@type":"ListItem","position":1,"name":"In\u00edcio","item":"https:\/\/portaltela.pt\/"},{"@type":"ListItem","position":2,"name":"Israel ataca instala\u00e7\u00f5es militares na S\u00edria"}]},{"@type":"WebSite","@id":"https:\/\/portaltela.pt\/#website","url":"https:\/\/portaltela.pt\/","name":"Portal Tela Portugal","description":"","potentialAction":[{"@type":"SearchAction","target":{"@type":"EntryPoint","urlTemplate":"https:\/\/portaltela.pt\/?s={search_term_string}"},"query-input":{"@type":"PropertyValueSpecification","valueRequired":true,"valueName":"search_term_string"}}],"inLanguage":"pt-PT"},{"@type":"Person","@id":"https:\/\/portaltela.pt\/#\/schema\/person\/c4278d4a6028830caff9ee44b42d32ed","name":"Telinha","image":{"@type":"ImageObject","inLanguage":"pt-PT","@id":"https:\/\/portaltela.pt\/s.01k8rhncp4jt1\/2025\/11\/talking-bot-125x125.png","url":"https:\/\/portaltela.pt\/s.01k8rhncp4jt1\/2025\/11\/talking-bot-125x125.png","contentUrl":"https:\/\/portaltela.pt\/s.01k8rhncp4jt1\/2025\/11\/talking-bot-125x125.png","caption":"Telinha"},"sameAs":["https:\/\/portaltela.pt\/"],"url":"https:\/\/portaltela.pt\/por\/367410592786\/"}]}},"_links":{"self":[{"href":"https:\/\/portaltela.pt\/api\/wp\/v2\/posts\/417346","targetHints":{"allow":["GET"]}}],"collection":[{"href":"https:\/\/portaltela.pt\/api\/wp\/v2\/posts"}],"about":[{"href":"https:\/\/portaltela.pt\/api\/wp\/v2\/types\/post"}],"author":[{"embeddable":true,"href":"https:\/\/portaltela.pt\/api\/wp\/v2\/users\/2"}],"replies":[{"embeddable":true,"href":"https:\/\/portaltela.pt\/api\/wp\/v2\/comments?post=417346"}],"version-history":[{"count":0,"href":"https:\/\/portaltela.pt\/api\/wp\/v2\/posts\/417346\/revisions"}],"wp:featuredmedia":[{"embeddable":true,"href":"https:\/\/portaltela.pt\/api\/wp\/v2\/media\/417347"}],"wp:attachment":[{"href":"https:\/\/portaltela.pt\/api\/wp\/v2\/media?parent=417346"}],"wp:term":[{"taxonomy":"category","embeddable":true,"href":"https:\/\/portaltela.pt\/api\/wp\/v2\/categories?post=417346"},{"taxonomy":"post_tag","embeddable":true,"href":"https:\/\/portaltela.pt\/api\/wp\/v2\/tags?post=417346"}],"curies":[{"name":"wp","href":"https:\/\/api.w.org\/{rel}","templated":true}]}}