{"id":417340,"date":"2026-03-20T10:17:25","date_gmt":"2026-03-20T13:17:25","guid":{"rendered":"https:\/\/portaltela.pt\/noticias\/2026\/03\/20\/crise-energetica-na-europa-eurodeputados-discutem-custos-no-the-ring\/"},"modified":"2026-03-20T10:17:25","modified_gmt":"2026-03-20T13:17:25","slug":"crise-energetica-na-europa-eurodeputados-discutem-custos-no-the-ring","status":"publish","type":"post","link":"https:\/\/portaltela.pt\/geopolitica\/2026\/03\/20\/crise-energetica-na-europa-eurodeputados-discutem-custos-no-the-ring\/","title":{"rendered":"Crise energ\u00e9tica na Europa: eurodeputados discutem custos no The Ring"},"content":{"rendered":"<p>Nesta edi\u00e7\u00e3o do The Ring, transmitida a partir do Parlamento Europeu, em Bruxelas, dois eurodeputados discutem a estrat\u00e9gia energ\u00e9tica da UE. Fabrice Leggeri, do grupo Patriotas pela Europa, e Jussi Saramo, da Esquerda, discordam sobre as vias para enfrentar a volatilidade dos mercados. O debate ocorre num contexto de tens\u00f5es geopol\u00edticas que afectam os pre\u00e7os da energia.<\/p>\n<p>Os participantes analisam o impacto da escalada de conflitos no M\u00e9dio Oriente, nomeadamente em torno do Estreito de Ormuz, que pode restringir o fornecimento de petr\u00f3leo a n\u00edvel mundial. A UE teme que decis\u00f5es externas possam comprometer a sua independ\u00eancia estrat\u00e9gica e a seguran\u00e7a energ\u00e9tica.<\/p>\n<p>Leggeri culpa a Comiss\u00e3o Europeia pela depend\u00eancia energ\u00e9tica, alegando san\u00e7\u00f5es sem avalia\u00e7\u00e3o de consequ\u00eancias. Saramo defende investimento na transi\u00e7\u00e3o verde, destacando renov\u00e1veis em vez de nuclear para responder \u00e0s necessidades atuais.<\/p>\n<h3>Posi\u00e7\u00f5es em an\u00e1lise<\/h3>\n<p>Ambos concordam que o regime de Teer\u00e3o deve ser alvo de press\u00e3o, mas divergem sobre eventuais a\u00e7\u00f5es militares. Saramo afirma que bombardear escolas n\u00e3o ajuda o povo iraniano, enquanto Leggeri recomenda medidas firmes para limitar a influ\u00eancia de regimes adversos.<\/p>\n<p>Este epis\u00f3dio do The Ring \u00e9 apresentado por M\u00e9abh Mc Mahon, produzido por Lu\u00eds Albertos e Amaia Echevarria, e editado por Vassilis Glynos. A produ\u00e7\u00e3o est\u00e1 dispon\u00edvel na Euronews TV e no player online.<\/p>\n","protected":false},"excerpt":{"rendered":"<ul>\n<li>O Ring, transmitido a partir do Parlamento Europeu, debate a estrat\u00e9gia energ\u00e9tica da UE entre o eurodeputado Fabrice Leggeri (Patriotas pela Europa) e o eurodeputado Jussi Saramo (A Esquerda).<\/li>\n<li>As tens\u00f5es no M\u00e9dio Oriente e o Estreito de Ormuz est\u00e3o a restringir o fornecimento de petr\u00f3leo, aumentando a press\u00e3o sobre os pre\u00e7os na UE.<\/li>\n<li>Os Estados Unidos alargaram san\u00e7\u00f5es, permitindo a compra de petr\u00f3leo russo retido no mar, o que gerou desconforto entre os l\u00edderes europeus.<\/li>\n<li>Leggeri critica a Comiss\u00e3o Europeia pela forma como imp\u00f4s san\u00e7\u00f5es, dizendo que houve ideologia sem avalia\u00e7\u00e3o das consequ\u00eancias internas.<\/li>\n<li>Saramo defende o investimento na transi\u00e7\u00e3o verde e renov\u00e1veis, argumentando que \u00e9 altura de acelerar a descarboniza\u00e7\u00e3o, em detrimento da energia nuclear, al\u00e9m de discordar de ataques ao Ir\u00e3o.<\/li>\n<\/ul>\n","protected":false},"author":2,"featured_media":417344,"comment_status":"closed","ping_status":"closed","sticky":false,"template":"","format":"standard","meta":{"footnotes":""},"categories":[6814],"tags":[2198,174,2729,2487,5698,5156],"class_list":["post-417340","post","type-post","status-publish","format-standard","has-post-thumbnail","hentry","category-geopolitica","tag-conflitos-internacionais","tag-energia","tag-energia-renovavel","tag-europa","tag-politica-internacional","tag-transicao-climatica"],"yoast_head":"<!-- This site is optimized with the Yoast SEO plugin v27.2 - https:\/\/yoast.com\/product\/yoast-seo-wordpress\/ -->\n<title>Crise energ\u00e9tica na Europa: eurodeputados discutem custos no The Ring - Portal Tela Portugal<\/title>\n<meta name=\"robots\" content=\"index, follow, max-snippet:-1, max-image-preview:large, max-video-preview:-1\" \/>\n<meta property=\"og:locale\" content=\"pt_PT\" \/>\n<meta property=\"og:type\" content=\"article\" \/>\n<meta property=\"og:title\" content=\"Crise energ\u00e9tica na Europa: eurodeputados discutem custos no The Ring - Portal Tela Portugal\" \/>\n<meta property=\"og:description\" content=\"O Ring, transmitido a partir do Parlamento Europeu, debate a estrat\u00e9gia energ\u00e9tica da UE entre o eurodeputado Fabrice Leggeri (Patriotas pela Europa) e o eurodeputado Jussi Saramo (A Esquerda). As tens\u00f5es no M\u00e9dio Oriente e o Estreito de Ormuz est\u00e3o a restringir o fornecimento de petr\u00f3leo, aumentando a press\u00e3o sobre os pre\u00e7os na UE. Os Estados Unidos alargaram san\u00e7\u00f5es, permitindo a compra de petr\u00f3leo russo retido no mar, o que gerou desconforto entre os l\u00edderes europeus. Leggeri critica a Comiss\u00e3o Europeia pela forma como imp\u00f4s san\u00e7\u00f5es, dizendo que houve ideologia sem avalia\u00e7\u00e3o das consequ\u00eancias internas. Saramo defende o investimento na transi\u00e7\u00e3o verde e renov\u00e1veis, argumentando que \u00e9 altura de acelerar a descarboniza\u00e7\u00e3o, em detrimento da energia nuclear, al\u00e9m de discordar de ataques ao Ir\u00e3o.\" \/>\n<meta property=\"og:url\" content=\"https:\/\/portaltela.pt\/noticias\/2026\/03\/20\/crise-energetica-na-europa-eurodeputados-discutem-custos-no-the-ring\/\" \/>\n<meta property=\"og:site_name\" content=\"Portal Tela Portugal\" \/>\n<meta property=\"article:published_time\" content=\"2026-03-20T13:17:25+00:00\" \/>\n<meta name=\"author\" content=\"Telinha\" \/>\n<meta name=\"twitter:card\" content=\"summary_large_image\" \/>\n<meta name=\"twitter:label1\" content=\"Escrito por\" \/>\n\t<meta name=\"twitter:data1\" content=\"Telinha\" \/>\n\t<meta name=\"twitter:label2\" content=\"Tempo estimado de leitura\" \/>\n\t<meta name=\"twitter:data2\" content=\"1 minuto\" \/>\n<script type=\"application\/ld+json\" class=\"yoast-schema-graph\">{\"@context\":\"https:\/\/schema.org\",\"@graph\":[{\"@type\":\"Article\",\"@id\":\"https:\/\/portaltela.pt\/noticias\/2026\/03\/20\/crise-energetica-na-europa-eurodeputados-discutem-custos-no-the-ring\/#article\",\"isPartOf\":{\"@id\":\"https:\/\/portaltela.pt\/noticias\/2026\/03\/20\/crise-energetica-na-europa-eurodeputados-discutem-custos-no-the-ring\/\"},\"author\":{\"name\":\"Telinha\",\"@id\":\"https:\/\/portaltela.pt\/#\/schema\/person\/c4278d4a6028830caff9ee44b42d32ed\"},\"headline\":\"Crise energ\u00e9tica na Europa: eurodeputados discutem custos no The Ring\",\"datePublished\":\"2026-03-20T13:17:25+00:00\",\"mainEntityOfPage\":{\"@id\":\"https:\/\/portaltela.pt\/noticias\/2026\/03\/20\/crise-energetica-na-europa-eurodeputados-discutem-custos-no-the-ring\/\"},\"wordCount\":254,\"image\":{\"@id\":\"https:\/\/portaltela.pt\/noticias\/2026\/03\/20\/crise-energetica-na-europa-eurodeputados-discutem-custos-no-the-ring\/#primaryimage\"},\"thumbnailUrl\":\"https:\/\/portaltela.pt\/s.01k8rhncp4jt1\/2026\/03\/1536x864_cmsv2_cf6abe76-8fc5-5250-9561-32e4bd969406-9691007.jpg\",\"keywords\":[\"conflitos internacionais\",\"energia\",\"energia renov\u00e1vel\",\"Europa\",\"pol\u00edtica internacional\",\"Transi\u00e7\u00e3o Clim\u00e1tica\"],\"articleSection\":[\"Geopol\u00edtica\"],\"inLanguage\":\"pt-PT\"},{\"@type\":\"WebPage\",\"@id\":\"https:\/\/portaltela.pt\/noticias\/2026\/03\/20\/crise-energetica-na-europa-eurodeputados-discutem-custos-no-the-ring\/\",\"url\":\"https:\/\/portaltela.pt\/noticias\/2026\/03\/20\/crise-energetica-na-europa-eurodeputados-discutem-custos-no-the-ring\/\",\"name\":\"Crise energ\u00e9tica na Europa: eurodeputados discutem custos no The Ring - Portal Tela Portugal\",\"isPartOf\":{\"@id\":\"https:\/\/portaltela.pt\/#website\"},\"primaryImageOfPage\":{\"@id\":\"https:\/\/portaltela.pt\/noticias\/2026\/03\/20\/crise-energetica-na-europa-eurodeputados-discutem-custos-no-the-ring\/#primaryimage\"},\"image\":{\"@id\":\"https:\/\/portaltela.pt\/noticias\/2026\/03\/20\/crise-energetica-na-europa-eurodeputados-discutem-custos-no-the-ring\/#primaryimage\"},\"thumbnailUrl\":\"https:\/\/portaltela.pt\/s.01k8rhncp4jt1\/2026\/03\/1536x864_cmsv2_cf6abe76-8fc5-5250-9561-32e4bd969406-9691007.jpg\",\"datePublished\":\"2026-03-20T13:17:25+00:00\",\"author\":{\"@id\":\"https:\/\/portaltela.pt\/#\/schema\/person\/c4278d4a6028830caff9ee44b42d32ed\"},\"breadcrumb\":{\"@id\":\"https:\/\/portaltela.pt\/noticias\/2026\/03\/20\/crise-energetica-na-europa-eurodeputados-discutem-custos-no-the-ring\/#breadcrumb\"},\"inLanguage\":\"pt-PT\",\"potentialAction\":[{\"@type\":\"ReadAction\",\"target\":[\"https:\/\/portaltela.pt\/noticias\/2026\/03\/20\/crise-energetica-na-europa-eurodeputados-discutem-custos-no-the-ring\/\"]}]},{\"@type\":\"ImageObject\",\"inLanguage\":\"pt-PT\",\"@id\":\"https:\/\/portaltela.pt\/noticias\/2026\/03\/20\/crise-energetica-na-europa-eurodeputados-discutem-custos-no-the-ring\/#primaryimage\",\"url\":\"https:\/\/portaltela.pt\/s.01k8rhncp4jt1\/2026\/03\/1536x864_cmsv2_cf6abe76-8fc5-5250-9561-32e4bd969406-9691007.jpg\",\"contentUrl\":\"https:\/\/portaltela.pt\/s.01k8rhncp4jt1\/2026\/03\/1536x864_cmsv2_cf6abe76-8fc5-5250-9561-32e4bd969406-9691007.jpg\",\"width\":1536,\"height\":864,\"caption\":\"Os eurodeputados Fabrice Leggeri (Patriotas pela Europa) e Jussi Saramo (A Esquerda)\"},{\"@type\":\"BreadcrumbList\",\"@id\":\"https:\/\/portaltela.pt\/noticias\/2026\/03\/20\/crise-energetica-na-europa-eurodeputados-discutem-custos-no-the-ring\/#breadcrumb\",\"itemListElement\":[{\"@type\":\"ListItem\",\"position\":1,\"name\":\"In\u00edcio\",\"item\":\"https:\/\/portaltela.pt\/\"},{\"@type\":\"ListItem\",\"position\":2,\"name\":\"Crise energ\u00e9tica na Europa: eurodeputados discutem custos no The Ring\"}]},{\"@type\":\"WebSite\",\"@id\":\"https:\/\/portaltela.pt\/#website\",\"url\":\"https:\/\/portaltela.pt\/\",\"name\":\"Portal Tela Portugal\",\"description\":\"\",\"potentialAction\":[{\"@type\":\"SearchAction\",\"target\":{\"@type\":\"EntryPoint\",\"urlTemplate\":\"https:\/\/portaltela.pt\/?s={search_term_string}\"},\"query-input\":{\"@type\":\"PropertyValueSpecification\",\"valueRequired\":true,\"valueName\":\"search_term_string\"}}],\"inLanguage\":\"pt-PT\"},{\"@type\":\"Person\",\"@id\":\"https:\/\/portaltela.pt\/#\/schema\/person\/c4278d4a6028830caff9ee44b42d32ed\",\"name\":\"Telinha\",\"image\":{\"@type\":\"ImageObject\",\"inLanguage\":\"pt-PT\",\"@id\":\"https:\/\/portaltela.pt\/s.01k8rhncp4jt1\/2025\/11\/talking-bot-125x125.png\",\"url\":\"https:\/\/portaltela.pt\/s.01k8rhncp4jt1\/2025\/11\/talking-bot-125x125.png\",\"contentUrl\":\"https:\/\/portaltela.pt\/s.01k8rhncp4jt1\/2025\/11\/talking-bot-125x125.png\",\"caption\":\"Telinha\"},\"sameAs\":[\"https:\/\/portaltela.pt\/\"],\"url\":\"https:\/\/portaltela.pt\/por\/367410592786\/\"}]}<\/script>\n<!-- \/ Yoast SEO plugin. -->","yoast_head_json":{"title":"Crise energ\u00e9tica na Europa: eurodeputados discutem custos no The Ring - Portal Tela Portugal","robots":{"index":"index","follow":"follow","max-snippet":"max-snippet:-1","max-image-preview":"max-image-preview:large","max-video-preview":"max-video-preview:-1"},"og_locale":"pt_PT","og_type":"article","og_title":"Crise energ\u00e9tica na Europa: eurodeputados discutem custos no The Ring - Portal Tela Portugal","og_description":"O Ring, transmitido a partir do Parlamento Europeu, debate a estrat\u00e9gia energ\u00e9tica da UE entre o eurodeputado Fabrice Leggeri (Patriotas pela Europa) e o eurodeputado Jussi Saramo (A Esquerda). As tens\u00f5es no M\u00e9dio Oriente e o Estreito de Ormuz est\u00e3o a restringir o fornecimento de petr\u00f3leo, aumentando a press\u00e3o sobre os pre\u00e7os na UE. Os Estados Unidos alargaram san\u00e7\u00f5es, permitindo a compra de petr\u00f3leo russo retido no mar, o que gerou desconforto entre os l\u00edderes europeus. Leggeri critica a Comiss\u00e3o Europeia pela forma como imp\u00f4s san\u00e7\u00f5es, dizendo que houve ideologia sem avalia\u00e7\u00e3o das consequ\u00eancias internas. Saramo defende o investimento na transi\u00e7\u00e3o verde e renov\u00e1veis, argumentando que \u00e9 altura de acelerar a descarboniza\u00e7\u00e3o, em detrimento da energia nuclear, al\u00e9m de discordar de ataques ao Ir\u00e3o.","og_url":"https:\/\/portaltela.pt\/noticias\/2026\/03\/20\/crise-energetica-na-europa-eurodeputados-discutem-custos-no-the-ring\/","og_site_name":"Portal Tela Portugal","article_published_time":"2026-03-20T13:17:25+00:00","author":"Telinha","twitter_card":"summary_large_image","twitter_misc":{"Escrito por":"Telinha","Tempo estimado de leitura":"1 minuto"},"schema":{"@context":"https:\/\/schema.org","@graph":[{"@type":"Article","@id":"https:\/\/portaltela.pt\/noticias\/2026\/03\/20\/crise-energetica-na-europa-eurodeputados-discutem-custos-no-the-ring\/#article","isPartOf":{"@id":"https:\/\/portaltela.pt\/noticias\/2026\/03\/20\/crise-energetica-na-europa-eurodeputados-discutem-custos-no-the-ring\/"},"author":{"name":"Telinha","@id":"https:\/\/portaltela.pt\/#\/schema\/person\/c4278d4a6028830caff9ee44b42d32ed"},"headline":"Crise energ\u00e9tica na Europa: eurodeputados discutem custos no The Ring","datePublished":"2026-03-20T13:17:25+00:00","mainEntityOfPage":{"@id":"https:\/\/portaltela.pt\/noticias\/2026\/03\/20\/crise-energetica-na-europa-eurodeputados-discutem-custos-no-the-ring\/"},"wordCount":254,"image":{"@id":"https:\/\/portaltela.pt\/noticias\/2026\/03\/20\/crise-energetica-na-europa-eurodeputados-discutem-custos-no-the-ring\/#primaryimage"},"thumbnailUrl":"https:\/\/portaltela.pt\/s.01k8rhncp4jt1\/2026\/03\/1536x864_cmsv2_cf6abe76-8fc5-5250-9561-32e4bd969406-9691007.jpg","keywords":["conflitos internacionais","energia","energia renov\u00e1vel","Europa","pol\u00edtica internacional","Transi\u00e7\u00e3o Clim\u00e1tica"],"articleSection":["Geopol\u00edtica"],"inLanguage":"pt-PT"},{"@type":"WebPage","@id":"https:\/\/portaltela.pt\/noticias\/2026\/03\/20\/crise-energetica-na-europa-eurodeputados-discutem-custos-no-the-ring\/","url":"https:\/\/portaltela.pt\/noticias\/2026\/03\/20\/crise-energetica-na-europa-eurodeputados-discutem-custos-no-the-ring\/","name":"Crise energ\u00e9tica na Europa: eurodeputados discutem custos no The Ring - Portal Tela Portugal","isPartOf":{"@id":"https:\/\/portaltela.pt\/#website"},"primaryImageOfPage":{"@id":"https:\/\/portaltela.pt\/noticias\/2026\/03\/20\/crise-energetica-na-europa-eurodeputados-discutem-custos-no-the-ring\/#primaryimage"},"image":{"@id":"https:\/\/portaltela.pt\/noticias\/2026\/03\/20\/crise-energetica-na-europa-eurodeputados-discutem-custos-no-the-ring\/#primaryimage"},"thumbnailUrl":"https:\/\/portaltela.pt\/s.01k8rhncp4jt1\/2026\/03\/1536x864_cmsv2_cf6abe76-8fc5-5250-9561-32e4bd969406-9691007.jpg","datePublished":"2026-03-20T13:17:25+00:00","author":{"@id":"https:\/\/portaltela.pt\/#\/schema\/person\/c4278d4a6028830caff9ee44b42d32ed"},"breadcrumb":{"@id":"https:\/\/portaltela.pt\/noticias\/2026\/03\/20\/crise-energetica-na-europa-eurodeputados-discutem-custos-no-the-ring\/#breadcrumb"},"inLanguage":"pt-PT","potentialAction":[{"@type":"ReadAction","target":["https:\/\/portaltela.pt\/noticias\/2026\/03\/20\/crise-energetica-na-europa-eurodeputados-discutem-custos-no-the-ring\/"]}]},{"@type":"ImageObject","inLanguage":"pt-PT","@id":"https:\/\/portaltela.pt\/noticias\/2026\/03\/20\/crise-energetica-na-europa-eurodeputados-discutem-custos-no-the-ring\/#primaryimage","url":"https:\/\/portaltela.pt\/s.01k8rhncp4jt1\/2026\/03\/1536x864_cmsv2_cf6abe76-8fc5-5250-9561-32e4bd969406-9691007.jpg","contentUrl":"https:\/\/portaltela.pt\/s.01k8rhncp4jt1\/2026\/03\/1536x864_cmsv2_cf6abe76-8fc5-5250-9561-32e4bd969406-9691007.jpg","width":1536,"height":864,"caption":"Os eurodeputados Fabrice Leggeri (Patriotas pela Europa) e Jussi Saramo (A Esquerda)"},{"@type":"BreadcrumbList","@id":"https:\/\/portaltela.pt\/noticias\/2026\/03\/20\/crise-energetica-na-europa-eurodeputados-discutem-custos-no-the-ring\/#breadcrumb","itemListElement":[{"@type":"ListItem","position":1,"name":"In\u00edcio","item":"https:\/\/portaltela.pt\/"},{"@type":"ListItem","position":2,"name":"Crise energ\u00e9tica na Europa: eurodeputados discutem custos no The Ring"}]},{"@type":"WebSite","@id":"https:\/\/portaltela.pt\/#website","url":"https:\/\/portaltela.pt\/","name":"Portal Tela Portugal","description":"","potentialAction":[{"@type":"SearchAction","target":{"@type":"EntryPoint","urlTemplate":"https:\/\/portaltela.pt\/?s={search_term_string}"},"query-input":{"@type":"PropertyValueSpecification","valueRequired":true,"valueName":"search_term_string"}}],"inLanguage":"pt-PT"},{"@type":"Person","@id":"https:\/\/portaltela.pt\/#\/schema\/person\/c4278d4a6028830caff9ee44b42d32ed","name":"Telinha","image":{"@type":"ImageObject","inLanguage":"pt-PT","@id":"https:\/\/portaltela.pt\/s.01k8rhncp4jt1\/2025\/11\/talking-bot-125x125.png","url":"https:\/\/portaltela.pt\/s.01k8rhncp4jt1\/2025\/11\/talking-bot-125x125.png","contentUrl":"https:\/\/portaltela.pt\/s.01k8rhncp4jt1\/2025\/11\/talking-bot-125x125.png","caption":"Telinha"},"sameAs":["https:\/\/portaltela.pt\/"],"url":"https:\/\/portaltela.pt\/por\/367410592786\/"}]}},"_links":{"self":[{"href":"https:\/\/portaltela.pt\/api\/wp\/v2\/posts\/417340","targetHints":{"allow":["GET"]}}],"collection":[{"href":"https:\/\/portaltela.pt\/api\/wp\/v2\/posts"}],"about":[{"href":"https:\/\/portaltela.pt\/api\/wp\/v2\/types\/post"}],"author":[{"embeddable":true,"href":"https:\/\/portaltela.pt\/api\/wp\/v2\/users\/2"}],"replies":[{"embeddable":true,"href":"https:\/\/portaltela.pt\/api\/wp\/v2\/comments?post=417340"}],"version-history":[{"count":0,"href":"https:\/\/portaltela.pt\/api\/wp\/v2\/posts\/417340\/revisions"}],"wp:featuredmedia":[{"embeddable":true,"href":"https:\/\/portaltela.pt\/api\/wp\/v2\/media\/417344"}],"wp:attachment":[{"href":"https:\/\/portaltela.pt\/api\/wp\/v2\/media?parent=417340"}],"wp:term":[{"taxonomy":"category","embeddable":true,"href":"https:\/\/portaltela.pt\/api\/wp\/v2\/categories?post=417340"},{"taxonomy":"post_tag","embeddable":true,"href":"https:\/\/portaltela.pt\/api\/wp\/v2\/tags?post=417340"}],"curies":[{"name":"wp","href":"https:\/\/api.w.org\/{rel}","templated":true}]}}