{"id":417323,"date":"2026-03-20T09:48:13","date_gmt":"2026-03-20T12:48:13","guid":{"rendered":"https:\/\/portaltela.pt\/noticias\/2026\/03\/20\/relatorio-sobre-apagao-na-peninsula-iberica-aponta-reforco-da-rede-eletrica-da-ue\/"},"modified":"2026-03-20T09:48:13","modified_gmt":"2026-03-20T12:48:13","slug":"relatorio-sobre-apagao-na-peninsula-iberica-aponta-reforco-da-rede-eletrica-da-ue","status":"publish","type":"post","link":"https:\/\/portaltela.pt\/energia\/2026\/03\/20\/relatorio-sobre-apagao-na-peninsula-iberica-aponta-reforco-da-rede-eletrica-da-ue\/","title":{"rendered":"Relat\u00f3rio sobre apag\u00e3o na Pen\u00ednsula Ib\u00e9rica aponta refor\u00e7o da rede el\u00e9trica da UE"},"content":{"rendered":"<p>O apag\u00e3o que afetou Espanha e Portugal no dia 28 de abril de 2025 \u00e9 considerado, pelo relat\u00f3rio final elaborado por peritos da UE, resultado de falhas em cascata no sistema el\u00e9trico da Pen\u00ednsula Ib\u00e9rica. O evento foi descrito como o mais grave e sem precedentes no setor europeu em mais de duas d\u00e9cadas.<\/p>\n<p>O relat\u00f3rio, elaborado por 45 especialistas de operadores de rede e reguladores de 12 pa\u00edses, aponta que oscila\u00e7\u00f5es, lacunas no controlo de tens\u00e3o e de pot\u00eancia reativa, bem como diverg\u00eancias nas pr\u00e1ticas regulat\u00f3rias, contribu\u00edram para a falha. Tamb\u00e9m destaca redu\u00e7\u00f5es r\u00e1pidas de produ\u00e7\u00e3o e desligamentos de geradores em Espanha, al\u00e9m de capacidades de estabiliza\u00e7\u00e3o desiguais entre \u00e1reas.<\/p>\n<p>O comiss\u00e1rio europeu da Energia, Dan J\u00f8rgensen, afirmou que o documento evidencia novos desafios para o sistema el\u00e9trico da UE e a necessidade de refor\u00e7ar a resili\u00eancia para evitar incidentes semelhantes. O estudo surge num momento em que a UE prepara o Pacote de Redes Europeias para modernizar as infraestruturas, ampliar interliga\u00e7\u00f5es e facilitar energias renov\u00e1veis.<\/p>\n<h3>Desdobramentos<\/h3>\n<p>O relat\u00f3rio recomenda refor\u00e7ar quadros regulat\u00f3rios e aumentar a coordena\u00e7\u00e3o entre operadores de rede e grandes produtores, de forma a prevenir eventos de falha em cascata. A UE tamb\u00e9m v\u00ea no pacote regulamentar instrumentos para melhorar a interliga\u00e7\u00e3o entre pa\u00edses e simplificar licenciamentos de novos projetos energ\u00e9ticos.<\/p>\n<p>Segundo a an\u00e1lise, refor\u00e7ar a prepara\u00e7\u00e3o do sistema el\u00e9trico passa a ser uma prioridade, com foco na estabilidade de voltage, gest\u00e3o de pot\u00eancia reativa e maior integra\u00e7\u00e3o de energias renov\u00e1veis. As medidas visam reduzir a vulnerabilidade a choques operacionais no futuro.<\/p>\n","protected":false},"excerpt":{"rendered":"<ul>\n<li>Peritos da UE conclu\u00edram que o apag\u00e3o ib\u00e9rico foi provocado por falhas em cascata, ocorrido a 28 de abril de 2025 em Espanha e Portugal.<\/li>\n<li>O comiss\u00e1rio europeu da Energia, Dan J\u00f8rgensen, afirmou que o relat\u00f3rio revela novos desafios ao sistema el\u00e9trico da Uni\u00e3o Europeia e a necessidade de refor\u00e7ar a sua resili\u00eancia.<\/li>\n<li>O Pacote de Redes Europeias \u00e9 apresentado como ferramenta para modernizar as redes, expandir interliga\u00e7\u00f5es entre pa\u00edses, integrar energias renov\u00e1veis e simplificar licenciamento para novos projetos.<\/li>\n<li>A revis\u00e3o do quadro de seguran\u00e7a energ\u00e9tica da UE visa refor\u00e7ar a prepara\u00e7\u00e3o do sistema e torn\u00e1-lo mais preparado para o futuro.<\/li>\n<li>O relat\u00f3rio, assinado por 45 especialistas de 12 pa\u00edses, aponta fatores como oscila\u00e7\u00f5es, lacunas no controlo de tens\u00e3o e pot\u00eancia reativa, redu\u00e7\u00f5es r\u00e1pidas de produ\u00e7\u00e3o e desligamentos de geradores em Espanha.<\/li>\n<\/ul>\n","protected":false},"author":2,"featured_media":417325,"comment_status":"closed","ping_status":"closed","sticky":false,"template":"","format":"standard","meta":{"footnotes":""},"categories":[6806],"tags":[174,2729,1615,1014,5113,2055],"class_list":["post-417323","post","type-post","status-publish","format-standard","has-post-thumbnail","hentry","category-energia","tag-energia","tag-energia-renovavel","tag-infraestrutura","tag-portugal","tag-redes-eletricas","tag-uniao-europeia"],"yoast_head":"<!-- This site is optimized with the Yoast SEO plugin v27.2 - https:\/\/yoast.com\/product\/yoast-seo-wordpress\/ -->\n<title>Relat\u00f3rio sobre apag\u00e3o na Pen\u00ednsula Ib\u00e9rica aponta refor\u00e7o da rede el\u00e9trica da UE - Portal Tela Portugal<\/title>\n<meta name=\"robots\" content=\"index, follow, max-snippet:-1, max-image-preview:large, max-video-preview:-1\" \/>\n<meta property=\"og:locale\" content=\"pt_PT\" \/>\n<meta property=\"og:type\" content=\"article\" \/>\n<meta property=\"og:title\" content=\"Relat\u00f3rio sobre apag\u00e3o na Pen\u00ednsula Ib\u00e9rica aponta refor\u00e7o da rede el\u00e9trica da UE - Portal Tela Portugal\" \/>\n<meta property=\"og:description\" content=\"Peritos da UE conclu\u00edram que o apag\u00e3o ib\u00e9rico foi provocado por falhas em cascata, ocorrido a 28 de abril de 2025 em Espanha e Portugal. O comiss\u00e1rio europeu da Energia, Dan J\u00f8rgensen, afirmou que o relat\u00f3rio revela novos desafios ao sistema el\u00e9trico da Uni\u00e3o Europeia e a necessidade de refor\u00e7ar a sua resili\u00eancia. O Pacote de Redes Europeias \u00e9 apresentado como ferramenta para modernizar as redes, expandir interliga\u00e7\u00f5es entre pa\u00edses, integrar energias renov\u00e1veis e simplificar licenciamento para novos projetos. A revis\u00e3o do quadro de seguran\u00e7a energ\u00e9tica da UE visa refor\u00e7ar a prepara\u00e7\u00e3o do sistema e torn\u00e1-lo mais preparado para o futuro. O relat\u00f3rio, assinado por 45 especialistas de 12 pa\u00edses, aponta fatores como oscila\u00e7\u00f5es, lacunas no controlo de tens\u00e3o e pot\u00eancia reativa, redu\u00e7\u00f5es r\u00e1pidas de produ\u00e7\u00e3o e desligamentos de geradores em Espanha.\" \/>\n<meta property=\"og:url\" content=\"https:\/\/portaltela.pt\/noticias\/2026\/03\/20\/relatorio-sobre-apagao-na-peninsula-iberica-aponta-reforco-da-rede-eletrica-da-ue\/\" \/>\n<meta property=\"og:site_name\" content=\"Portal Tela Portugal\" \/>\n<meta property=\"article:published_time\" content=\"2026-03-20T12:48:13+00:00\" \/>\n<meta name=\"author\" content=\"Telinha\" \/>\n<meta name=\"twitter:card\" content=\"summary_large_image\" \/>\n<meta name=\"twitter:label1\" content=\"Escrito por\" \/>\n\t<meta name=\"twitter:data1\" content=\"Telinha\" \/>\n\t<meta name=\"twitter:label2\" content=\"Tempo estimado de leitura\" \/>\n\t<meta name=\"twitter:data2\" content=\"1 minuto\" \/>\n<script type=\"application\/ld+json\" class=\"yoast-schema-graph\">{\"@context\":\"https:\/\/schema.org\",\"@graph\":[{\"@type\":\"Article\",\"@id\":\"https:\/\/portaltela.pt\/noticias\/2026\/03\/20\/relatorio-sobre-apagao-na-peninsula-iberica-aponta-reforco-da-rede-eletrica-da-ue\/#article\",\"isPartOf\":{\"@id\":\"https:\/\/portaltela.pt\/noticias\/2026\/03\/20\/relatorio-sobre-apagao-na-peninsula-iberica-aponta-reforco-da-rede-eletrica-da-ue\/\"},\"author\":{\"name\":\"Telinha\",\"@id\":\"https:\/\/portaltela.pt\/#\/schema\/person\/c4278d4a6028830caff9ee44b42d32ed\"},\"headline\":\"Relat\u00f3rio sobre apag\u00e3o na Pen\u00ednsula Ib\u00e9rica aponta refor\u00e7o da rede el\u00e9trica da UE\",\"datePublished\":\"2026-03-20T12:48:13+00:00\",\"mainEntityOfPage\":{\"@id\":\"https:\/\/portaltela.pt\/noticias\/2026\/03\/20\/relatorio-sobre-apagao-na-peninsula-iberica-aponta-reforco-da-rede-eletrica-da-ue\/\"},\"wordCount\":314,\"image\":{\"@id\":\"https:\/\/portaltela.pt\/noticias\/2026\/03\/20\/relatorio-sobre-apagao-na-peninsula-iberica-aponta-reforco-da-rede-eletrica-da-ue\/#primaryimage\"},\"thumbnailUrl\":\"https:\/\/portaltela.pt\/s.01k8rhncp4jt1\/2026\/03\/img_1500x1000uu2025-04-29-10-53-57-2205600.jpg\",\"keywords\":[\"energia\",\"energia renov\u00e1vel\",\"infraestrutura\",\"Portugal\",\"redes el\u00e9tricas\",\"Uni\u00e3o Europeia\"],\"articleSection\":[\"Energia\"],\"inLanguage\":\"pt-PT\"},{\"@type\":\"WebPage\",\"@id\":\"https:\/\/portaltela.pt\/noticias\/2026\/03\/20\/relatorio-sobre-apagao-na-peninsula-iberica-aponta-reforco-da-rede-eletrica-da-ue\/\",\"url\":\"https:\/\/portaltela.pt\/noticias\/2026\/03\/20\/relatorio-sobre-apagao-na-peninsula-iberica-aponta-reforco-da-rede-eletrica-da-ue\/\",\"name\":\"Relat\u00f3rio sobre apag\u00e3o na Pen\u00ednsula Ib\u00e9rica aponta refor\u00e7o da rede el\u00e9trica da UE - Portal Tela Portugal\",\"isPartOf\":{\"@id\":\"https:\/\/portaltela.pt\/#website\"},\"primaryImageOfPage\":{\"@id\":\"https:\/\/portaltela.pt\/noticias\/2026\/03\/20\/relatorio-sobre-apagao-na-peninsula-iberica-aponta-reforco-da-rede-eletrica-da-ue\/#primaryimage\"},\"image\":{\"@id\":\"https:\/\/portaltela.pt\/noticias\/2026\/03\/20\/relatorio-sobre-apagao-na-peninsula-iberica-aponta-reforco-da-rede-eletrica-da-ue\/#primaryimage\"},\"thumbnailUrl\":\"https:\/\/portaltela.pt\/s.01k8rhncp4jt1\/2026\/03\/img_1500x1000uu2025-04-29-10-53-57-2205600.jpg\",\"datePublished\":\"2026-03-20T12:48:13+00:00\",\"author\":{\"@id\":\"https:\/\/portaltela.pt\/#\/schema\/person\/c4278d4a6028830caff9ee44b42d32ed\"},\"breadcrumb\":{\"@id\":\"https:\/\/portaltela.pt\/noticias\/2026\/03\/20\/relatorio-sobre-apagao-na-peninsula-iberica-aponta-reforco-da-rede-eletrica-da-ue\/#breadcrumb\"},\"inLanguage\":\"pt-PT\",\"potentialAction\":[{\"@type\":\"ReadAction\",\"target\":[\"https:\/\/portaltela.pt\/noticias\/2026\/03\/20\/relatorio-sobre-apagao-na-peninsula-iberica-aponta-reforco-da-rede-eletrica-da-ue\/\"]}]},{\"@type\":\"ImageObject\",\"inLanguage\":\"pt-PT\",\"@id\":\"https:\/\/portaltela.pt\/noticias\/2026\/03\/20\/relatorio-sobre-apagao-na-peninsula-iberica-aponta-reforco-da-rede-eletrica-da-ue\/#primaryimage\",\"url\":\"https:\/\/portaltela.pt\/s.01k8rhncp4jt1\/2026\/03\/img_1500x1000uu2025-04-29-10-53-57-2205600.jpg\",\"contentUrl\":\"https:\/\/portaltela.pt\/s.01k8rhncp4jt1\/2026\/03\/img_1500x1000uu2025-04-29-10-53-57-2205600.jpg\",\"width\":796,\"height\":448,\"caption\":\"Bairro da Liberdade '\u00e0s escuras' ap\u00f3s apag\u00e3o em Portugal\"},{\"@type\":\"BreadcrumbList\",\"@id\":\"https:\/\/portaltela.pt\/noticias\/2026\/03\/20\/relatorio-sobre-apagao-na-peninsula-iberica-aponta-reforco-da-rede-eletrica-da-ue\/#breadcrumb\",\"itemListElement\":[{\"@type\":\"ListItem\",\"position\":1,\"name\":\"In\u00edcio\",\"item\":\"https:\/\/portaltela.pt\/\"},{\"@type\":\"ListItem\",\"position\":2,\"name\":\"Relat\u00f3rio sobre apag\u00e3o na Pen\u00ednsula Ib\u00e9rica aponta refor\u00e7o da rede el\u00e9trica da UE\"}]},{\"@type\":\"WebSite\",\"@id\":\"https:\/\/portaltela.pt\/#website\",\"url\":\"https:\/\/portaltela.pt\/\",\"name\":\"Portal Tela Portugal\",\"description\":\"\",\"potentialAction\":[{\"@type\":\"SearchAction\",\"target\":{\"@type\":\"EntryPoint\",\"urlTemplate\":\"https:\/\/portaltela.pt\/?s={search_term_string}\"},\"query-input\":{\"@type\":\"PropertyValueSpecification\",\"valueRequired\":true,\"valueName\":\"search_term_string\"}}],\"inLanguage\":\"pt-PT\"},{\"@type\":\"Person\",\"@id\":\"https:\/\/portaltela.pt\/#\/schema\/person\/c4278d4a6028830caff9ee44b42d32ed\",\"name\":\"Telinha\",\"image\":{\"@type\":\"ImageObject\",\"inLanguage\":\"pt-PT\",\"@id\":\"https:\/\/portaltela.pt\/s.01k8rhncp4jt1\/2025\/11\/talking-bot-125x125.png\",\"url\":\"https:\/\/portaltela.pt\/s.01k8rhncp4jt1\/2025\/11\/talking-bot-125x125.png\",\"contentUrl\":\"https:\/\/portaltela.pt\/s.01k8rhncp4jt1\/2025\/11\/talking-bot-125x125.png\",\"caption\":\"Telinha\"},\"sameAs\":[\"https:\/\/portaltela.pt\/\"],\"url\":\"https:\/\/portaltela.pt\/por\/367410592786\/\"}]}<\/script>\n<!-- \/ Yoast SEO plugin. -->","yoast_head_json":{"title":"Relat\u00f3rio sobre apag\u00e3o na Pen\u00ednsula Ib\u00e9rica aponta refor\u00e7o da rede el\u00e9trica da UE - Portal Tela Portugal","robots":{"index":"index","follow":"follow","max-snippet":"max-snippet:-1","max-image-preview":"max-image-preview:large","max-video-preview":"max-video-preview:-1"},"og_locale":"pt_PT","og_type":"article","og_title":"Relat\u00f3rio sobre apag\u00e3o na Pen\u00ednsula Ib\u00e9rica aponta refor\u00e7o da rede el\u00e9trica da UE - Portal Tela Portugal","og_description":"Peritos da UE conclu\u00edram que o apag\u00e3o ib\u00e9rico foi provocado por falhas em cascata, ocorrido a 28 de abril de 2025 em Espanha e Portugal. O comiss\u00e1rio europeu da Energia, Dan J\u00f8rgensen, afirmou que o relat\u00f3rio revela novos desafios ao sistema el\u00e9trico da Uni\u00e3o Europeia e a necessidade de refor\u00e7ar a sua resili\u00eancia. O Pacote de Redes Europeias \u00e9 apresentado como ferramenta para modernizar as redes, expandir interliga\u00e7\u00f5es entre pa\u00edses, integrar energias renov\u00e1veis e simplificar licenciamento para novos projetos. A revis\u00e3o do quadro de seguran\u00e7a energ\u00e9tica da UE visa refor\u00e7ar a prepara\u00e7\u00e3o do sistema e torn\u00e1-lo mais preparado para o futuro. O relat\u00f3rio, assinado por 45 especialistas de 12 pa\u00edses, aponta fatores como oscila\u00e7\u00f5es, lacunas no controlo de tens\u00e3o e pot\u00eancia reativa, redu\u00e7\u00f5es r\u00e1pidas de produ\u00e7\u00e3o e desligamentos de geradores em Espanha.","og_url":"https:\/\/portaltela.pt\/noticias\/2026\/03\/20\/relatorio-sobre-apagao-na-peninsula-iberica-aponta-reforco-da-rede-eletrica-da-ue\/","og_site_name":"Portal Tela Portugal","article_published_time":"2026-03-20T12:48:13+00:00","author":"Telinha","twitter_card":"summary_large_image","twitter_misc":{"Escrito por":"Telinha","Tempo estimado de leitura":"1 minuto"},"schema":{"@context":"https:\/\/schema.org","@graph":[{"@type":"Article","@id":"https:\/\/portaltela.pt\/noticias\/2026\/03\/20\/relatorio-sobre-apagao-na-peninsula-iberica-aponta-reforco-da-rede-eletrica-da-ue\/#article","isPartOf":{"@id":"https:\/\/portaltela.pt\/noticias\/2026\/03\/20\/relatorio-sobre-apagao-na-peninsula-iberica-aponta-reforco-da-rede-eletrica-da-ue\/"},"author":{"name":"Telinha","@id":"https:\/\/portaltela.pt\/#\/schema\/person\/c4278d4a6028830caff9ee44b42d32ed"},"headline":"Relat\u00f3rio sobre apag\u00e3o na Pen\u00ednsula Ib\u00e9rica aponta refor\u00e7o da rede el\u00e9trica da UE","datePublished":"2026-03-20T12:48:13+00:00","mainEntityOfPage":{"@id":"https:\/\/portaltela.pt\/noticias\/2026\/03\/20\/relatorio-sobre-apagao-na-peninsula-iberica-aponta-reforco-da-rede-eletrica-da-ue\/"},"wordCount":314,"image":{"@id":"https:\/\/portaltela.pt\/noticias\/2026\/03\/20\/relatorio-sobre-apagao-na-peninsula-iberica-aponta-reforco-da-rede-eletrica-da-ue\/#primaryimage"},"thumbnailUrl":"https:\/\/portaltela.pt\/s.01k8rhncp4jt1\/2026\/03\/img_1500x1000uu2025-04-29-10-53-57-2205600.jpg","keywords":["energia","energia renov\u00e1vel","infraestrutura","Portugal","redes el\u00e9tricas","Uni\u00e3o Europeia"],"articleSection":["Energia"],"inLanguage":"pt-PT"},{"@type":"WebPage","@id":"https:\/\/portaltela.pt\/noticias\/2026\/03\/20\/relatorio-sobre-apagao-na-peninsula-iberica-aponta-reforco-da-rede-eletrica-da-ue\/","url":"https:\/\/portaltela.pt\/noticias\/2026\/03\/20\/relatorio-sobre-apagao-na-peninsula-iberica-aponta-reforco-da-rede-eletrica-da-ue\/","name":"Relat\u00f3rio sobre apag\u00e3o na Pen\u00ednsula Ib\u00e9rica aponta refor\u00e7o da rede el\u00e9trica da UE - Portal Tela Portugal","isPartOf":{"@id":"https:\/\/portaltela.pt\/#website"},"primaryImageOfPage":{"@id":"https:\/\/portaltela.pt\/noticias\/2026\/03\/20\/relatorio-sobre-apagao-na-peninsula-iberica-aponta-reforco-da-rede-eletrica-da-ue\/#primaryimage"},"image":{"@id":"https:\/\/portaltela.pt\/noticias\/2026\/03\/20\/relatorio-sobre-apagao-na-peninsula-iberica-aponta-reforco-da-rede-eletrica-da-ue\/#primaryimage"},"thumbnailUrl":"https:\/\/portaltela.pt\/s.01k8rhncp4jt1\/2026\/03\/img_1500x1000uu2025-04-29-10-53-57-2205600.jpg","datePublished":"2026-03-20T12:48:13+00:00","author":{"@id":"https:\/\/portaltela.pt\/#\/schema\/person\/c4278d4a6028830caff9ee44b42d32ed"},"breadcrumb":{"@id":"https:\/\/portaltela.pt\/noticias\/2026\/03\/20\/relatorio-sobre-apagao-na-peninsula-iberica-aponta-reforco-da-rede-eletrica-da-ue\/#breadcrumb"},"inLanguage":"pt-PT","potentialAction":[{"@type":"ReadAction","target":["https:\/\/portaltela.pt\/noticias\/2026\/03\/20\/relatorio-sobre-apagao-na-peninsula-iberica-aponta-reforco-da-rede-eletrica-da-ue\/"]}]},{"@type":"ImageObject","inLanguage":"pt-PT","@id":"https:\/\/portaltela.pt\/noticias\/2026\/03\/20\/relatorio-sobre-apagao-na-peninsula-iberica-aponta-reforco-da-rede-eletrica-da-ue\/#primaryimage","url":"https:\/\/portaltela.pt\/s.01k8rhncp4jt1\/2026\/03\/img_1500x1000uu2025-04-29-10-53-57-2205600.jpg","contentUrl":"https:\/\/portaltela.pt\/s.01k8rhncp4jt1\/2026\/03\/img_1500x1000uu2025-04-29-10-53-57-2205600.jpg","width":796,"height":448,"caption":"Bairro da Liberdade '\u00e0s escuras' ap\u00f3s apag\u00e3o em Portugal"},{"@type":"BreadcrumbList","@id":"https:\/\/portaltela.pt\/noticias\/2026\/03\/20\/relatorio-sobre-apagao-na-peninsula-iberica-aponta-reforco-da-rede-eletrica-da-ue\/#breadcrumb","itemListElement":[{"@type":"ListItem","position":1,"name":"In\u00edcio","item":"https:\/\/portaltela.pt\/"},{"@type":"ListItem","position":2,"name":"Relat\u00f3rio sobre apag\u00e3o na Pen\u00ednsula Ib\u00e9rica aponta refor\u00e7o da rede el\u00e9trica da UE"}]},{"@type":"WebSite","@id":"https:\/\/portaltela.pt\/#website","url":"https:\/\/portaltela.pt\/","name":"Portal Tela Portugal","description":"","potentialAction":[{"@type":"SearchAction","target":{"@type":"EntryPoint","urlTemplate":"https:\/\/portaltela.pt\/?s={search_term_string}"},"query-input":{"@type":"PropertyValueSpecification","valueRequired":true,"valueName":"search_term_string"}}],"inLanguage":"pt-PT"},{"@type":"Person","@id":"https:\/\/portaltela.pt\/#\/schema\/person\/c4278d4a6028830caff9ee44b42d32ed","name":"Telinha","image":{"@type":"ImageObject","inLanguage":"pt-PT","@id":"https:\/\/portaltela.pt\/s.01k8rhncp4jt1\/2025\/11\/talking-bot-125x125.png","url":"https:\/\/portaltela.pt\/s.01k8rhncp4jt1\/2025\/11\/talking-bot-125x125.png","contentUrl":"https:\/\/portaltela.pt\/s.01k8rhncp4jt1\/2025\/11\/talking-bot-125x125.png","caption":"Telinha"},"sameAs":["https:\/\/portaltela.pt\/"],"url":"https:\/\/portaltela.pt\/por\/367410592786\/"}]}},"_links":{"self":[{"href":"https:\/\/portaltela.pt\/api\/wp\/v2\/posts\/417323","targetHints":{"allow":["GET"]}}],"collection":[{"href":"https:\/\/portaltela.pt\/api\/wp\/v2\/posts"}],"about":[{"href":"https:\/\/portaltela.pt\/api\/wp\/v2\/types\/post"}],"author":[{"embeddable":true,"href":"https:\/\/portaltela.pt\/api\/wp\/v2\/users\/2"}],"replies":[{"embeddable":true,"href":"https:\/\/portaltela.pt\/api\/wp\/v2\/comments?post=417323"}],"version-history":[{"count":0,"href":"https:\/\/portaltela.pt\/api\/wp\/v2\/posts\/417323\/revisions"}],"wp:featuredmedia":[{"embeddable":true,"href":"https:\/\/portaltela.pt\/api\/wp\/v2\/media\/417325"}],"wp:attachment":[{"href":"https:\/\/portaltela.pt\/api\/wp\/v2\/media?parent=417323"}],"wp:term":[{"taxonomy":"category","embeddable":true,"href":"https:\/\/portaltela.pt\/api\/wp\/v2\/categories?post=417323"},{"taxonomy":"post_tag","embeddable":true,"href":"https:\/\/portaltela.pt\/api\/wp\/v2\/tags?post=417323"}],"curies":[{"name":"wp","href":"https:\/\/api.w.org\/{rel}","templated":true}]}}