{"id":417322,"date":"2026-03-20T09:43:00","date_gmt":"2026-03-20T12:43:00","guid":{"rendered":"https:\/\/portaltela.pt\/noticias\/2026\/03\/20\/medicos-do-hospital-de-santa-maria-denunciam-parto-em-casa-com-morte-de-bebe\/"},"modified":"2026-03-20T09:43:00","modified_gmt":"2026-03-20T12:43:00","slug":"medicos-do-hospital-de-santa-maria-denunciam-parto-em-casa-com-morte-de-bebe","status":"publish","type":"post","link":"https:\/\/portaltela.pt\/saude\/2026\/03\/20\/medicos-do-hospital-de-santa-maria-denunciam-parto-em-casa-com-morte-de-bebe\/","title":{"rendered":"M\u00e9dicos do Hospital de Santa Maria denunciam parto em casa com morte de beb\u00e9"},"content":{"rendered":"<p>Um beb\u00e9 morreu no Hospital de Santa Maria, em Lisboa, cerca de 15 dias ap\u00f3s nascer em casa, alegadamente por decis\u00e3o da m\u00e3e que se intitula doula. O parto estava marcado para indu\u00e7\u00e3o, mas a m\u00e3e n\u00e3o compareceu, o que motivou uma den\u00fancia dos m\u00e9dicos \u00e0s autoridades.<\/p>\n<p>O rec\u00e9m-nascido chegou ao hospital transportado pelo INEM em paragem cardiorrespirat\u00f3ria e apresentava encefalopatia hip\u00f3xico-isqu\u00e9mica grave, indicativa de asfixia durante o parto. O quadro cl\u00ednico levou ao falecimento cerca de uma semana e meia depois.<\/p>\n<p>A m\u00e3e ter\u00e1 sido acompanhada durante a gravidez por uma obstetra particular, segundo o Expresso. Esta m\u00e9dica j\u00e1 enfrentou queixas por alegada m\u00e1 pr\u00e1tica; o Conselho Disciplinar Regional do Sul da Ordem dos M\u00e9dicos mant\u00e9m-se indispon\u00edvel para comentar processo em curso, mas afirmou que n\u00e3o h\u00e1 suspens\u00e3o.<\/p>\n<p>Durante o parto, a paciente contou com uma enfermeira-obstetriz. A Unidade Local de Sa\u00fade (ULS) de Santa Maria n\u00e3o comentou o caso especificamente, mas reconheceu que h\u00e1 epis\u00f3dios de complica\u00e7\u00f5es em partos realizados em domic\u00edlio, com sequelas em muitos casos.<\/p>\n<h3>Contexto sobre partos em casa<\/h3>\n<p>Desde 2023, a ULS aponta que h\u00e1 cerca de um caso por ano de complica\u00e7\u00f5es associadas a partos em casa, com um \u00f3bito registado e sequelas neurol\u00f3gicas em parte dos rec\u00e9m-nascidos internados na Unidade de Cuidados Intensivos Neonatais. O INEM e parceiros atenderam 277 partos pr\u00e9-hospitalares em 2025, 153 deles em domic\u00edlio.<\/p>\n<p>O Minist\u00e9rio da Sa\u00fade tem reiterado preocupa\u00e7\u00f5es sobre partos em casa, salientando que n\u00e3o h\u00e1 equipa cl\u00ednica adequada nesses contextos. Dados do INE indicam que o total de partos em casa \u00e9 superior a 800 por ano, com cont\u00ednuo aumento nos \u00faltimos anos.<\/p>\n","protected":false},"excerpt":{"rendered":"<ul>\n<li>Um beb\u00e9 morreu no Hospital de Santa Maria, em Lisboa, cerca de dez dias depois de nascer em casa por vontade da m\u00e3e que se intitula doula.<\/li>\n<li>O rec\u00e9m-nascido chegou ao hospital em paragem cardiorrespirat\u00f3ria e com encefalopatia hip\u00f3xico-isqu\u00e9mica grave, ap\u00f3s parto em casa, conforme o Expresso, citando fontes m\u00e9dicas.<\/li>\n<li>A m\u00e3e sabia dos riscos devido a duas cesarianas anteriores e tinha indu\u00e7\u00e3o do parto marcada, mas n\u00e3o se apresentou; a den\u00fancia foi enviada \u00e0s autoridades.<\/li>\n<li>A ULS Santa Maria afirmou que h\u00e1 mais epis\u00f3dios de beb\u00e9s com sequelas ap\u00f3s partos em casa e que, desde 2023, ocorre, em m\u00e9dia, um caso por ano de complica\u00e7\u00f5es nesse contexto; j\u00e1 houve \u00f3bito e sequelas neurol\u00f3gicas em v\u00e1rios internados.<\/li>\n<li>Em 2025, o INEM participou em cento e cinquenta e tr\u00eas partos em contexto pr\u00e9-hospitalar, sendo que parte significativa ocorreu em domic\u00edlio; o pa\u00eds regista centenas de partos em casa por ano, com tend\u00eancia de aumento.<\/li>\n<\/ul>\n","protected":false},"author":2,"featured_media":417324,"comment_status":"closed","ping_status":"closed","sticky":false,"template":"","format":"standard","meta":{"footnotes":""},"categories":[1,6745],"tags":[115,6854,2199,1402,4737,271],"class_list":["post-417322","post","type-post","status-publish","format-standard","has-post-thumbnail","hentry","category-noticias","category-saude","tag-maternidade","tag-medicos","tag-neonatologia","tag-obstetricia","tag-partos","tag-saude-publica"],"yoast_head":"<!-- This site is optimized with the Yoast SEO plugin v27.2 - https:\/\/yoast.com\/product\/yoast-seo-wordpress\/ -->\n<title>M\u00e9dicos do Hospital de Santa Maria denunciam parto em casa com morte de beb\u00e9 - Portal Tela Portugal<\/title>\n<meta name=\"robots\" content=\"index, follow, max-snippet:-1, max-image-preview:large, max-video-preview:-1\" \/>\n<meta property=\"og:locale\" content=\"pt_PT\" \/>\n<meta property=\"og:type\" content=\"article\" \/>\n<meta property=\"og:title\" content=\"M\u00e9dicos do Hospital de Santa Maria denunciam parto em casa com morte de beb\u00e9 - Portal Tela Portugal\" \/>\n<meta property=\"og:description\" content=\"Um beb\u00e9 morreu no Hospital de Santa Maria, em Lisboa, cerca de dez dias depois de nascer em casa por vontade da m\u00e3e que se intitula doula. O rec\u00e9m-nascido chegou ao hospital em paragem cardiorrespirat\u00f3ria e com encefalopatia hip\u00f3xico-isqu\u00e9mica grave, ap\u00f3s parto em casa, conforme o Expresso, citando fontes m\u00e9dicas. A m\u00e3e sabia dos riscos devido a duas cesarianas anteriores e tinha indu\u00e7\u00e3o do parto marcada, mas n\u00e3o se apresentou; a den\u00fancia foi enviada \u00e0s autoridades. A ULS Santa Maria afirmou que h\u00e1 mais epis\u00f3dios de beb\u00e9s com sequelas ap\u00f3s partos em casa e que, desde 2023, ocorre, em m\u00e9dia, um caso por ano de complica\u00e7\u00f5es nesse contexto; j\u00e1 houve \u00f3bito e sequelas neurol\u00f3gicas em v\u00e1rios internados. Em 2025, o INEM participou em cento e cinquenta e tr\u00eas partos em contexto pr\u00e9-hospitalar, sendo que parte significativa ocorreu em domic\u00edlio; o pa\u00eds regista centenas de partos em casa por ano, com tend\u00eancia de aumento.\" \/>\n<meta property=\"og:url\" content=\"https:\/\/portaltela.pt\/noticias\/2026\/03\/20\/medicos-do-hospital-de-santa-maria-denunciam-parto-em-casa-com-morte-de-bebe\/\" \/>\n<meta property=\"og:site_name\" content=\"Portal Tela Portugal\" \/>\n<meta property=\"article:published_time\" content=\"2026-03-20T12:43:00+00:00\" \/>\n<meta name=\"author\" content=\"Telinha\" \/>\n<meta name=\"twitter:card\" content=\"summary_large_image\" \/>\n<meta name=\"twitter:label1\" content=\"Escrito por\" \/>\n\t<meta name=\"twitter:data1\" content=\"Telinha\" \/>\n\t<meta name=\"twitter:label2\" content=\"Tempo estimado de leitura\" \/>\n\t<meta name=\"twitter:data2\" content=\"1 minuto\" \/>\n<script type=\"application\/ld+json\" class=\"yoast-schema-graph\">{\"@context\":\"https:\/\/schema.org\",\"@graph\":[{\"@type\":\"Article\",\"@id\":\"https:\/\/portaltela.pt\/noticias\/2026\/03\/20\/medicos-do-hospital-de-santa-maria-denunciam-parto-em-casa-com-morte-de-bebe\/#article\",\"isPartOf\":{\"@id\":\"https:\/\/portaltela.pt\/noticias\/2026\/03\/20\/medicos-do-hospital-de-santa-maria-denunciam-parto-em-casa-com-morte-de-bebe\/\"},\"author\":{\"name\":\"Telinha\",\"@id\":\"https:\/\/portaltela.pt\/#\/schema\/person\/c4278d4a6028830caff9ee44b42d32ed\"},\"headline\":\"M\u00e9dicos do Hospital de Santa Maria denunciam parto em casa com morte de beb\u00e9\",\"datePublished\":\"2026-03-20T12:43:00+00:00\",\"mainEntityOfPage\":{\"@id\":\"https:\/\/portaltela.pt\/noticias\/2026\/03\/20\/medicos-do-hospital-de-santa-maria-denunciam-parto-em-casa-com-morte-de-bebe\/\"},\"wordCount\":314,\"image\":{\"@id\":\"https:\/\/portaltela.pt\/noticias\/2026\/03\/20\/medicos-do-hospital-de-santa-maria-denunciam-parto-em-casa-com-morte-de-bebe\/#primaryimage\"},\"thumbnailUrl\":\"https:\/\/portaltela.pt\/s.01k8rhncp4jt1\/2026\/03\/2075767.jpg\",\"keywords\":[\"maternidade\",\"M\u00e9dicos\",\"Neonatologia\",\"Obstetr\u00edcia\",\"Partos\",\"sa\u00fade p\u00fablica\"],\"articleSection\":[\"Not\u00edcias\",\"Sa\u00fade\"],\"inLanguage\":\"pt-PT\"},{\"@type\":\"WebPage\",\"@id\":\"https:\/\/portaltela.pt\/noticias\/2026\/03\/20\/medicos-do-hospital-de-santa-maria-denunciam-parto-em-casa-com-morte-de-bebe\/\",\"url\":\"https:\/\/portaltela.pt\/noticias\/2026\/03\/20\/medicos-do-hospital-de-santa-maria-denunciam-parto-em-casa-com-morte-de-bebe\/\",\"name\":\"M\u00e9dicos do Hospital de Santa Maria denunciam parto em casa com morte de beb\u00e9 - Portal Tela Portugal\",\"isPartOf\":{\"@id\":\"https:\/\/portaltela.pt\/#website\"},\"primaryImageOfPage\":{\"@id\":\"https:\/\/portaltela.pt\/noticias\/2026\/03\/20\/medicos-do-hospital-de-santa-maria-denunciam-parto-em-casa-com-morte-de-bebe\/#primaryimage\"},\"image\":{\"@id\":\"https:\/\/portaltela.pt\/noticias\/2026\/03\/20\/medicos-do-hospital-de-santa-maria-denunciam-parto-em-casa-com-morte-de-bebe\/#primaryimage\"},\"thumbnailUrl\":\"https:\/\/portaltela.pt\/s.01k8rhncp4jt1\/2026\/03\/2075767.jpg\",\"datePublished\":\"2026-03-20T12:43:00+00:00\",\"author\":{\"@id\":\"https:\/\/portaltela.pt\/#\/schema\/person\/c4278d4a6028830caff9ee44b42d32ed\"},\"breadcrumb\":{\"@id\":\"https:\/\/portaltela.pt\/noticias\/2026\/03\/20\/medicos-do-hospital-de-santa-maria-denunciam-parto-em-casa-com-morte-de-bebe\/#breadcrumb\"},\"inLanguage\":\"pt-PT\",\"potentialAction\":[{\"@type\":\"ReadAction\",\"target\":[\"https:\/\/portaltela.pt\/noticias\/2026\/03\/20\/medicos-do-hospital-de-santa-maria-denunciam-parto-em-casa-com-morte-de-bebe\/\"]}]},{\"@type\":\"ImageObject\",\"inLanguage\":\"pt-PT\",\"@id\":\"https:\/\/portaltela.pt\/noticias\/2026\/03\/20\/medicos-do-hospital-de-santa-maria-denunciam-parto-em-casa-com-morte-de-bebe\/#primaryimage\",\"url\":\"https:\/\/portaltela.pt\/s.01k8rhncp4jt1\/2026\/03\/2075767.jpg\",\"contentUrl\":\"https:\/\/portaltela.pt\/s.01k8rhncp4jt1\/2026\/03\/2075767.jpg\",\"width\":796,\"height\":448,\"caption\":\"Beb\u00e9 esteve internado no Hospital de Santa Maria mas n\u00e3o resistiu \u00e0s graves sequelas do parto\"},{\"@type\":\"BreadcrumbList\",\"@id\":\"https:\/\/portaltela.pt\/noticias\/2026\/03\/20\/medicos-do-hospital-de-santa-maria-denunciam-parto-em-casa-com-morte-de-bebe\/#breadcrumb\",\"itemListElement\":[{\"@type\":\"ListItem\",\"position\":1,\"name\":\"In\u00edcio\",\"item\":\"https:\/\/portaltela.pt\/\"},{\"@type\":\"ListItem\",\"position\":2,\"name\":\"M\u00e9dicos do Hospital de Santa Maria denunciam parto em casa com morte de beb\u00e9\"}]},{\"@type\":\"WebSite\",\"@id\":\"https:\/\/portaltela.pt\/#website\",\"url\":\"https:\/\/portaltela.pt\/\",\"name\":\"Portal Tela Portugal\",\"description\":\"\",\"potentialAction\":[{\"@type\":\"SearchAction\",\"target\":{\"@type\":\"EntryPoint\",\"urlTemplate\":\"https:\/\/portaltela.pt\/?s={search_term_string}\"},\"query-input\":{\"@type\":\"PropertyValueSpecification\",\"valueRequired\":true,\"valueName\":\"search_term_string\"}}],\"inLanguage\":\"pt-PT\"},{\"@type\":\"Person\",\"@id\":\"https:\/\/portaltela.pt\/#\/schema\/person\/c4278d4a6028830caff9ee44b42d32ed\",\"name\":\"Telinha\",\"image\":{\"@type\":\"ImageObject\",\"inLanguage\":\"pt-PT\",\"@id\":\"https:\/\/portaltela.pt\/s.01k8rhncp4jt1\/2025\/11\/talking-bot-125x125.png\",\"url\":\"https:\/\/portaltela.pt\/s.01k8rhncp4jt1\/2025\/11\/talking-bot-125x125.png\",\"contentUrl\":\"https:\/\/portaltela.pt\/s.01k8rhncp4jt1\/2025\/11\/talking-bot-125x125.png\",\"caption\":\"Telinha\"},\"sameAs\":[\"https:\/\/portaltela.pt\/\"],\"url\":\"https:\/\/portaltela.pt\/por\/367410592786\/\"}]}<\/script>\n<!-- \/ Yoast SEO plugin. -->","yoast_head_json":{"title":"M\u00e9dicos do Hospital de Santa Maria denunciam parto em casa com morte de beb\u00e9 - Portal Tela Portugal","robots":{"index":"index","follow":"follow","max-snippet":"max-snippet:-1","max-image-preview":"max-image-preview:large","max-video-preview":"max-video-preview:-1"},"og_locale":"pt_PT","og_type":"article","og_title":"M\u00e9dicos do Hospital de Santa Maria denunciam parto em casa com morte de beb\u00e9 - Portal Tela Portugal","og_description":"Um beb\u00e9 morreu no Hospital de Santa Maria, em Lisboa, cerca de dez dias depois de nascer em casa por vontade da m\u00e3e que se intitula doula. O rec\u00e9m-nascido chegou ao hospital em paragem cardiorrespirat\u00f3ria e com encefalopatia hip\u00f3xico-isqu\u00e9mica grave, ap\u00f3s parto em casa, conforme o Expresso, citando fontes m\u00e9dicas. A m\u00e3e sabia dos riscos devido a duas cesarianas anteriores e tinha indu\u00e7\u00e3o do parto marcada, mas n\u00e3o se apresentou; a den\u00fancia foi enviada \u00e0s autoridades. A ULS Santa Maria afirmou que h\u00e1 mais epis\u00f3dios de beb\u00e9s com sequelas ap\u00f3s partos em casa e que, desde 2023, ocorre, em m\u00e9dia, um caso por ano de complica\u00e7\u00f5es nesse contexto; j\u00e1 houve \u00f3bito e sequelas neurol\u00f3gicas em v\u00e1rios internados. Em 2025, o INEM participou em cento e cinquenta e tr\u00eas partos em contexto pr\u00e9-hospitalar, sendo que parte significativa ocorreu em domic\u00edlio; o pa\u00eds regista centenas de partos em casa por ano, com tend\u00eancia de aumento.","og_url":"https:\/\/portaltela.pt\/noticias\/2026\/03\/20\/medicos-do-hospital-de-santa-maria-denunciam-parto-em-casa-com-morte-de-bebe\/","og_site_name":"Portal Tela Portugal","article_published_time":"2026-03-20T12:43:00+00:00","author":"Telinha","twitter_card":"summary_large_image","twitter_misc":{"Escrito por":"Telinha","Tempo estimado de leitura":"1 minuto"},"schema":{"@context":"https:\/\/schema.org","@graph":[{"@type":"Article","@id":"https:\/\/portaltela.pt\/noticias\/2026\/03\/20\/medicos-do-hospital-de-santa-maria-denunciam-parto-em-casa-com-morte-de-bebe\/#article","isPartOf":{"@id":"https:\/\/portaltela.pt\/noticias\/2026\/03\/20\/medicos-do-hospital-de-santa-maria-denunciam-parto-em-casa-com-morte-de-bebe\/"},"author":{"name":"Telinha","@id":"https:\/\/portaltela.pt\/#\/schema\/person\/c4278d4a6028830caff9ee44b42d32ed"},"headline":"M\u00e9dicos do Hospital de Santa Maria denunciam parto em casa com morte de beb\u00e9","datePublished":"2026-03-20T12:43:00+00:00","mainEntityOfPage":{"@id":"https:\/\/portaltela.pt\/noticias\/2026\/03\/20\/medicos-do-hospital-de-santa-maria-denunciam-parto-em-casa-com-morte-de-bebe\/"},"wordCount":314,"image":{"@id":"https:\/\/portaltela.pt\/noticias\/2026\/03\/20\/medicos-do-hospital-de-santa-maria-denunciam-parto-em-casa-com-morte-de-bebe\/#primaryimage"},"thumbnailUrl":"https:\/\/portaltela.pt\/s.01k8rhncp4jt1\/2026\/03\/2075767.jpg","keywords":["maternidade","M\u00e9dicos","Neonatologia","Obstetr\u00edcia","Partos","sa\u00fade p\u00fablica"],"articleSection":["Not\u00edcias","Sa\u00fade"],"inLanguage":"pt-PT"},{"@type":"WebPage","@id":"https:\/\/portaltela.pt\/noticias\/2026\/03\/20\/medicos-do-hospital-de-santa-maria-denunciam-parto-em-casa-com-morte-de-bebe\/","url":"https:\/\/portaltela.pt\/noticias\/2026\/03\/20\/medicos-do-hospital-de-santa-maria-denunciam-parto-em-casa-com-morte-de-bebe\/","name":"M\u00e9dicos do Hospital de Santa Maria denunciam parto em casa com morte de beb\u00e9 - Portal Tela Portugal","isPartOf":{"@id":"https:\/\/portaltela.pt\/#website"},"primaryImageOfPage":{"@id":"https:\/\/portaltela.pt\/noticias\/2026\/03\/20\/medicos-do-hospital-de-santa-maria-denunciam-parto-em-casa-com-morte-de-bebe\/#primaryimage"},"image":{"@id":"https:\/\/portaltela.pt\/noticias\/2026\/03\/20\/medicos-do-hospital-de-santa-maria-denunciam-parto-em-casa-com-morte-de-bebe\/#primaryimage"},"thumbnailUrl":"https:\/\/portaltela.pt\/s.01k8rhncp4jt1\/2026\/03\/2075767.jpg","datePublished":"2026-03-20T12:43:00+00:00","author":{"@id":"https:\/\/portaltela.pt\/#\/schema\/person\/c4278d4a6028830caff9ee44b42d32ed"},"breadcrumb":{"@id":"https:\/\/portaltela.pt\/noticias\/2026\/03\/20\/medicos-do-hospital-de-santa-maria-denunciam-parto-em-casa-com-morte-de-bebe\/#breadcrumb"},"inLanguage":"pt-PT","potentialAction":[{"@type":"ReadAction","target":["https:\/\/portaltela.pt\/noticias\/2026\/03\/20\/medicos-do-hospital-de-santa-maria-denunciam-parto-em-casa-com-morte-de-bebe\/"]}]},{"@type":"ImageObject","inLanguage":"pt-PT","@id":"https:\/\/portaltela.pt\/noticias\/2026\/03\/20\/medicos-do-hospital-de-santa-maria-denunciam-parto-em-casa-com-morte-de-bebe\/#primaryimage","url":"https:\/\/portaltela.pt\/s.01k8rhncp4jt1\/2026\/03\/2075767.jpg","contentUrl":"https:\/\/portaltela.pt\/s.01k8rhncp4jt1\/2026\/03\/2075767.jpg","width":796,"height":448,"caption":"Beb\u00e9 esteve internado no Hospital de Santa Maria mas n\u00e3o resistiu \u00e0s graves sequelas do parto"},{"@type":"BreadcrumbList","@id":"https:\/\/portaltela.pt\/noticias\/2026\/03\/20\/medicos-do-hospital-de-santa-maria-denunciam-parto-em-casa-com-morte-de-bebe\/#breadcrumb","itemListElement":[{"@type":"ListItem","position":1,"name":"In\u00edcio","item":"https:\/\/portaltela.pt\/"},{"@type":"ListItem","position":2,"name":"M\u00e9dicos do Hospital de Santa Maria denunciam parto em casa com morte de beb\u00e9"}]},{"@type":"WebSite","@id":"https:\/\/portaltela.pt\/#website","url":"https:\/\/portaltela.pt\/","name":"Portal Tela Portugal","description":"","potentialAction":[{"@type":"SearchAction","target":{"@type":"EntryPoint","urlTemplate":"https:\/\/portaltela.pt\/?s={search_term_string}"},"query-input":{"@type":"PropertyValueSpecification","valueRequired":true,"valueName":"search_term_string"}}],"inLanguage":"pt-PT"},{"@type":"Person","@id":"https:\/\/portaltela.pt\/#\/schema\/person\/c4278d4a6028830caff9ee44b42d32ed","name":"Telinha","image":{"@type":"ImageObject","inLanguage":"pt-PT","@id":"https:\/\/portaltela.pt\/s.01k8rhncp4jt1\/2025\/11\/talking-bot-125x125.png","url":"https:\/\/portaltela.pt\/s.01k8rhncp4jt1\/2025\/11\/talking-bot-125x125.png","contentUrl":"https:\/\/portaltela.pt\/s.01k8rhncp4jt1\/2025\/11\/talking-bot-125x125.png","caption":"Telinha"},"sameAs":["https:\/\/portaltela.pt\/"],"url":"https:\/\/portaltela.pt\/por\/367410592786\/"}]}},"_links":{"self":[{"href":"https:\/\/portaltela.pt\/api\/wp\/v2\/posts\/417322","targetHints":{"allow":["GET"]}}],"collection":[{"href":"https:\/\/portaltela.pt\/api\/wp\/v2\/posts"}],"about":[{"href":"https:\/\/portaltela.pt\/api\/wp\/v2\/types\/post"}],"author":[{"embeddable":true,"href":"https:\/\/portaltela.pt\/api\/wp\/v2\/users\/2"}],"replies":[{"embeddable":true,"href":"https:\/\/portaltela.pt\/api\/wp\/v2\/comments?post=417322"}],"version-history":[{"count":0,"href":"https:\/\/portaltela.pt\/api\/wp\/v2\/posts\/417322\/revisions"}],"wp:featuredmedia":[{"embeddable":true,"href":"https:\/\/portaltela.pt\/api\/wp\/v2\/media\/417324"}],"wp:attachment":[{"href":"https:\/\/portaltela.pt\/api\/wp\/v2\/media?parent=417322"}],"wp:term":[{"taxonomy":"category","embeddable":true,"href":"https:\/\/portaltela.pt\/api\/wp\/v2\/categories?post=417322"},{"taxonomy":"post_tag","embeddable":true,"href":"https:\/\/portaltela.pt\/api\/wp\/v2\/tags?post=417322"}],"curies":[{"name":"wp","href":"https:\/\/api.w.org\/{rel}","templated":true}]}}