{"id":417319,"date":"2026-03-20T09:57:20","date_gmt":"2026-03-20T12:57:20","guid":{"rendered":"https:\/\/portaltela.pt\/noticias\/2026\/03\/20\/julgamento-do-processo-tempestade-perfeita-e-marcado-para-junho\/"},"modified":"2026-03-20T09:57:20","modified_gmt":"2026-03-20T12:57:20","slug":"julgamento-do-processo-tempestade-perfeita-e-marcado-para-junho","status":"publish","type":"post","link":"https:\/\/portaltela.pt\/noticias\/2026\/03\/20\/julgamento-do-processo-tempestade-perfeita-e-marcado-para-junho\/","title":{"rendered":"Julgamento do processo Tempestade Perfeita \u00e9 marcado para junho"},"content":{"rendered":"<p>O Tribunal Central Criminal de Lisboa marcou o in\u00edcio do julgamento do processo Tempestade Perfeita para 3 de junho. O caso envolve suspeitas de corrup\u00e7\u00e3o em obras no setor da Defesa, com decis\u00e3o de levar a julgamento 73 arguidos, entre pessoas e empresas. O julgamento est\u00e1 previsto decorrer at\u00e9 25 de novembro de 2026, com uma pausa de cerca de dois meses durante as f\u00e9rias judiciais de ver\u00e3o.<\/p>\n<p>O despacho, assinado pela presidente do coletivo de ju\u00edzes a 8 de mar\u00e7o, confirma a data inicial em 3 de junho. O ac\u00f3rd\u00e3o de 13 de fevereiro de 2025 manteve a acusa\u00e7\u00e3o do Minist\u00e9rio P\u00fablico contra 43 pessoas e 30 empresas.<\/p>\n<p>Entre os arguidos est\u00e3o tr\u00eas antigos dirigentes da Dire\u00e7\u00e3o-Geral de Recursos da Defesa Nacional: Alberto Coelho, Paulo Morais Branco e Francisco Marques, acusados de diversos crimes. A den\u00fancia inclui corrup\u00e7\u00e3o, branqueamento de capitais, peculato e falsifica\u00e7\u00e3o de documentos.<\/p>\n<p>A acusa\u00e7\u00e3o centra-se em procedimentos de contrata\u00e7\u00e3o p\u00fablica de servi\u00e7os e obras, em que a DG Recursos da Defesa Nacional surge como adjudicante. Segundo o MP, determinadas empresas teriam obtido contrapartidas financeiras e patrimoniais em troca de favores.<\/p>\n<p>No centro do processo est\u00e1 a interven\u00e7\u00e3o de 2020 no antigo Hospital Militar de Bel\u00e9m, alvo de suspeitas de contrata\u00e7\u00e3o indevida. As suspeitas envolvem decis\u00f5es que beneficiaram entidades espec\u00edficas.<\/p>\n<p>O Minist\u00e9rio P\u00fablico solicita a perda de mais de um milh\u00e3o de euros a favor do Estado, related a crimes atribu\u00eddos a cerca de duas dezenas dos 73 arguidos. A peti\u00e7\u00e3o de perda \u00e9 parte do acervo financeiro do processo.<\/p>\n<p>A opera\u00e7\u00e3o Tempestade Perfeita foi realizada pela Pol\u00edcia Judici\u00e1ria, com coordena\u00e7\u00e3o do Minist\u00e9rio P\u00fablico, em 6 de dezembro de 2022. A defesa de eventuais arguidos e as audi\u00eancias devem acompanhar o desenrolar do julgamento.<\/p>\n","protected":false},"excerpt":{"rendered":"<ul>\n<li>O Tribunal Central Criminal de Lisboa marcou para 3 de junho o in\u00edcio do julgamento do processo Tempestade Perfeita, que poder\u00e1 decorrer at\u00e9 25 de novembro de 2026, com uma interrup\u00e7\u00e3o de cerca de dois meses no ver\u00e3o.<\/li>\n<li>Em 13 de fevereiro de 2025, o Tribunal Central de Instru\u00e7\u00e3o Criminal confirmou a acusa\u00e7\u00e3o contra 73 arguidos (43 pessoas e 30 empresas), que ir\u00e3o a julgamento.<\/li>\n<li>Entre os arguidos est\u00e3o tr\u00eas antigos dirigentes da Dire\u00e7\u00e3o-Geral de Recursos de Defesa Nacional: Alberto Coelho, Paulo Morais Branco e Francisco Marques.<\/li>\n<li>Os crimes alegados incluem corrup\u00e7\u00e3o, branqueamento de capitais, peculato e falsifica\u00e7\u00e3o ou contrafa\u00e7\u00e3o de documentos, relacionados com contrata\u00e7\u00f5es p\u00fablicas e obras adjudicadas pela defesa.<\/li>\n<li>No centro do processo est\u00e1 a interven\u00e7\u00e3o em 2020 no antigo Hospital Militar de Bel\u00e9m, estando a opera\u00e7\u00e3o Tempestade Perfeita, conduzida pela Pol\u00edcia Judici\u00e1ria com o Minist\u00e9rio P\u00fablico, a ter ocorrido a 6 de dezembro de 2022.<\/li>\n<\/ul>\n","protected":false},"author":2,"featured_media":417321,"comment_status":"closed","ping_status":"closed","sticky":false,"template":"","format":"standard","meta":{"footnotes":""},"categories":[6815,1],"tags":[191,5306,83,2336,260,259],"class_list":["post-417319","post","type-post","status-publish","format-standard","has-post-thumbnail","hentry","category-justica","category-noticias","tag-branqueamento-de-capitais","tag-contratacao-publica","tag-corrupcao","tag-defesa-nacional","tag-falsificacao-de-documentos","tag-peculato"],"yoast_head":"<!-- This site is optimized with the Yoast SEO plugin v27.2 - https:\/\/yoast.com\/product\/yoast-seo-wordpress\/ -->\n<title>Julgamento do processo Tempestade Perfeita \u00e9 marcado para junho - Portal Tela Portugal<\/title>\n<meta name=\"robots\" content=\"index, follow, max-snippet:-1, max-image-preview:large, max-video-preview:-1\" \/>\n<meta property=\"og:locale\" content=\"pt_PT\" \/>\n<meta property=\"og:type\" content=\"article\" \/>\n<meta property=\"og:title\" content=\"Julgamento do processo Tempestade Perfeita \u00e9 marcado para junho - Portal Tela Portugal\" \/>\n<meta property=\"og:description\" content=\"O Tribunal Central Criminal de Lisboa marcou para 3 de junho o in\u00edcio do julgamento do processo Tempestade Perfeita, que poder\u00e1 decorrer at\u00e9 25 de novembro de 2026, com uma interrup\u00e7\u00e3o de cerca de dois meses no ver\u00e3o. Em 13 de fevereiro de 2025, o Tribunal Central de Instru\u00e7\u00e3o Criminal confirmou a acusa\u00e7\u00e3o contra 73 arguidos (43 pessoas e 30 empresas), que ir\u00e3o a julgamento. Entre os arguidos est\u00e3o tr\u00eas antigos dirigentes da Dire\u00e7\u00e3o-Geral de Recursos de Defesa Nacional: Alberto Coelho, Paulo Morais Branco e Francisco Marques. Os crimes alegados incluem corrup\u00e7\u00e3o, branqueamento de capitais, peculato e falsifica\u00e7\u00e3o ou contrafa\u00e7\u00e3o de documentos, relacionados com contrata\u00e7\u00f5es p\u00fablicas e obras adjudicadas pela defesa. No centro do processo est\u00e1 a interven\u00e7\u00e3o em 2020 no antigo Hospital Militar de Bel\u00e9m, estando a opera\u00e7\u00e3o Tempestade Perfeita, conduzida pela Pol\u00edcia Judici\u00e1ria com o Minist\u00e9rio P\u00fablico, a ter ocorrido a 6 de dezembro de 2022.\" \/>\n<meta property=\"og:url\" content=\"https:\/\/portaltela.pt\/noticias\/2026\/03\/20\/julgamento-do-processo-tempestade-perfeita-e-marcado-para-junho\/\" \/>\n<meta property=\"og:site_name\" content=\"Portal Tela Portugal\" \/>\n<meta property=\"article:published_time\" content=\"2026-03-20T12:57:20+00:00\" \/>\n<meta name=\"author\" content=\"Telinha\" \/>\n<meta name=\"twitter:card\" content=\"summary_large_image\" \/>\n<meta name=\"twitter:label1\" content=\"Escrito por\" \/>\n\t<meta name=\"twitter:data1\" content=\"Telinha\" \/>\n\t<meta name=\"twitter:label2\" content=\"Tempo estimado de leitura\" \/>\n\t<meta name=\"twitter:data2\" content=\"2 minutos\" \/>\n<script type=\"application\/ld+json\" class=\"yoast-schema-graph\">{\"@context\":\"https:\/\/schema.org\",\"@graph\":[{\"@type\":\"Article\",\"@id\":\"https:\/\/portaltela.pt\/noticias\/2026\/03\/20\/julgamento-do-processo-tempestade-perfeita-e-marcado-para-junho\/#article\",\"isPartOf\":{\"@id\":\"https:\/\/portaltela.pt\/noticias\/2026\/03\/20\/julgamento-do-processo-tempestade-perfeita-e-marcado-para-junho\/\"},\"author\":{\"name\":\"Telinha\",\"@id\":\"https:\/\/portaltela.pt\/#\/schema\/person\/c4278d4a6028830caff9ee44b42d32ed\"},\"headline\":\"Julgamento do processo Tempestade Perfeita \u00e9 marcado para junho\",\"datePublished\":\"2026-03-20T12:57:20+00:00\",\"mainEntityOfPage\":{\"@id\":\"https:\/\/portaltela.pt\/noticias\/2026\/03\/20\/julgamento-do-processo-tempestade-perfeita-e-marcado-para-junho\/\"},\"wordCount\":320,\"image\":{\"@id\":\"https:\/\/portaltela.pt\/noticias\/2026\/03\/20\/julgamento-do-processo-tempestade-perfeita-e-marcado-para-junho\/#primaryimage\"},\"thumbnailUrl\":\"https:\/\/portaltela.pt\/s.01k8rhncp4jt1\/2026\/03\/img_1500x1000uu2023-06-24-23-41-25-1380068.jpg\",\"keywords\":[\"branqueamento de capitais\",\"contrata\u00e7\u00e3o p\u00fablica\",\"corrup\u00e7\u00e3o\",\"Defesa Nacional\",\"falsifica\u00e7\u00e3o de documentos\",\"peculato\"],\"articleSection\":[\"Justi\u00e7a\",\"Not\u00edcias\"],\"inLanguage\":\"pt-PT\"},{\"@type\":\"WebPage\",\"@id\":\"https:\/\/portaltela.pt\/noticias\/2026\/03\/20\/julgamento-do-processo-tempestade-perfeita-e-marcado-para-junho\/\",\"url\":\"https:\/\/portaltela.pt\/noticias\/2026\/03\/20\/julgamento-do-processo-tempestade-perfeita-e-marcado-para-junho\/\",\"name\":\"Julgamento do processo Tempestade Perfeita \u00e9 marcado para junho - Portal Tela Portugal\",\"isPartOf\":{\"@id\":\"https:\/\/portaltela.pt\/#website\"},\"primaryImageOfPage\":{\"@id\":\"https:\/\/portaltela.pt\/noticias\/2026\/03\/20\/julgamento-do-processo-tempestade-perfeita-e-marcado-para-junho\/#primaryimage\"},\"image\":{\"@id\":\"https:\/\/portaltela.pt\/noticias\/2026\/03\/20\/julgamento-do-processo-tempestade-perfeita-e-marcado-para-junho\/#primaryimage\"},\"thumbnailUrl\":\"https:\/\/portaltela.pt\/s.01k8rhncp4jt1\/2026\/03\/img_1500x1000uu2023-06-24-23-41-25-1380068.jpg\",\"datePublished\":\"2026-03-20T12:57:20+00:00\",\"author\":{\"@id\":\"https:\/\/portaltela.pt\/#\/schema\/person\/c4278d4a6028830caff9ee44b42d32ed\"},\"breadcrumb\":{\"@id\":\"https:\/\/portaltela.pt\/noticias\/2026\/03\/20\/julgamento-do-processo-tempestade-perfeita-e-marcado-para-junho\/#breadcrumb\"},\"inLanguage\":\"pt-PT\",\"potentialAction\":[{\"@type\":\"ReadAction\",\"target\":[\"https:\/\/portaltela.pt\/noticias\/2026\/03\/20\/julgamento-do-processo-tempestade-perfeita-e-marcado-para-junho\/\"]}]},{\"@type\":\"ImageObject\",\"inLanguage\":\"pt-PT\",\"@id\":\"https:\/\/portaltela.pt\/noticias\/2026\/03\/20\/julgamento-do-processo-tempestade-perfeita-e-marcado-para-junho\/#primaryimage\",\"url\":\"https:\/\/portaltela.pt\/s.01k8rhncp4jt1\/2026\/03\/img_1500x1000uu2023-06-24-23-41-25-1380068.jpg\",\"contentUrl\":\"https:\/\/portaltela.pt\/s.01k8rhncp4jt1\/2026\/03\/img_1500x1000uu2023-06-24-23-41-25-1380068.jpg\",\"width\":796,\"height\":448,\"caption\":\"tribunal\"},{\"@type\":\"BreadcrumbList\",\"@id\":\"https:\/\/portaltela.pt\/noticias\/2026\/03\/20\/julgamento-do-processo-tempestade-perfeita-e-marcado-para-junho\/#breadcrumb\",\"itemListElement\":[{\"@type\":\"ListItem\",\"position\":1,\"name\":\"In\u00edcio\",\"item\":\"https:\/\/portaltela.pt\/\"},{\"@type\":\"ListItem\",\"position\":2,\"name\":\"Julgamento do processo Tempestade Perfeita \u00e9 marcado para junho\"}]},{\"@type\":\"WebSite\",\"@id\":\"https:\/\/portaltela.pt\/#website\",\"url\":\"https:\/\/portaltela.pt\/\",\"name\":\"Portal Tela Portugal\",\"description\":\"\",\"potentialAction\":[{\"@type\":\"SearchAction\",\"target\":{\"@type\":\"EntryPoint\",\"urlTemplate\":\"https:\/\/portaltela.pt\/?s={search_term_string}\"},\"query-input\":{\"@type\":\"PropertyValueSpecification\",\"valueRequired\":true,\"valueName\":\"search_term_string\"}}],\"inLanguage\":\"pt-PT\"},{\"@type\":\"Person\",\"@id\":\"https:\/\/portaltela.pt\/#\/schema\/person\/c4278d4a6028830caff9ee44b42d32ed\",\"name\":\"Telinha\",\"image\":{\"@type\":\"ImageObject\",\"inLanguage\":\"pt-PT\",\"@id\":\"https:\/\/portaltela.pt\/s.01k8rhncp4jt1\/2025\/11\/talking-bot-125x125.png\",\"url\":\"https:\/\/portaltela.pt\/s.01k8rhncp4jt1\/2025\/11\/talking-bot-125x125.png\",\"contentUrl\":\"https:\/\/portaltela.pt\/s.01k8rhncp4jt1\/2025\/11\/talking-bot-125x125.png\",\"caption\":\"Telinha\"},\"sameAs\":[\"https:\/\/portaltela.pt\/\"],\"url\":\"https:\/\/portaltela.pt\/por\/367410592786\/\"}]}<\/script>\n<!-- \/ Yoast SEO plugin. -->","yoast_head_json":{"title":"Julgamento do processo Tempestade Perfeita \u00e9 marcado para junho - Portal Tela Portugal","robots":{"index":"index","follow":"follow","max-snippet":"max-snippet:-1","max-image-preview":"max-image-preview:large","max-video-preview":"max-video-preview:-1"},"og_locale":"pt_PT","og_type":"article","og_title":"Julgamento do processo Tempestade Perfeita \u00e9 marcado para junho - Portal Tela Portugal","og_description":"O Tribunal Central Criminal de Lisboa marcou para 3 de junho o in\u00edcio do julgamento do processo Tempestade Perfeita, que poder\u00e1 decorrer at\u00e9 25 de novembro de 2026, com uma interrup\u00e7\u00e3o de cerca de dois meses no ver\u00e3o. Em 13 de fevereiro de 2025, o Tribunal Central de Instru\u00e7\u00e3o Criminal confirmou a acusa\u00e7\u00e3o contra 73 arguidos (43 pessoas e 30 empresas), que ir\u00e3o a julgamento. Entre os arguidos est\u00e3o tr\u00eas antigos dirigentes da Dire\u00e7\u00e3o-Geral de Recursos de Defesa Nacional: Alberto Coelho, Paulo Morais Branco e Francisco Marques. Os crimes alegados incluem corrup\u00e7\u00e3o, branqueamento de capitais, peculato e falsifica\u00e7\u00e3o ou contrafa\u00e7\u00e3o de documentos, relacionados com contrata\u00e7\u00f5es p\u00fablicas e obras adjudicadas pela defesa. No centro do processo est\u00e1 a interven\u00e7\u00e3o em 2020 no antigo Hospital Militar de Bel\u00e9m, estando a opera\u00e7\u00e3o Tempestade Perfeita, conduzida pela Pol\u00edcia Judici\u00e1ria com o Minist\u00e9rio P\u00fablico, a ter ocorrido a 6 de dezembro de 2022.","og_url":"https:\/\/portaltela.pt\/noticias\/2026\/03\/20\/julgamento-do-processo-tempestade-perfeita-e-marcado-para-junho\/","og_site_name":"Portal Tela Portugal","article_published_time":"2026-03-20T12:57:20+00:00","author":"Telinha","twitter_card":"summary_large_image","twitter_misc":{"Escrito por":"Telinha","Tempo estimado de leitura":"2 minutos"},"schema":{"@context":"https:\/\/schema.org","@graph":[{"@type":"Article","@id":"https:\/\/portaltela.pt\/noticias\/2026\/03\/20\/julgamento-do-processo-tempestade-perfeita-e-marcado-para-junho\/#article","isPartOf":{"@id":"https:\/\/portaltela.pt\/noticias\/2026\/03\/20\/julgamento-do-processo-tempestade-perfeita-e-marcado-para-junho\/"},"author":{"name":"Telinha","@id":"https:\/\/portaltela.pt\/#\/schema\/person\/c4278d4a6028830caff9ee44b42d32ed"},"headline":"Julgamento do processo Tempestade Perfeita \u00e9 marcado para junho","datePublished":"2026-03-20T12:57:20+00:00","mainEntityOfPage":{"@id":"https:\/\/portaltela.pt\/noticias\/2026\/03\/20\/julgamento-do-processo-tempestade-perfeita-e-marcado-para-junho\/"},"wordCount":320,"image":{"@id":"https:\/\/portaltela.pt\/noticias\/2026\/03\/20\/julgamento-do-processo-tempestade-perfeita-e-marcado-para-junho\/#primaryimage"},"thumbnailUrl":"https:\/\/portaltela.pt\/s.01k8rhncp4jt1\/2026\/03\/img_1500x1000uu2023-06-24-23-41-25-1380068.jpg","keywords":["branqueamento de capitais","contrata\u00e7\u00e3o p\u00fablica","corrup\u00e7\u00e3o","Defesa Nacional","falsifica\u00e7\u00e3o de documentos","peculato"],"articleSection":["Justi\u00e7a","Not\u00edcias"],"inLanguage":"pt-PT"},{"@type":"WebPage","@id":"https:\/\/portaltela.pt\/noticias\/2026\/03\/20\/julgamento-do-processo-tempestade-perfeita-e-marcado-para-junho\/","url":"https:\/\/portaltela.pt\/noticias\/2026\/03\/20\/julgamento-do-processo-tempestade-perfeita-e-marcado-para-junho\/","name":"Julgamento do processo Tempestade Perfeita \u00e9 marcado para junho - Portal Tela Portugal","isPartOf":{"@id":"https:\/\/portaltela.pt\/#website"},"primaryImageOfPage":{"@id":"https:\/\/portaltela.pt\/noticias\/2026\/03\/20\/julgamento-do-processo-tempestade-perfeita-e-marcado-para-junho\/#primaryimage"},"image":{"@id":"https:\/\/portaltela.pt\/noticias\/2026\/03\/20\/julgamento-do-processo-tempestade-perfeita-e-marcado-para-junho\/#primaryimage"},"thumbnailUrl":"https:\/\/portaltela.pt\/s.01k8rhncp4jt1\/2026\/03\/img_1500x1000uu2023-06-24-23-41-25-1380068.jpg","datePublished":"2026-03-20T12:57:20+00:00","author":{"@id":"https:\/\/portaltela.pt\/#\/schema\/person\/c4278d4a6028830caff9ee44b42d32ed"},"breadcrumb":{"@id":"https:\/\/portaltela.pt\/noticias\/2026\/03\/20\/julgamento-do-processo-tempestade-perfeita-e-marcado-para-junho\/#breadcrumb"},"inLanguage":"pt-PT","potentialAction":[{"@type":"ReadAction","target":["https:\/\/portaltela.pt\/noticias\/2026\/03\/20\/julgamento-do-processo-tempestade-perfeita-e-marcado-para-junho\/"]}]},{"@type":"ImageObject","inLanguage":"pt-PT","@id":"https:\/\/portaltela.pt\/noticias\/2026\/03\/20\/julgamento-do-processo-tempestade-perfeita-e-marcado-para-junho\/#primaryimage","url":"https:\/\/portaltela.pt\/s.01k8rhncp4jt1\/2026\/03\/img_1500x1000uu2023-06-24-23-41-25-1380068.jpg","contentUrl":"https:\/\/portaltela.pt\/s.01k8rhncp4jt1\/2026\/03\/img_1500x1000uu2023-06-24-23-41-25-1380068.jpg","width":796,"height":448,"caption":"tribunal"},{"@type":"BreadcrumbList","@id":"https:\/\/portaltela.pt\/noticias\/2026\/03\/20\/julgamento-do-processo-tempestade-perfeita-e-marcado-para-junho\/#breadcrumb","itemListElement":[{"@type":"ListItem","position":1,"name":"In\u00edcio","item":"https:\/\/portaltela.pt\/"},{"@type":"ListItem","position":2,"name":"Julgamento do processo Tempestade Perfeita \u00e9 marcado para junho"}]},{"@type":"WebSite","@id":"https:\/\/portaltela.pt\/#website","url":"https:\/\/portaltela.pt\/","name":"Portal Tela Portugal","description":"","potentialAction":[{"@type":"SearchAction","target":{"@type":"EntryPoint","urlTemplate":"https:\/\/portaltela.pt\/?s={search_term_string}"},"query-input":{"@type":"PropertyValueSpecification","valueRequired":true,"valueName":"search_term_string"}}],"inLanguage":"pt-PT"},{"@type":"Person","@id":"https:\/\/portaltela.pt\/#\/schema\/person\/c4278d4a6028830caff9ee44b42d32ed","name":"Telinha","image":{"@type":"ImageObject","inLanguage":"pt-PT","@id":"https:\/\/portaltela.pt\/s.01k8rhncp4jt1\/2025\/11\/talking-bot-125x125.png","url":"https:\/\/portaltela.pt\/s.01k8rhncp4jt1\/2025\/11\/talking-bot-125x125.png","contentUrl":"https:\/\/portaltela.pt\/s.01k8rhncp4jt1\/2025\/11\/talking-bot-125x125.png","caption":"Telinha"},"sameAs":["https:\/\/portaltela.pt\/"],"url":"https:\/\/portaltela.pt\/por\/367410592786\/"}]}},"_links":{"self":[{"href":"https:\/\/portaltela.pt\/api\/wp\/v2\/posts\/417319","targetHints":{"allow":["GET"]}}],"collection":[{"href":"https:\/\/portaltela.pt\/api\/wp\/v2\/posts"}],"about":[{"href":"https:\/\/portaltela.pt\/api\/wp\/v2\/types\/post"}],"author":[{"embeddable":true,"href":"https:\/\/portaltela.pt\/api\/wp\/v2\/users\/2"}],"replies":[{"embeddable":true,"href":"https:\/\/portaltela.pt\/api\/wp\/v2\/comments?post=417319"}],"version-history":[{"count":0,"href":"https:\/\/portaltela.pt\/api\/wp\/v2\/posts\/417319\/revisions"}],"wp:featuredmedia":[{"embeddable":true,"href":"https:\/\/portaltela.pt\/api\/wp\/v2\/media\/417321"}],"wp:attachment":[{"href":"https:\/\/portaltela.pt\/api\/wp\/v2\/media?parent=417319"}],"wp:term":[{"taxonomy":"category","embeddable":true,"href":"https:\/\/portaltela.pt\/api\/wp\/v2\/categories?post=417319"},{"taxonomy":"post_tag","embeddable":true,"href":"https:\/\/portaltela.pt\/api\/wp\/v2\/tags?post=417319"}],"curies":[{"name":"wp","href":"https:\/\/api.w.org\/{rel}","templated":true}]}}