{"id":417302,"date":"2026-03-20T09:42:38","date_gmt":"2026-03-20T12:42:38","guid":{"rendered":"https:\/\/portaltela.pt\/noticias\/2026\/03\/20\/vento-extremo-destroi-dois-armazens-em-vila-do-bispo\/"},"modified":"2026-03-20T09:42:38","modified_gmt":"2026-03-20T12:42:38","slug":"vento-extremo-destroi-dois-armazens-em-vila-do-bispo","status":"publish","type":"post","link":"https:\/\/portaltela.pt\/tempo\/2026\/03\/20\/vento-extremo-destroi-dois-armazens-em-vila-do-bispo\/","title":{"rendered":"Vento extremo destr\u00f3i dois armaz\u00e9ns em Vila do Bispo"},"content":{"rendered":"<p>Um fen\u00f3meno de vento extremo destruiu dois armaz\u00e9ns agr\u00edcolas e os equipamentos a\u00ed contidos no S\u00edtio da Boeira, freguesia de Budens, no concelho de Vila do Bispo. O incidente ocorreu entre as 06h10 e as 06h29 desta sexta-feira, segundo o IPMA.<\/p>\n<p>O alerta foi registado \u00e0s 07h54, apontando que o fen\u00f3meno apresentava caracter\u00edsticas compat\u00edveis com vento de natureza convectiva. O IPMA classificou o evento como convectivo, ligado a correntes ascendentes de ar.<\/p>\n<p>Uma ovelha situada no local foi atingida por uma chapa de metal. O animal recebeu cuidados m\u00e9dicos imediatos de um veterin\u00e1rio da ASCAL e encontra-se a recuperar.<\/p>\n<p>N\u00e3o houve informa\u00e7\u00e3o sobre ferimentos adicionais em pessoas. Em rela\u00e7\u00e3o aos danos materiais, os dois armaz\u00e9ns ficam localizados no mesmo terreno e foram destru\u00eddos, com o equipamento agr\u00edcola danificado. O ocorrido envolve produtores locais e autoridades locais que j\u00e1 avaliar\u00e3o a situa\u00e7\u00e3o.<\/p>\n","protected":false},"excerpt":{"rendered":"<ul>\n<li>Dois armaz\u00e9ns agr\u00edcolas e os respetivos equipamentos ficaram destru\u00eddos no S\u00edtio da Boeira, Budens, Vila do Bispo, ap\u00f3s um fen\u00f3meno de vento extremo.<\/li>\n<li>A ovelha foi atingida por uma chapa e j\u00e1 recebeu cuidados m\u00e9dicos de um veterin\u00e1rio da ASCAL.<\/li>\n<li>O alerta foi dado \u00e0s 07h54 desta sexta-feira; o IPMA aponta que o fen\u00f3meno ocorreu entre as 06h10 e as 06h29.<\/li>\n<li>O IPMA classifica o fen\u00f3meno como de natureza convectiva.<\/li>\n<li>O caso ocorreu de sexta-feira de manh\u00e3, durante as primeiras horas do dia.<\/li>\n<\/ul>\n","protected":false},"author":2,"featured_media":417311,"comment_status":"closed","ping_status":"closed","sticky":false,"template":"","format":"standard","meta":{"footnotes":""},"categories":[7380,7365],"tags":[179,3765,7429,5215,7260,4782],"class_list":["post-417302","post","type-post","status-publish","format-standard","has-post-thumbnail","hentry","category-clima","category-tempo","tag-agricultura","tag-armazens","tag-budens","tag-catastrofes-naturais","tag-destruicao","tag-vento"],"yoast_head":"<!-- This site is optimized with the Yoast SEO plugin v27.2 - https:\/\/yoast.com\/product\/yoast-seo-wordpress\/ -->\n<title>Vento extremo destr\u00f3i dois armaz\u00e9ns em Vila do Bispo - Portal Tela Portugal<\/title>\n<meta name=\"robots\" content=\"index, follow, max-snippet:-1, max-image-preview:large, max-video-preview:-1\" \/>\n<meta property=\"og:locale\" content=\"pt_PT\" \/>\n<meta property=\"og:type\" content=\"article\" \/>\n<meta property=\"og:title\" content=\"Vento extremo destr\u00f3i dois armaz\u00e9ns em Vila do Bispo - Portal Tela Portugal\" \/>\n<meta property=\"og:description\" content=\"Dois armaz\u00e9ns agr\u00edcolas e os respetivos equipamentos ficaram destru\u00eddos no S\u00edtio da Boeira, Budens, Vila do Bispo, ap\u00f3s um fen\u00f3meno de vento extremo. A ovelha foi atingida por uma chapa e j\u00e1 recebeu cuidados m\u00e9dicos de um veterin\u00e1rio da ASCAL. O alerta foi dado \u00e0s 07h54 desta sexta-feira; o IPMA aponta que o fen\u00f3meno ocorreu entre as 06h10 e as 06h29. O IPMA classifica o fen\u00f3meno como de natureza convectiva. O caso ocorreu de sexta-feira de manh\u00e3, durante as primeiras horas do dia.\" \/>\n<meta property=\"og:url\" content=\"https:\/\/portaltela.pt\/noticias\/2026\/03\/20\/vento-extremo-destroi-dois-armazens-em-vila-do-bispo\/\" \/>\n<meta property=\"og:site_name\" content=\"Portal Tela Portugal\" \/>\n<meta property=\"article:published_time\" content=\"2026-03-20T12:42:38+00:00\" \/>\n<meta name=\"author\" content=\"Telinha\" \/>\n<meta name=\"twitter:card\" content=\"summary_large_image\" \/>\n<meta name=\"twitter:label1\" content=\"Escrito por\" \/>\n\t<meta name=\"twitter:data1\" content=\"Telinha\" \/>\n\t<meta name=\"twitter:label2\" content=\"Tempo estimado de leitura\" \/>\n\t<meta name=\"twitter:data2\" content=\"1 minuto\" \/>\n<script type=\"application\/ld+json\" class=\"yoast-schema-graph\">{\"@context\":\"https:\/\/schema.org\",\"@graph\":[{\"@type\":\"Article\",\"@id\":\"https:\/\/portaltela.pt\/noticias\/2026\/03\/20\/vento-extremo-destroi-dois-armazens-em-vila-do-bispo\/#article\",\"isPartOf\":{\"@id\":\"https:\/\/portaltela.pt\/noticias\/2026\/03\/20\/vento-extremo-destroi-dois-armazens-em-vila-do-bispo\/\"},\"author\":{\"name\":\"Telinha\",\"@id\":\"https:\/\/portaltela.pt\/#\/schema\/person\/c4278d4a6028830caff9ee44b42d32ed\"},\"headline\":\"Vento extremo destr\u00f3i dois armaz\u00e9ns em Vila do Bispo\",\"datePublished\":\"2026-03-20T12:42:38+00:00\",\"mainEntityOfPage\":{\"@id\":\"https:\/\/portaltela.pt\/noticias\/2026\/03\/20\/vento-extremo-destroi-dois-armazens-em-vila-do-bispo\/\"},\"wordCount\":169,\"image\":{\"@id\":\"https:\/\/portaltela.pt\/noticias\/2026\/03\/20\/vento-extremo-destroi-dois-armazens-em-vila-do-bispo\/#primaryimage\"},\"thumbnailUrl\":\"https:\/\/portaltela.pt\/s.01k8rhncp4jt1\/2026\/03\/img_1280x721uu2026-03-20-11-59-28-2273657.jpg\",\"keywords\":[\"agricultura\",\"armaz\u00e9ns\",\"Budens\",\"cat\u00e1strofes naturais\",\"destrui\u00e7\u00e3o\",\"vento\"],\"articleSection\":[\"Clima\",\"Tempo\"],\"inLanguage\":\"pt-PT\"},{\"@type\":\"WebPage\",\"@id\":\"https:\/\/portaltela.pt\/noticias\/2026\/03\/20\/vento-extremo-destroi-dois-armazens-em-vila-do-bispo\/\",\"url\":\"https:\/\/portaltela.pt\/noticias\/2026\/03\/20\/vento-extremo-destroi-dois-armazens-em-vila-do-bispo\/\",\"name\":\"Vento extremo destr\u00f3i dois armaz\u00e9ns em Vila do Bispo - Portal Tela Portugal\",\"isPartOf\":{\"@id\":\"https:\/\/portaltela.pt\/#website\"},\"primaryImageOfPage\":{\"@id\":\"https:\/\/portaltela.pt\/noticias\/2026\/03\/20\/vento-extremo-destroi-dois-armazens-em-vila-do-bispo\/#primaryimage\"},\"image\":{\"@id\":\"https:\/\/portaltela.pt\/noticias\/2026\/03\/20\/vento-extremo-destroi-dois-armazens-em-vila-do-bispo\/#primaryimage\"},\"thumbnailUrl\":\"https:\/\/portaltela.pt\/s.01k8rhncp4jt1\/2026\/03\/img_1280x721uu2026-03-20-11-59-28-2273657.jpg\",\"datePublished\":\"2026-03-20T12:42:38+00:00\",\"author\":{\"@id\":\"https:\/\/portaltela.pt\/#\/schema\/person\/c4278d4a6028830caff9ee44b42d32ed\"},\"breadcrumb\":{\"@id\":\"https:\/\/portaltela.pt\/noticias\/2026\/03\/20\/vento-extremo-destroi-dois-armazens-em-vila-do-bispo\/#breadcrumb\"},\"inLanguage\":\"pt-PT\",\"potentialAction\":[{\"@type\":\"ReadAction\",\"target\":[\"https:\/\/portaltela.pt\/noticias\/2026\/03\/20\/vento-extremo-destroi-dois-armazens-em-vila-do-bispo\/\"]}]},{\"@type\":\"ImageObject\",\"inLanguage\":\"pt-PT\",\"@id\":\"https:\/\/portaltela.pt\/noticias\/2026\/03\/20\/vento-extremo-destroi-dois-armazens-em-vila-do-bispo\/#primaryimage\",\"url\":\"https:\/\/portaltela.pt\/s.01k8rhncp4jt1\/2026\/03\/img_1280x721uu2026-03-20-11-59-28-2273657.jpg\",\"contentUrl\":\"https:\/\/portaltela.pt\/s.01k8rhncp4jt1\/2026\/03\/img_1280x721uu2026-03-20-11-59-28-2273657.jpg\",\"width\":1280,\"height\":721,\"caption\":\"Casa destru\u00edda ap\u00f3s forte tempestade, com escombros e objetos espalhados\"},{\"@type\":\"BreadcrumbList\",\"@id\":\"https:\/\/portaltela.pt\/noticias\/2026\/03\/20\/vento-extremo-destroi-dois-armazens-em-vila-do-bispo\/#breadcrumb\",\"itemListElement\":[{\"@type\":\"ListItem\",\"position\":1,\"name\":\"In\u00edcio\",\"item\":\"https:\/\/portaltela.pt\/\"},{\"@type\":\"ListItem\",\"position\":2,\"name\":\"Vento extremo destr\u00f3i dois armaz\u00e9ns em Vila do Bispo\"}]},{\"@type\":\"WebSite\",\"@id\":\"https:\/\/portaltela.pt\/#website\",\"url\":\"https:\/\/portaltela.pt\/\",\"name\":\"Portal Tela Portugal\",\"description\":\"\",\"potentialAction\":[{\"@type\":\"SearchAction\",\"target\":{\"@type\":\"EntryPoint\",\"urlTemplate\":\"https:\/\/portaltela.pt\/?s={search_term_string}\"},\"query-input\":{\"@type\":\"PropertyValueSpecification\",\"valueRequired\":true,\"valueName\":\"search_term_string\"}}],\"inLanguage\":\"pt-PT\"},{\"@type\":\"Person\",\"@id\":\"https:\/\/portaltela.pt\/#\/schema\/person\/c4278d4a6028830caff9ee44b42d32ed\",\"name\":\"Telinha\",\"image\":{\"@type\":\"ImageObject\",\"inLanguage\":\"pt-PT\",\"@id\":\"https:\/\/portaltela.pt\/s.01k8rhncp4jt1\/2025\/11\/talking-bot-125x125.png\",\"url\":\"https:\/\/portaltela.pt\/s.01k8rhncp4jt1\/2025\/11\/talking-bot-125x125.png\",\"contentUrl\":\"https:\/\/portaltela.pt\/s.01k8rhncp4jt1\/2025\/11\/talking-bot-125x125.png\",\"caption\":\"Telinha\"},\"sameAs\":[\"https:\/\/portaltela.pt\/\"],\"url\":\"https:\/\/portaltela.pt\/por\/367410592786\/\"}]}<\/script>\n<!-- \/ Yoast SEO plugin. -->","yoast_head_json":{"title":"Vento extremo destr\u00f3i dois armaz\u00e9ns em Vila do Bispo - Portal Tela Portugal","robots":{"index":"index","follow":"follow","max-snippet":"max-snippet:-1","max-image-preview":"max-image-preview:large","max-video-preview":"max-video-preview:-1"},"og_locale":"pt_PT","og_type":"article","og_title":"Vento extremo destr\u00f3i dois armaz\u00e9ns em Vila do Bispo - Portal Tela Portugal","og_description":"Dois armaz\u00e9ns agr\u00edcolas e os respetivos equipamentos ficaram destru\u00eddos no S\u00edtio da Boeira, Budens, Vila do Bispo, ap\u00f3s um fen\u00f3meno de vento extremo. A ovelha foi atingida por uma chapa e j\u00e1 recebeu cuidados m\u00e9dicos de um veterin\u00e1rio da ASCAL. O alerta foi dado \u00e0s 07h54 desta sexta-feira; o IPMA aponta que o fen\u00f3meno ocorreu entre as 06h10 e as 06h29. O IPMA classifica o fen\u00f3meno como de natureza convectiva. O caso ocorreu de sexta-feira de manh\u00e3, durante as primeiras horas do dia.","og_url":"https:\/\/portaltela.pt\/noticias\/2026\/03\/20\/vento-extremo-destroi-dois-armazens-em-vila-do-bispo\/","og_site_name":"Portal Tela Portugal","article_published_time":"2026-03-20T12:42:38+00:00","author":"Telinha","twitter_card":"summary_large_image","twitter_misc":{"Escrito por":"Telinha","Tempo estimado de leitura":"1 minuto"},"schema":{"@context":"https:\/\/schema.org","@graph":[{"@type":"Article","@id":"https:\/\/portaltela.pt\/noticias\/2026\/03\/20\/vento-extremo-destroi-dois-armazens-em-vila-do-bispo\/#article","isPartOf":{"@id":"https:\/\/portaltela.pt\/noticias\/2026\/03\/20\/vento-extremo-destroi-dois-armazens-em-vila-do-bispo\/"},"author":{"name":"Telinha","@id":"https:\/\/portaltela.pt\/#\/schema\/person\/c4278d4a6028830caff9ee44b42d32ed"},"headline":"Vento extremo destr\u00f3i dois armaz\u00e9ns em Vila do Bispo","datePublished":"2026-03-20T12:42:38+00:00","mainEntityOfPage":{"@id":"https:\/\/portaltela.pt\/noticias\/2026\/03\/20\/vento-extremo-destroi-dois-armazens-em-vila-do-bispo\/"},"wordCount":169,"image":{"@id":"https:\/\/portaltela.pt\/noticias\/2026\/03\/20\/vento-extremo-destroi-dois-armazens-em-vila-do-bispo\/#primaryimage"},"thumbnailUrl":"https:\/\/portaltela.pt\/s.01k8rhncp4jt1\/2026\/03\/img_1280x721uu2026-03-20-11-59-28-2273657.jpg","keywords":["agricultura","armaz\u00e9ns","Budens","cat\u00e1strofes naturais","destrui\u00e7\u00e3o","vento"],"articleSection":["Clima","Tempo"],"inLanguage":"pt-PT"},{"@type":"WebPage","@id":"https:\/\/portaltela.pt\/noticias\/2026\/03\/20\/vento-extremo-destroi-dois-armazens-em-vila-do-bispo\/","url":"https:\/\/portaltela.pt\/noticias\/2026\/03\/20\/vento-extremo-destroi-dois-armazens-em-vila-do-bispo\/","name":"Vento extremo destr\u00f3i dois armaz\u00e9ns em Vila do Bispo - Portal Tela Portugal","isPartOf":{"@id":"https:\/\/portaltela.pt\/#website"},"primaryImageOfPage":{"@id":"https:\/\/portaltela.pt\/noticias\/2026\/03\/20\/vento-extremo-destroi-dois-armazens-em-vila-do-bispo\/#primaryimage"},"image":{"@id":"https:\/\/portaltela.pt\/noticias\/2026\/03\/20\/vento-extremo-destroi-dois-armazens-em-vila-do-bispo\/#primaryimage"},"thumbnailUrl":"https:\/\/portaltela.pt\/s.01k8rhncp4jt1\/2026\/03\/img_1280x721uu2026-03-20-11-59-28-2273657.jpg","datePublished":"2026-03-20T12:42:38+00:00","author":{"@id":"https:\/\/portaltela.pt\/#\/schema\/person\/c4278d4a6028830caff9ee44b42d32ed"},"breadcrumb":{"@id":"https:\/\/portaltela.pt\/noticias\/2026\/03\/20\/vento-extremo-destroi-dois-armazens-em-vila-do-bispo\/#breadcrumb"},"inLanguage":"pt-PT","potentialAction":[{"@type":"ReadAction","target":["https:\/\/portaltela.pt\/noticias\/2026\/03\/20\/vento-extremo-destroi-dois-armazens-em-vila-do-bispo\/"]}]},{"@type":"ImageObject","inLanguage":"pt-PT","@id":"https:\/\/portaltela.pt\/noticias\/2026\/03\/20\/vento-extremo-destroi-dois-armazens-em-vila-do-bispo\/#primaryimage","url":"https:\/\/portaltela.pt\/s.01k8rhncp4jt1\/2026\/03\/img_1280x721uu2026-03-20-11-59-28-2273657.jpg","contentUrl":"https:\/\/portaltela.pt\/s.01k8rhncp4jt1\/2026\/03\/img_1280x721uu2026-03-20-11-59-28-2273657.jpg","width":1280,"height":721,"caption":"Casa destru\u00edda ap\u00f3s forte tempestade, com escombros e objetos espalhados"},{"@type":"BreadcrumbList","@id":"https:\/\/portaltela.pt\/noticias\/2026\/03\/20\/vento-extremo-destroi-dois-armazens-em-vila-do-bispo\/#breadcrumb","itemListElement":[{"@type":"ListItem","position":1,"name":"In\u00edcio","item":"https:\/\/portaltela.pt\/"},{"@type":"ListItem","position":2,"name":"Vento extremo destr\u00f3i dois armaz\u00e9ns em Vila do Bispo"}]},{"@type":"WebSite","@id":"https:\/\/portaltela.pt\/#website","url":"https:\/\/portaltela.pt\/","name":"Portal Tela Portugal","description":"","potentialAction":[{"@type":"SearchAction","target":{"@type":"EntryPoint","urlTemplate":"https:\/\/portaltela.pt\/?s={search_term_string}"},"query-input":{"@type":"PropertyValueSpecification","valueRequired":true,"valueName":"search_term_string"}}],"inLanguage":"pt-PT"},{"@type":"Person","@id":"https:\/\/portaltela.pt\/#\/schema\/person\/c4278d4a6028830caff9ee44b42d32ed","name":"Telinha","image":{"@type":"ImageObject","inLanguage":"pt-PT","@id":"https:\/\/portaltela.pt\/s.01k8rhncp4jt1\/2025\/11\/talking-bot-125x125.png","url":"https:\/\/portaltela.pt\/s.01k8rhncp4jt1\/2025\/11\/talking-bot-125x125.png","contentUrl":"https:\/\/portaltela.pt\/s.01k8rhncp4jt1\/2025\/11\/talking-bot-125x125.png","caption":"Telinha"},"sameAs":["https:\/\/portaltela.pt\/"],"url":"https:\/\/portaltela.pt\/por\/367410592786\/"}]}},"_links":{"self":[{"href":"https:\/\/portaltela.pt\/api\/wp\/v2\/posts\/417302","targetHints":{"allow":["GET"]}}],"collection":[{"href":"https:\/\/portaltela.pt\/api\/wp\/v2\/posts"}],"about":[{"href":"https:\/\/portaltela.pt\/api\/wp\/v2\/types\/post"}],"author":[{"embeddable":true,"href":"https:\/\/portaltela.pt\/api\/wp\/v2\/users\/2"}],"replies":[{"embeddable":true,"href":"https:\/\/portaltela.pt\/api\/wp\/v2\/comments?post=417302"}],"version-history":[{"count":0,"href":"https:\/\/portaltela.pt\/api\/wp\/v2\/posts\/417302\/revisions"}],"wp:featuredmedia":[{"embeddable":true,"href":"https:\/\/portaltela.pt\/api\/wp\/v2\/media\/417311"}],"wp:attachment":[{"href":"https:\/\/portaltela.pt\/api\/wp\/v2\/media?parent=417302"}],"wp:term":[{"taxonomy":"category","embeddable":true,"href":"https:\/\/portaltela.pt\/api\/wp\/v2\/categories?post=417302"},{"taxonomy":"post_tag","embeddable":true,"href":"https:\/\/portaltela.pt\/api\/wp\/v2\/tags?post=417302"}],"curies":[{"name":"wp","href":"https:\/\/api.w.org\/{rel}","templated":true}]}}