{"id":417296,"date":"2026-03-20T09:40:00","date_gmt":"2026-03-20T12:40:00","guid":{"rendered":"https:\/\/portaltela.pt\/noticias\/2026\/03\/20\/martinez-convoca-guedes-mora-e-matheus-fernandes-ultimo-teste-antes-do-mundial\/"},"modified":"2026-03-20T09:40:00","modified_gmt":"2026-03-20T12:40:00","slug":"martinez-convoca-guedes-mora-e-matheus-fernandes-ultimo-teste-antes-do-mundial","status":"publish","type":"post","link":"https:\/\/portaltela.pt\/desporto\/futebol\/2026\/03\/20\/martinez-convoca-guedes-mora-e-matheus-fernandes-ultimo-teste-antes-do-mundial\/","title":{"rendered":"Mart\u00ednez convoca Guedes, Mora e Matheus Fernandes; \u00faltimo teste antes do Mundial"},"content":{"rendered":"<p>Roberto Mart\u00ednez revelou a lista de convocados para os pr\u00f3ximos amistosos da sele\u00e7\u00e3o nacional, diante do M\u00e9xico e dos Estados Unidos. A chamada aconteceu nesta sexta-feira, na Cidade do Futebol, com o objetivo de testar op\u00e7\u00f5es diante de baixas por les\u00e3o. O treino serve de \u00faltimo teste antes do Mundial.<\/p>\n<p>Entre os destaques est\u00e3o Matheus Fernandes, Gon\u00e7alo Guedes, Rodrigo Mora e Ricardo Horta, que entram no grupo j\u00e1 com o foco em encontrar solu\u00e7\u00f5es no ataque. O seleccionador aproveita o contexto de indisponibilidade para convocar novos elementos e observar o desempenho deles em jogos oficiais de prepara\u00e7\u00e3o.<\/p>\n<p>A aus\u00eancia de Cristiano Ronaldo, que se encontra impedido por les\u00e3o, abriu espa\u00e7o para uma avalia\u00e7\u00e3o de perfis diferentes no sector atacante. Mart\u00ednez justifica a chamada de Guedes pela busca de um estilo distinto em rela\u00e7\u00e3o a Ronaldo e Ramos, destacando tamb\u00e9m a necessidade de alternativas ao bloqueio de op\u00e7\u00f5es habituais.<\/p>\n<p>A lista visa manter o equil\u00edbrio entre experi\u00eancia e renova\u00e7\u00e3o, priorizando adaptabilidade a diferentes sistemas de jogo. O t\u00e9cnico ressalta que a avalia\u00e7\u00e3o em campo continuar\u00e1 durante os pr\u00f3ximos compromissos, com foco na performance coletiva.<\/p>\n<h3>Convocados<\/h3>\n<p>Guarda-redes: Diogo Costa, Jos\u00e9 S\u00e1, Rui Silva<\/p>\n<p>Defesas: Matheus Nunes, Jo\u00e3o Cancelo, Nuno Mendes, Gon\u00e7alo In\u00e1cio, Diogo Dalot, Renato Veiga, Ant\u00f3nio Silva, Tom\u00e1s Ara\u00fajo<\/p>\n<p>M\u00e9dios: R\u00faben Neves, Jo\u00e3o Neves, Samu, Matheus Fernandes, Bruno Fernandes, Bernardo Silva, Vitinha, Pedro Gon\u00e7alves, Rodrigo Mora<\/p>\n<p>Atacantes: Francisco Concei\u00e7\u00e3o, Ricardo Horta, Pedro Neto, Rafael Le\u00e3o, Francisco Trinc\u00e3o, Jo\u00e3o F\u00e9lix, Gon\u00e7alo Ramos, Gon\u00e7alo Guedes<\/p>\n","protected":false},"excerpt":{"rendered":"<ul>\n<li>Roberto Mart\u00ednez chamou Matheus Fernandes, Gon\u00e7alo Guedes, Rodrigo Mora e Ricardo Horta para dois amig\u00e1veis de Portugal contra M\u00e9xico e Estados Unidos, \u00faltimo teste antes do Mundial.<\/li>\n<li>Gon\u00e7alo Guedes surge como op\u00e7\u00e3o de perfil diferente de Ronaldo e Ramos; Paulinho fica de fora por ter perfil semelhante a Gon\u00e7alo Ramos e Ronaldo.<\/li>\n<li>A convocat\u00f3ria, anunciada nesta sexta-feira na Cidade do Futebol, aproveita les\u00f5es para testar novos elementos na equipa.<\/li>\n<li>Guarda-redes: Diogo Costa, Jos\u00e9 S\u00e1, Rui Silva; Defesas, M\u00e9dios e Atacantes tamb\u00e9m integraram a lista apresentada (nomes em detalhe no corpo original).<\/li>\n<li>O foco \u00e9 avaliar op\u00e7\u00f5es de ataque diante da aus\u00eancia de Cristiano Ronaldo, com o seleccionador a balancear continuidade e renova\u00e7\u00e3o no plantel.<\/li>\n<\/ul>\n","protected":false},"author":2,"featured_media":417307,"comment_status":"closed","ping_status":"closed","sticky":false,"template":"","format":"standard","meta":{"footnotes":""},"categories":[21,24],"tags":[7302,1947,32,2192,1014,2057],"class_list":["post-417296","post","type-post","status-publish","format-standard","has-post-thumbnail","hentry","category-desporto","category-futebol","tag-amistosos","tag-cristiano-ronaldo","tag-futebol","tag-goncalo-guedes","tag-portugal","tag-selecao-nacional"],"yoast_head":"<!-- This site is optimized with the Yoast SEO plugin v27.2 - https:\/\/yoast.com\/product\/yoast-seo-wordpress\/ -->\n<title>Mart\u00ednez convoca Guedes, Mora e Matheus Fernandes; \u00faltimo teste antes do Mundial - Portal Tela Portugal<\/title>\n<meta name=\"robots\" content=\"index, follow, max-snippet:-1, max-image-preview:large, max-video-preview:-1\" \/>\n<meta property=\"og:locale\" content=\"pt_PT\" \/>\n<meta property=\"og:type\" content=\"article\" \/>\n<meta property=\"og:title\" content=\"Mart\u00ednez convoca Guedes, Mora e Matheus Fernandes; \u00faltimo teste antes do Mundial - Portal Tela Portugal\" \/>\n<meta property=\"og:description\" content=\"Roberto Mart\u00ednez chamou Matheus Fernandes, Gon\u00e7alo Guedes, Rodrigo Mora e Ricardo Horta para dois amig\u00e1veis de Portugal contra M\u00e9xico e Estados Unidos, \u00faltimo teste antes do Mundial. Gon\u00e7alo Guedes surge como op\u00e7\u00e3o de perfil diferente de Ronaldo e Ramos; Paulinho fica de fora por ter perfil semelhante a Gon\u00e7alo Ramos e Ronaldo. A convocat\u00f3ria, anunciada nesta sexta-feira na Cidade do Futebol, aproveita les\u00f5es para testar novos elementos na equipa. Guarda-redes: Diogo Costa, Jos\u00e9 S\u00e1, Rui Silva; Defesas, M\u00e9dios e Atacantes tamb\u00e9m integraram a lista apresentada (nomes em detalhe no corpo original). O foco \u00e9 avaliar op\u00e7\u00f5es de ataque diante da aus\u00eancia de Cristiano Ronaldo, com o seleccionador a balancear continuidade e renova\u00e7\u00e3o no plantel.\" \/>\n<meta property=\"og:url\" content=\"https:\/\/portaltela.pt\/noticias\/2026\/03\/20\/martinez-convoca-guedes-mora-e-matheus-fernandes-ultimo-teste-antes-do-mundial\/\" \/>\n<meta property=\"og:site_name\" content=\"Portal Tela Portugal\" \/>\n<meta property=\"article:published_time\" content=\"2026-03-20T12:40:00+00:00\" \/>\n<meta name=\"author\" content=\"Telinha\" \/>\n<meta name=\"twitter:card\" content=\"summary_large_image\" \/>\n<meta name=\"twitter:label1\" content=\"Escrito por\" \/>\n\t<meta name=\"twitter:data1\" content=\"Telinha\" \/>\n\t<meta name=\"twitter:label2\" content=\"Tempo estimado de leitura\" \/>\n\t<meta name=\"twitter:data2\" content=\"1 minuto\" \/>\n<script type=\"application\/ld+json\" class=\"yoast-schema-graph\">{\"@context\":\"https:\/\/schema.org\",\"@graph\":[{\"@type\":\"Article\",\"@id\":\"https:\/\/portaltela.pt\/noticias\/2026\/03\/20\/martinez-convoca-guedes-mora-e-matheus-fernandes-ultimo-teste-antes-do-mundial\/#article\",\"isPartOf\":{\"@id\":\"https:\/\/portaltela.pt\/noticias\/2026\/03\/20\/martinez-convoca-guedes-mora-e-matheus-fernandes-ultimo-teste-antes-do-mundial\/\"},\"author\":{\"name\":\"Telinha\",\"@id\":\"https:\/\/portaltela.pt\/#\/schema\/person\/c4278d4a6028830caff9ee44b42d32ed\"},\"headline\":\"Mart\u00ednez convoca Guedes, Mora e Matheus Fernandes; \u00faltimo teste antes do Mundial\",\"datePublished\":\"2026-03-20T12:40:00+00:00\",\"mainEntityOfPage\":{\"@id\":\"https:\/\/portaltela.pt\/noticias\/2026\/03\/20\/martinez-convoca-guedes-mora-e-matheus-fernandes-ultimo-teste-antes-do-mundial\/\"},\"wordCount\":296,\"image\":{\"@id\":\"https:\/\/portaltela.pt\/noticias\/2026\/03\/20\/martinez-convoca-guedes-mora-e-matheus-fernandes-ultimo-teste-antes-do-mundial\/#primaryimage\"},\"thumbnailUrl\":\"https:\/\/portaltela.pt\/s.01k8rhncp4jt1\/2026\/03\/2075768.jpg\",\"keywords\":[\"amistosos\",\"Cristiano Ronaldo\",\"futebol\",\"Gon\u00e7alo Guedes\",\"Portugal\",\"Sele\u00e7\u00e3o Nacional\"],\"articleSection\":[\"Desporto\",\"Futebol\"],\"inLanguage\":\"pt-PT\"},{\"@type\":\"WebPage\",\"@id\":\"https:\/\/portaltela.pt\/noticias\/2026\/03\/20\/martinez-convoca-guedes-mora-e-matheus-fernandes-ultimo-teste-antes-do-mundial\/\",\"url\":\"https:\/\/portaltela.pt\/noticias\/2026\/03\/20\/martinez-convoca-guedes-mora-e-matheus-fernandes-ultimo-teste-antes-do-mundial\/\",\"name\":\"Mart\u00ednez convoca Guedes, Mora e Matheus Fernandes; \u00faltimo teste antes do Mundial - Portal Tela Portugal\",\"isPartOf\":{\"@id\":\"https:\/\/portaltela.pt\/#website\"},\"primaryImageOfPage\":{\"@id\":\"https:\/\/portaltela.pt\/noticias\/2026\/03\/20\/martinez-convoca-guedes-mora-e-matheus-fernandes-ultimo-teste-antes-do-mundial\/#primaryimage\"},\"image\":{\"@id\":\"https:\/\/portaltela.pt\/noticias\/2026\/03\/20\/martinez-convoca-guedes-mora-e-matheus-fernandes-ultimo-teste-antes-do-mundial\/#primaryimage\"},\"thumbnailUrl\":\"https:\/\/portaltela.pt\/s.01k8rhncp4jt1\/2026\/03\/2075768.jpg\",\"datePublished\":\"2026-03-20T12:40:00+00:00\",\"author\":{\"@id\":\"https:\/\/portaltela.pt\/#\/schema\/person\/c4278d4a6028830caff9ee44b42d32ed\"},\"breadcrumb\":{\"@id\":\"https:\/\/portaltela.pt\/noticias\/2026\/03\/20\/martinez-convoca-guedes-mora-e-matheus-fernandes-ultimo-teste-antes-do-mundial\/#breadcrumb\"},\"inLanguage\":\"pt-PT\",\"potentialAction\":[{\"@type\":\"ReadAction\",\"target\":[\"https:\/\/portaltela.pt\/noticias\/2026\/03\/20\/martinez-convoca-guedes-mora-e-matheus-fernandes-ultimo-teste-antes-do-mundial\/\"]}]},{\"@type\":\"ImageObject\",\"inLanguage\":\"pt-PT\",\"@id\":\"https:\/\/portaltela.pt\/noticias\/2026\/03\/20\/martinez-convoca-guedes-mora-e-matheus-fernandes-ultimo-teste-antes-do-mundial\/#primaryimage\",\"url\":\"https:\/\/portaltela.pt\/s.01k8rhncp4jt1\/2026\/03\/2075768.jpg\",\"contentUrl\":\"https:\/\/portaltela.pt\/s.01k8rhncp4jt1\/2026\/03\/2075768.jpg\",\"width\":796,\"height\":448,\"caption\":\"Roberto Mart\u00ednez, seleccionador nacional\"},{\"@type\":\"BreadcrumbList\",\"@id\":\"https:\/\/portaltela.pt\/noticias\/2026\/03\/20\/martinez-convoca-guedes-mora-e-matheus-fernandes-ultimo-teste-antes-do-mundial\/#breadcrumb\",\"itemListElement\":[{\"@type\":\"ListItem\",\"position\":1,\"name\":\"In\u00edcio\",\"item\":\"https:\/\/portaltela.pt\/\"},{\"@type\":\"ListItem\",\"position\":2,\"name\":\"Mart\u00ednez convoca Guedes, Mora e Matheus Fernandes; \u00faltimo teste antes do Mundial\"}]},{\"@type\":\"WebSite\",\"@id\":\"https:\/\/portaltela.pt\/#website\",\"url\":\"https:\/\/portaltela.pt\/\",\"name\":\"Portal Tela Portugal\",\"description\":\"\",\"potentialAction\":[{\"@type\":\"SearchAction\",\"target\":{\"@type\":\"EntryPoint\",\"urlTemplate\":\"https:\/\/portaltela.pt\/?s={search_term_string}\"},\"query-input\":{\"@type\":\"PropertyValueSpecification\",\"valueRequired\":true,\"valueName\":\"search_term_string\"}}],\"inLanguage\":\"pt-PT\"},{\"@type\":\"Person\",\"@id\":\"https:\/\/portaltela.pt\/#\/schema\/person\/c4278d4a6028830caff9ee44b42d32ed\",\"name\":\"Telinha\",\"image\":{\"@type\":\"ImageObject\",\"inLanguage\":\"pt-PT\",\"@id\":\"https:\/\/portaltela.pt\/s.01k8rhncp4jt1\/2025\/11\/talking-bot-125x125.png\",\"url\":\"https:\/\/portaltela.pt\/s.01k8rhncp4jt1\/2025\/11\/talking-bot-125x125.png\",\"contentUrl\":\"https:\/\/portaltela.pt\/s.01k8rhncp4jt1\/2025\/11\/talking-bot-125x125.png\",\"caption\":\"Telinha\"},\"sameAs\":[\"https:\/\/portaltela.pt\/\"],\"url\":\"https:\/\/portaltela.pt\/por\/367410592786\/\"}]}<\/script>\n<!-- \/ Yoast SEO plugin. -->","yoast_head_json":{"title":"Mart\u00ednez convoca Guedes, Mora e Matheus Fernandes; \u00faltimo teste antes do Mundial - Portal Tela Portugal","robots":{"index":"index","follow":"follow","max-snippet":"max-snippet:-1","max-image-preview":"max-image-preview:large","max-video-preview":"max-video-preview:-1"},"og_locale":"pt_PT","og_type":"article","og_title":"Mart\u00ednez convoca Guedes, Mora e Matheus Fernandes; \u00faltimo teste antes do Mundial - Portal Tela Portugal","og_description":"Roberto Mart\u00ednez chamou Matheus Fernandes, Gon\u00e7alo Guedes, Rodrigo Mora e Ricardo Horta para dois amig\u00e1veis de Portugal contra M\u00e9xico e Estados Unidos, \u00faltimo teste antes do Mundial. Gon\u00e7alo Guedes surge como op\u00e7\u00e3o de perfil diferente de Ronaldo e Ramos; Paulinho fica de fora por ter perfil semelhante a Gon\u00e7alo Ramos e Ronaldo. A convocat\u00f3ria, anunciada nesta sexta-feira na Cidade do Futebol, aproveita les\u00f5es para testar novos elementos na equipa. Guarda-redes: Diogo Costa, Jos\u00e9 S\u00e1, Rui Silva; Defesas, M\u00e9dios e Atacantes tamb\u00e9m integraram a lista apresentada (nomes em detalhe no corpo original). O foco \u00e9 avaliar op\u00e7\u00f5es de ataque diante da aus\u00eancia de Cristiano Ronaldo, com o seleccionador a balancear continuidade e renova\u00e7\u00e3o no plantel.","og_url":"https:\/\/portaltela.pt\/noticias\/2026\/03\/20\/martinez-convoca-guedes-mora-e-matheus-fernandes-ultimo-teste-antes-do-mundial\/","og_site_name":"Portal Tela Portugal","article_published_time":"2026-03-20T12:40:00+00:00","author":"Telinha","twitter_card":"summary_large_image","twitter_misc":{"Escrito por":"Telinha","Tempo estimado de leitura":"1 minuto"},"schema":{"@context":"https:\/\/schema.org","@graph":[{"@type":"Article","@id":"https:\/\/portaltela.pt\/noticias\/2026\/03\/20\/martinez-convoca-guedes-mora-e-matheus-fernandes-ultimo-teste-antes-do-mundial\/#article","isPartOf":{"@id":"https:\/\/portaltela.pt\/noticias\/2026\/03\/20\/martinez-convoca-guedes-mora-e-matheus-fernandes-ultimo-teste-antes-do-mundial\/"},"author":{"name":"Telinha","@id":"https:\/\/portaltela.pt\/#\/schema\/person\/c4278d4a6028830caff9ee44b42d32ed"},"headline":"Mart\u00ednez convoca Guedes, Mora e Matheus Fernandes; \u00faltimo teste antes do Mundial","datePublished":"2026-03-20T12:40:00+00:00","mainEntityOfPage":{"@id":"https:\/\/portaltela.pt\/noticias\/2026\/03\/20\/martinez-convoca-guedes-mora-e-matheus-fernandes-ultimo-teste-antes-do-mundial\/"},"wordCount":296,"image":{"@id":"https:\/\/portaltela.pt\/noticias\/2026\/03\/20\/martinez-convoca-guedes-mora-e-matheus-fernandes-ultimo-teste-antes-do-mundial\/#primaryimage"},"thumbnailUrl":"https:\/\/portaltela.pt\/s.01k8rhncp4jt1\/2026\/03\/2075768.jpg","keywords":["amistosos","Cristiano Ronaldo","futebol","Gon\u00e7alo Guedes","Portugal","Sele\u00e7\u00e3o Nacional"],"articleSection":["Desporto","Futebol"],"inLanguage":"pt-PT"},{"@type":"WebPage","@id":"https:\/\/portaltela.pt\/noticias\/2026\/03\/20\/martinez-convoca-guedes-mora-e-matheus-fernandes-ultimo-teste-antes-do-mundial\/","url":"https:\/\/portaltela.pt\/noticias\/2026\/03\/20\/martinez-convoca-guedes-mora-e-matheus-fernandes-ultimo-teste-antes-do-mundial\/","name":"Mart\u00ednez convoca Guedes, Mora e Matheus Fernandes; \u00faltimo teste antes do Mundial - Portal Tela Portugal","isPartOf":{"@id":"https:\/\/portaltela.pt\/#website"},"primaryImageOfPage":{"@id":"https:\/\/portaltela.pt\/noticias\/2026\/03\/20\/martinez-convoca-guedes-mora-e-matheus-fernandes-ultimo-teste-antes-do-mundial\/#primaryimage"},"image":{"@id":"https:\/\/portaltela.pt\/noticias\/2026\/03\/20\/martinez-convoca-guedes-mora-e-matheus-fernandes-ultimo-teste-antes-do-mundial\/#primaryimage"},"thumbnailUrl":"https:\/\/portaltela.pt\/s.01k8rhncp4jt1\/2026\/03\/2075768.jpg","datePublished":"2026-03-20T12:40:00+00:00","author":{"@id":"https:\/\/portaltela.pt\/#\/schema\/person\/c4278d4a6028830caff9ee44b42d32ed"},"breadcrumb":{"@id":"https:\/\/portaltela.pt\/noticias\/2026\/03\/20\/martinez-convoca-guedes-mora-e-matheus-fernandes-ultimo-teste-antes-do-mundial\/#breadcrumb"},"inLanguage":"pt-PT","potentialAction":[{"@type":"ReadAction","target":["https:\/\/portaltela.pt\/noticias\/2026\/03\/20\/martinez-convoca-guedes-mora-e-matheus-fernandes-ultimo-teste-antes-do-mundial\/"]}]},{"@type":"ImageObject","inLanguage":"pt-PT","@id":"https:\/\/portaltela.pt\/noticias\/2026\/03\/20\/martinez-convoca-guedes-mora-e-matheus-fernandes-ultimo-teste-antes-do-mundial\/#primaryimage","url":"https:\/\/portaltela.pt\/s.01k8rhncp4jt1\/2026\/03\/2075768.jpg","contentUrl":"https:\/\/portaltela.pt\/s.01k8rhncp4jt1\/2026\/03\/2075768.jpg","width":796,"height":448,"caption":"Roberto Mart\u00ednez, seleccionador nacional"},{"@type":"BreadcrumbList","@id":"https:\/\/portaltela.pt\/noticias\/2026\/03\/20\/martinez-convoca-guedes-mora-e-matheus-fernandes-ultimo-teste-antes-do-mundial\/#breadcrumb","itemListElement":[{"@type":"ListItem","position":1,"name":"In\u00edcio","item":"https:\/\/portaltela.pt\/"},{"@type":"ListItem","position":2,"name":"Mart\u00ednez convoca Guedes, Mora e Matheus Fernandes; \u00faltimo teste antes do Mundial"}]},{"@type":"WebSite","@id":"https:\/\/portaltela.pt\/#website","url":"https:\/\/portaltela.pt\/","name":"Portal Tela Portugal","description":"","potentialAction":[{"@type":"SearchAction","target":{"@type":"EntryPoint","urlTemplate":"https:\/\/portaltela.pt\/?s={search_term_string}"},"query-input":{"@type":"PropertyValueSpecification","valueRequired":true,"valueName":"search_term_string"}}],"inLanguage":"pt-PT"},{"@type":"Person","@id":"https:\/\/portaltela.pt\/#\/schema\/person\/c4278d4a6028830caff9ee44b42d32ed","name":"Telinha","image":{"@type":"ImageObject","inLanguage":"pt-PT","@id":"https:\/\/portaltela.pt\/s.01k8rhncp4jt1\/2025\/11\/talking-bot-125x125.png","url":"https:\/\/portaltela.pt\/s.01k8rhncp4jt1\/2025\/11\/talking-bot-125x125.png","contentUrl":"https:\/\/portaltela.pt\/s.01k8rhncp4jt1\/2025\/11\/talking-bot-125x125.png","caption":"Telinha"},"sameAs":["https:\/\/portaltela.pt\/"],"url":"https:\/\/portaltela.pt\/por\/367410592786\/"}]}},"_links":{"self":[{"href":"https:\/\/portaltela.pt\/api\/wp\/v2\/posts\/417296","targetHints":{"allow":["GET"]}}],"collection":[{"href":"https:\/\/portaltela.pt\/api\/wp\/v2\/posts"}],"about":[{"href":"https:\/\/portaltela.pt\/api\/wp\/v2\/types\/post"}],"author":[{"embeddable":true,"href":"https:\/\/portaltela.pt\/api\/wp\/v2\/users\/2"}],"replies":[{"embeddable":true,"href":"https:\/\/portaltela.pt\/api\/wp\/v2\/comments?post=417296"}],"version-history":[{"count":0,"href":"https:\/\/portaltela.pt\/api\/wp\/v2\/posts\/417296\/revisions"}],"wp:featuredmedia":[{"embeddable":true,"href":"https:\/\/portaltela.pt\/api\/wp\/v2\/media\/417307"}],"wp:attachment":[{"href":"https:\/\/portaltela.pt\/api\/wp\/v2\/media?parent=417296"}],"wp:term":[{"taxonomy":"category","embeddable":true,"href":"https:\/\/portaltela.pt\/api\/wp\/v2\/categories?post=417296"},{"taxonomy":"post_tag","embeddable":true,"href":"https:\/\/portaltela.pt\/api\/wp\/v2\/tags?post=417296"}],"curies":[{"name":"wp","href":"https:\/\/api.w.org\/{rel}","templated":true}]}}