{"id":417294,"date":"2026-03-20T09:29:00","date_gmt":"2026-03-20T12:29:00","guid":{"rendered":"https:\/\/portaltela.pt\/noticias\/2026\/03\/20\/jornalistas-europeus-e-latino-americanos-exigem-direitos-autorais-na-ia\/"},"modified":"2026-03-20T09:29:00","modified_gmt":"2026-03-20T12:29:00","slug":"jornalistas-europeus-e-latino-americanos-exigem-direitos-autorais-na-ia","status":"publish","type":"post","link":"https:\/\/portaltela.pt\/noticias\/internacional\/2026\/03\/20\/jornalistas-europeus-e-latino-americanos-exigem-direitos-autorais-na-ia\/","title":{"rendered":"Jornalistas europeus e latino-americanos exigem direitos autorais na IA"},"content":{"rendered":"<p>Em Alcal\u00e1 de Henares, Espanha, editores e diretores de imprensa de mais de 30 pa\u00edses aprovam uma declara\u00e7\u00e3o com 10 princ\u00edpios para o jornalismo face \u00e0 desinforma\u00e7\u00e3o e aos desafios da Intelig\u00eancia Artificial. O documento foi apresentado no 9.\u00ba Congresso de Editores da Europa, Am\u00e9rica Latina e Caribe. A defesa central \u00e9 o respeito pela propriedade intelectual e pela \u00e9tica na gest\u00e3o de conte\u00fados.<\/p>\n<p>O texto exige enquadramentos de uso de conte\u00fados com autoriza\u00e7\u00e3o, atribui\u00e7\u00e3o e remunera\u00e7\u00e3o justa para jornalistas, fot\u00f3grafos e operadores de c\u00e2mara, no treino de modelos de IA. O juramento ressalta o papel do editor como garante da not\u00edcia e a necessidade do ju\u00edzo humano para evitar alucina\u00e7\u00f5es dos sistemas automatizados.<\/p>\n<p>A Declara\u00e7\u00e3o de Alcal\u00e1 promove ainda \u00e9tica no capital e na governa\u00e7\u00e3o, igualdade e diversidade, paz, democracia e soberania lingu\u00edstica. Denuncia a entrada de capitais de origem opaca que possam comprometer a independ\u00eancia dos meios de comunica\u00e7\u00e3o, especialmente em crises de refer\u00eancia jornal\u00edstica.<\/p>\n<p>O evento contou com o presidente do congresso, Alberto Barciela, que sublinha a import\u00e2ncia de manter a imprensa como contrapoder num tempo de confus\u00e3o informativa. A declara\u00e7\u00e3o pretende tornar-se uma refer\u00eancia a n\u00edvel internacional e governamental, defendendo a dignidade da comunica\u00e7\u00e3o frente \u00e0 m\u00e1quina.<\/p>\n<p>Durante a cerim\u00f3nia, foi ainda distinguido Rolando Rodr\u00edguez, subdirector do La Prensa (Panam\u00e1) que integrou o ICIJ, e Irene Lanzaco, directora-geral da Associa\u00e7\u00e3o de Meios de Informa\u00e7\u00e3o, que liderou uma a\u00e7\u00e3o judicial contra a Meta resultando em uma condena\u00e7\u00e3o de 479 milh\u00f5es de euros pela imprensa espanhola por concorr\u00eancia desleal.<\/p>\n<h3>Subt\u00edtulo: Contexto e impactos<\/h3>\n<p>Apesar de tratar de princ\u00edpios, a declara\u00e7\u00e3o aponta para a necessidade de coopera\u00e7\u00e3o entre regi\u00f5es para proteger redac\u00e7\u00f5es. A ado\u00e7\u00e3o de normas comuns visa refor\u00e7ar a transpar\u00eancia, a atribui\u00e7\u00e3o de conte\u00fados e a responsabilidade editorial em zonas de conflito e de desinforma\u00e7\u00e3o.<\/p>\n","protected":false},"excerpt":{"rendered":"<ul>\n<li>Editores e diretores de mais de trinta pa\u00edses da Am\u00e9rica Latina e da Uni\u00e3o Europeia aprovaram, em Alcal\u00e1 de Henares, uma Declara\u00e7\u00e3o com dez princ\u00edpios para orientar o jornalismo face \u00e0 desinforma\u00e7\u00e3o e aos desafios da Intelig\u00eancia Artificial.<\/li>\n<li>O texto exige respeito pela propriedade intelectual, enquadramentos de uso com autoriza\u00e7\u00e3o e remunera\u00e7\u00e3o justa pelo treino de IA com conte\u00fados de jornalistas, fot\u00f3grafos e operadores de c\u00e2mara, destacando o papel do editor como garante da not\u00edcia.<\/li>\n<li>Defende-se a \u00e9tica no capital e na governa\u00e7\u00e3o, igualdade e diversidade, compromisso com a paz e a democracia, e defesa da soberania lingu\u00edstica, assim como a necessidade de ju\u00edzo humano para combater desinforma\u00e7\u00e3o e alucina\u00e7\u00f5es dos sistemas autom\u00e1ticos.<\/li>\n<li>A Declara\u00e7\u00e3o aponta para a independ\u00eancia dos meios de comunica\u00e7\u00e3o face a capitais de origem opaca e pede prote\u00e7\u00e3o das reda\u00e7\u00f5es contra interesses que n\u00e3o respondam \u00e0 \u00e9tica informativa, especialmente em crises de refer\u00eancia.<\/li>\n<li>O encontro distinguiu ainda duas personalidades: Rolando Rodr\u00edguez, do La Prensa, e Irene Lanzaco, liderando a\u00e7\u00f5es legais contra a Meta, com pagamento de milh\u00f5es \u00e0 imprensa espanhola por concorr\u00eancia desleal.<\/li>\n<\/ul>\n","protected":false},"author":2,"featured_media":417305,"comment_status":"closed","ping_status":"closed","sticky":false,"template":"","format":"standard","meta":{"footnotes":""},"categories":[4,1],"tags":[6373,2487,195,5547,51,240],"class_list":["post-417294","post","type-post","status-publish","format-standard","has-post-thumbnail","hentry","category-internacional","category-noticias","tag-direitos","tag-europa","tag-informacao","tag-informacao-internacional","tag-inteligencia-artificial","tag-propriedade-intelectual"],"yoast_head":"<!-- This site is optimized with the Yoast SEO plugin v27.2 - https:\/\/yoast.com\/product\/yoast-seo-wordpress\/ -->\n<title>Jornalistas europeus e latino-americanos exigem direitos autorais na IA - Portal Tela Portugal<\/title>\n<meta name=\"robots\" content=\"index, follow, max-snippet:-1, max-image-preview:large, max-video-preview:-1\" \/>\n<meta property=\"og:locale\" content=\"pt_PT\" \/>\n<meta property=\"og:type\" content=\"article\" \/>\n<meta property=\"og:title\" content=\"Jornalistas europeus e latino-americanos exigem direitos autorais na IA - Portal Tela Portugal\" \/>\n<meta property=\"og:description\" content=\"Editores e diretores de mais de trinta pa\u00edses da Am\u00e9rica Latina e da Uni\u00e3o Europeia aprovaram, em Alcal\u00e1 de Henares, uma Declara\u00e7\u00e3o com dez princ\u00edpios para orientar o jornalismo face \u00e0 desinforma\u00e7\u00e3o e aos desafios da Intelig\u00eancia Artificial. O texto exige respeito pela propriedade intelectual, enquadramentos de uso com autoriza\u00e7\u00e3o e remunera\u00e7\u00e3o justa pelo treino de IA com conte\u00fados de jornalistas, fot\u00f3grafos e operadores de c\u00e2mara, destacando o papel do editor como garante da not\u00edcia. Defende-se a \u00e9tica no capital e na governa\u00e7\u00e3o, igualdade e diversidade, compromisso com a paz e a democracia, e defesa da soberania lingu\u00edstica, assim como a necessidade de ju\u00edzo humano para combater desinforma\u00e7\u00e3o e alucina\u00e7\u00f5es dos sistemas autom\u00e1ticos. A Declara\u00e7\u00e3o aponta para a independ\u00eancia dos meios de comunica\u00e7\u00e3o face a capitais de origem opaca e pede prote\u00e7\u00e3o das reda\u00e7\u00f5es contra interesses que n\u00e3o respondam \u00e0 \u00e9tica informativa, especialmente em crises de refer\u00eancia. O encontro distinguiu ainda duas personalidades: Rolando Rodr\u00edguez, do La Prensa, e Irene Lanzaco, liderando a\u00e7\u00f5es legais contra a Meta, com pagamento de milh\u00f5es \u00e0 imprensa espanhola por concorr\u00eancia desleal.\" \/>\n<meta property=\"og:url\" content=\"https:\/\/portaltela.pt\/noticias\/2026\/03\/20\/jornalistas-europeus-e-latino-americanos-exigem-direitos-autorais-na-ia\/\" \/>\n<meta property=\"og:site_name\" content=\"Portal Tela Portugal\" \/>\n<meta property=\"article:published_time\" content=\"2026-03-20T12:29:00+00:00\" \/>\n<meta name=\"author\" content=\"Telinha\" \/>\n<meta name=\"twitter:card\" content=\"summary_large_image\" \/>\n<meta name=\"twitter:label1\" content=\"Escrito por\" \/>\n\t<meta name=\"twitter:data1\" content=\"Telinha\" \/>\n\t<meta name=\"twitter:label2\" content=\"Tempo estimado de leitura\" \/>\n\t<meta name=\"twitter:data2\" content=\"2 minutos\" \/>\n<script type=\"application\/ld+json\" class=\"yoast-schema-graph\">{\"@context\":\"https:\/\/schema.org\",\"@graph\":[{\"@type\":\"Article\",\"@id\":\"https:\/\/portaltela.pt\/noticias\/2026\/03\/20\/jornalistas-europeus-e-latino-americanos-exigem-direitos-autorais-na-ia\/#article\",\"isPartOf\":{\"@id\":\"https:\/\/portaltela.pt\/noticias\/2026\/03\/20\/jornalistas-europeus-e-latino-americanos-exigem-direitos-autorais-na-ia\/\"},\"author\":{\"name\":\"Telinha\",\"@id\":\"https:\/\/portaltela.pt\/#\/schema\/person\/c4278d4a6028830caff9ee44b42d32ed\"},\"headline\":\"Jornalistas europeus e latino-americanos exigem direitos autorais na IA\",\"datePublished\":\"2026-03-20T12:29:00+00:00\",\"mainEntityOfPage\":{\"@id\":\"https:\/\/portaltela.pt\/noticias\/2026\/03\/20\/jornalistas-europeus-e-latino-americanos-exigem-direitos-autorais-na-ia\/\"},\"wordCount\":350,\"image\":{\"@id\":\"https:\/\/portaltela.pt\/noticias\/2026\/03\/20\/jornalistas-europeus-e-latino-americanos-exigem-direitos-autorais-na-ia\/#primaryimage\"},\"thumbnailUrl\":\"https:\/\/portaltela.pt\/s.01k8rhncp4jt1\/2026\/03\/2075772.jpg\",\"keywords\":[\"direitos\",\"Europa\",\"informa\u00e7\u00e3o\",\"informa\u00e7\u00e3o internacional\",\"intelig\u00eancia artificial\",\"propriedade intelectual\"],\"articleSection\":[\"Internacional\",\"Not\u00edcias\"],\"inLanguage\":\"pt-PT\"},{\"@type\":\"WebPage\",\"@id\":\"https:\/\/portaltela.pt\/noticias\/2026\/03\/20\/jornalistas-europeus-e-latino-americanos-exigem-direitos-autorais-na-ia\/\",\"url\":\"https:\/\/portaltela.pt\/noticias\/2026\/03\/20\/jornalistas-europeus-e-latino-americanos-exigem-direitos-autorais-na-ia\/\",\"name\":\"Jornalistas europeus e latino-americanos exigem direitos autorais na IA - Portal Tela Portugal\",\"isPartOf\":{\"@id\":\"https:\/\/portaltela.pt\/#website\"},\"primaryImageOfPage\":{\"@id\":\"https:\/\/portaltela.pt\/noticias\/2026\/03\/20\/jornalistas-europeus-e-latino-americanos-exigem-direitos-autorais-na-ia\/#primaryimage\"},\"image\":{\"@id\":\"https:\/\/portaltela.pt\/noticias\/2026\/03\/20\/jornalistas-europeus-e-latino-americanos-exigem-direitos-autorais-na-ia\/#primaryimage\"},\"thumbnailUrl\":\"https:\/\/portaltela.pt\/s.01k8rhncp4jt1\/2026\/03\/2075772.jpg\",\"datePublished\":\"2026-03-20T12:29:00+00:00\",\"author\":{\"@id\":\"https:\/\/portaltela.pt\/#\/schema\/person\/c4278d4a6028830caff9ee44b42d32ed\"},\"breadcrumb\":{\"@id\":\"https:\/\/portaltela.pt\/noticias\/2026\/03\/20\/jornalistas-europeus-e-latino-americanos-exigem-direitos-autorais-na-ia\/#breadcrumb\"},\"inLanguage\":\"pt-PT\",\"potentialAction\":[{\"@type\":\"ReadAction\",\"target\":[\"https:\/\/portaltela.pt\/noticias\/2026\/03\/20\/jornalistas-europeus-e-latino-americanos-exigem-direitos-autorais-na-ia\/\"]}]},{\"@type\":\"ImageObject\",\"inLanguage\":\"pt-PT\",\"@id\":\"https:\/\/portaltela.pt\/noticias\/2026\/03\/20\/jornalistas-europeus-e-latino-americanos-exigem-direitos-autorais-na-ia\/#primaryimage\",\"url\":\"https:\/\/portaltela.pt\/s.01k8rhncp4jt1\/2026\/03\/2075772.jpg\",\"contentUrl\":\"https:\/\/portaltela.pt\/s.01k8rhncp4jt1\/2026\/03\/2075772.jpg\",\"width\":796,\"height\":448,\"caption\":\"9.\u00ba Congresso de Editores da Europa, Am\u00e9rica Latina e Caribe, em Alcal\u00e1 de Henares, Espanha\"},{\"@type\":\"BreadcrumbList\",\"@id\":\"https:\/\/portaltela.pt\/noticias\/2026\/03\/20\/jornalistas-europeus-e-latino-americanos-exigem-direitos-autorais-na-ia\/#breadcrumb\",\"itemListElement\":[{\"@type\":\"ListItem\",\"position\":1,\"name\":\"In\u00edcio\",\"item\":\"https:\/\/portaltela.pt\/\"},{\"@type\":\"ListItem\",\"position\":2,\"name\":\"Jornalistas europeus e latino-americanos exigem direitos autorais na IA\"}]},{\"@type\":\"WebSite\",\"@id\":\"https:\/\/portaltela.pt\/#website\",\"url\":\"https:\/\/portaltela.pt\/\",\"name\":\"Portal Tela Portugal\",\"description\":\"\",\"potentialAction\":[{\"@type\":\"SearchAction\",\"target\":{\"@type\":\"EntryPoint\",\"urlTemplate\":\"https:\/\/portaltela.pt\/?s={search_term_string}\"},\"query-input\":{\"@type\":\"PropertyValueSpecification\",\"valueRequired\":true,\"valueName\":\"search_term_string\"}}],\"inLanguage\":\"pt-PT\"},{\"@type\":\"Person\",\"@id\":\"https:\/\/portaltela.pt\/#\/schema\/person\/c4278d4a6028830caff9ee44b42d32ed\",\"name\":\"Telinha\",\"image\":{\"@type\":\"ImageObject\",\"inLanguage\":\"pt-PT\",\"@id\":\"https:\/\/portaltela.pt\/s.01k8rhncp4jt1\/2025\/11\/talking-bot-125x125.png\",\"url\":\"https:\/\/portaltela.pt\/s.01k8rhncp4jt1\/2025\/11\/talking-bot-125x125.png\",\"contentUrl\":\"https:\/\/portaltela.pt\/s.01k8rhncp4jt1\/2025\/11\/talking-bot-125x125.png\",\"caption\":\"Telinha\"},\"sameAs\":[\"https:\/\/portaltela.pt\/\"],\"url\":\"https:\/\/portaltela.pt\/por\/367410592786\/\"}]}<\/script>\n<!-- \/ Yoast SEO plugin. -->","yoast_head_json":{"title":"Jornalistas europeus e latino-americanos exigem direitos autorais na IA - Portal Tela Portugal","robots":{"index":"index","follow":"follow","max-snippet":"max-snippet:-1","max-image-preview":"max-image-preview:large","max-video-preview":"max-video-preview:-1"},"og_locale":"pt_PT","og_type":"article","og_title":"Jornalistas europeus e latino-americanos exigem direitos autorais na IA - Portal Tela Portugal","og_description":"Editores e diretores de mais de trinta pa\u00edses da Am\u00e9rica Latina e da Uni\u00e3o Europeia aprovaram, em Alcal\u00e1 de Henares, uma Declara\u00e7\u00e3o com dez princ\u00edpios para orientar o jornalismo face \u00e0 desinforma\u00e7\u00e3o e aos desafios da Intelig\u00eancia Artificial. O texto exige respeito pela propriedade intelectual, enquadramentos de uso com autoriza\u00e7\u00e3o e remunera\u00e7\u00e3o justa pelo treino de IA com conte\u00fados de jornalistas, fot\u00f3grafos e operadores de c\u00e2mara, destacando o papel do editor como garante da not\u00edcia. Defende-se a \u00e9tica no capital e na governa\u00e7\u00e3o, igualdade e diversidade, compromisso com a paz e a democracia, e defesa da soberania lingu\u00edstica, assim como a necessidade de ju\u00edzo humano para combater desinforma\u00e7\u00e3o e alucina\u00e7\u00f5es dos sistemas autom\u00e1ticos. A Declara\u00e7\u00e3o aponta para a independ\u00eancia dos meios de comunica\u00e7\u00e3o face a capitais de origem opaca e pede prote\u00e7\u00e3o das reda\u00e7\u00f5es contra interesses que n\u00e3o respondam \u00e0 \u00e9tica informativa, especialmente em crises de refer\u00eancia. O encontro distinguiu ainda duas personalidades: Rolando Rodr\u00edguez, do La Prensa, e Irene Lanzaco, liderando a\u00e7\u00f5es legais contra a Meta, com pagamento de milh\u00f5es \u00e0 imprensa espanhola por concorr\u00eancia desleal.","og_url":"https:\/\/portaltela.pt\/noticias\/2026\/03\/20\/jornalistas-europeus-e-latino-americanos-exigem-direitos-autorais-na-ia\/","og_site_name":"Portal Tela Portugal","article_published_time":"2026-03-20T12:29:00+00:00","author":"Telinha","twitter_card":"summary_large_image","twitter_misc":{"Escrito por":"Telinha","Tempo estimado de leitura":"2 minutos"},"schema":{"@context":"https:\/\/schema.org","@graph":[{"@type":"Article","@id":"https:\/\/portaltela.pt\/noticias\/2026\/03\/20\/jornalistas-europeus-e-latino-americanos-exigem-direitos-autorais-na-ia\/#article","isPartOf":{"@id":"https:\/\/portaltela.pt\/noticias\/2026\/03\/20\/jornalistas-europeus-e-latino-americanos-exigem-direitos-autorais-na-ia\/"},"author":{"name":"Telinha","@id":"https:\/\/portaltela.pt\/#\/schema\/person\/c4278d4a6028830caff9ee44b42d32ed"},"headline":"Jornalistas europeus e latino-americanos exigem direitos autorais na IA","datePublished":"2026-03-20T12:29:00+00:00","mainEntityOfPage":{"@id":"https:\/\/portaltela.pt\/noticias\/2026\/03\/20\/jornalistas-europeus-e-latino-americanos-exigem-direitos-autorais-na-ia\/"},"wordCount":350,"image":{"@id":"https:\/\/portaltela.pt\/noticias\/2026\/03\/20\/jornalistas-europeus-e-latino-americanos-exigem-direitos-autorais-na-ia\/#primaryimage"},"thumbnailUrl":"https:\/\/portaltela.pt\/s.01k8rhncp4jt1\/2026\/03\/2075772.jpg","keywords":["direitos","Europa","informa\u00e7\u00e3o","informa\u00e7\u00e3o internacional","intelig\u00eancia artificial","propriedade intelectual"],"articleSection":["Internacional","Not\u00edcias"],"inLanguage":"pt-PT"},{"@type":"WebPage","@id":"https:\/\/portaltela.pt\/noticias\/2026\/03\/20\/jornalistas-europeus-e-latino-americanos-exigem-direitos-autorais-na-ia\/","url":"https:\/\/portaltela.pt\/noticias\/2026\/03\/20\/jornalistas-europeus-e-latino-americanos-exigem-direitos-autorais-na-ia\/","name":"Jornalistas europeus e latino-americanos exigem direitos autorais na IA - Portal Tela Portugal","isPartOf":{"@id":"https:\/\/portaltela.pt\/#website"},"primaryImageOfPage":{"@id":"https:\/\/portaltela.pt\/noticias\/2026\/03\/20\/jornalistas-europeus-e-latino-americanos-exigem-direitos-autorais-na-ia\/#primaryimage"},"image":{"@id":"https:\/\/portaltela.pt\/noticias\/2026\/03\/20\/jornalistas-europeus-e-latino-americanos-exigem-direitos-autorais-na-ia\/#primaryimage"},"thumbnailUrl":"https:\/\/portaltela.pt\/s.01k8rhncp4jt1\/2026\/03\/2075772.jpg","datePublished":"2026-03-20T12:29:00+00:00","author":{"@id":"https:\/\/portaltela.pt\/#\/schema\/person\/c4278d4a6028830caff9ee44b42d32ed"},"breadcrumb":{"@id":"https:\/\/portaltela.pt\/noticias\/2026\/03\/20\/jornalistas-europeus-e-latino-americanos-exigem-direitos-autorais-na-ia\/#breadcrumb"},"inLanguage":"pt-PT","potentialAction":[{"@type":"ReadAction","target":["https:\/\/portaltela.pt\/noticias\/2026\/03\/20\/jornalistas-europeus-e-latino-americanos-exigem-direitos-autorais-na-ia\/"]}]},{"@type":"ImageObject","inLanguage":"pt-PT","@id":"https:\/\/portaltela.pt\/noticias\/2026\/03\/20\/jornalistas-europeus-e-latino-americanos-exigem-direitos-autorais-na-ia\/#primaryimage","url":"https:\/\/portaltela.pt\/s.01k8rhncp4jt1\/2026\/03\/2075772.jpg","contentUrl":"https:\/\/portaltela.pt\/s.01k8rhncp4jt1\/2026\/03\/2075772.jpg","width":796,"height":448,"caption":"9.\u00ba Congresso de Editores da Europa, Am\u00e9rica Latina e Caribe, em Alcal\u00e1 de Henares, Espanha"},{"@type":"BreadcrumbList","@id":"https:\/\/portaltela.pt\/noticias\/2026\/03\/20\/jornalistas-europeus-e-latino-americanos-exigem-direitos-autorais-na-ia\/#breadcrumb","itemListElement":[{"@type":"ListItem","position":1,"name":"In\u00edcio","item":"https:\/\/portaltela.pt\/"},{"@type":"ListItem","position":2,"name":"Jornalistas europeus e latino-americanos exigem direitos autorais na IA"}]},{"@type":"WebSite","@id":"https:\/\/portaltela.pt\/#website","url":"https:\/\/portaltela.pt\/","name":"Portal Tela Portugal","description":"","potentialAction":[{"@type":"SearchAction","target":{"@type":"EntryPoint","urlTemplate":"https:\/\/portaltela.pt\/?s={search_term_string}"},"query-input":{"@type":"PropertyValueSpecification","valueRequired":true,"valueName":"search_term_string"}}],"inLanguage":"pt-PT"},{"@type":"Person","@id":"https:\/\/portaltela.pt\/#\/schema\/person\/c4278d4a6028830caff9ee44b42d32ed","name":"Telinha","image":{"@type":"ImageObject","inLanguage":"pt-PT","@id":"https:\/\/portaltela.pt\/s.01k8rhncp4jt1\/2025\/11\/talking-bot-125x125.png","url":"https:\/\/portaltela.pt\/s.01k8rhncp4jt1\/2025\/11\/talking-bot-125x125.png","contentUrl":"https:\/\/portaltela.pt\/s.01k8rhncp4jt1\/2025\/11\/talking-bot-125x125.png","caption":"Telinha"},"sameAs":["https:\/\/portaltela.pt\/"],"url":"https:\/\/portaltela.pt\/por\/367410592786\/"}]}},"_links":{"self":[{"href":"https:\/\/portaltela.pt\/api\/wp\/v2\/posts\/417294","targetHints":{"allow":["GET"]}}],"collection":[{"href":"https:\/\/portaltela.pt\/api\/wp\/v2\/posts"}],"about":[{"href":"https:\/\/portaltela.pt\/api\/wp\/v2\/types\/post"}],"author":[{"embeddable":true,"href":"https:\/\/portaltela.pt\/api\/wp\/v2\/users\/2"}],"replies":[{"embeddable":true,"href":"https:\/\/portaltela.pt\/api\/wp\/v2\/comments?post=417294"}],"version-history":[{"count":0,"href":"https:\/\/portaltela.pt\/api\/wp\/v2\/posts\/417294\/revisions"}],"wp:featuredmedia":[{"embeddable":true,"href":"https:\/\/portaltela.pt\/api\/wp\/v2\/media\/417305"}],"wp:attachment":[{"href":"https:\/\/portaltela.pt\/api\/wp\/v2\/media?parent=417294"}],"wp:term":[{"taxonomy":"category","embeddable":true,"href":"https:\/\/portaltela.pt\/api\/wp\/v2\/categories?post=417294"},{"taxonomy":"post_tag","embeddable":true,"href":"https:\/\/portaltela.pt\/api\/wp\/v2\/tags?post=417294"}],"curies":[{"name":"wp","href":"https:\/\/api.w.org\/{rel}","templated":true}]}}