{"id":417262,"date":"2026-03-20T08:42:00","date_gmt":"2026-03-20T11:42:00","guid":{"rendered":"https:\/\/portaltela.pt\/noticias\/2026\/03\/20\/prato-do-dia-revela-receitas-fundadoras-nos-passos-perdidos-perto-de-vila-real\/"},"modified":"2026-03-20T08:42:00","modified_gmt":"2026-03-20T11:42:00","slug":"prato-do-dia-revela-receitas-fundadoras-nos-passos-perdidos-perto-de-vila-real","status":"publish","type":"post","link":"https:\/\/portaltela.pt\/noticias\/2026\/03\/20\/prato-do-dia-revela-receitas-fundadoras-nos-passos-perdidos-perto-de-vila-real\/","title":{"rendered":"Prato do Dia revela receitas fundadoras nos Passos Perdidos, perto de Vila Real"},"content":{"rendered":"<p>O Adega Regional Passos Perdidos, situada em Vilarinho de Samard\u00e3, junto a Vila Real, aproxima o visitante de uma mem\u00f3ria agr\u00edcola de Camilo Castelo Branco. O espa\u00e7o resgata refer\u00eancias da aldeia transmontana e da cidade, oferecendo uma experi\u00eancia gastron\u00f3mica de tradi\u00e7\u00e3o.<\/p>\n<p>Com pouco mais de uma d\u00e9cada de funcionamento, a casa demonstra a for\u00e7a da cozinha regional. O card\u00e1pio de entradas inclui queijo de ovelha curado, p\u00e3o fresco e uma grelha com alheira, morcela e lingui\u00e7a, al\u00e9m de pataniscas de bacalhau crocantes.<\/p>\n<h3>Carta e cozinhas de refer\u00eancia<\/h3>\n<p>Pratos de peixe ganham destaque com bacalhau com broa e batatas a murro, bacalhau no lagar e pataniscas de bacalhau com arroz de feij\u00e3o. Tamb\u00e9m h\u00e1 polvo grelhado, salm\u00e3o e outras op\u00e7\u00f5es de grelhados, todas bem preparadas.<\/p>\n<p>Entre as op\u00e7\u00f5es de carne, destacam-se a vitela com arroz de castanhas, roj\u00f5es \u00e0 transmontana e costeleta de vitela com arroz de castanhas. Milhos com costelinhas em vinha d\u2019alhos e bife Passos Perdidos com molho de cogumelos completam a carta, que evidencia qualidade da regi\u00e3o.<\/p>\n<p>As sobremesas s\u00e3o variadas, mantendo a tradi\u00e7\u00e3o da casa. A refer\u00eancia liter\u00e1ria a Camilo Castelo Branco fica no imagin\u00e1rio gastron\u00f3mico, com sugest\u00f5es para ler \u00e0 mesa. O conjunto de receitas privilegia sabores aut\u00eanticos e t\u00e9cnicas simples.<\/p>\n<p>Adega Regional Passos Perdidos<\/p>\n<p>Rua da Coutada, Vilarinho de Samard\u00e3, Vila Real<\/p>\n<p>Tel.: 259 347 322<\/p>\n<p>Hor\u00e1rio: 12h \u00e0s 14h30 e 19h \u00e0s 22h30, ter\u00e7a a s\u00e1bado; at\u00e9 \u00e0s 14h30 no domingo<\/p>\n<p>Pre\u00e7o m\u00e9dio: 18 euros<\/p>\n","protected":false},"excerpt":{"rendered":"<ul>\n<li>A Adega Regional Passos Perdidos, em Vilarinho de Samard\u00e3, junto a Vila Real, oferece sabores tradicionais com refer\u00eancias \u00e0 regi\u00e3o.<\/li>\n<li>As entradas incluem queijo de ovelha curado, alheira, morua e lingui\u00e7a, pataniscas de bacalhau e presunto com broa frita.<\/li>\n<li>Pratos de peixe destacam bacalhau com broa e batatas a murro, bacalhau no lagar, pataniscas de bacalhau com arroz de feij\u00e3o e polvo grelhado com batata a murro.<\/li>\n<li>Os pratos de carne v\u00e3o desde charrisco de vitela com arroz de castanhas, costeleta de vitela, roj\u00f5es \u00e0 transmontana, at\u00e9 bife \u00e1 Passos Perdidos com molho de cogumelos.<\/li>\n<li>Sobrou espa\u00e7o para doces da casa, com pre\u00e7o m\u00e9dio de 18 euros; funciona de ter\u00e7a a s\u00e1bado, das 12h \u00e0s 14h30 e das 19h \u00e0s 22h30 (at\u00e9 14h30 ao domingo); contacto: 259 347 322, Rua da Coutada, Vilarinho de Samard\u00e3.<\/li>\n<\/ul>\n","protected":false},"author":2,"featured_media":417265,"comment_status":"closed","ping_status":"closed","sticky":false,"template":"","format":"standard","meta":{"footnotes":""},"categories":[7369,1],"tags":[5640,778,6117,219,1811,1665],"class_list":["post-417262","post","type-post","status-publish","format-standard","has-post-thumbnail","hentry","category-gastronomia","category-noticias","tag-aldeias","tag-comida","tag-cozinha","tag-gastronomia","tag-tras-os-montes","tag-vila-real"],"yoast_head":"<!-- This site is optimized with the Yoast SEO plugin v27.2 - https:\/\/yoast.com\/product\/yoast-seo-wordpress\/ -->\n<title>Prato do Dia revela receitas fundadoras nos Passos Perdidos, perto de Vila Real - Portal Tela Portugal<\/title>\n<meta name=\"robots\" content=\"index, follow, max-snippet:-1, max-image-preview:large, max-video-preview:-1\" \/>\n<meta property=\"og:locale\" content=\"pt_PT\" \/>\n<meta property=\"og:type\" content=\"article\" \/>\n<meta property=\"og:title\" content=\"Prato do Dia revela receitas fundadoras nos Passos Perdidos, perto de Vila Real - Portal Tela Portugal\" \/>\n<meta property=\"og:description\" content=\"A Adega Regional Passos Perdidos, em Vilarinho de Samard\u00e3, junto a Vila Real, oferece sabores tradicionais com refer\u00eancias \u00e0 regi\u00e3o. As entradas incluem queijo de ovelha curado, alheira, morua e lingui\u00e7a, pataniscas de bacalhau e presunto com broa frita. Pratos de peixe destacam bacalhau com broa e batatas a murro, bacalhau no lagar, pataniscas de bacalhau com arroz de feij\u00e3o e polvo grelhado com batata a murro. Os pratos de carne v\u00e3o desde charrisco de vitela com arroz de castanhas, costeleta de vitela, roj\u00f5es \u00e0 transmontana, at\u00e9 bife \u00e1 Passos Perdidos com molho de cogumelos. Sobrou espa\u00e7o para doces da casa, com pre\u00e7o m\u00e9dio de 18 euros; funciona de ter\u00e7a a s\u00e1bado, das 12h \u00e0s 14h30 e das 19h \u00e0s 22h30 (at\u00e9 14h30 ao domingo); contacto: 259 347 322, Rua da Coutada, Vilarinho de Samard\u00e3.\" \/>\n<meta property=\"og:url\" content=\"https:\/\/portaltela.pt\/noticias\/2026\/03\/20\/prato-do-dia-revela-receitas-fundadoras-nos-passos-perdidos-perto-de-vila-real\/\" \/>\n<meta property=\"og:site_name\" content=\"Portal Tela Portugal\" \/>\n<meta property=\"article:published_time\" content=\"2026-03-20T11:42:00+00:00\" \/>\n<meta name=\"author\" content=\"Telinha\" \/>\n<meta name=\"twitter:card\" content=\"summary_large_image\" \/>\n<meta name=\"twitter:label1\" content=\"Escrito por\" \/>\n\t<meta name=\"twitter:data1\" content=\"Telinha\" \/>\n\t<meta name=\"twitter:label2\" content=\"Tempo estimado de leitura\" \/>\n\t<meta name=\"twitter:data2\" content=\"1 minuto\" \/>\n<script type=\"application\/ld+json\" class=\"yoast-schema-graph\">{\"@context\":\"https:\/\/schema.org\",\"@graph\":[{\"@type\":\"Article\",\"@id\":\"https:\/\/portaltela.pt\/noticias\/2026\/03\/20\/prato-do-dia-revela-receitas-fundadoras-nos-passos-perdidos-perto-de-vila-real\/#article\",\"isPartOf\":{\"@id\":\"https:\/\/portaltela.pt\/noticias\/2026\/03\/20\/prato-do-dia-revela-receitas-fundadoras-nos-passos-perdidos-perto-de-vila-real\/\"},\"author\":{\"name\":\"Telinha\",\"@id\":\"https:\/\/portaltela.pt\/#\/schema\/person\/c4278d4a6028830caff9ee44b42d32ed\"},\"headline\":\"Prato do Dia revela receitas fundadoras nos Passos Perdidos, perto de Vila Real\",\"datePublished\":\"2026-03-20T11:42:00+00:00\",\"mainEntityOfPage\":{\"@id\":\"https:\/\/portaltela.pt\/noticias\/2026\/03\/20\/prato-do-dia-revela-receitas-fundadoras-nos-passos-perdidos-perto-de-vila-real\/\"},\"wordCount\":284,\"image\":{\"@id\":\"https:\/\/portaltela.pt\/noticias\/2026\/03\/20\/prato-do-dia-revela-receitas-fundadoras-nos-passos-perdidos-perto-de-vila-real\/#primaryimage\"},\"thumbnailUrl\":\"https:\/\/portaltela.pt\/s.01k8rhncp4jt1\/2026\/03\/image-1337.jpg\",\"keywords\":[\"aldeias\",\"comida\",\"cozinha\",\"gastronomia\",\"Tr\u00e1s-os-Montes\",\"Vila Real\"],\"articleSection\":[\"Gastronomia\",\"Not\u00edcias\"],\"inLanguage\":\"pt-PT\"},{\"@type\":\"WebPage\",\"@id\":\"https:\/\/portaltela.pt\/noticias\/2026\/03\/20\/prato-do-dia-revela-receitas-fundadoras-nos-passos-perdidos-perto-de-vila-real\/\",\"url\":\"https:\/\/portaltela.pt\/noticias\/2026\/03\/20\/prato-do-dia-revela-receitas-fundadoras-nos-passos-perdidos-perto-de-vila-real\/\",\"name\":\"Prato do Dia revela receitas fundadoras nos Passos Perdidos, perto de Vila Real - Portal Tela Portugal\",\"isPartOf\":{\"@id\":\"https:\/\/portaltela.pt\/#website\"},\"primaryImageOfPage\":{\"@id\":\"https:\/\/portaltela.pt\/noticias\/2026\/03\/20\/prato-do-dia-revela-receitas-fundadoras-nos-passos-perdidos-perto-de-vila-real\/#primaryimage\"},\"image\":{\"@id\":\"https:\/\/portaltela.pt\/noticias\/2026\/03\/20\/prato-do-dia-revela-receitas-fundadoras-nos-passos-perdidos-perto-de-vila-real\/#primaryimage\"},\"thumbnailUrl\":\"https:\/\/portaltela.pt\/s.01k8rhncp4jt1\/2026\/03\/image-1337.jpg\",\"datePublished\":\"2026-03-20T11:42:00+00:00\",\"author\":{\"@id\":\"https:\/\/portaltela.pt\/#\/schema\/person\/c4278d4a6028830caff9ee44b42d32ed\"},\"breadcrumb\":{\"@id\":\"https:\/\/portaltela.pt\/noticias\/2026\/03\/20\/prato-do-dia-revela-receitas-fundadoras-nos-passos-perdidos-perto-de-vila-real\/#breadcrumb\"},\"inLanguage\":\"pt-PT\",\"potentialAction\":[{\"@type\":\"ReadAction\",\"target\":[\"https:\/\/portaltela.pt\/noticias\/2026\/03\/20\/prato-do-dia-revela-receitas-fundadoras-nos-passos-perdidos-perto-de-vila-real\/\"]}]},{\"@type\":\"ImageObject\",\"inLanguage\":\"pt-PT\",\"@id\":\"https:\/\/portaltela.pt\/noticias\/2026\/03\/20\/prato-do-dia-revela-receitas-fundadoras-nos-passos-perdidos-perto-de-vila-real\/#primaryimage\",\"url\":\"https:\/\/portaltela.pt\/s.01k8rhncp4jt1\/2026\/03\/image-1337.jpg\",\"contentUrl\":\"https:\/\/portaltela.pt\/s.01k8rhncp4jt1\/2026\/03\/image-1337.jpg\",\"width\":796,\"height\":448,\"caption\":\"Adega Regional Passos Perdidos, em Vilarinho de Samard\u00e3\"},{\"@type\":\"BreadcrumbList\",\"@id\":\"https:\/\/portaltela.pt\/noticias\/2026\/03\/20\/prato-do-dia-revela-receitas-fundadoras-nos-passos-perdidos-perto-de-vila-real\/#breadcrumb\",\"itemListElement\":[{\"@type\":\"ListItem\",\"position\":1,\"name\":\"In\u00edcio\",\"item\":\"https:\/\/portaltela.pt\/\"},{\"@type\":\"ListItem\",\"position\":2,\"name\":\"Prato do Dia revela receitas fundadoras nos Passos Perdidos, perto de Vila Real\"}]},{\"@type\":\"WebSite\",\"@id\":\"https:\/\/portaltela.pt\/#website\",\"url\":\"https:\/\/portaltela.pt\/\",\"name\":\"Portal Tela Portugal\",\"description\":\"\",\"potentialAction\":[{\"@type\":\"SearchAction\",\"target\":{\"@type\":\"EntryPoint\",\"urlTemplate\":\"https:\/\/portaltela.pt\/?s={search_term_string}\"},\"query-input\":{\"@type\":\"PropertyValueSpecification\",\"valueRequired\":true,\"valueName\":\"search_term_string\"}}],\"inLanguage\":\"pt-PT\"},{\"@type\":\"Person\",\"@id\":\"https:\/\/portaltela.pt\/#\/schema\/person\/c4278d4a6028830caff9ee44b42d32ed\",\"name\":\"Telinha\",\"image\":{\"@type\":\"ImageObject\",\"inLanguage\":\"pt-PT\",\"@id\":\"https:\/\/portaltela.pt\/s.01k8rhncp4jt1\/2025\/11\/talking-bot-125x125.png\",\"url\":\"https:\/\/portaltela.pt\/s.01k8rhncp4jt1\/2025\/11\/talking-bot-125x125.png\",\"contentUrl\":\"https:\/\/portaltela.pt\/s.01k8rhncp4jt1\/2025\/11\/talking-bot-125x125.png\",\"caption\":\"Telinha\"},\"sameAs\":[\"https:\/\/portaltela.pt\/\"],\"url\":\"https:\/\/portaltela.pt\/por\/367410592786\/\"}]}<\/script>\n<!-- \/ Yoast SEO plugin. -->","yoast_head_json":{"title":"Prato do Dia revela receitas fundadoras nos Passos Perdidos, perto de Vila Real - Portal Tela Portugal","robots":{"index":"index","follow":"follow","max-snippet":"max-snippet:-1","max-image-preview":"max-image-preview:large","max-video-preview":"max-video-preview:-1"},"og_locale":"pt_PT","og_type":"article","og_title":"Prato do Dia revela receitas fundadoras nos Passos Perdidos, perto de Vila Real - Portal Tela Portugal","og_description":"A Adega Regional Passos Perdidos, em Vilarinho de Samard\u00e3, junto a Vila Real, oferece sabores tradicionais com refer\u00eancias \u00e0 regi\u00e3o. As entradas incluem queijo de ovelha curado, alheira, morua e lingui\u00e7a, pataniscas de bacalhau e presunto com broa frita. Pratos de peixe destacam bacalhau com broa e batatas a murro, bacalhau no lagar, pataniscas de bacalhau com arroz de feij\u00e3o e polvo grelhado com batata a murro. Os pratos de carne v\u00e3o desde charrisco de vitela com arroz de castanhas, costeleta de vitela, roj\u00f5es \u00e0 transmontana, at\u00e9 bife \u00e1 Passos Perdidos com molho de cogumelos. Sobrou espa\u00e7o para doces da casa, com pre\u00e7o m\u00e9dio de 18 euros; funciona de ter\u00e7a a s\u00e1bado, das 12h \u00e0s 14h30 e das 19h \u00e0s 22h30 (at\u00e9 14h30 ao domingo); contacto: 259 347 322, Rua da Coutada, Vilarinho de Samard\u00e3.","og_url":"https:\/\/portaltela.pt\/noticias\/2026\/03\/20\/prato-do-dia-revela-receitas-fundadoras-nos-passos-perdidos-perto-de-vila-real\/","og_site_name":"Portal Tela Portugal","article_published_time":"2026-03-20T11:42:00+00:00","author":"Telinha","twitter_card":"summary_large_image","twitter_misc":{"Escrito por":"Telinha","Tempo estimado de leitura":"1 minuto"},"schema":{"@context":"https:\/\/schema.org","@graph":[{"@type":"Article","@id":"https:\/\/portaltela.pt\/noticias\/2026\/03\/20\/prato-do-dia-revela-receitas-fundadoras-nos-passos-perdidos-perto-de-vila-real\/#article","isPartOf":{"@id":"https:\/\/portaltela.pt\/noticias\/2026\/03\/20\/prato-do-dia-revela-receitas-fundadoras-nos-passos-perdidos-perto-de-vila-real\/"},"author":{"name":"Telinha","@id":"https:\/\/portaltela.pt\/#\/schema\/person\/c4278d4a6028830caff9ee44b42d32ed"},"headline":"Prato do Dia revela receitas fundadoras nos Passos Perdidos, perto de Vila Real","datePublished":"2026-03-20T11:42:00+00:00","mainEntityOfPage":{"@id":"https:\/\/portaltela.pt\/noticias\/2026\/03\/20\/prato-do-dia-revela-receitas-fundadoras-nos-passos-perdidos-perto-de-vila-real\/"},"wordCount":284,"image":{"@id":"https:\/\/portaltela.pt\/noticias\/2026\/03\/20\/prato-do-dia-revela-receitas-fundadoras-nos-passos-perdidos-perto-de-vila-real\/#primaryimage"},"thumbnailUrl":"https:\/\/portaltela.pt\/s.01k8rhncp4jt1\/2026\/03\/image-1337.jpg","keywords":["aldeias","comida","cozinha","gastronomia","Tr\u00e1s-os-Montes","Vila Real"],"articleSection":["Gastronomia","Not\u00edcias"],"inLanguage":"pt-PT"},{"@type":"WebPage","@id":"https:\/\/portaltela.pt\/noticias\/2026\/03\/20\/prato-do-dia-revela-receitas-fundadoras-nos-passos-perdidos-perto-de-vila-real\/","url":"https:\/\/portaltela.pt\/noticias\/2026\/03\/20\/prato-do-dia-revela-receitas-fundadoras-nos-passos-perdidos-perto-de-vila-real\/","name":"Prato do Dia revela receitas fundadoras nos Passos Perdidos, perto de Vila Real - Portal Tela Portugal","isPartOf":{"@id":"https:\/\/portaltela.pt\/#website"},"primaryImageOfPage":{"@id":"https:\/\/portaltela.pt\/noticias\/2026\/03\/20\/prato-do-dia-revela-receitas-fundadoras-nos-passos-perdidos-perto-de-vila-real\/#primaryimage"},"image":{"@id":"https:\/\/portaltela.pt\/noticias\/2026\/03\/20\/prato-do-dia-revela-receitas-fundadoras-nos-passos-perdidos-perto-de-vila-real\/#primaryimage"},"thumbnailUrl":"https:\/\/portaltela.pt\/s.01k8rhncp4jt1\/2026\/03\/image-1337.jpg","datePublished":"2026-03-20T11:42:00+00:00","author":{"@id":"https:\/\/portaltela.pt\/#\/schema\/person\/c4278d4a6028830caff9ee44b42d32ed"},"breadcrumb":{"@id":"https:\/\/portaltela.pt\/noticias\/2026\/03\/20\/prato-do-dia-revela-receitas-fundadoras-nos-passos-perdidos-perto-de-vila-real\/#breadcrumb"},"inLanguage":"pt-PT","potentialAction":[{"@type":"ReadAction","target":["https:\/\/portaltela.pt\/noticias\/2026\/03\/20\/prato-do-dia-revela-receitas-fundadoras-nos-passos-perdidos-perto-de-vila-real\/"]}]},{"@type":"ImageObject","inLanguage":"pt-PT","@id":"https:\/\/portaltela.pt\/noticias\/2026\/03\/20\/prato-do-dia-revela-receitas-fundadoras-nos-passos-perdidos-perto-de-vila-real\/#primaryimage","url":"https:\/\/portaltela.pt\/s.01k8rhncp4jt1\/2026\/03\/image-1337.jpg","contentUrl":"https:\/\/portaltela.pt\/s.01k8rhncp4jt1\/2026\/03\/image-1337.jpg","width":796,"height":448,"caption":"Adega Regional Passos Perdidos, em Vilarinho de Samard\u00e3"},{"@type":"BreadcrumbList","@id":"https:\/\/portaltela.pt\/noticias\/2026\/03\/20\/prato-do-dia-revela-receitas-fundadoras-nos-passos-perdidos-perto-de-vila-real\/#breadcrumb","itemListElement":[{"@type":"ListItem","position":1,"name":"In\u00edcio","item":"https:\/\/portaltela.pt\/"},{"@type":"ListItem","position":2,"name":"Prato do Dia revela receitas fundadoras nos Passos Perdidos, perto de Vila Real"}]},{"@type":"WebSite","@id":"https:\/\/portaltela.pt\/#website","url":"https:\/\/portaltela.pt\/","name":"Portal Tela Portugal","description":"","potentialAction":[{"@type":"SearchAction","target":{"@type":"EntryPoint","urlTemplate":"https:\/\/portaltela.pt\/?s={search_term_string}"},"query-input":{"@type":"PropertyValueSpecification","valueRequired":true,"valueName":"search_term_string"}}],"inLanguage":"pt-PT"},{"@type":"Person","@id":"https:\/\/portaltela.pt\/#\/schema\/person\/c4278d4a6028830caff9ee44b42d32ed","name":"Telinha","image":{"@type":"ImageObject","inLanguage":"pt-PT","@id":"https:\/\/portaltela.pt\/s.01k8rhncp4jt1\/2025\/11\/talking-bot-125x125.png","url":"https:\/\/portaltela.pt\/s.01k8rhncp4jt1\/2025\/11\/talking-bot-125x125.png","contentUrl":"https:\/\/portaltela.pt\/s.01k8rhncp4jt1\/2025\/11\/talking-bot-125x125.png","caption":"Telinha"},"sameAs":["https:\/\/portaltela.pt\/"],"url":"https:\/\/portaltela.pt\/por\/367410592786\/"}]}},"_links":{"self":[{"href":"https:\/\/portaltela.pt\/api\/wp\/v2\/posts\/417262","targetHints":{"allow":["GET"]}}],"collection":[{"href":"https:\/\/portaltela.pt\/api\/wp\/v2\/posts"}],"about":[{"href":"https:\/\/portaltela.pt\/api\/wp\/v2\/types\/post"}],"author":[{"embeddable":true,"href":"https:\/\/portaltela.pt\/api\/wp\/v2\/users\/2"}],"replies":[{"embeddable":true,"href":"https:\/\/portaltela.pt\/api\/wp\/v2\/comments?post=417262"}],"version-history":[{"count":0,"href":"https:\/\/portaltela.pt\/api\/wp\/v2\/posts\/417262\/revisions"}],"wp:featuredmedia":[{"embeddable":true,"href":"https:\/\/portaltela.pt\/api\/wp\/v2\/media\/417265"}],"wp:attachment":[{"href":"https:\/\/portaltela.pt\/api\/wp\/v2\/media?parent=417262"}],"wp:term":[{"taxonomy":"category","embeddable":true,"href":"https:\/\/portaltela.pt\/api\/wp\/v2\/categories?post=417262"},{"taxonomy":"post_tag","embeddable":true,"href":"https:\/\/portaltela.pt\/api\/wp\/v2\/tags?post=417262"}],"curies":[{"name":"wp","href":"https:\/\/api.w.org\/{rel}","templated":true}]}}