{"id":417256,"date":"2026-03-20T09:03:46","date_gmt":"2026-03-20T12:03:46","guid":{"rendered":"https:\/\/portaltela.pt\/noticias\/2026\/03\/20\/sofia-lavreshina-chega-as-semifinais-dos-400-m-nos-mundiais-de-pista-curta\/"},"modified":"2026-03-20T09:03:46","modified_gmt":"2026-03-20T12:03:46","slug":"sofia-lavreshina-chega-as-semifinais-dos-400-m-nos-mundiais-de-pista-curta","status":"publish","type":"post","link":"https:\/\/portaltela.pt\/desporto\/copa-do-mundo\/2026\/03\/20\/sofia-lavreshina-chega-as-semifinais-dos-400-m-nos-mundiais-de-pista-curta\/","title":{"rendered":"Sofia Lavreshina chega \u00e0s semifinais dos 400 m nos Mundiais de pista curta"},"content":{"rendered":"<p>A atleta portuguesa Sofia Lavreshina qualificou-se hoje para as semifinais dos 400 metros nos Campeonatos do Mundo de atletismo indoor, em Torun&#8217;2026, ao vencer a eliminat\u00f3ria com um recorde nacional de 51,87 segundos. A marca ficou abaixo do tempo de refer\u00eancia anterior.<\/p>\n<p>Na segunda s\u00e9rie, Lavreshina partiu conservadora e chegou \u00e0 meta em primeira, superando a holandesa Myrte van der Schoot, que ficou em segundo com 51,97. A pior marca entre as quatro velocistas na s\u00e9rie acabou por ser suficiente para seguir em frente.<\/p>\n<p>A atleta, de 22 anos e origin\u00e1ria de Pombal, inscrita no Sporting, j\u00e1 tinha melhorado o recorde nacional de pista curta por tr\u00eas vezes este ano, sucedendo a C\u00e1tia Azevedo (52,43). O novo tempo ocorreu apesar de come\u00e7ar a prova na quarta posi\u00e7\u00e3o.<\/p>\n<h3>Semifinais<\/h3>\n<p>Amanh\u00e3, as semifinais est\u00e3o marcadas para as 19h42 locais (18h42 em Lisboa) e definem quem avan\u00e7a para a final. Lavreshina afirmou ter sentido melhoras significativas na forma f\u00edsica e concentrou-se em manter a posi\u00e7\u00e3o para evitar perder terreno.<\/p>\n<p>Na zona mista, a atleta explicou que o objetivo era manter-se na luta e n\u00e3o deixar que advers\u00e1rias a ultrapassassem, especialmente ap\u00f3s o embate com Annalies Kalma, perto dos 200 metros. Lavreshina mostrou-se confiante quanto a novas marcas pessoais em Torun.<\/p>\n","protected":false},"excerpt":{"rendered":"<ul>\n<li>Sofia Lavreshina, de 22 anos, qualificou-se para as semifinais dos 400 metros em pista curta nos Mundiais Torun\u20192026, ao vencer a eliminat\u00f3ria da segunda s\u00e9rie.<\/li>\n<li>Melhorou o recorde nacional para 51,87 segundos, tornando-se na primeira atleta portuguesa a bater o recorde nacional na edi\u00e7\u00e3o de Mundiais indoor.<\/li>\n<li>Na s\u00e9rie, a atleta iniciou em \u00faltimo, venceu a prova e ficou \u00e0 frente da holandesa Myrte van der Schoot, que terminou em segundo a 0,10 segundos.<\/li>\n<li>As semifinais est\u00e3o marcadas para hoje, \u00e0s 19h42 locais (18h42 em Lisboa), na Arena Torun.<\/li>\n<li>O Sporting informou que Lavreshina j\u00e1 tinha batido o recorde nacional da dist\u00e2ncia tr\u00eas vezes este ano, superando o anterior de C\u00e1tia Azevedo (52,43).<\/li>\n<\/ul>\n","protected":false},"author":2,"featured_media":417259,"comment_status":"closed","ping_status":"closed","sticky":false,"template":"","format":"standard","meta":{"footnotes":""},"categories":[6695,21],"tags":[137,6342,2463,40,1014],"class_list":["post-417256","post","type-post","status-publish","format-standard","has-post-thumbnail","hentry","category-copa-do-mundo","category-desporto","tag-atletismo","tag-campeonatos-internacionais","tag-competicao-internacional","tag-pessoas","tag-portugal"],"yoast_head":"<!-- This site is optimized with the Yoast SEO plugin v27.2 - https:\/\/yoast.com\/product\/yoast-seo-wordpress\/ -->\n<title>Sofia Lavreshina chega \u00e0s semifinais dos 400 m nos Mundiais de pista curta - Portal Tela Portugal<\/title>\n<meta name=\"robots\" content=\"index, follow, max-snippet:-1, max-image-preview:large, max-video-preview:-1\" \/>\n<meta property=\"og:locale\" content=\"pt_PT\" \/>\n<meta property=\"og:type\" content=\"article\" \/>\n<meta property=\"og:title\" content=\"Sofia Lavreshina chega \u00e0s semifinais dos 400 m nos Mundiais de pista curta - Portal Tela Portugal\" \/>\n<meta property=\"og:description\" content=\"Sofia Lavreshina, de 22 anos, qualificou-se para as semifinais dos 400 metros em pista curta nos Mundiais Torun\u20192026, ao vencer a eliminat\u00f3ria da segunda s\u00e9rie. Melhorou o recorde nacional para 51,87 segundos, tornando-se na primeira atleta portuguesa a bater o recorde nacional na edi\u00e7\u00e3o de Mundiais indoor. Na s\u00e9rie, a atleta iniciou em \u00faltimo, venceu a prova e ficou \u00e0 frente da holandesa Myrte van der Schoot, que terminou em segundo a 0,10 segundos. As semifinais est\u00e3o marcadas para hoje, \u00e0s 19h42 locais (18h42 em Lisboa), na Arena Torun. O Sporting informou que Lavreshina j\u00e1 tinha batido o recorde nacional da dist\u00e2ncia tr\u00eas vezes este ano, superando o anterior de C\u00e1tia Azevedo (52,43).\" \/>\n<meta property=\"og:url\" content=\"https:\/\/portaltela.pt\/noticias\/2026\/03\/20\/sofia-lavreshina-chega-as-semifinais-dos-400-m-nos-mundiais-de-pista-curta\/\" \/>\n<meta property=\"og:site_name\" content=\"Portal Tela Portugal\" \/>\n<meta property=\"article:published_time\" content=\"2026-03-20T12:03:46+00:00\" \/>\n<meta name=\"author\" content=\"Telinha\" \/>\n<meta name=\"twitter:card\" content=\"summary_large_image\" \/>\n<meta name=\"twitter:label1\" content=\"Escrito por\" \/>\n\t<meta name=\"twitter:data1\" content=\"Telinha\" \/>\n\t<meta name=\"twitter:label2\" content=\"Tempo estimado de leitura\" \/>\n\t<meta name=\"twitter:data2\" content=\"1 minuto\" \/>\n<script type=\"application\/ld+json\" class=\"yoast-schema-graph\">{\"@context\":\"https:\/\/schema.org\",\"@graph\":[{\"@type\":\"Article\",\"@id\":\"https:\/\/portaltela.pt\/noticias\/2026\/03\/20\/sofia-lavreshina-chega-as-semifinais-dos-400-m-nos-mundiais-de-pista-curta\/#article\",\"isPartOf\":{\"@id\":\"https:\/\/portaltela.pt\/noticias\/2026\/03\/20\/sofia-lavreshina-chega-as-semifinais-dos-400-m-nos-mundiais-de-pista-curta\/\"},\"author\":{\"name\":\"Telinha\",\"@id\":\"https:\/\/portaltela.pt\/#\/schema\/person\/c4278d4a6028830caff9ee44b42d32ed\"},\"headline\":\"Sofia Lavreshina chega \u00e0s semifinais dos 400 m nos Mundiais de pista curta\",\"datePublished\":\"2026-03-20T12:03:46+00:00\",\"mainEntityOfPage\":{\"@id\":\"https:\/\/portaltela.pt\/noticias\/2026\/03\/20\/sofia-lavreshina-chega-as-semifinais-dos-400-m-nos-mundiais-de-pista-curta\/\"},\"wordCount\":228,\"image\":{\"@id\":\"https:\/\/portaltela.pt\/noticias\/2026\/03\/20\/sofia-lavreshina-chega-as-semifinais-dos-400-m-nos-mundiais-de-pista-curta\/#primaryimage\"},\"thumbnailUrl\":\"https:\/\/portaltela.pt\/s.01k8rhncp4jt1\/2026\/03\/img_920x518uu2026-03-20-12-00-10-2428300-im-639096048397065467.jpg\",\"keywords\":[\"atletismo\",\"campeonatos internacionais\",\"competi\u00e7\u00e3o internacional\",\"pessoas\",\"Portugal\"],\"articleSection\":[\"Copa do Mundo\",\"Desporto\"],\"inLanguage\":\"pt-PT\"},{\"@type\":\"WebPage\",\"@id\":\"https:\/\/portaltela.pt\/noticias\/2026\/03\/20\/sofia-lavreshina-chega-as-semifinais-dos-400-m-nos-mundiais-de-pista-curta\/\",\"url\":\"https:\/\/portaltela.pt\/noticias\/2026\/03\/20\/sofia-lavreshina-chega-as-semifinais-dos-400-m-nos-mundiais-de-pista-curta\/\",\"name\":\"Sofia Lavreshina chega \u00e0s semifinais dos 400 m nos Mundiais de pista curta - Portal Tela Portugal\",\"isPartOf\":{\"@id\":\"https:\/\/portaltela.pt\/#website\"},\"primaryImageOfPage\":{\"@id\":\"https:\/\/portaltela.pt\/noticias\/2026\/03\/20\/sofia-lavreshina-chega-as-semifinais-dos-400-m-nos-mundiais-de-pista-curta\/#primaryimage\"},\"image\":{\"@id\":\"https:\/\/portaltela.pt\/noticias\/2026\/03\/20\/sofia-lavreshina-chega-as-semifinais-dos-400-m-nos-mundiais-de-pista-curta\/#primaryimage\"},\"thumbnailUrl\":\"https:\/\/portaltela.pt\/s.01k8rhncp4jt1\/2026\/03\/img_920x518uu2026-03-20-12-00-10-2428300-im-639096048397065467.jpg\",\"datePublished\":\"2026-03-20T12:03:46+00:00\",\"author\":{\"@id\":\"https:\/\/portaltela.pt\/#\/schema\/person\/c4278d4a6028830caff9ee44b42d32ed\"},\"breadcrumb\":{\"@id\":\"https:\/\/portaltela.pt\/noticias\/2026\/03\/20\/sofia-lavreshina-chega-as-semifinais-dos-400-m-nos-mundiais-de-pista-curta\/#breadcrumb\"},\"inLanguage\":\"pt-PT\",\"potentialAction\":[{\"@type\":\"ReadAction\",\"target\":[\"https:\/\/portaltela.pt\/noticias\/2026\/03\/20\/sofia-lavreshina-chega-as-semifinais-dos-400-m-nos-mundiais-de-pista-curta\/\"]}]},{\"@type\":\"ImageObject\",\"inLanguage\":\"pt-PT\",\"@id\":\"https:\/\/portaltela.pt\/noticias\/2026\/03\/20\/sofia-lavreshina-chega-as-semifinais-dos-400-m-nos-mundiais-de-pista-curta\/#primaryimage\",\"url\":\"https:\/\/portaltela.pt\/s.01k8rhncp4jt1\/2026\/03\/img_920x518uu2026-03-20-12-00-10-2428300-im-639096048397065467.jpg\",\"contentUrl\":\"https:\/\/portaltela.pt\/s.01k8rhncp4jt1\/2026\/03\/img_920x518uu2026-03-20-12-00-10-2428300-im-639096048397065467.jpg\",\"width\":796,\"height\":448,\"caption\":\"Sofia Lavreshina\"},{\"@type\":\"BreadcrumbList\",\"@id\":\"https:\/\/portaltela.pt\/noticias\/2026\/03\/20\/sofia-lavreshina-chega-as-semifinais-dos-400-m-nos-mundiais-de-pista-curta\/#breadcrumb\",\"itemListElement\":[{\"@type\":\"ListItem\",\"position\":1,\"name\":\"In\u00edcio\",\"item\":\"https:\/\/portaltela.pt\/\"},{\"@type\":\"ListItem\",\"position\":2,\"name\":\"Sofia Lavreshina chega \u00e0s semifinais dos 400 m nos Mundiais de pista curta\"}]},{\"@type\":\"WebSite\",\"@id\":\"https:\/\/portaltela.pt\/#website\",\"url\":\"https:\/\/portaltela.pt\/\",\"name\":\"Portal Tela Portugal\",\"description\":\"\",\"potentialAction\":[{\"@type\":\"SearchAction\",\"target\":{\"@type\":\"EntryPoint\",\"urlTemplate\":\"https:\/\/portaltela.pt\/?s={search_term_string}\"},\"query-input\":{\"@type\":\"PropertyValueSpecification\",\"valueRequired\":true,\"valueName\":\"search_term_string\"}}],\"inLanguage\":\"pt-PT\"},{\"@type\":\"Person\",\"@id\":\"https:\/\/portaltela.pt\/#\/schema\/person\/c4278d4a6028830caff9ee44b42d32ed\",\"name\":\"Telinha\",\"image\":{\"@type\":\"ImageObject\",\"inLanguage\":\"pt-PT\",\"@id\":\"https:\/\/portaltela.pt\/s.01k8rhncp4jt1\/2025\/11\/talking-bot-125x125.png\",\"url\":\"https:\/\/portaltela.pt\/s.01k8rhncp4jt1\/2025\/11\/talking-bot-125x125.png\",\"contentUrl\":\"https:\/\/portaltela.pt\/s.01k8rhncp4jt1\/2025\/11\/talking-bot-125x125.png\",\"caption\":\"Telinha\"},\"sameAs\":[\"https:\/\/portaltela.pt\/\"],\"url\":\"https:\/\/portaltela.pt\/por\/367410592786\/\"}]}<\/script>\n<!-- \/ Yoast SEO plugin. -->","yoast_head_json":{"title":"Sofia Lavreshina chega \u00e0s semifinais dos 400 m nos Mundiais de pista curta - Portal Tela Portugal","robots":{"index":"index","follow":"follow","max-snippet":"max-snippet:-1","max-image-preview":"max-image-preview:large","max-video-preview":"max-video-preview:-1"},"og_locale":"pt_PT","og_type":"article","og_title":"Sofia Lavreshina chega \u00e0s semifinais dos 400 m nos Mundiais de pista curta - Portal Tela Portugal","og_description":"Sofia Lavreshina, de 22 anos, qualificou-se para as semifinais dos 400 metros em pista curta nos Mundiais Torun\u20192026, ao vencer a eliminat\u00f3ria da segunda s\u00e9rie. Melhorou o recorde nacional para 51,87 segundos, tornando-se na primeira atleta portuguesa a bater o recorde nacional na edi\u00e7\u00e3o de Mundiais indoor. Na s\u00e9rie, a atleta iniciou em \u00faltimo, venceu a prova e ficou \u00e0 frente da holandesa Myrte van der Schoot, que terminou em segundo a 0,10 segundos. As semifinais est\u00e3o marcadas para hoje, \u00e0s 19h42 locais (18h42 em Lisboa), na Arena Torun. O Sporting informou que Lavreshina j\u00e1 tinha batido o recorde nacional da dist\u00e2ncia tr\u00eas vezes este ano, superando o anterior de C\u00e1tia Azevedo (52,43).","og_url":"https:\/\/portaltela.pt\/noticias\/2026\/03\/20\/sofia-lavreshina-chega-as-semifinais-dos-400-m-nos-mundiais-de-pista-curta\/","og_site_name":"Portal Tela Portugal","article_published_time":"2026-03-20T12:03:46+00:00","author":"Telinha","twitter_card":"summary_large_image","twitter_misc":{"Escrito por":"Telinha","Tempo estimado de leitura":"1 minuto"},"schema":{"@context":"https:\/\/schema.org","@graph":[{"@type":"Article","@id":"https:\/\/portaltela.pt\/noticias\/2026\/03\/20\/sofia-lavreshina-chega-as-semifinais-dos-400-m-nos-mundiais-de-pista-curta\/#article","isPartOf":{"@id":"https:\/\/portaltela.pt\/noticias\/2026\/03\/20\/sofia-lavreshina-chega-as-semifinais-dos-400-m-nos-mundiais-de-pista-curta\/"},"author":{"name":"Telinha","@id":"https:\/\/portaltela.pt\/#\/schema\/person\/c4278d4a6028830caff9ee44b42d32ed"},"headline":"Sofia Lavreshina chega \u00e0s semifinais dos 400 m nos Mundiais de pista curta","datePublished":"2026-03-20T12:03:46+00:00","mainEntityOfPage":{"@id":"https:\/\/portaltela.pt\/noticias\/2026\/03\/20\/sofia-lavreshina-chega-as-semifinais-dos-400-m-nos-mundiais-de-pista-curta\/"},"wordCount":228,"image":{"@id":"https:\/\/portaltela.pt\/noticias\/2026\/03\/20\/sofia-lavreshina-chega-as-semifinais-dos-400-m-nos-mundiais-de-pista-curta\/#primaryimage"},"thumbnailUrl":"https:\/\/portaltela.pt\/s.01k8rhncp4jt1\/2026\/03\/img_920x518uu2026-03-20-12-00-10-2428300-im-639096048397065467.jpg","keywords":["atletismo","campeonatos internacionais","competi\u00e7\u00e3o internacional","pessoas","Portugal"],"articleSection":["Copa do Mundo","Desporto"],"inLanguage":"pt-PT"},{"@type":"WebPage","@id":"https:\/\/portaltela.pt\/noticias\/2026\/03\/20\/sofia-lavreshina-chega-as-semifinais-dos-400-m-nos-mundiais-de-pista-curta\/","url":"https:\/\/portaltela.pt\/noticias\/2026\/03\/20\/sofia-lavreshina-chega-as-semifinais-dos-400-m-nos-mundiais-de-pista-curta\/","name":"Sofia Lavreshina chega \u00e0s semifinais dos 400 m nos Mundiais de pista curta - Portal Tela Portugal","isPartOf":{"@id":"https:\/\/portaltela.pt\/#website"},"primaryImageOfPage":{"@id":"https:\/\/portaltela.pt\/noticias\/2026\/03\/20\/sofia-lavreshina-chega-as-semifinais-dos-400-m-nos-mundiais-de-pista-curta\/#primaryimage"},"image":{"@id":"https:\/\/portaltela.pt\/noticias\/2026\/03\/20\/sofia-lavreshina-chega-as-semifinais-dos-400-m-nos-mundiais-de-pista-curta\/#primaryimage"},"thumbnailUrl":"https:\/\/portaltela.pt\/s.01k8rhncp4jt1\/2026\/03\/img_920x518uu2026-03-20-12-00-10-2428300-im-639096048397065467.jpg","datePublished":"2026-03-20T12:03:46+00:00","author":{"@id":"https:\/\/portaltela.pt\/#\/schema\/person\/c4278d4a6028830caff9ee44b42d32ed"},"breadcrumb":{"@id":"https:\/\/portaltela.pt\/noticias\/2026\/03\/20\/sofia-lavreshina-chega-as-semifinais-dos-400-m-nos-mundiais-de-pista-curta\/#breadcrumb"},"inLanguage":"pt-PT","potentialAction":[{"@type":"ReadAction","target":["https:\/\/portaltela.pt\/noticias\/2026\/03\/20\/sofia-lavreshina-chega-as-semifinais-dos-400-m-nos-mundiais-de-pista-curta\/"]}]},{"@type":"ImageObject","inLanguage":"pt-PT","@id":"https:\/\/portaltela.pt\/noticias\/2026\/03\/20\/sofia-lavreshina-chega-as-semifinais-dos-400-m-nos-mundiais-de-pista-curta\/#primaryimage","url":"https:\/\/portaltela.pt\/s.01k8rhncp4jt1\/2026\/03\/img_920x518uu2026-03-20-12-00-10-2428300-im-639096048397065467.jpg","contentUrl":"https:\/\/portaltela.pt\/s.01k8rhncp4jt1\/2026\/03\/img_920x518uu2026-03-20-12-00-10-2428300-im-639096048397065467.jpg","width":796,"height":448,"caption":"Sofia Lavreshina"},{"@type":"BreadcrumbList","@id":"https:\/\/portaltela.pt\/noticias\/2026\/03\/20\/sofia-lavreshina-chega-as-semifinais-dos-400-m-nos-mundiais-de-pista-curta\/#breadcrumb","itemListElement":[{"@type":"ListItem","position":1,"name":"In\u00edcio","item":"https:\/\/portaltela.pt\/"},{"@type":"ListItem","position":2,"name":"Sofia Lavreshina chega \u00e0s semifinais dos 400 m nos Mundiais de pista curta"}]},{"@type":"WebSite","@id":"https:\/\/portaltela.pt\/#website","url":"https:\/\/portaltela.pt\/","name":"Portal Tela Portugal","description":"","potentialAction":[{"@type":"SearchAction","target":{"@type":"EntryPoint","urlTemplate":"https:\/\/portaltela.pt\/?s={search_term_string}"},"query-input":{"@type":"PropertyValueSpecification","valueRequired":true,"valueName":"search_term_string"}}],"inLanguage":"pt-PT"},{"@type":"Person","@id":"https:\/\/portaltela.pt\/#\/schema\/person\/c4278d4a6028830caff9ee44b42d32ed","name":"Telinha","image":{"@type":"ImageObject","inLanguage":"pt-PT","@id":"https:\/\/portaltela.pt\/s.01k8rhncp4jt1\/2025\/11\/talking-bot-125x125.png","url":"https:\/\/portaltela.pt\/s.01k8rhncp4jt1\/2025\/11\/talking-bot-125x125.png","contentUrl":"https:\/\/portaltela.pt\/s.01k8rhncp4jt1\/2025\/11\/talking-bot-125x125.png","caption":"Telinha"},"sameAs":["https:\/\/portaltela.pt\/"],"url":"https:\/\/portaltela.pt\/por\/367410592786\/"}]}},"_links":{"self":[{"href":"https:\/\/portaltela.pt\/api\/wp\/v2\/posts\/417256","targetHints":{"allow":["GET"]}}],"collection":[{"href":"https:\/\/portaltela.pt\/api\/wp\/v2\/posts"}],"about":[{"href":"https:\/\/portaltela.pt\/api\/wp\/v2\/types\/post"}],"author":[{"embeddable":true,"href":"https:\/\/portaltela.pt\/api\/wp\/v2\/users\/2"}],"replies":[{"embeddable":true,"href":"https:\/\/portaltela.pt\/api\/wp\/v2\/comments?post=417256"}],"version-history":[{"count":0,"href":"https:\/\/portaltela.pt\/api\/wp\/v2\/posts\/417256\/revisions"}],"wp:featuredmedia":[{"embeddable":true,"href":"https:\/\/portaltela.pt\/api\/wp\/v2\/media\/417259"}],"wp:attachment":[{"href":"https:\/\/portaltela.pt\/api\/wp\/v2\/media?parent=417256"}],"wp:term":[{"taxonomy":"category","embeddable":true,"href":"https:\/\/portaltela.pt\/api\/wp\/v2\/categories?post=417256"},{"taxonomy":"post_tag","embeddable":true,"href":"https:\/\/portaltela.pt\/api\/wp\/v2\/tags?post=417256"}],"curies":[{"name":"wp","href":"https:\/\/api.w.org\/{rel}","templated":true}]}}