{"id":417253,"date":"2026-03-20T08:55:00","date_gmt":"2026-03-20T11:55:00","guid":{"rendered":"https:\/\/portaltela.pt\/noticias\/2026\/03\/20\/miopia-estudo-identifica-fatores-de-risco-e-prevencao\/"},"modified":"2026-03-20T08:55:00","modified_gmt":"2026-03-20T11:55:00","slug":"miopia-estudo-identifica-fatores-de-risco-e-prevencao","status":"publish","type":"post","link":"https:\/\/portaltela.pt\/noticias\/2026\/03\/20\/miopia-estudo-identifica-fatores-de-risco-e-prevencao\/","title":{"rendered":"Miopia: estudo identifica fatores de risco e preven\u00e7\u00e3o"},"content":{"rendered":"<p>Um truque que muitas pessoas com miopia aprendem na inf\u00e2ncia \u00e9 semicerrar os olhos para ver \u00e0 dist\u00e2ncia com mais nitidez, ainda que apenas de alguns detalhes. O fen\u00f3meno \u00e9 conhecido como efeito estenopeico.<\/p>\n<p>A miopia n\u00e3o \u00e9 uma doen\u00e7a, mas uma consequ\u00eancia da anatomia do olho. A luz converge antes do ponto correto, formando a imagem antes da retina e deixando o longe desfocado.<\/p>\n<p>Ao compreender este mecanismo, percebe-se que a vis\u00e3o de perto tende a manter-se relativamente n\u00edtida, enquanto a de longe aparece desfocada.<\/p>\n","protected":false},"excerpt":{"rendered":"<ul>\n<li>O texto descreve o truque que os m\u00edopes aprendem na inf\u00e2ncia: semicerrar os olhos para ver o longe com mais nitidez, chamado efeito estenopeico.<\/li>\n<li>A miopia n\u00e3o \u00e9 uma doen\u00e7a, \u00e9 uma consequ\u00eancia da anatomia do olho.<\/li>\n<li>Nos m\u00edopes, a luz converge antes do ponto certo no olho.<\/li>\n<li>Isso faz com que a imagem seja formada antes da retina, deixando o longe desfocado.<\/li>\n<li>O artigo destaca que o truque de semicerrar os olhos n\u00e3o corrige a vis\u00e3o de forma permanente.<\/li>\n<\/ul>\n","protected":false},"author":2,"featured_media":417254,"comment_status":"closed","ping_status":"closed","sticky":false,"template":"","format":"standard","meta":{"footnotes":""},"categories":[7371,1],"tags":[1992,61,7211,3265,172],"class_list":["post-417253","post","type-post","status-publish","format-standard","has-post-thumbnail","hentry","category-medicina","category-noticias","tag-ciencia","tag-doencas","tag-medicina","tag-oftalmologia","tag-saude"],"yoast_head":"<!-- This site is optimized with the Yoast SEO plugin v27.2 - https:\/\/yoast.com\/product\/yoast-seo-wordpress\/ -->\n<title>Miopia: estudo identifica fatores de risco e preven\u00e7\u00e3o - Portal Tela Portugal<\/title>\n<meta name=\"robots\" content=\"index, follow, max-snippet:-1, max-image-preview:large, max-video-preview:-1\" \/>\n<meta property=\"og:locale\" content=\"pt_PT\" \/>\n<meta property=\"og:type\" content=\"article\" \/>\n<meta property=\"og:title\" content=\"Miopia: estudo identifica fatores de risco e preven\u00e7\u00e3o - Portal Tela Portugal\" \/>\n<meta property=\"og:description\" content=\"O texto descreve o truque que os m\u00edopes aprendem na inf\u00e2ncia: semicerrar os olhos para ver o longe com mais nitidez, chamado efeito estenopeico. A miopia n\u00e3o \u00e9 uma doen\u00e7a, \u00e9 uma consequ\u00eancia da anatomia do olho. Nos m\u00edopes, a luz converge antes do ponto certo no olho. Isso faz com que a imagem seja formada antes da retina, deixando o longe desfocado. O artigo destaca que o truque de semicerrar os olhos n\u00e3o corrige a vis\u00e3o de forma permanente.\" \/>\n<meta property=\"og:url\" content=\"https:\/\/portaltela.pt\/noticias\/2026\/03\/20\/miopia-estudo-identifica-fatores-de-risco-e-prevencao\/\" \/>\n<meta property=\"og:site_name\" content=\"Portal Tela Portugal\" \/>\n<meta property=\"article:published_time\" content=\"2026-03-20T11:55:00+00:00\" \/>\n<meta name=\"author\" content=\"Telinha\" \/>\n<meta name=\"twitter:card\" content=\"summary_large_image\" \/>\n<meta name=\"twitter:label1\" content=\"Escrito por\" \/>\n\t<meta name=\"twitter:data1\" content=\"Telinha\" \/>\n<script type=\"application\/ld+json\" class=\"yoast-schema-graph\">{\"@context\":\"https:\/\/schema.org\",\"@graph\":[{\"@type\":\"Article\",\"@id\":\"https:\/\/portaltela.pt\/noticias\/2026\/03\/20\/miopia-estudo-identifica-fatores-de-risco-e-prevencao\/#article\",\"isPartOf\":{\"@id\":\"https:\/\/portaltela.pt\/noticias\/2026\/03\/20\/miopia-estudo-identifica-fatores-de-risco-e-prevencao\/\"},\"author\":{\"name\":\"Telinha\",\"@id\":\"https:\/\/portaltela.pt\/#\/schema\/person\/c4278d4a6028830caff9ee44b42d32ed\"},\"headline\":\"Miopia: estudo identifica fatores de risco e preven\u00e7\u00e3o\",\"datePublished\":\"2026-03-20T11:55:00+00:00\",\"mainEntityOfPage\":{\"@id\":\"https:\/\/portaltela.pt\/noticias\/2026\/03\/20\/miopia-estudo-identifica-fatores-de-risco-e-prevencao\/\"},\"wordCount\":99,\"image\":{\"@id\":\"https:\/\/portaltela.pt\/noticias\/2026\/03\/20\/miopia-estudo-identifica-fatores-de-risco-e-prevencao\/#primaryimage\"},\"thumbnailUrl\":\"https:\/\/portaltela.pt\/s.01k8rhncp4jt1\/2026\/03\/2075177.jpg\",\"keywords\":[\"ci\u00eancia\",\"doen\u00e7as\",\"medicina\",\"Oftalmologia\",\"sa\u00fade\"],\"articleSection\":[\"Medicina\",\"Not\u00edcias\"],\"inLanguage\":\"pt-PT\"},{\"@type\":\"WebPage\",\"@id\":\"https:\/\/portaltela.pt\/noticias\/2026\/03\/20\/miopia-estudo-identifica-fatores-de-risco-e-prevencao\/\",\"url\":\"https:\/\/portaltela.pt\/noticias\/2026\/03\/20\/miopia-estudo-identifica-fatores-de-risco-e-prevencao\/\",\"name\":\"Miopia: estudo identifica fatores de risco e preven\u00e7\u00e3o - Portal Tela Portugal\",\"isPartOf\":{\"@id\":\"https:\/\/portaltela.pt\/#website\"},\"primaryImageOfPage\":{\"@id\":\"https:\/\/portaltela.pt\/noticias\/2026\/03\/20\/miopia-estudo-identifica-fatores-de-risco-e-prevencao\/#primaryimage\"},\"image\":{\"@id\":\"https:\/\/portaltela.pt\/noticias\/2026\/03\/20\/miopia-estudo-identifica-fatores-de-risco-e-prevencao\/#primaryimage\"},\"thumbnailUrl\":\"https:\/\/portaltela.pt\/s.01k8rhncp4jt1\/2026\/03\/2075177.jpg\",\"datePublished\":\"2026-03-20T11:55:00+00:00\",\"author\":{\"@id\":\"https:\/\/portaltela.pt\/#\/schema\/person\/c4278d4a6028830caff9ee44b42d32ed\"},\"breadcrumb\":{\"@id\":\"https:\/\/portaltela.pt\/noticias\/2026\/03\/20\/miopia-estudo-identifica-fatores-de-risco-e-prevencao\/#breadcrumb\"},\"inLanguage\":\"pt-PT\",\"potentialAction\":[{\"@type\":\"ReadAction\",\"target\":[\"https:\/\/portaltela.pt\/noticias\/2026\/03\/20\/miopia-estudo-identifica-fatores-de-risco-e-prevencao\/\"]}]},{\"@type\":\"ImageObject\",\"inLanguage\":\"pt-PT\",\"@id\":\"https:\/\/portaltela.pt\/noticias\/2026\/03\/20\/miopia-estudo-identifica-fatores-de-risco-e-prevencao\/#primaryimage\",\"url\":\"https:\/\/portaltela.pt\/s.01k8rhncp4jt1\/2026\/03\/2075177.jpg\",\"contentUrl\":\"https:\/\/portaltela.pt\/s.01k8rhncp4jt1\/2026\/03\/2075177.jpg\",\"width\":796,\"height\":448,\"caption\":\"Jaime (1974), de Ant\u00f3nio Reis e Margarida Cordeiro\"},{\"@type\":\"BreadcrumbList\",\"@id\":\"https:\/\/portaltela.pt\/noticias\/2026\/03\/20\/miopia-estudo-identifica-fatores-de-risco-e-prevencao\/#breadcrumb\",\"itemListElement\":[{\"@type\":\"ListItem\",\"position\":1,\"name\":\"In\u00edcio\",\"item\":\"https:\/\/portaltela.pt\/\"},{\"@type\":\"ListItem\",\"position\":2,\"name\":\"Miopia: estudo identifica fatores de risco e preven\u00e7\u00e3o\"}]},{\"@type\":\"WebSite\",\"@id\":\"https:\/\/portaltela.pt\/#website\",\"url\":\"https:\/\/portaltela.pt\/\",\"name\":\"Portal Tela Portugal\",\"description\":\"\",\"potentialAction\":[{\"@type\":\"SearchAction\",\"target\":{\"@type\":\"EntryPoint\",\"urlTemplate\":\"https:\/\/portaltela.pt\/?s={search_term_string}\"},\"query-input\":{\"@type\":\"PropertyValueSpecification\",\"valueRequired\":true,\"valueName\":\"search_term_string\"}}],\"inLanguage\":\"pt-PT\"},{\"@type\":\"Person\",\"@id\":\"https:\/\/portaltela.pt\/#\/schema\/person\/c4278d4a6028830caff9ee44b42d32ed\",\"name\":\"Telinha\",\"image\":{\"@type\":\"ImageObject\",\"inLanguage\":\"pt-PT\",\"@id\":\"https:\/\/portaltela.pt\/s.01k8rhncp4jt1\/2025\/11\/talking-bot-125x125.png\",\"url\":\"https:\/\/portaltela.pt\/s.01k8rhncp4jt1\/2025\/11\/talking-bot-125x125.png\",\"contentUrl\":\"https:\/\/portaltela.pt\/s.01k8rhncp4jt1\/2025\/11\/talking-bot-125x125.png\",\"caption\":\"Telinha\"},\"sameAs\":[\"https:\/\/portaltela.pt\/\"],\"url\":\"https:\/\/portaltela.pt\/por\/367410592786\/\"}]}<\/script>\n<!-- \/ Yoast SEO plugin. -->","yoast_head_json":{"title":"Miopia: estudo identifica fatores de risco e preven\u00e7\u00e3o - Portal Tela Portugal","robots":{"index":"index","follow":"follow","max-snippet":"max-snippet:-1","max-image-preview":"max-image-preview:large","max-video-preview":"max-video-preview:-1"},"og_locale":"pt_PT","og_type":"article","og_title":"Miopia: estudo identifica fatores de risco e preven\u00e7\u00e3o - Portal Tela Portugal","og_description":"O texto descreve o truque que os m\u00edopes aprendem na inf\u00e2ncia: semicerrar os olhos para ver o longe com mais nitidez, chamado efeito estenopeico. A miopia n\u00e3o \u00e9 uma doen\u00e7a, \u00e9 uma consequ\u00eancia da anatomia do olho. Nos m\u00edopes, a luz converge antes do ponto certo no olho. Isso faz com que a imagem seja formada antes da retina, deixando o longe desfocado. O artigo destaca que o truque de semicerrar os olhos n\u00e3o corrige a vis\u00e3o de forma permanente.","og_url":"https:\/\/portaltela.pt\/noticias\/2026\/03\/20\/miopia-estudo-identifica-fatores-de-risco-e-prevencao\/","og_site_name":"Portal Tela Portugal","article_published_time":"2026-03-20T11:55:00+00:00","author":"Telinha","twitter_card":"summary_large_image","twitter_misc":{"Escrito por":"Telinha"},"schema":{"@context":"https:\/\/schema.org","@graph":[{"@type":"Article","@id":"https:\/\/portaltela.pt\/noticias\/2026\/03\/20\/miopia-estudo-identifica-fatores-de-risco-e-prevencao\/#article","isPartOf":{"@id":"https:\/\/portaltela.pt\/noticias\/2026\/03\/20\/miopia-estudo-identifica-fatores-de-risco-e-prevencao\/"},"author":{"name":"Telinha","@id":"https:\/\/portaltela.pt\/#\/schema\/person\/c4278d4a6028830caff9ee44b42d32ed"},"headline":"Miopia: estudo identifica fatores de risco e preven\u00e7\u00e3o","datePublished":"2026-03-20T11:55:00+00:00","mainEntityOfPage":{"@id":"https:\/\/portaltela.pt\/noticias\/2026\/03\/20\/miopia-estudo-identifica-fatores-de-risco-e-prevencao\/"},"wordCount":99,"image":{"@id":"https:\/\/portaltela.pt\/noticias\/2026\/03\/20\/miopia-estudo-identifica-fatores-de-risco-e-prevencao\/#primaryimage"},"thumbnailUrl":"https:\/\/portaltela.pt\/s.01k8rhncp4jt1\/2026\/03\/2075177.jpg","keywords":["ci\u00eancia","doen\u00e7as","medicina","Oftalmologia","sa\u00fade"],"articleSection":["Medicina","Not\u00edcias"],"inLanguage":"pt-PT"},{"@type":"WebPage","@id":"https:\/\/portaltela.pt\/noticias\/2026\/03\/20\/miopia-estudo-identifica-fatores-de-risco-e-prevencao\/","url":"https:\/\/portaltela.pt\/noticias\/2026\/03\/20\/miopia-estudo-identifica-fatores-de-risco-e-prevencao\/","name":"Miopia: estudo identifica fatores de risco e preven\u00e7\u00e3o - Portal Tela Portugal","isPartOf":{"@id":"https:\/\/portaltela.pt\/#website"},"primaryImageOfPage":{"@id":"https:\/\/portaltela.pt\/noticias\/2026\/03\/20\/miopia-estudo-identifica-fatores-de-risco-e-prevencao\/#primaryimage"},"image":{"@id":"https:\/\/portaltela.pt\/noticias\/2026\/03\/20\/miopia-estudo-identifica-fatores-de-risco-e-prevencao\/#primaryimage"},"thumbnailUrl":"https:\/\/portaltela.pt\/s.01k8rhncp4jt1\/2026\/03\/2075177.jpg","datePublished":"2026-03-20T11:55:00+00:00","author":{"@id":"https:\/\/portaltela.pt\/#\/schema\/person\/c4278d4a6028830caff9ee44b42d32ed"},"breadcrumb":{"@id":"https:\/\/portaltela.pt\/noticias\/2026\/03\/20\/miopia-estudo-identifica-fatores-de-risco-e-prevencao\/#breadcrumb"},"inLanguage":"pt-PT","potentialAction":[{"@type":"ReadAction","target":["https:\/\/portaltela.pt\/noticias\/2026\/03\/20\/miopia-estudo-identifica-fatores-de-risco-e-prevencao\/"]}]},{"@type":"ImageObject","inLanguage":"pt-PT","@id":"https:\/\/portaltela.pt\/noticias\/2026\/03\/20\/miopia-estudo-identifica-fatores-de-risco-e-prevencao\/#primaryimage","url":"https:\/\/portaltela.pt\/s.01k8rhncp4jt1\/2026\/03\/2075177.jpg","contentUrl":"https:\/\/portaltela.pt\/s.01k8rhncp4jt1\/2026\/03\/2075177.jpg","width":796,"height":448,"caption":"Jaime (1974), de Ant\u00f3nio Reis e Margarida Cordeiro"},{"@type":"BreadcrumbList","@id":"https:\/\/portaltela.pt\/noticias\/2026\/03\/20\/miopia-estudo-identifica-fatores-de-risco-e-prevencao\/#breadcrumb","itemListElement":[{"@type":"ListItem","position":1,"name":"In\u00edcio","item":"https:\/\/portaltela.pt\/"},{"@type":"ListItem","position":2,"name":"Miopia: estudo identifica fatores de risco e preven\u00e7\u00e3o"}]},{"@type":"WebSite","@id":"https:\/\/portaltela.pt\/#website","url":"https:\/\/portaltela.pt\/","name":"Portal Tela Portugal","description":"","potentialAction":[{"@type":"SearchAction","target":{"@type":"EntryPoint","urlTemplate":"https:\/\/portaltela.pt\/?s={search_term_string}"},"query-input":{"@type":"PropertyValueSpecification","valueRequired":true,"valueName":"search_term_string"}}],"inLanguage":"pt-PT"},{"@type":"Person","@id":"https:\/\/portaltela.pt\/#\/schema\/person\/c4278d4a6028830caff9ee44b42d32ed","name":"Telinha","image":{"@type":"ImageObject","inLanguage":"pt-PT","@id":"https:\/\/portaltela.pt\/s.01k8rhncp4jt1\/2025\/11\/talking-bot-125x125.png","url":"https:\/\/portaltela.pt\/s.01k8rhncp4jt1\/2025\/11\/talking-bot-125x125.png","contentUrl":"https:\/\/portaltela.pt\/s.01k8rhncp4jt1\/2025\/11\/talking-bot-125x125.png","caption":"Telinha"},"sameAs":["https:\/\/portaltela.pt\/"],"url":"https:\/\/portaltela.pt\/por\/367410592786\/"}]}},"_links":{"self":[{"href":"https:\/\/portaltela.pt\/api\/wp\/v2\/posts\/417253","targetHints":{"allow":["GET"]}}],"collection":[{"href":"https:\/\/portaltela.pt\/api\/wp\/v2\/posts"}],"about":[{"href":"https:\/\/portaltela.pt\/api\/wp\/v2\/types\/post"}],"author":[{"embeddable":true,"href":"https:\/\/portaltela.pt\/api\/wp\/v2\/users\/2"}],"replies":[{"embeddable":true,"href":"https:\/\/portaltela.pt\/api\/wp\/v2\/comments?post=417253"}],"version-history":[{"count":0,"href":"https:\/\/portaltela.pt\/api\/wp\/v2\/posts\/417253\/revisions"}],"wp:featuredmedia":[{"embeddable":true,"href":"https:\/\/portaltela.pt\/api\/wp\/v2\/media\/417254"}],"wp:attachment":[{"href":"https:\/\/portaltela.pt\/api\/wp\/v2\/media?parent=417253"}],"wp:term":[{"taxonomy":"category","embeddable":true,"href":"https:\/\/portaltela.pt\/api\/wp\/v2\/categories?post=417253"},{"taxonomy":"post_tag","embeddable":true,"href":"https:\/\/portaltela.pt\/api\/wp\/v2\/tags?post=417253"}],"curies":[{"name":"wp","href":"https:\/\/api.w.org\/{rel}","templated":true}]}}