{"id":417239,"date":"2026-03-20T08:59:00","date_gmt":"2026-03-20T11:59:00","guid":{"rendered":"https:\/\/portaltela.pt\/noticias\/2026\/03\/20\/arrancam-os-trabalhos-de-reabilitacao-no-bairro-pinheiro-torres\/"},"modified":"2026-03-20T08:59:00","modified_gmt":"2026-03-20T11:59:00","slug":"arrancam-os-trabalhos-de-reabilitacao-no-bairro-pinheiro-torres","status":"publish","type":"post","link":"https:\/\/portaltela.pt\/sociedade\/2026\/03\/20\/arrancam-os-trabalhos-de-reabilitacao-no-bairro-pinheiro-torres\/","title":{"rendered":"Arrancam os trabalhos de reabilita\u00e7\u00e3o no Bairro Pinheiro Torres"},"content":{"rendered":"<p>J\u00e1 arrancaram as obras de reabilita\u00e7\u00e3o nos blocos de habita\u00e7\u00e3o do Bairro Pinheiro Torres, na Uni\u00e3o de Freguesias de Lordelo do Ouro e Massarelos, no Porto. O investimento municipal rondar\u00e1 os sete milh\u00f5es de euros.<\/p>\n<p>A interven\u00e7\u00e3o na envolvente exterior prev\u00ea melhorias de efici\u00eancia energ\u00e9tica e conforto t\u00e9rmico, com isolamento t\u00e9rmico pelo exterior. Ser\u00e3o tamb\u00e9m substitu\u00eddas janelas e estores, e instaladas grelhas de ventila\u00e7\u00e3o para ventila\u00e7\u00e3o natural nas zonas de servi\u00e7o.<\/p>\n<p>Relativamente \u00e0s \u00e1reas comuns, o projeto inclui secadouros e estendais nas varandas, reformula\u00e7\u00e3o das entradas, substitui\u00e7\u00e3o de elementos met\u00e1licos, novos pain\u00e9is envidra\u00e7ados, caixas de correio e portas de entrada, al\u00e9m de pintura e manuten\u00e7\u00e3o interna. A rede el\u00e9trica e de ilumina\u00e7\u00e3o ser\u00e1 revista, as \u00e1guas pluviais reabilitadas e linhas de vida instaladas nas coberturas.<\/p>\n<h3>Impacto e p\u00fablicos visados<\/h3>\n<p>A C\u00e2mara do Porto afirma que a obra visa promover a melhoria da qualidade de vida, do conforto e da seguran\u00e7a para residentes em habita\u00e7\u00f5es com renda apoiada. No conjunto Dr. Nuno Pinheiro Torres, cerca de mil pessoas, inquilinos da empresa municipal, ser\u00e3o impactadas pelas obras.<\/p>\n<p>As interven\u00e7\u00f5es devem decorrer em fases distintas, com prazos de execu\u00e7\u00e3o vari\u00e1veis conforme as op\u00e7\u00f5es t\u00e9cnicas e as condi\u00e7\u00f5es de obra.<\/p>\n","protected":false},"excerpt":{"rendered":"<ul>\n<li>Arrancaram as obras de reabilita\u00e7\u00e3o nos blocos de habita\u00e7\u00e3o do Bairro Pinheiro Torres, na Uni\u00e3o de Freguesias de Lordelo do Ouro e Massarelos, no Porto, com um investimento municipal de cerca de sete milh\u00f5es de euros.<\/li>\n<li>A interven\u00e7\u00e3o na envolvente exterior prev\u00ea isolamento t\u00e9rmico pelo exterior, substitui\u00e7\u00e3o de janelas e estores, grelhas de ventila\u00e7\u00e3o e refor\u00e7o do isolamento das lajes dos \u00faltimos pisos.<\/li>\n<li>Nas zonas comuns ser\u00e3o instalados secadouros e estendais, reformadas entradas, substitu\u00eddos elementos met\u00e1licos degradados, novos pain\u00e9is envidra\u00e7ados, caixas de correio, portas de entrada e pintura\/manuten\u00e7\u00e3o.<\/li>\n<li>A instala\u00e7\u00e3o el\u00e9trica ser\u00e1 revista, a rede de \u00e1guas pluviais reabilitada e ser\u00e3o instaladas linhas de vida nas coberturas.<\/li>\n<li>O objetivo \u00e9 melhorar a qualidade de vida, o conforto e a seguran\u00e7a dos residentes em habita\u00e7\u00f5es sob renda apoiada, abrangendo cerca de mil inquilinos da empresa municipal.<\/li>\n<\/ul>\n","protected":false},"author":2,"featured_media":417244,"comment_status":"closed","ping_status":"closed","sticky":false,"template":"","format":"standard","meta":{"footnotes":""},"categories":[1,6871],"tags":[1022,150,1167,982,2643,2842],"class_list":["post-417239","post","type-post","status-publish","format-standard","has-post-thumbnail","hentry","category-noticias","category-sociedade","tag-eficiencia-energetica","tag-habitacao","tag-habitacao-social","tag-porto","tag-reabilitacao-urbana","tag-renda"],"yoast_head":"<!-- This site is optimized with the Yoast SEO plugin v27.2 - https:\/\/yoast.com\/product\/yoast-seo-wordpress\/ -->\n<title>Arrancam os trabalhos de reabilita\u00e7\u00e3o no Bairro Pinheiro Torres - Portal Tela Portugal<\/title>\n<meta name=\"robots\" content=\"index, follow, max-snippet:-1, max-image-preview:large, max-video-preview:-1\" \/>\n<meta property=\"og:locale\" content=\"pt_PT\" \/>\n<meta property=\"og:type\" content=\"article\" \/>\n<meta property=\"og:title\" content=\"Arrancam os trabalhos de reabilita\u00e7\u00e3o no Bairro Pinheiro Torres - Portal Tela Portugal\" \/>\n<meta property=\"og:description\" content=\"Arrancaram as obras de reabilita\u00e7\u00e3o nos blocos de habita\u00e7\u00e3o do Bairro Pinheiro Torres, na Uni\u00e3o de Freguesias de Lordelo do Ouro e Massarelos, no Porto, com um investimento municipal de cerca de sete milh\u00f5es de euros. A interven\u00e7\u00e3o na envolvente exterior prev\u00ea isolamento t\u00e9rmico pelo exterior, substitui\u00e7\u00e3o de janelas e estores, grelhas de ventila\u00e7\u00e3o e refor\u00e7o do isolamento das lajes dos \u00faltimos pisos. Nas zonas comuns ser\u00e3o instalados secadouros e estendais, reformadas entradas, substitu\u00eddos elementos met\u00e1licos degradados, novos pain\u00e9is envidra\u00e7ados, caixas de correio, portas de entrada e pintura\/manuten\u00e7\u00e3o. A instala\u00e7\u00e3o el\u00e9trica ser\u00e1 revista, a rede de \u00e1guas pluviais reabilitada e ser\u00e3o instaladas linhas de vida nas coberturas. O objetivo \u00e9 melhorar a qualidade de vida, o conforto e a seguran\u00e7a dos residentes em habita\u00e7\u00f5es sob renda apoiada, abrangendo cerca de mil inquilinos da empresa municipal.\" \/>\n<meta property=\"og:url\" content=\"https:\/\/portaltela.pt\/noticias\/2026\/03\/20\/arrancam-os-trabalhos-de-reabilitacao-no-bairro-pinheiro-torres\/\" \/>\n<meta property=\"og:site_name\" content=\"Portal Tela Portugal\" \/>\n<meta property=\"article:published_time\" content=\"2026-03-20T11:59:00+00:00\" \/>\n<meta name=\"author\" content=\"Telinha\" \/>\n<meta name=\"twitter:card\" content=\"summary_large_image\" \/>\n<meta name=\"twitter:label1\" content=\"Escrito por\" \/>\n\t<meta name=\"twitter:data1\" content=\"Telinha\" \/>\n\t<meta name=\"twitter:label2\" content=\"Tempo estimado de leitura\" \/>\n\t<meta name=\"twitter:data2\" content=\"1 minuto\" \/>\n<script type=\"application\/ld+json\" class=\"yoast-schema-graph\">{\"@context\":\"https:\/\/schema.org\",\"@graph\":[{\"@type\":\"Article\",\"@id\":\"https:\/\/portaltela.pt\/noticias\/2026\/03\/20\/arrancam-os-trabalhos-de-reabilitacao-no-bairro-pinheiro-torres\/#article\",\"isPartOf\":{\"@id\":\"https:\/\/portaltela.pt\/noticias\/2026\/03\/20\/arrancam-os-trabalhos-de-reabilitacao-no-bairro-pinheiro-torres\/\"},\"author\":{\"name\":\"Telinha\",\"@id\":\"https:\/\/portaltela.pt\/#\/schema\/person\/c4278d4a6028830caff9ee44b42d32ed\"},\"headline\":\"Arrancam os trabalhos de reabilita\u00e7\u00e3o no Bairro Pinheiro Torres\",\"datePublished\":\"2026-03-20T11:59:00+00:00\",\"mainEntityOfPage\":{\"@id\":\"https:\/\/portaltela.pt\/noticias\/2026\/03\/20\/arrancam-os-trabalhos-de-reabilitacao-no-bairro-pinheiro-torres\/\"},\"wordCount\":241,\"image\":{\"@id\":\"https:\/\/portaltela.pt\/noticias\/2026\/03\/20\/arrancam-os-trabalhos-de-reabilitacao-no-bairro-pinheiro-torres\/#primaryimage\"},\"thumbnailUrl\":\"https:\/\/portaltela.pt\/s.01k8rhncp4jt1\/2026\/03\/image-1334.jpg\",\"keywords\":[\"Efici\u00eancia Energ\u00e9tica\",\"habita\u00e7\u00e3o\",\"habita\u00e7\u00e3o social\",\"Porto\",\"reabilita\u00e7\u00e3o urbana\",\"renda\"],\"articleSection\":[\"Not\u00edcias\",\"Sociedade\"],\"inLanguage\":\"pt-PT\"},{\"@type\":\"WebPage\",\"@id\":\"https:\/\/portaltela.pt\/noticias\/2026\/03\/20\/arrancam-os-trabalhos-de-reabilitacao-no-bairro-pinheiro-torres\/\",\"url\":\"https:\/\/portaltela.pt\/noticias\/2026\/03\/20\/arrancam-os-trabalhos-de-reabilitacao-no-bairro-pinheiro-torres\/\",\"name\":\"Arrancam os trabalhos de reabilita\u00e7\u00e3o no Bairro Pinheiro Torres - Portal Tela Portugal\",\"isPartOf\":{\"@id\":\"https:\/\/portaltela.pt\/#website\"},\"primaryImageOfPage\":{\"@id\":\"https:\/\/portaltela.pt\/noticias\/2026\/03\/20\/arrancam-os-trabalhos-de-reabilitacao-no-bairro-pinheiro-torres\/#primaryimage\"},\"image\":{\"@id\":\"https:\/\/portaltela.pt\/noticias\/2026\/03\/20\/arrancam-os-trabalhos-de-reabilitacao-no-bairro-pinheiro-torres\/#primaryimage\"},\"thumbnailUrl\":\"https:\/\/portaltela.pt\/s.01k8rhncp4jt1\/2026\/03\/image-1334.jpg\",\"datePublished\":\"2026-03-20T11:59:00+00:00\",\"author\":{\"@id\":\"https:\/\/portaltela.pt\/#\/schema\/person\/c4278d4a6028830caff9ee44b42d32ed\"},\"breadcrumb\":{\"@id\":\"https:\/\/portaltela.pt\/noticias\/2026\/03\/20\/arrancam-os-trabalhos-de-reabilitacao-no-bairro-pinheiro-torres\/#breadcrumb\"},\"inLanguage\":\"pt-PT\",\"potentialAction\":[{\"@type\":\"ReadAction\",\"target\":[\"https:\/\/portaltela.pt\/noticias\/2026\/03\/20\/arrancam-os-trabalhos-de-reabilitacao-no-bairro-pinheiro-torres\/\"]}]},{\"@type\":\"ImageObject\",\"inLanguage\":\"pt-PT\",\"@id\":\"https:\/\/portaltela.pt\/noticias\/2026\/03\/20\/arrancam-os-trabalhos-de-reabilitacao-no-bairro-pinheiro-torres\/#primaryimage\",\"url\":\"https:\/\/portaltela.pt\/s.01k8rhncp4jt1\/2026\/03\/image-1334.jpg\",\"contentUrl\":\"https:\/\/portaltela.pt\/s.01k8rhncp4jt1\/2026\/03\/image-1334.jpg\",\"width\":796,\"height\":448,\"caption\":\"Obra de reabilita\u00e7\u00e3o do bairro Dr. Nuno Pinheiro Torres j\u00e1 est\u00e1 em marcha\"},{\"@type\":\"BreadcrumbList\",\"@id\":\"https:\/\/portaltela.pt\/noticias\/2026\/03\/20\/arrancam-os-trabalhos-de-reabilitacao-no-bairro-pinheiro-torres\/#breadcrumb\",\"itemListElement\":[{\"@type\":\"ListItem\",\"position\":1,\"name\":\"In\u00edcio\",\"item\":\"https:\/\/portaltela.pt\/\"},{\"@type\":\"ListItem\",\"position\":2,\"name\":\"Arrancam os trabalhos de reabilita\u00e7\u00e3o no Bairro Pinheiro Torres\"}]},{\"@type\":\"WebSite\",\"@id\":\"https:\/\/portaltela.pt\/#website\",\"url\":\"https:\/\/portaltela.pt\/\",\"name\":\"Portal Tela Portugal\",\"description\":\"\",\"potentialAction\":[{\"@type\":\"SearchAction\",\"target\":{\"@type\":\"EntryPoint\",\"urlTemplate\":\"https:\/\/portaltela.pt\/?s={search_term_string}\"},\"query-input\":{\"@type\":\"PropertyValueSpecification\",\"valueRequired\":true,\"valueName\":\"search_term_string\"}}],\"inLanguage\":\"pt-PT\"},{\"@type\":\"Person\",\"@id\":\"https:\/\/portaltela.pt\/#\/schema\/person\/c4278d4a6028830caff9ee44b42d32ed\",\"name\":\"Telinha\",\"image\":{\"@type\":\"ImageObject\",\"inLanguage\":\"pt-PT\",\"@id\":\"https:\/\/portaltela.pt\/s.01k8rhncp4jt1\/2025\/11\/talking-bot-125x125.png\",\"url\":\"https:\/\/portaltela.pt\/s.01k8rhncp4jt1\/2025\/11\/talking-bot-125x125.png\",\"contentUrl\":\"https:\/\/portaltela.pt\/s.01k8rhncp4jt1\/2025\/11\/talking-bot-125x125.png\",\"caption\":\"Telinha\"},\"sameAs\":[\"https:\/\/portaltela.pt\/\"],\"url\":\"https:\/\/portaltela.pt\/por\/367410592786\/\"}]}<\/script>\n<!-- \/ Yoast SEO plugin. -->","yoast_head_json":{"title":"Arrancam os trabalhos de reabilita\u00e7\u00e3o no Bairro Pinheiro Torres - Portal Tela Portugal","robots":{"index":"index","follow":"follow","max-snippet":"max-snippet:-1","max-image-preview":"max-image-preview:large","max-video-preview":"max-video-preview:-1"},"og_locale":"pt_PT","og_type":"article","og_title":"Arrancam os trabalhos de reabilita\u00e7\u00e3o no Bairro Pinheiro Torres - Portal Tela Portugal","og_description":"Arrancaram as obras de reabilita\u00e7\u00e3o nos blocos de habita\u00e7\u00e3o do Bairro Pinheiro Torres, na Uni\u00e3o de Freguesias de Lordelo do Ouro e Massarelos, no Porto, com um investimento municipal de cerca de sete milh\u00f5es de euros. A interven\u00e7\u00e3o na envolvente exterior prev\u00ea isolamento t\u00e9rmico pelo exterior, substitui\u00e7\u00e3o de janelas e estores, grelhas de ventila\u00e7\u00e3o e refor\u00e7o do isolamento das lajes dos \u00faltimos pisos. Nas zonas comuns ser\u00e3o instalados secadouros e estendais, reformadas entradas, substitu\u00eddos elementos met\u00e1licos degradados, novos pain\u00e9is envidra\u00e7ados, caixas de correio, portas de entrada e pintura\/manuten\u00e7\u00e3o. A instala\u00e7\u00e3o el\u00e9trica ser\u00e1 revista, a rede de \u00e1guas pluviais reabilitada e ser\u00e3o instaladas linhas de vida nas coberturas. O objetivo \u00e9 melhorar a qualidade de vida, o conforto e a seguran\u00e7a dos residentes em habita\u00e7\u00f5es sob renda apoiada, abrangendo cerca de mil inquilinos da empresa municipal.","og_url":"https:\/\/portaltela.pt\/noticias\/2026\/03\/20\/arrancam-os-trabalhos-de-reabilitacao-no-bairro-pinheiro-torres\/","og_site_name":"Portal Tela Portugal","article_published_time":"2026-03-20T11:59:00+00:00","author":"Telinha","twitter_card":"summary_large_image","twitter_misc":{"Escrito por":"Telinha","Tempo estimado de leitura":"1 minuto"},"schema":{"@context":"https:\/\/schema.org","@graph":[{"@type":"Article","@id":"https:\/\/portaltela.pt\/noticias\/2026\/03\/20\/arrancam-os-trabalhos-de-reabilitacao-no-bairro-pinheiro-torres\/#article","isPartOf":{"@id":"https:\/\/portaltela.pt\/noticias\/2026\/03\/20\/arrancam-os-trabalhos-de-reabilitacao-no-bairro-pinheiro-torres\/"},"author":{"name":"Telinha","@id":"https:\/\/portaltela.pt\/#\/schema\/person\/c4278d4a6028830caff9ee44b42d32ed"},"headline":"Arrancam os trabalhos de reabilita\u00e7\u00e3o no Bairro Pinheiro Torres","datePublished":"2026-03-20T11:59:00+00:00","mainEntityOfPage":{"@id":"https:\/\/portaltela.pt\/noticias\/2026\/03\/20\/arrancam-os-trabalhos-de-reabilitacao-no-bairro-pinheiro-torres\/"},"wordCount":241,"image":{"@id":"https:\/\/portaltela.pt\/noticias\/2026\/03\/20\/arrancam-os-trabalhos-de-reabilitacao-no-bairro-pinheiro-torres\/#primaryimage"},"thumbnailUrl":"https:\/\/portaltela.pt\/s.01k8rhncp4jt1\/2026\/03\/image-1334.jpg","keywords":["Efici\u00eancia Energ\u00e9tica","habita\u00e7\u00e3o","habita\u00e7\u00e3o social","Porto","reabilita\u00e7\u00e3o urbana","renda"],"articleSection":["Not\u00edcias","Sociedade"],"inLanguage":"pt-PT"},{"@type":"WebPage","@id":"https:\/\/portaltela.pt\/noticias\/2026\/03\/20\/arrancam-os-trabalhos-de-reabilitacao-no-bairro-pinheiro-torres\/","url":"https:\/\/portaltela.pt\/noticias\/2026\/03\/20\/arrancam-os-trabalhos-de-reabilitacao-no-bairro-pinheiro-torres\/","name":"Arrancam os trabalhos de reabilita\u00e7\u00e3o no Bairro Pinheiro Torres - Portal Tela Portugal","isPartOf":{"@id":"https:\/\/portaltela.pt\/#website"},"primaryImageOfPage":{"@id":"https:\/\/portaltela.pt\/noticias\/2026\/03\/20\/arrancam-os-trabalhos-de-reabilitacao-no-bairro-pinheiro-torres\/#primaryimage"},"image":{"@id":"https:\/\/portaltela.pt\/noticias\/2026\/03\/20\/arrancam-os-trabalhos-de-reabilitacao-no-bairro-pinheiro-torres\/#primaryimage"},"thumbnailUrl":"https:\/\/portaltela.pt\/s.01k8rhncp4jt1\/2026\/03\/image-1334.jpg","datePublished":"2026-03-20T11:59:00+00:00","author":{"@id":"https:\/\/portaltela.pt\/#\/schema\/person\/c4278d4a6028830caff9ee44b42d32ed"},"breadcrumb":{"@id":"https:\/\/portaltela.pt\/noticias\/2026\/03\/20\/arrancam-os-trabalhos-de-reabilitacao-no-bairro-pinheiro-torres\/#breadcrumb"},"inLanguage":"pt-PT","potentialAction":[{"@type":"ReadAction","target":["https:\/\/portaltela.pt\/noticias\/2026\/03\/20\/arrancam-os-trabalhos-de-reabilitacao-no-bairro-pinheiro-torres\/"]}]},{"@type":"ImageObject","inLanguage":"pt-PT","@id":"https:\/\/portaltela.pt\/noticias\/2026\/03\/20\/arrancam-os-trabalhos-de-reabilitacao-no-bairro-pinheiro-torres\/#primaryimage","url":"https:\/\/portaltela.pt\/s.01k8rhncp4jt1\/2026\/03\/image-1334.jpg","contentUrl":"https:\/\/portaltela.pt\/s.01k8rhncp4jt1\/2026\/03\/image-1334.jpg","width":796,"height":448,"caption":"Obra de reabilita\u00e7\u00e3o do bairro Dr. Nuno Pinheiro Torres j\u00e1 est\u00e1 em marcha"},{"@type":"BreadcrumbList","@id":"https:\/\/portaltela.pt\/noticias\/2026\/03\/20\/arrancam-os-trabalhos-de-reabilitacao-no-bairro-pinheiro-torres\/#breadcrumb","itemListElement":[{"@type":"ListItem","position":1,"name":"In\u00edcio","item":"https:\/\/portaltela.pt\/"},{"@type":"ListItem","position":2,"name":"Arrancam os trabalhos de reabilita\u00e7\u00e3o no Bairro Pinheiro Torres"}]},{"@type":"WebSite","@id":"https:\/\/portaltela.pt\/#website","url":"https:\/\/portaltela.pt\/","name":"Portal Tela Portugal","description":"","potentialAction":[{"@type":"SearchAction","target":{"@type":"EntryPoint","urlTemplate":"https:\/\/portaltela.pt\/?s={search_term_string}"},"query-input":{"@type":"PropertyValueSpecification","valueRequired":true,"valueName":"search_term_string"}}],"inLanguage":"pt-PT"},{"@type":"Person","@id":"https:\/\/portaltela.pt\/#\/schema\/person\/c4278d4a6028830caff9ee44b42d32ed","name":"Telinha","image":{"@type":"ImageObject","inLanguage":"pt-PT","@id":"https:\/\/portaltela.pt\/s.01k8rhncp4jt1\/2025\/11\/talking-bot-125x125.png","url":"https:\/\/portaltela.pt\/s.01k8rhncp4jt1\/2025\/11\/talking-bot-125x125.png","contentUrl":"https:\/\/portaltela.pt\/s.01k8rhncp4jt1\/2025\/11\/talking-bot-125x125.png","caption":"Telinha"},"sameAs":["https:\/\/portaltela.pt\/"],"url":"https:\/\/portaltela.pt\/por\/367410592786\/"}]}},"_links":{"self":[{"href":"https:\/\/portaltela.pt\/api\/wp\/v2\/posts\/417239","targetHints":{"allow":["GET"]}}],"collection":[{"href":"https:\/\/portaltela.pt\/api\/wp\/v2\/posts"}],"about":[{"href":"https:\/\/portaltela.pt\/api\/wp\/v2\/types\/post"}],"author":[{"embeddable":true,"href":"https:\/\/portaltela.pt\/api\/wp\/v2\/users\/2"}],"replies":[{"embeddable":true,"href":"https:\/\/portaltela.pt\/api\/wp\/v2\/comments?post=417239"}],"version-history":[{"count":0,"href":"https:\/\/portaltela.pt\/api\/wp\/v2\/posts\/417239\/revisions"}],"wp:featuredmedia":[{"embeddable":true,"href":"https:\/\/portaltela.pt\/api\/wp\/v2\/media\/417244"}],"wp:attachment":[{"href":"https:\/\/portaltela.pt\/api\/wp\/v2\/media?parent=417239"}],"wp:term":[{"taxonomy":"category","embeddable":true,"href":"https:\/\/portaltela.pt\/api\/wp\/v2\/categories?post=417239"},{"taxonomy":"post_tag","embeddable":true,"href":"https:\/\/portaltela.pt\/api\/wp\/v2\/tags?post=417239"}],"curies":[{"name":"wp","href":"https:\/\/api.w.org\/{rel}","templated":true}]}}