{"id":417208,"date":"2026-03-20T08:31:00","date_gmt":"2026-03-20T11:31:00","guid":{"rendered":"https:\/\/portaltela.pt\/noticias\/2026\/03\/20\/presidente-da-camara-de-madrid-e-atingido-por-pombo-durante-discurso\/"},"modified":"2026-03-20T08:31:00","modified_gmt":"2026-03-20T11:31:00","slug":"presidente-da-camara-de-madrid-e-atingido-por-pombo-durante-discurso","status":"publish","type":"post","link":"https:\/\/portaltela.pt\/noticias\/politica\/2026\/03\/20\/presidente-da-camara-de-madrid-e-atingido-por-pombo-durante-discurso\/","title":{"rendered":"Presidente da C\u00e2mara de Madrid \u00e9 atingido por pombo durante discurso"},"content":{"rendered":"<p>O presidente da C\u00e2mara de Madrid, Jos\u00e9 Luis Mart\u00ednez-Almeida, viu-se envolvido num incidente improv\u00e1vel enquanto proferia um discurso sobre liberdade de express\u00e3o. Um pombo defecou sobre a cabe\u00e7a dele, durante a sess\u00e3o municipal desta quarta-feira.<\/p>\n<p>Mart\u00ednez-Almeida reagiu ao sucedido com humor e continuou o discurso ap\u00f3s o momento picante. O epis\u00f3dio ocorreu durante um ato p\u00fablico na C\u00e2mara Municipal de Madrid, e rapidamente chamou a aten\u00e7\u00e3o dos presentes.<\/p>\n<p>N\u00e3o houve registo de ferimentos graves e a comunica\u00e7\u00e3o oficial n\u00e3o apontou consequ\u00eancias pol\u00edticas diretas. O incidente destacou-se como uma ocorr\u00eancia inusitada durante uma interven\u00e7\u00e3o sobre temas de express\u00e3o c\u00edvica.<\/p>\n","protected":false},"excerpt":{"rendered":"<ul>\n<li>O presidente da c\u00e2mara de Madrid, Jos\u00e9 Luis Mart\u00ednez-Almeida, estava a discursar sobre liberdade de express\u00e3o quando um pombo defecou sobre a sua cabe\u00e7a.<\/li>\n<li>Mart\u00ednez-Almeida reagiu ao incidente com humor.<\/li>\n<li>O epis\u00f3dio ocorreu nesta quarta-feira, durante o discurso.<\/li>\n<\/ul>\n","protected":false},"author":2,"featured_media":417213,"comment_status":"closed","ping_status":"closed","sticky":false,"template":"","format":"standard","meta":{"footnotes":""},"categories":[1,5],"tags":[5449,1697,2920,4090,2832,30],"class_list":["post-417208","post","type-post","status-publish","format-standard","has-post-thumbnail","hentry","category-noticias","category-politica","tag-camara-municipal","tag-espaco-publico","tag-liberdade-de-expressao","tag-ocorrencias","tag-politica","tag-presidente"],"yoast_head":"<!-- This site is optimized with the Yoast SEO plugin v27.2 - https:\/\/yoast.com\/product\/yoast-seo-wordpress\/ -->\n<title>Presidente da C\u00e2mara de Madrid \u00e9 atingido por pombo durante discurso - Portal Tela Portugal<\/title>\n<meta name=\"robots\" content=\"index, follow, max-snippet:-1, max-image-preview:large, max-video-preview:-1\" \/>\n<meta property=\"og:locale\" content=\"pt_PT\" \/>\n<meta property=\"og:type\" content=\"article\" \/>\n<meta property=\"og:title\" content=\"Presidente da C\u00e2mara de Madrid \u00e9 atingido por pombo durante discurso - Portal Tela Portugal\" \/>\n<meta property=\"og:description\" content=\"O presidente da c\u00e2mara de Madrid, Jos\u00e9 Luis Mart\u00ednez-Almeida, estava a discursar sobre liberdade de express\u00e3o quando um pombo defecou sobre a sua cabe\u00e7a. Mart\u00ednez-Almeida reagiu ao incidente com humor. O epis\u00f3dio ocorreu nesta quarta-feira, durante o discurso.\" \/>\n<meta property=\"og:url\" content=\"https:\/\/portaltela.pt\/noticias\/2026\/03\/20\/presidente-da-camara-de-madrid-e-atingido-por-pombo-durante-discurso\/\" \/>\n<meta property=\"og:site_name\" content=\"Portal Tela Portugal\" \/>\n<meta property=\"article:published_time\" content=\"2026-03-20T11:31:00+00:00\" \/>\n<meta name=\"author\" content=\"Telinha\" \/>\n<meta name=\"twitter:card\" content=\"summary_large_image\" \/>\n<meta name=\"twitter:label1\" content=\"Escrito por\" \/>\n\t<meta name=\"twitter:data1\" content=\"Telinha\" \/>\n\t<meta name=\"twitter:label2\" content=\"Tempo estimado de leitura\" \/>\n\t<meta name=\"twitter:data2\" content=\"1 minuto\" \/>\n<script type=\"application\/ld+json\" class=\"yoast-schema-graph\">{\"@context\":\"https:\/\/schema.org\",\"@graph\":[{\"@type\":\"Article\",\"@id\":\"https:\/\/portaltela.pt\/noticias\/2026\/03\/20\/presidente-da-camara-de-madrid-e-atingido-por-pombo-durante-discurso\/#article\",\"isPartOf\":{\"@id\":\"https:\/\/portaltela.pt\/noticias\/2026\/03\/20\/presidente-da-camara-de-madrid-e-atingido-por-pombo-durante-discurso\/\"},\"author\":{\"name\":\"Telinha\",\"@id\":\"https:\/\/portaltela.pt\/#\/schema\/person\/c4278d4a6028830caff9ee44b42d32ed\"},\"headline\":\"Presidente da C\u00e2mara de Madrid \u00e9 atingido por pombo durante discurso\",\"datePublished\":\"2026-03-20T11:31:00+00:00\",\"mainEntityOfPage\":{\"@id\":\"https:\/\/portaltela.pt\/noticias\/2026\/03\/20\/presidente-da-camara-de-madrid-e-atingido-por-pombo-durante-discurso\/\"},\"wordCount\":130,\"image\":{\"@id\":\"https:\/\/portaltela.pt\/noticias\/2026\/03\/20\/presidente-da-camara-de-madrid-e-atingido-por-pombo-durante-discurso\/#primaryimage\"},\"thumbnailUrl\":\"https:\/\/portaltela.pt\/s.01k8rhncp4jt1\/2026\/03\/img_1200x721uu2026-03-20-11-28-06-2428295.jpg\",\"keywords\":[\"C\u00e2mara Municipal\",\"Espa\u00e7o P\u00fablico\",\"liberdade de express\u00e3o\",\"ocorr\u00eancias\",\"pol\u00edtica\",\"presidente\"],\"articleSection\":[\"Not\u00edcias\",\"Pol\u00edtica\"],\"inLanguage\":\"pt-PT\"},{\"@type\":\"WebPage\",\"@id\":\"https:\/\/portaltela.pt\/noticias\/2026\/03\/20\/presidente-da-camara-de-madrid-e-atingido-por-pombo-durante-discurso\/\",\"url\":\"https:\/\/portaltela.pt\/noticias\/2026\/03\/20\/presidente-da-camara-de-madrid-e-atingido-por-pombo-durante-discurso\/\",\"name\":\"Presidente da C\u00e2mara de Madrid \u00e9 atingido por pombo durante discurso - Portal Tela Portugal\",\"isPartOf\":{\"@id\":\"https:\/\/portaltela.pt\/#website\"},\"primaryImageOfPage\":{\"@id\":\"https:\/\/portaltela.pt\/noticias\/2026\/03\/20\/presidente-da-camara-de-madrid-e-atingido-por-pombo-durante-discurso\/#primaryimage\"},\"image\":{\"@id\":\"https:\/\/portaltela.pt\/noticias\/2026\/03\/20\/presidente-da-camara-de-madrid-e-atingido-por-pombo-durante-discurso\/#primaryimage\"},\"thumbnailUrl\":\"https:\/\/portaltela.pt\/s.01k8rhncp4jt1\/2026\/03\/img_1200x721uu2026-03-20-11-28-06-2428295.jpg\",\"datePublished\":\"2026-03-20T11:31:00+00:00\",\"author\":{\"@id\":\"https:\/\/portaltela.pt\/#\/schema\/person\/c4278d4a6028830caff9ee44b42d32ed\"},\"breadcrumb\":{\"@id\":\"https:\/\/portaltela.pt\/noticias\/2026\/03\/20\/presidente-da-camara-de-madrid-e-atingido-por-pombo-durante-discurso\/#breadcrumb\"},\"inLanguage\":\"pt-PT\",\"potentialAction\":[{\"@type\":\"ReadAction\",\"target\":[\"https:\/\/portaltela.pt\/noticias\/2026\/03\/20\/presidente-da-camara-de-madrid-e-atingido-por-pombo-durante-discurso\/\"]}]},{\"@type\":\"ImageObject\",\"inLanguage\":\"pt-PT\",\"@id\":\"https:\/\/portaltela.pt\/noticias\/2026\/03\/20\/presidente-da-camara-de-madrid-e-atingido-por-pombo-durante-discurso\/#primaryimage\",\"url\":\"https:\/\/portaltela.pt\/s.01k8rhncp4jt1\/2026\/03\/img_1200x721uu2026-03-20-11-28-06-2428295.jpg\",\"contentUrl\":\"https:\/\/portaltela.pt\/s.01k8rhncp4jt1\/2026\/03\/img_1200x721uu2026-03-20-11-28-06-2428295.jpg\",\"width\":796,\"height\":448,\"caption\":\"O presidente da c\u00e2mara de Madrid, Jos\u00e9 Luis Mart\u00ednez-Almeida, estava a fazer um discurso sobre liberdade de express\u00e3o, esta quarta-feira, quando um pombo decidiu defecar sobre a sua cabe\u00e7a. Mart\u00ednez-Almeida reagiu \u00e0 situa\u00e7\u00e3o com humor.\"},{\"@type\":\"BreadcrumbList\",\"@id\":\"https:\/\/portaltela.pt\/noticias\/2026\/03\/20\/presidente-da-camara-de-madrid-e-atingido-por-pombo-durante-discurso\/#breadcrumb\",\"itemListElement\":[{\"@type\":\"ListItem\",\"position\":1,\"name\":\"In\u00edcio\",\"item\":\"https:\/\/portaltela.pt\/\"},{\"@type\":\"ListItem\",\"position\":2,\"name\":\"Presidente da C\u00e2mara de Madrid \u00e9 atingido por pombo durante discurso\"}]},{\"@type\":\"WebSite\",\"@id\":\"https:\/\/portaltela.pt\/#website\",\"url\":\"https:\/\/portaltela.pt\/\",\"name\":\"Portal Tela Portugal\",\"description\":\"\",\"potentialAction\":[{\"@type\":\"SearchAction\",\"target\":{\"@type\":\"EntryPoint\",\"urlTemplate\":\"https:\/\/portaltela.pt\/?s={search_term_string}\"},\"query-input\":{\"@type\":\"PropertyValueSpecification\",\"valueRequired\":true,\"valueName\":\"search_term_string\"}}],\"inLanguage\":\"pt-PT\"},{\"@type\":\"Person\",\"@id\":\"https:\/\/portaltela.pt\/#\/schema\/person\/c4278d4a6028830caff9ee44b42d32ed\",\"name\":\"Telinha\",\"image\":{\"@type\":\"ImageObject\",\"inLanguage\":\"pt-PT\",\"@id\":\"https:\/\/portaltela.pt\/s.01k8rhncp4jt1\/2025\/11\/talking-bot-125x125.png\",\"url\":\"https:\/\/portaltela.pt\/s.01k8rhncp4jt1\/2025\/11\/talking-bot-125x125.png\",\"contentUrl\":\"https:\/\/portaltela.pt\/s.01k8rhncp4jt1\/2025\/11\/talking-bot-125x125.png\",\"caption\":\"Telinha\"},\"sameAs\":[\"https:\/\/portaltela.pt\/\"],\"url\":\"https:\/\/portaltela.pt\/por\/367410592786\/\"}]}<\/script>\n<!-- \/ Yoast SEO plugin. -->","yoast_head_json":{"title":"Presidente da C\u00e2mara de Madrid \u00e9 atingido por pombo durante discurso - Portal Tela Portugal","robots":{"index":"index","follow":"follow","max-snippet":"max-snippet:-1","max-image-preview":"max-image-preview:large","max-video-preview":"max-video-preview:-1"},"og_locale":"pt_PT","og_type":"article","og_title":"Presidente da C\u00e2mara de Madrid \u00e9 atingido por pombo durante discurso - Portal Tela Portugal","og_description":"O presidente da c\u00e2mara de Madrid, Jos\u00e9 Luis Mart\u00ednez-Almeida, estava a discursar sobre liberdade de express\u00e3o quando um pombo defecou sobre a sua cabe\u00e7a. Mart\u00ednez-Almeida reagiu ao incidente com humor. O epis\u00f3dio ocorreu nesta quarta-feira, durante o discurso.","og_url":"https:\/\/portaltela.pt\/noticias\/2026\/03\/20\/presidente-da-camara-de-madrid-e-atingido-por-pombo-durante-discurso\/","og_site_name":"Portal Tela Portugal","article_published_time":"2026-03-20T11:31:00+00:00","author":"Telinha","twitter_card":"summary_large_image","twitter_misc":{"Escrito por":"Telinha","Tempo estimado de leitura":"1 minuto"},"schema":{"@context":"https:\/\/schema.org","@graph":[{"@type":"Article","@id":"https:\/\/portaltela.pt\/noticias\/2026\/03\/20\/presidente-da-camara-de-madrid-e-atingido-por-pombo-durante-discurso\/#article","isPartOf":{"@id":"https:\/\/portaltela.pt\/noticias\/2026\/03\/20\/presidente-da-camara-de-madrid-e-atingido-por-pombo-durante-discurso\/"},"author":{"name":"Telinha","@id":"https:\/\/portaltela.pt\/#\/schema\/person\/c4278d4a6028830caff9ee44b42d32ed"},"headline":"Presidente da C\u00e2mara de Madrid \u00e9 atingido por pombo durante discurso","datePublished":"2026-03-20T11:31:00+00:00","mainEntityOfPage":{"@id":"https:\/\/portaltela.pt\/noticias\/2026\/03\/20\/presidente-da-camara-de-madrid-e-atingido-por-pombo-durante-discurso\/"},"wordCount":130,"image":{"@id":"https:\/\/portaltela.pt\/noticias\/2026\/03\/20\/presidente-da-camara-de-madrid-e-atingido-por-pombo-durante-discurso\/#primaryimage"},"thumbnailUrl":"https:\/\/portaltela.pt\/s.01k8rhncp4jt1\/2026\/03\/img_1200x721uu2026-03-20-11-28-06-2428295.jpg","keywords":["C\u00e2mara Municipal","Espa\u00e7o P\u00fablico","liberdade de express\u00e3o","ocorr\u00eancias","pol\u00edtica","presidente"],"articleSection":["Not\u00edcias","Pol\u00edtica"],"inLanguage":"pt-PT"},{"@type":"WebPage","@id":"https:\/\/portaltela.pt\/noticias\/2026\/03\/20\/presidente-da-camara-de-madrid-e-atingido-por-pombo-durante-discurso\/","url":"https:\/\/portaltela.pt\/noticias\/2026\/03\/20\/presidente-da-camara-de-madrid-e-atingido-por-pombo-durante-discurso\/","name":"Presidente da C\u00e2mara de Madrid \u00e9 atingido por pombo durante discurso - Portal Tela Portugal","isPartOf":{"@id":"https:\/\/portaltela.pt\/#website"},"primaryImageOfPage":{"@id":"https:\/\/portaltela.pt\/noticias\/2026\/03\/20\/presidente-da-camara-de-madrid-e-atingido-por-pombo-durante-discurso\/#primaryimage"},"image":{"@id":"https:\/\/portaltela.pt\/noticias\/2026\/03\/20\/presidente-da-camara-de-madrid-e-atingido-por-pombo-durante-discurso\/#primaryimage"},"thumbnailUrl":"https:\/\/portaltela.pt\/s.01k8rhncp4jt1\/2026\/03\/img_1200x721uu2026-03-20-11-28-06-2428295.jpg","datePublished":"2026-03-20T11:31:00+00:00","author":{"@id":"https:\/\/portaltela.pt\/#\/schema\/person\/c4278d4a6028830caff9ee44b42d32ed"},"breadcrumb":{"@id":"https:\/\/portaltela.pt\/noticias\/2026\/03\/20\/presidente-da-camara-de-madrid-e-atingido-por-pombo-durante-discurso\/#breadcrumb"},"inLanguage":"pt-PT","potentialAction":[{"@type":"ReadAction","target":["https:\/\/portaltela.pt\/noticias\/2026\/03\/20\/presidente-da-camara-de-madrid-e-atingido-por-pombo-durante-discurso\/"]}]},{"@type":"ImageObject","inLanguage":"pt-PT","@id":"https:\/\/portaltela.pt\/noticias\/2026\/03\/20\/presidente-da-camara-de-madrid-e-atingido-por-pombo-durante-discurso\/#primaryimage","url":"https:\/\/portaltela.pt\/s.01k8rhncp4jt1\/2026\/03\/img_1200x721uu2026-03-20-11-28-06-2428295.jpg","contentUrl":"https:\/\/portaltela.pt\/s.01k8rhncp4jt1\/2026\/03\/img_1200x721uu2026-03-20-11-28-06-2428295.jpg","width":796,"height":448,"caption":"O presidente da c\u00e2mara de Madrid, Jos\u00e9 Luis Mart\u00ednez-Almeida, estava a fazer um discurso sobre liberdade de express\u00e3o, esta quarta-feira, quando um pombo decidiu defecar sobre a sua cabe\u00e7a. Mart\u00ednez-Almeida reagiu \u00e0 situa\u00e7\u00e3o com humor."},{"@type":"BreadcrumbList","@id":"https:\/\/portaltela.pt\/noticias\/2026\/03\/20\/presidente-da-camara-de-madrid-e-atingido-por-pombo-durante-discurso\/#breadcrumb","itemListElement":[{"@type":"ListItem","position":1,"name":"In\u00edcio","item":"https:\/\/portaltela.pt\/"},{"@type":"ListItem","position":2,"name":"Presidente da C\u00e2mara de Madrid \u00e9 atingido por pombo durante discurso"}]},{"@type":"WebSite","@id":"https:\/\/portaltela.pt\/#website","url":"https:\/\/portaltela.pt\/","name":"Portal Tela Portugal","description":"","potentialAction":[{"@type":"SearchAction","target":{"@type":"EntryPoint","urlTemplate":"https:\/\/portaltela.pt\/?s={search_term_string}"},"query-input":{"@type":"PropertyValueSpecification","valueRequired":true,"valueName":"search_term_string"}}],"inLanguage":"pt-PT"},{"@type":"Person","@id":"https:\/\/portaltela.pt\/#\/schema\/person\/c4278d4a6028830caff9ee44b42d32ed","name":"Telinha","image":{"@type":"ImageObject","inLanguage":"pt-PT","@id":"https:\/\/portaltela.pt\/s.01k8rhncp4jt1\/2025\/11\/talking-bot-125x125.png","url":"https:\/\/portaltela.pt\/s.01k8rhncp4jt1\/2025\/11\/talking-bot-125x125.png","contentUrl":"https:\/\/portaltela.pt\/s.01k8rhncp4jt1\/2025\/11\/talking-bot-125x125.png","caption":"Telinha"},"sameAs":["https:\/\/portaltela.pt\/"],"url":"https:\/\/portaltela.pt\/por\/367410592786\/"}]}},"_links":{"self":[{"href":"https:\/\/portaltela.pt\/api\/wp\/v2\/posts\/417208","targetHints":{"allow":["GET"]}}],"collection":[{"href":"https:\/\/portaltela.pt\/api\/wp\/v2\/posts"}],"about":[{"href":"https:\/\/portaltela.pt\/api\/wp\/v2\/types\/post"}],"author":[{"embeddable":true,"href":"https:\/\/portaltela.pt\/api\/wp\/v2\/users\/2"}],"replies":[{"embeddable":true,"href":"https:\/\/portaltela.pt\/api\/wp\/v2\/comments?post=417208"}],"version-history":[{"count":0,"href":"https:\/\/portaltela.pt\/api\/wp\/v2\/posts\/417208\/revisions"}],"wp:featuredmedia":[{"embeddable":true,"href":"https:\/\/portaltela.pt\/api\/wp\/v2\/media\/417213"}],"wp:attachment":[{"href":"https:\/\/portaltela.pt\/api\/wp\/v2\/media?parent=417208"}],"wp:term":[{"taxonomy":"category","embeddable":true,"href":"https:\/\/portaltela.pt\/api\/wp\/v2\/categories?post=417208"},{"taxonomy":"post_tag","embeddable":true,"href":"https:\/\/portaltela.pt\/api\/wp\/v2\/tags?post=417208"}],"curies":[{"name":"wp","href":"https:\/\/api.w.org\/{rel}","templated":true}]}}