{"id":417192,"date":"2026-03-20T08:28:00","date_gmt":"2026-03-20T11:28:00","guid":{"rendered":"https:\/\/portaltela.pt\/noticias\/2026\/03\/20\/sucesso-recente-do-sporting-atribuido-a-frederico-varandas-e-80-a-ruben-amorim\/"},"modified":"2026-03-20T08:28:00","modified_gmt":"2026-03-20T11:28:00","slug":"sucesso-recente-do-sporting-atribuido-a-frederico-varandas-e-80-a-ruben-amorim","status":"publish","type":"post","link":"https:\/\/portaltela.pt\/desporto\/futebol\/2026\/03\/20\/sucesso-recente-do-sporting-atribuido-a-frederico-varandas-e-80-a-ruben-amorim\/","title":{"rendered":"Sucesso recente do Sporting atribu\u00eddo a Frederico Varandas e 80% a Ruben Amorim"},"content":{"rendered":"<p>Lu\u00eds Pedro Sousa, chefe de reda\u00e7\u00e3o da Record, analisa o momento do Sporting Clube de Portugal. O rep\u00f3rter destaca que o clube vive uma fase de sucesso, atribuindo parte dele a Frederico Varandas e, sobretudo, a Ruben Amorim.<\/p>\n<p>Segundo Sousa, cerca de 80% do \u00eaxito recente resulta da influ\u00eancia de Ruben Amorim como treinador. A gest\u00e3o de Varandas \u00e9 apontada como fator que ajuda a sustentar o projeto desportivo do clube.<\/p>\n<p>O Sporting CP continua a competir em jogos da liga e em ta\u00e7as, com o foco no desempenho da equipa principal. A an\u00e1lise apresentada \u00e9 de car\u00e1ter editorial, sem data anunciada.<\/p>\n","protected":false},"excerpt":{"rendered":"<ul>\n<li>O texto sustenta que o sucesso recente do Sporting se deve a Frederico Varandas e 80% a Ruben Amorim.<\/li>\n<li>A afirma\u00e7\u00e3o \u00e9 apresentada no contexto da an\u00e1lise do momento do clube.<\/li>\n<li>Quem comenta \u00e9 Lu\u00eds Pedro Sousa, chefe de reda\u00e7\u00e3o do Record.<\/li>\n<li>O coment\u00e1rio relaciona o momento dos le\u00f5es \u00e0 gest\u00e3o e ao treinador Rub\u00e9n Amorim.<\/li>\n<li>O conte\u00fado n\u00e3o fornece dados adicionais ou contexto estat\u00edstico no trecho apresentado.<\/li>\n<\/ul>\n","protected":false},"author":2,"featured_media":417193,"comment_status":"closed","ping_status":"closed","sticky":false,"template":"","format":"standard","meta":{"footnotes":""},"categories":[21,24],"tags":[4143,152,7203,32,1643,1652],"class_list":["post-417192","post","type-post","status-publish","format-standard","has-post-thumbnail","hentry","category-desporto","category-futebol","tag-1-liga","tag-desporto","tag-frederico-varandas","tag-futebol","tag-ruben-amorim","tag-sporting"],"yoast_head":"<!-- This site is optimized with the Yoast SEO plugin v27.2 - https:\/\/yoast.com\/product\/yoast-seo-wordpress\/ -->\n<title>Sucesso recente do Sporting atribu\u00eddo a Frederico Varandas e 80% a Ruben Amorim - Portal Tela Portugal<\/title>\n<meta name=\"robots\" content=\"index, follow, max-snippet:-1, max-image-preview:large, max-video-preview:-1\" \/>\n<meta property=\"og:locale\" content=\"pt_PT\" \/>\n<meta property=\"og:type\" content=\"article\" \/>\n<meta property=\"og:title\" content=\"Sucesso recente do Sporting atribu\u00eddo a Frederico Varandas e 80% a Ruben Amorim - Portal Tela Portugal\" \/>\n<meta property=\"og:description\" content=\"O texto sustenta que o sucesso recente do Sporting se deve a Frederico Varandas e 80% a Ruben Amorim. A afirma\u00e7\u00e3o \u00e9 apresentada no contexto da an\u00e1lise do momento do clube. Quem comenta \u00e9 Lu\u00eds Pedro Sousa, chefe de reda\u00e7\u00e3o do Record. O coment\u00e1rio relaciona o momento dos le\u00f5es \u00e0 gest\u00e3o e ao treinador Rub\u00e9n Amorim. O conte\u00fado n\u00e3o fornece dados adicionais ou contexto estat\u00edstico no trecho apresentado.\" \/>\n<meta property=\"og:url\" content=\"https:\/\/portaltela.pt\/noticias\/2026\/03\/20\/sucesso-recente-do-sporting-atribuido-a-frederico-varandas-e-80-a-ruben-amorim\/\" \/>\n<meta property=\"og:site_name\" content=\"Portal Tela Portugal\" \/>\n<meta property=\"article:published_time\" content=\"2026-03-20T11:28:00+00:00\" \/>\n<meta name=\"author\" content=\"Telinha\" \/>\n<meta name=\"twitter:card\" content=\"summary_large_image\" \/>\n<meta name=\"twitter:label1\" content=\"Escrito por\" \/>\n\t<meta name=\"twitter:data1\" content=\"Telinha\" \/>\n\t<meta name=\"twitter:label2\" content=\"Tempo estimado de leitura\" \/>\n\t<meta name=\"twitter:data2\" content=\"1 minuto\" \/>\n<script type=\"application\/ld+json\" class=\"yoast-schema-graph\">{\"@context\":\"https:\/\/schema.org\",\"@graph\":[{\"@type\":\"Article\",\"@id\":\"https:\/\/portaltela.pt\/noticias\/2026\/03\/20\/sucesso-recente-do-sporting-atribuido-a-frederico-varandas-e-80-a-ruben-amorim\/#article\",\"isPartOf\":{\"@id\":\"https:\/\/portaltela.pt\/noticias\/2026\/03\/20\/sucesso-recente-do-sporting-atribuido-a-frederico-varandas-e-80-a-ruben-amorim\/\"},\"author\":{\"name\":\"Telinha\",\"@id\":\"https:\/\/portaltela.pt\/#\/schema\/person\/c4278d4a6028830caff9ee44b42d32ed\"},\"headline\":\"Sucesso recente do Sporting atribu\u00eddo a Frederico Varandas e 80% a Ruben Amorim\",\"datePublished\":\"2026-03-20T11:28:00+00:00\",\"mainEntityOfPage\":{\"@id\":\"https:\/\/portaltela.pt\/noticias\/2026\/03\/20\/sucesso-recente-do-sporting-atribuido-a-frederico-varandas-e-80-a-ruben-amorim\/\"},\"wordCount\":120,\"image\":{\"@id\":\"https:\/\/portaltela.pt\/noticias\/2026\/03\/20\/sucesso-recente-do-sporting-atribuido-a-frederico-varandas-e-80-a-ruben-amorim\/#primaryimage\"},\"thumbnailUrl\":\"https:\/\/portaltela.pt\/s.01k8rhncp4jt1\/2026\/03\/img_1200x721uu2026-03-18-20-21-43-2427960.jpg\",\"keywords\":[\"1. Liga\",\"desporto\",\"Frederico Varandas\",\"futebol\",\"Ruben Amorim\",\"Sporting\"],\"articleSection\":[\"Desporto\",\"Futebol\"],\"inLanguage\":\"pt-PT\"},{\"@type\":\"WebPage\",\"@id\":\"https:\/\/portaltela.pt\/noticias\/2026\/03\/20\/sucesso-recente-do-sporting-atribuido-a-frederico-varandas-e-80-a-ruben-amorim\/\",\"url\":\"https:\/\/portaltela.pt\/noticias\/2026\/03\/20\/sucesso-recente-do-sporting-atribuido-a-frederico-varandas-e-80-a-ruben-amorim\/\",\"name\":\"Sucesso recente do Sporting atribu\u00eddo a Frederico Varandas e 80% a Ruben Amorim - Portal Tela Portugal\",\"isPartOf\":{\"@id\":\"https:\/\/portaltela.pt\/#website\"},\"primaryImageOfPage\":{\"@id\":\"https:\/\/portaltela.pt\/noticias\/2026\/03\/20\/sucesso-recente-do-sporting-atribuido-a-frederico-varandas-e-80-a-ruben-amorim\/#primaryimage\"},\"image\":{\"@id\":\"https:\/\/portaltela.pt\/noticias\/2026\/03\/20\/sucesso-recente-do-sporting-atribuido-a-frederico-varandas-e-80-a-ruben-amorim\/#primaryimage\"},\"thumbnailUrl\":\"https:\/\/portaltela.pt\/s.01k8rhncp4jt1\/2026\/03\/img_1200x721uu2026-03-18-20-21-43-2427960.jpg\",\"datePublished\":\"2026-03-20T11:28:00+00:00\",\"author\":{\"@id\":\"https:\/\/portaltela.pt\/#\/schema\/person\/c4278d4a6028830caff9ee44b42d32ed\"},\"breadcrumb\":{\"@id\":\"https:\/\/portaltela.pt\/noticias\/2026\/03\/20\/sucesso-recente-do-sporting-atribuido-a-frederico-varandas-e-80-a-ruben-amorim\/#breadcrumb\"},\"inLanguage\":\"pt-PT\",\"potentialAction\":[{\"@type\":\"ReadAction\",\"target\":[\"https:\/\/portaltela.pt\/noticias\/2026\/03\/20\/sucesso-recente-do-sporting-atribuido-a-frederico-varandas-e-80-a-ruben-amorim\/\"]}]},{\"@type\":\"ImageObject\",\"inLanguage\":\"pt-PT\",\"@id\":\"https:\/\/portaltela.pt\/noticias\/2026\/03\/20\/sucesso-recente-do-sporting-atribuido-a-frederico-varandas-e-80-a-ruben-amorim\/#primaryimage\",\"url\":\"https:\/\/portaltela.pt\/s.01k8rhncp4jt1\/2026\/03\/img_1200x721uu2026-03-18-20-21-43-2427960.jpg\",\"contentUrl\":\"https:\/\/portaltela.pt\/s.01k8rhncp4jt1\/2026\/03\/img_1200x721uu2026-03-18-20-21-43-2427960.jpg\",\"width\":796,\"height\":448,\"caption\":\"Lu\u00eds Pedro Sousa, chefe de reda\u00e7\u00e3o de Record, sobre o momento dos le\u00f5es\"},{\"@type\":\"BreadcrumbList\",\"@id\":\"https:\/\/portaltela.pt\/noticias\/2026\/03\/20\/sucesso-recente-do-sporting-atribuido-a-frederico-varandas-e-80-a-ruben-amorim\/#breadcrumb\",\"itemListElement\":[{\"@type\":\"ListItem\",\"position\":1,\"name\":\"In\u00edcio\",\"item\":\"https:\/\/portaltela.pt\/\"},{\"@type\":\"ListItem\",\"position\":2,\"name\":\"Sucesso recente do Sporting atribu\u00eddo a Frederico Varandas e 80% a Ruben Amorim\"}]},{\"@type\":\"WebSite\",\"@id\":\"https:\/\/portaltela.pt\/#website\",\"url\":\"https:\/\/portaltela.pt\/\",\"name\":\"Portal Tela Portugal\",\"description\":\"\",\"potentialAction\":[{\"@type\":\"SearchAction\",\"target\":{\"@type\":\"EntryPoint\",\"urlTemplate\":\"https:\/\/portaltela.pt\/?s={search_term_string}\"},\"query-input\":{\"@type\":\"PropertyValueSpecification\",\"valueRequired\":true,\"valueName\":\"search_term_string\"}}],\"inLanguage\":\"pt-PT\"},{\"@type\":\"Person\",\"@id\":\"https:\/\/portaltela.pt\/#\/schema\/person\/c4278d4a6028830caff9ee44b42d32ed\",\"name\":\"Telinha\",\"image\":{\"@type\":\"ImageObject\",\"inLanguage\":\"pt-PT\",\"@id\":\"https:\/\/portaltela.pt\/s.01k8rhncp4jt1\/2025\/11\/talking-bot-125x125.png\",\"url\":\"https:\/\/portaltela.pt\/s.01k8rhncp4jt1\/2025\/11\/talking-bot-125x125.png\",\"contentUrl\":\"https:\/\/portaltela.pt\/s.01k8rhncp4jt1\/2025\/11\/talking-bot-125x125.png\",\"caption\":\"Telinha\"},\"sameAs\":[\"https:\/\/portaltela.pt\/\"],\"url\":\"https:\/\/portaltela.pt\/por\/367410592786\/\"}]}<\/script>\n<!-- \/ Yoast SEO plugin. -->","yoast_head_json":{"title":"Sucesso recente do Sporting atribu\u00eddo a Frederico Varandas e 80% a Ruben Amorim - Portal Tela Portugal","robots":{"index":"index","follow":"follow","max-snippet":"max-snippet:-1","max-image-preview":"max-image-preview:large","max-video-preview":"max-video-preview:-1"},"og_locale":"pt_PT","og_type":"article","og_title":"Sucesso recente do Sporting atribu\u00eddo a Frederico Varandas e 80% a Ruben Amorim - Portal Tela Portugal","og_description":"O texto sustenta que o sucesso recente do Sporting se deve a Frederico Varandas e 80% a Ruben Amorim. A afirma\u00e7\u00e3o \u00e9 apresentada no contexto da an\u00e1lise do momento do clube. Quem comenta \u00e9 Lu\u00eds Pedro Sousa, chefe de reda\u00e7\u00e3o do Record. O coment\u00e1rio relaciona o momento dos le\u00f5es \u00e0 gest\u00e3o e ao treinador Rub\u00e9n Amorim. O conte\u00fado n\u00e3o fornece dados adicionais ou contexto estat\u00edstico no trecho apresentado.","og_url":"https:\/\/portaltela.pt\/noticias\/2026\/03\/20\/sucesso-recente-do-sporting-atribuido-a-frederico-varandas-e-80-a-ruben-amorim\/","og_site_name":"Portal Tela Portugal","article_published_time":"2026-03-20T11:28:00+00:00","author":"Telinha","twitter_card":"summary_large_image","twitter_misc":{"Escrito por":"Telinha","Tempo estimado de leitura":"1 minuto"},"schema":{"@context":"https:\/\/schema.org","@graph":[{"@type":"Article","@id":"https:\/\/portaltela.pt\/noticias\/2026\/03\/20\/sucesso-recente-do-sporting-atribuido-a-frederico-varandas-e-80-a-ruben-amorim\/#article","isPartOf":{"@id":"https:\/\/portaltela.pt\/noticias\/2026\/03\/20\/sucesso-recente-do-sporting-atribuido-a-frederico-varandas-e-80-a-ruben-amorim\/"},"author":{"name":"Telinha","@id":"https:\/\/portaltela.pt\/#\/schema\/person\/c4278d4a6028830caff9ee44b42d32ed"},"headline":"Sucesso recente do Sporting atribu\u00eddo a Frederico Varandas e 80% a Ruben Amorim","datePublished":"2026-03-20T11:28:00+00:00","mainEntityOfPage":{"@id":"https:\/\/portaltela.pt\/noticias\/2026\/03\/20\/sucesso-recente-do-sporting-atribuido-a-frederico-varandas-e-80-a-ruben-amorim\/"},"wordCount":120,"image":{"@id":"https:\/\/portaltela.pt\/noticias\/2026\/03\/20\/sucesso-recente-do-sporting-atribuido-a-frederico-varandas-e-80-a-ruben-amorim\/#primaryimage"},"thumbnailUrl":"https:\/\/portaltela.pt\/s.01k8rhncp4jt1\/2026\/03\/img_1200x721uu2026-03-18-20-21-43-2427960.jpg","keywords":["1. Liga","desporto","Frederico Varandas","futebol","Ruben Amorim","Sporting"],"articleSection":["Desporto","Futebol"],"inLanguage":"pt-PT"},{"@type":"WebPage","@id":"https:\/\/portaltela.pt\/noticias\/2026\/03\/20\/sucesso-recente-do-sporting-atribuido-a-frederico-varandas-e-80-a-ruben-amorim\/","url":"https:\/\/portaltela.pt\/noticias\/2026\/03\/20\/sucesso-recente-do-sporting-atribuido-a-frederico-varandas-e-80-a-ruben-amorim\/","name":"Sucesso recente do Sporting atribu\u00eddo a Frederico Varandas e 80% a Ruben Amorim - Portal Tela Portugal","isPartOf":{"@id":"https:\/\/portaltela.pt\/#website"},"primaryImageOfPage":{"@id":"https:\/\/portaltela.pt\/noticias\/2026\/03\/20\/sucesso-recente-do-sporting-atribuido-a-frederico-varandas-e-80-a-ruben-amorim\/#primaryimage"},"image":{"@id":"https:\/\/portaltela.pt\/noticias\/2026\/03\/20\/sucesso-recente-do-sporting-atribuido-a-frederico-varandas-e-80-a-ruben-amorim\/#primaryimage"},"thumbnailUrl":"https:\/\/portaltela.pt\/s.01k8rhncp4jt1\/2026\/03\/img_1200x721uu2026-03-18-20-21-43-2427960.jpg","datePublished":"2026-03-20T11:28:00+00:00","author":{"@id":"https:\/\/portaltela.pt\/#\/schema\/person\/c4278d4a6028830caff9ee44b42d32ed"},"breadcrumb":{"@id":"https:\/\/portaltela.pt\/noticias\/2026\/03\/20\/sucesso-recente-do-sporting-atribuido-a-frederico-varandas-e-80-a-ruben-amorim\/#breadcrumb"},"inLanguage":"pt-PT","potentialAction":[{"@type":"ReadAction","target":["https:\/\/portaltela.pt\/noticias\/2026\/03\/20\/sucesso-recente-do-sporting-atribuido-a-frederico-varandas-e-80-a-ruben-amorim\/"]}]},{"@type":"ImageObject","inLanguage":"pt-PT","@id":"https:\/\/portaltela.pt\/noticias\/2026\/03\/20\/sucesso-recente-do-sporting-atribuido-a-frederico-varandas-e-80-a-ruben-amorim\/#primaryimage","url":"https:\/\/portaltela.pt\/s.01k8rhncp4jt1\/2026\/03\/img_1200x721uu2026-03-18-20-21-43-2427960.jpg","contentUrl":"https:\/\/portaltela.pt\/s.01k8rhncp4jt1\/2026\/03\/img_1200x721uu2026-03-18-20-21-43-2427960.jpg","width":796,"height":448,"caption":"Lu\u00eds Pedro Sousa, chefe de reda\u00e7\u00e3o de Record, sobre o momento dos le\u00f5es"},{"@type":"BreadcrumbList","@id":"https:\/\/portaltela.pt\/noticias\/2026\/03\/20\/sucesso-recente-do-sporting-atribuido-a-frederico-varandas-e-80-a-ruben-amorim\/#breadcrumb","itemListElement":[{"@type":"ListItem","position":1,"name":"In\u00edcio","item":"https:\/\/portaltela.pt\/"},{"@type":"ListItem","position":2,"name":"Sucesso recente do Sporting atribu\u00eddo a Frederico Varandas e 80% a Ruben Amorim"}]},{"@type":"WebSite","@id":"https:\/\/portaltela.pt\/#website","url":"https:\/\/portaltela.pt\/","name":"Portal Tela Portugal","description":"","potentialAction":[{"@type":"SearchAction","target":{"@type":"EntryPoint","urlTemplate":"https:\/\/portaltela.pt\/?s={search_term_string}"},"query-input":{"@type":"PropertyValueSpecification","valueRequired":true,"valueName":"search_term_string"}}],"inLanguage":"pt-PT"},{"@type":"Person","@id":"https:\/\/portaltela.pt\/#\/schema\/person\/c4278d4a6028830caff9ee44b42d32ed","name":"Telinha","image":{"@type":"ImageObject","inLanguage":"pt-PT","@id":"https:\/\/portaltela.pt\/s.01k8rhncp4jt1\/2025\/11\/talking-bot-125x125.png","url":"https:\/\/portaltela.pt\/s.01k8rhncp4jt1\/2025\/11\/talking-bot-125x125.png","contentUrl":"https:\/\/portaltela.pt\/s.01k8rhncp4jt1\/2025\/11\/talking-bot-125x125.png","caption":"Telinha"},"sameAs":["https:\/\/portaltela.pt\/"],"url":"https:\/\/portaltela.pt\/por\/367410592786\/"}]}},"_links":{"self":[{"href":"https:\/\/portaltela.pt\/api\/wp\/v2\/posts\/417192","targetHints":{"allow":["GET"]}}],"collection":[{"href":"https:\/\/portaltela.pt\/api\/wp\/v2\/posts"}],"about":[{"href":"https:\/\/portaltela.pt\/api\/wp\/v2\/types\/post"}],"author":[{"embeddable":true,"href":"https:\/\/portaltela.pt\/api\/wp\/v2\/users\/2"}],"replies":[{"embeddable":true,"href":"https:\/\/portaltela.pt\/api\/wp\/v2\/comments?post=417192"}],"version-history":[{"count":0,"href":"https:\/\/portaltela.pt\/api\/wp\/v2\/posts\/417192\/revisions"}],"wp:featuredmedia":[{"embeddable":true,"href":"https:\/\/portaltela.pt\/api\/wp\/v2\/media\/417193"}],"wp:attachment":[{"href":"https:\/\/portaltela.pt\/api\/wp\/v2\/media?parent=417192"}],"wp:term":[{"taxonomy":"category","embeddable":true,"href":"https:\/\/portaltela.pt\/api\/wp\/v2\/categories?post=417192"},{"taxonomy":"post_tag","embeddable":true,"href":"https:\/\/portaltela.pt\/api\/wp\/v2\/tags?post=417192"}],"curies":[{"name":"wp","href":"https:\/\/api.w.org\/{rel}","templated":true}]}}