{"id":417183,"date":"2026-03-20T08:31:37","date_gmt":"2026-03-20T11:31:37","guid":{"rendered":"https:\/\/portaltela.pt\/noticias\/2026\/03\/20\/meta-recua-no-encerramento-de-horizon-worlds-apos-reacao-dos-utilizadores\/"},"modified":"2026-03-20T08:31:37","modified_gmt":"2026-03-20T11:31:37","slug":"meta-recua-no-encerramento-de-horizon-worlds-apos-reacao-dos-utilizadores","status":"publish","type":"post","link":"https:\/\/portaltela.pt\/tecnologia\/2026\/03\/20\/meta-recua-no-encerramento-de-horizon-worlds-apos-reacao-dos-utilizadores\/","title":{"rendered":"Meta recua no encerramento de Horizon Worlds ap\u00f3s rea\u00e7\u00e3o dos utilizadores"},"content":{"rendered":"<p>Meta recua em encerramento do Horizon Worlds em VR ap\u00f3s rea\u00e7\u00e3o dos utilizadores<\/p>\n<p>A empresa informou no dia 17 de mar\u00e7o que o Horizon Worlds deixaria de ser compat\u00edvel com os \u00f3culos VR Quest a partir de 15 de junho, mantendo apenas as vers\u00f5es para telem\u00f3vel e web. A not\u00edcia chegou aos utilizadores via an\u00fancio p\u00fablico.<\/p>\n<p>No entanto, a decis\u00e3o durou apenas um dia. Durante uma sess\u00e3o de perguntas e respostas no Instagram, o diretor tecnol\u00f3gico Andrew Bosworth anunciou que o Horizon Worlds manteria o suporte em VR no futuro pr\u00f3ximo, embora de forma mais limitada para os utilizadores atuais.<\/p>\n<h3>Revers\u00e3o parcial e novo foco<\/h3>\n<p>A Meta afirma que vai manter o Horizon Worlds dispon\u00edvel em VR, com restri\u00e7\u00f5es, sobretudo para quem j\u00e1 utiliza os jogos existentes. O objetivo passa a ser o desenvolvimento para telem\u00f3vel, onde a empresa v\u00ea um p\u00fablico maior.<\/p>\n<p>O Horizon Worlds foi apresentado como pe\u00e7a central da vis\u00e3o de metaverso da Meta. A empresa j\u00e1 investiu fortemente na Reality Labs, da qual faz parte o projeto, com cerca de 73 mil milh\u00f5es de d\u00f3lares desde 2021. Ainda assim, o servi\u00e7o n\u00e3o atingiu o sucesso esperado.<\/p>\n<p>A Meta j\u00e1 reduziu o quadro de colaboradores na Reality Labs, com mais de 1 500 empregos cortados neste ano. Por outro lado, a vers\u00e3o m\u00f3vel do Horizon Worlds registou aumento de utilizadores, com 45 milh\u00f5es de transfers globais e 1,5 milh\u00f5es s\u00f3 em 2026. Bosworth afirmou que o p\u00fablico m\u00f3vel \u00e9 maior e que o desenvolvimento para telem\u00f3vel dinamiza a equipa.<\/p>\n","protected":false},"excerpt":{"rendered":"<ul>\n<li>A Meta recuou na decis\u00e3o de encerrar o suporte em realidade virtual para o Horizon Worlds, mantendo o servi\u00e7o dispon\u00edvel em VR.<\/li>\n<li>A decis\u00e3o inicial, anunciada a 17 de mar\u00e7o, dizia que o Horizon Worlds deixaria de funcionar com os \u00f3culos Quest a partir de 15 de junho.<\/li>\n<li>O an\u00fancio foi revertido em menos de um dia, ap\u00f3s Andrew Bosworth, o diretor tecnol\u00f3gico, dizer numa sess\u00e3o no Instagram que o Horizon Worlds continuaria em VR.<\/li>\n<li>A Meta vai manter o Horizon Worlds dispon\u00edvel em VR num futuro pr\u00f3ximo, com suporte limitado, sobretudo para utilizadores existentes.<\/li>\n<li>A aplica\u00e7\u00e3o m\u00f3vel do Horizon Worlds continua a crescer, com 45 milh\u00f5es de transfer\u00eancias em todo o mundo, entre iOS e Google Play, incluindo 1,5 milh\u00f5es em 2026.<\/li>\n<\/ul>\n","protected":false},"author":2,"featured_media":417185,"comment_status":"closed","ping_status":"closed","sticky":false,"template":"","format":"standard","meta":{"footnotes":""},"categories":[6716],"tags":[37,28,33,1677,153,1852],"class_list":["post-417183","post","type-post","status-publish","format-standard","has-post-thumbnail","hentry","category-tecnologia","tag-apps","tag-economia","tag-inovacao","tag-realidade-virtual","tag-tecnologia","tag-telemovel"],"yoast_head":"<!-- This site is optimized with the Yoast SEO plugin v27.2 - https:\/\/yoast.com\/product\/yoast-seo-wordpress\/ -->\n<title>Meta recua no encerramento de Horizon Worlds ap\u00f3s rea\u00e7\u00e3o dos utilizadores - Portal Tela Portugal<\/title>\n<meta name=\"robots\" content=\"index, follow, max-snippet:-1, max-image-preview:large, max-video-preview:-1\" \/>\n<meta property=\"og:locale\" content=\"pt_PT\" \/>\n<meta property=\"og:type\" content=\"article\" \/>\n<meta property=\"og:title\" content=\"Meta recua no encerramento de Horizon Worlds ap\u00f3s rea\u00e7\u00e3o dos utilizadores - Portal Tela Portugal\" \/>\n<meta property=\"og:description\" content=\"A Meta recuou na decis\u00e3o de encerrar o suporte em realidade virtual para o Horizon Worlds, mantendo o servi\u00e7o dispon\u00edvel em VR. A decis\u00e3o inicial, anunciada a 17 de mar\u00e7o, dizia que o Horizon Worlds deixaria de funcionar com os \u00f3culos Quest a partir de 15 de junho. O an\u00fancio foi revertido em menos de um dia, ap\u00f3s Andrew Bosworth, o diretor tecnol\u00f3gico, dizer numa sess\u00e3o no Instagram que o Horizon Worlds continuaria em VR. A Meta vai manter o Horizon Worlds dispon\u00edvel em VR num futuro pr\u00f3ximo, com suporte limitado, sobretudo para utilizadores existentes. A aplica\u00e7\u00e3o m\u00f3vel do Horizon Worlds continua a crescer, com 45 milh\u00f5es de transfer\u00eancias em todo o mundo, entre iOS e Google Play, incluindo 1,5 milh\u00f5es em 2026.\" \/>\n<meta property=\"og:url\" content=\"https:\/\/portaltela.pt\/noticias\/2026\/03\/20\/meta-recua-no-encerramento-de-horizon-worlds-apos-reacao-dos-utilizadores\/\" \/>\n<meta property=\"og:site_name\" content=\"Portal Tela Portugal\" \/>\n<meta property=\"article:published_time\" content=\"2026-03-20T11:31:37+00:00\" \/>\n<meta name=\"author\" content=\"Telinha\" \/>\n<meta name=\"twitter:card\" content=\"summary_large_image\" \/>\n<meta name=\"twitter:label1\" content=\"Escrito por\" \/>\n\t<meta name=\"twitter:data1\" content=\"Telinha\" \/>\n\t<meta name=\"twitter:label2\" content=\"Tempo estimado de leitura\" \/>\n\t<meta name=\"twitter:data2\" content=\"1 minuto\" \/>\n<script type=\"application\/ld+json\" class=\"yoast-schema-graph\">{\"@context\":\"https:\/\/schema.org\",\"@graph\":[{\"@type\":\"Article\",\"@id\":\"https:\/\/portaltela.pt\/noticias\/2026\/03\/20\/meta-recua-no-encerramento-de-horizon-worlds-apos-reacao-dos-utilizadores\/#article\",\"isPartOf\":{\"@id\":\"https:\/\/portaltela.pt\/noticias\/2026\/03\/20\/meta-recua-no-encerramento-de-horizon-worlds-apos-reacao-dos-utilizadores\/\"},\"author\":{\"name\":\"Telinha\",\"@id\":\"https:\/\/portaltela.pt\/#\/schema\/person\/c4278d4a6028830caff9ee44b42d32ed\"},\"headline\":\"Meta recua no encerramento de Horizon Worlds ap\u00f3s rea\u00e7\u00e3o dos utilizadores\",\"datePublished\":\"2026-03-20T11:31:37+00:00\",\"mainEntityOfPage\":{\"@id\":\"https:\/\/portaltela.pt\/noticias\/2026\/03\/20\/meta-recua-no-encerramento-de-horizon-worlds-apos-reacao-dos-utilizadores\/\"},\"wordCount\":286,\"image\":{\"@id\":\"https:\/\/portaltela.pt\/noticias\/2026\/03\/20\/meta-recua-no-encerramento-de-horizon-worlds-apos-reacao-dos-utilizadores\/#primaryimage\"},\"thumbnailUrl\":\"https:\/\/portaltela.pt\/s.01k8rhncp4jt1\/2026\/03\/1536x864_cmsv2_4a4ad460-e120-5c60-9a4b-6f87e203acdf-9692603.jpg\",\"keywords\":[\"apps\",\"economia\",\"inova\u00e7\u00e3o\",\"Realidade Virtual\",\"tecnologia\",\"telem\u00f3vel\"],\"articleSection\":[\"Tecnologia\"],\"inLanguage\":\"pt-PT\"},{\"@type\":\"WebPage\",\"@id\":\"https:\/\/portaltela.pt\/noticias\/2026\/03\/20\/meta-recua-no-encerramento-de-horizon-worlds-apos-reacao-dos-utilizadores\/\",\"url\":\"https:\/\/portaltela.pt\/noticias\/2026\/03\/20\/meta-recua-no-encerramento-de-horizon-worlds-apos-reacao-dos-utilizadores\/\",\"name\":\"Meta recua no encerramento de Horizon Worlds ap\u00f3s rea\u00e7\u00e3o dos utilizadores - Portal Tela Portugal\",\"isPartOf\":{\"@id\":\"https:\/\/portaltela.pt\/#website\"},\"primaryImageOfPage\":{\"@id\":\"https:\/\/portaltela.pt\/noticias\/2026\/03\/20\/meta-recua-no-encerramento-de-horizon-worlds-apos-reacao-dos-utilizadores\/#primaryimage\"},\"image\":{\"@id\":\"https:\/\/portaltela.pt\/noticias\/2026\/03\/20\/meta-recua-no-encerramento-de-horizon-worlds-apos-reacao-dos-utilizadores\/#primaryimage\"},\"thumbnailUrl\":\"https:\/\/portaltela.pt\/s.01k8rhncp4jt1\/2026\/03\/1536x864_cmsv2_4a4ad460-e120-5c60-9a4b-6f87e203acdf-9692603.jpg\",\"datePublished\":\"2026-03-20T11:31:37+00:00\",\"author\":{\"@id\":\"https:\/\/portaltela.pt\/#\/schema\/person\/c4278d4a6028830caff9ee44b42d32ed\"},\"breadcrumb\":{\"@id\":\"https:\/\/portaltela.pt\/noticias\/2026\/03\/20\/meta-recua-no-encerramento-de-horizon-worlds-apos-reacao-dos-utilizadores\/#breadcrumb\"},\"inLanguage\":\"pt-PT\",\"potentialAction\":[{\"@type\":\"ReadAction\",\"target\":[\"https:\/\/portaltela.pt\/noticias\/2026\/03\/20\/meta-recua-no-encerramento-de-horizon-worlds-apos-reacao-dos-utilizadores\/\"]}]},{\"@type\":\"ImageObject\",\"inLanguage\":\"pt-PT\",\"@id\":\"https:\/\/portaltela.pt\/noticias\/2026\/03\/20\/meta-recua-no-encerramento-de-horizon-worlds-apos-reacao-dos-utilizadores\/#primaryimage\",\"url\":\"https:\/\/portaltela.pt\/s.01k8rhncp4jt1\/2026\/03\/1536x864_cmsv2_4a4ad460-e120-5c60-9a4b-6f87e203acdf-9692603.jpg\",\"contentUrl\":\"https:\/\/portaltela.pt\/s.01k8rhncp4jt1\/2026\/03\/1536x864_cmsv2_4a4ad460-e120-5c60-9a4b-6f87e203acdf-9692603.jpg\",\"width\":1536,\"height\":864,\"caption\":\"Captura de ecr\u00e3 do Horizon Worlds\"},{\"@type\":\"BreadcrumbList\",\"@id\":\"https:\/\/portaltela.pt\/noticias\/2026\/03\/20\/meta-recua-no-encerramento-de-horizon-worlds-apos-reacao-dos-utilizadores\/#breadcrumb\",\"itemListElement\":[{\"@type\":\"ListItem\",\"position\":1,\"name\":\"In\u00edcio\",\"item\":\"https:\/\/portaltela.pt\/\"},{\"@type\":\"ListItem\",\"position\":2,\"name\":\"Meta recua no encerramento de Horizon Worlds ap\u00f3s rea\u00e7\u00e3o dos utilizadores\"}]},{\"@type\":\"WebSite\",\"@id\":\"https:\/\/portaltela.pt\/#website\",\"url\":\"https:\/\/portaltela.pt\/\",\"name\":\"Portal Tela Portugal\",\"description\":\"\",\"potentialAction\":[{\"@type\":\"SearchAction\",\"target\":{\"@type\":\"EntryPoint\",\"urlTemplate\":\"https:\/\/portaltela.pt\/?s={search_term_string}\"},\"query-input\":{\"@type\":\"PropertyValueSpecification\",\"valueRequired\":true,\"valueName\":\"search_term_string\"}}],\"inLanguage\":\"pt-PT\"},{\"@type\":\"Person\",\"@id\":\"https:\/\/portaltela.pt\/#\/schema\/person\/c4278d4a6028830caff9ee44b42d32ed\",\"name\":\"Telinha\",\"image\":{\"@type\":\"ImageObject\",\"inLanguage\":\"pt-PT\",\"@id\":\"https:\/\/portaltela.pt\/s.01k8rhncp4jt1\/2025\/11\/talking-bot-125x125.png\",\"url\":\"https:\/\/portaltela.pt\/s.01k8rhncp4jt1\/2025\/11\/talking-bot-125x125.png\",\"contentUrl\":\"https:\/\/portaltela.pt\/s.01k8rhncp4jt1\/2025\/11\/talking-bot-125x125.png\",\"caption\":\"Telinha\"},\"sameAs\":[\"https:\/\/portaltela.pt\/\"],\"url\":\"https:\/\/portaltela.pt\/por\/367410592786\/\"}]}<\/script>\n<!-- \/ Yoast SEO plugin. -->","yoast_head_json":{"title":"Meta recua no encerramento de Horizon Worlds ap\u00f3s rea\u00e7\u00e3o dos utilizadores - Portal Tela Portugal","robots":{"index":"index","follow":"follow","max-snippet":"max-snippet:-1","max-image-preview":"max-image-preview:large","max-video-preview":"max-video-preview:-1"},"og_locale":"pt_PT","og_type":"article","og_title":"Meta recua no encerramento de Horizon Worlds ap\u00f3s rea\u00e7\u00e3o dos utilizadores - Portal Tela Portugal","og_description":"A Meta recuou na decis\u00e3o de encerrar o suporte em realidade virtual para o Horizon Worlds, mantendo o servi\u00e7o dispon\u00edvel em VR. A decis\u00e3o inicial, anunciada a 17 de mar\u00e7o, dizia que o Horizon Worlds deixaria de funcionar com os \u00f3culos Quest a partir de 15 de junho. O an\u00fancio foi revertido em menos de um dia, ap\u00f3s Andrew Bosworth, o diretor tecnol\u00f3gico, dizer numa sess\u00e3o no Instagram que o Horizon Worlds continuaria em VR. A Meta vai manter o Horizon Worlds dispon\u00edvel em VR num futuro pr\u00f3ximo, com suporte limitado, sobretudo para utilizadores existentes. A aplica\u00e7\u00e3o m\u00f3vel do Horizon Worlds continua a crescer, com 45 milh\u00f5es de transfer\u00eancias em todo o mundo, entre iOS e Google Play, incluindo 1,5 milh\u00f5es em 2026.","og_url":"https:\/\/portaltela.pt\/noticias\/2026\/03\/20\/meta-recua-no-encerramento-de-horizon-worlds-apos-reacao-dos-utilizadores\/","og_site_name":"Portal Tela Portugal","article_published_time":"2026-03-20T11:31:37+00:00","author":"Telinha","twitter_card":"summary_large_image","twitter_misc":{"Escrito por":"Telinha","Tempo estimado de leitura":"1 minuto"},"schema":{"@context":"https:\/\/schema.org","@graph":[{"@type":"Article","@id":"https:\/\/portaltela.pt\/noticias\/2026\/03\/20\/meta-recua-no-encerramento-de-horizon-worlds-apos-reacao-dos-utilizadores\/#article","isPartOf":{"@id":"https:\/\/portaltela.pt\/noticias\/2026\/03\/20\/meta-recua-no-encerramento-de-horizon-worlds-apos-reacao-dos-utilizadores\/"},"author":{"name":"Telinha","@id":"https:\/\/portaltela.pt\/#\/schema\/person\/c4278d4a6028830caff9ee44b42d32ed"},"headline":"Meta recua no encerramento de Horizon Worlds ap\u00f3s rea\u00e7\u00e3o dos utilizadores","datePublished":"2026-03-20T11:31:37+00:00","mainEntityOfPage":{"@id":"https:\/\/portaltela.pt\/noticias\/2026\/03\/20\/meta-recua-no-encerramento-de-horizon-worlds-apos-reacao-dos-utilizadores\/"},"wordCount":286,"image":{"@id":"https:\/\/portaltela.pt\/noticias\/2026\/03\/20\/meta-recua-no-encerramento-de-horizon-worlds-apos-reacao-dos-utilizadores\/#primaryimage"},"thumbnailUrl":"https:\/\/portaltela.pt\/s.01k8rhncp4jt1\/2026\/03\/1536x864_cmsv2_4a4ad460-e120-5c60-9a4b-6f87e203acdf-9692603.jpg","keywords":["apps","economia","inova\u00e7\u00e3o","Realidade Virtual","tecnologia","telem\u00f3vel"],"articleSection":["Tecnologia"],"inLanguage":"pt-PT"},{"@type":"WebPage","@id":"https:\/\/portaltela.pt\/noticias\/2026\/03\/20\/meta-recua-no-encerramento-de-horizon-worlds-apos-reacao-dos-utilizadores\/","url":"https:\/\/portaltela.pt\/noticias\/2026\/03\/20\/meta-recua-no-encerramento-de-horizon-worlds-apos-reacao-dos-utilizadores\/","name":"Meta recua no encerramento de Horizon Worlds ap\u00f3s rea\u00e7\u00e3o dos utilizadores - Portal Tela Portugal","isPartOf":{"@id":"https:\/\/portaltela.pt\/#website"},"primaryImageOfPage":{"@id":"https:\/\/portaltela.pt\/noticias\/2026\/03\/20\/meta-recua-no-encerramento-de-horizon-worlds-apos-reacao-dos-utilizadores\/#primaryimage"},"image":{"@id":"https:\/\/portaltela.pt\/noticias\/2026\/03\/20\/meta-recua-no-encerramento-de-horizon-worlds-apos-reacao-dos-utilizadores\/#primaryimage"},"thumbnailUrl":"https:\/\/portaltela.pt\/s.01k8rhncp4jt1\/2026\/03\/1536x864_cmsv2_4a4ad460-e120-5c60-9a4b-6f87e203acdf-9692603.jpg","datePublished":"2026-03-20T11:31:37+00:00","author":{"@id":"https:\/\/portaltela.pt\/#\/schema\/person\/c4278d4a6028830caff9ee44b42d32ed"},"breadcrumb":{"@id":"https:\/\/portaltela.pt\/noticias\/2026\/03\/20\/meta-recua-no-encerramento-de-horizon-worlds-apos-reacao-dos-utilizadores\/#breadcrumb"},"inLanguage":"pt-PT","potentialAction":[{"@type":"ReadAction","target":["https:\/\/portaltela.pt\/noticias\/2026\/03\/20\/meta-recua-no-encerramento-de-horizon-worlds-apos-reacao-dos-utilizadores\/"]}]},{"@type":"ImageObject","inLanguage":"pt-PT","@id":"https:\/\/portaltela.pt\/noticias\/2026\/03\/20\/meta-recua-no-encerramento-de-horizon-worlds-apos-reacao-dos-utilizadores\/#primaryimage","url":"https:\/\/portaltela.pt\/s.01k8rhncp4jt1\/2026\/03\/1536x864_cmsv2_4a4ad460-e120-5c60-9a4b-6f87e203acdf-9692603.jpg","contentUrl":"https:\/\/portaltela.pt\/s.01k8rhncp4jt1\/2026\/03\/1536x864_cmsv2_4a4ad460-e120-5c60-9a4b-6f87e203acdf-9692603.jpg","width":1536,"height":864,"caption":"Captura de ecr\u00e3 do Horizon Worlds"},{"@type":"BreadcrumbList","@id":"https:\/\/portaltela.pt\/noticias\/2026\/03\/20\/meta-recua-no-encerramento-de-horizon-worlds-apos-reacao-dos-utilizadores\/#breadcrumb","itemListElement":[{"@type":"ListItem","position":1,"name":"In\u00edcio","item":"https:\/\/portaltela.pt\/"},{"@type":"ListItem","position":2,"name":"Meta recua no encerramento de Horizon Worlds ap\u00f3s rea\u00e7\u00e3o dos utilizadores"}]},{"@type":"WebSite","@id":"https:\/\/portaltela.pt\/#website","url":"https:\/\/portaltela.pt\/","name":"Portal Tela Portugal","description":"","potentialAction":[{"@type":"SearchAction","target":{"@type":"EntryPoint","urlTemplate":"https:\/\/portaltela.pt\/?s={search_term_string}"},"query-input":{"@type":"PropertyValueSpecification","valueRequired":true,"valueName":"search_term_string"}}],"inLanguage":"pt-PT"},{"@type":"Person","@id":"https:\/\/portaltela.pt\/#\/schema\/person\/c4278d4a6028830caff9ee44b42d32ed","name":"Telinha","image":{"@type":"ImageObject","inLanguage":"pt-PT","@id":"https:\/\/portaltela.pt\/s.01k8rhncp4jt1\/2025\/11\/talking-bot-125x125.png","url":"https:\/\/portaltela.pt\/s.01k8rhncp4jt1\/2025\/11\/talking-bot-125x125.png","contentUrl":"https:\/\/portaltela.pt\/s.01k8rhncp4jt1\/2025\/11\/talking-bot-125x125.png","caption":"Telinha"},"sameAs":["https:\/\/portaltela.pt\/"],"url":"https:\/\/portaltela.pt\/por\/367410592786\/"}]}},"_links":{"self":[{"href":"https:\/\/portaltela.pt\/api\/wp\/v2\/posts\/417183","targetHints":{"allow":["GET"]}}],"collection":[{"href":"https:\/\/portaltela.pt\/api\/wp\/v2\/posts"}],"about":[{"href":"https:\/\/portaltela.pt\/api\/wp\/v2\/types\/post"}],"author":[{"embeddable":true,"href":"https:\/\/portaltela.pt\/api\/wp\/v2\/users\/2"}],"replies":[{"embeddable":true,"href":"https:\/\/portaltela.pt\/api\/wp\/v2\/comments?post=417183"}],"version-history":[{"count":0,"href":"https:\/\/portaltela.pt\/api\/wp\/v2\/posts\/417183\/revisions"}],"wp:featuredmedia":[{"embeddable":true,"href":"https:\/\/portaltela.pt\/api\/wp\/v2\/media\/417185"}],"wp:attachment":[{"href":"https:\/\/portaltela.pt\/api\/wp\/v2\/media?parent=417183"}],"wp:term":[{"taxonomy":"category","embeddable":true,"href":"https:\/\/portaltela.pt\/api\/wp\/v2\/categories?post=417183"},{"taxonomy":"post_tag","embeddable":true,"href":"https:\/\/portaltela.pt\/api\/wp\/v2\/tags?post=417183"}],"curies":[{"name":"wp","href":"https:\/\/api.w.org\/{rel}","templated":true}]}}