{"id":417182,"date":"2026-03-20T08:31:34","date_gmt":"2026-03-20T11:31:34","guid":{"rendered":"https:\/\/portaltela.pt\/noticias\/2026\/03\/20\/grecia-regista-tres-abalos-sismicos-em-45-minutos\/"},"modified":"2026-03-20T08:31:34","modified_gmt":"2026-03-20T11:31:34","slug":"grecia-regista-tres-abalos-sismicos-em-45-minutos","status":"publish","type":"post","link":"https:\/\/portaltela.pt\/tempo\/2026\/03\/20\/grecia-regista-tres-abalos-sismicos-em-45-minutos\/","title":{"rendered":"Gr\u00e9cia regista tr\u00eas abalos s\u00edsmicos em 45 minutos"},"content":{"rendered":"<p>Tr\u00eas tremores de terra ocorreram num intervalo de 45 minutos na regi\u00e3o de Agia Kyriaki, Ioannina, Gr\u00e9cia. As magnitudes foram 4,6, 4,5 e 4,0 na escala de Richter, registados \u00e0s 11h05, 11h40 e 11h50, respetivamente. O epicentro situou-se a 10, 12 e 11 km a nordeste de Agia Kyriaki, dentro de Ioannina, a cerca de 322\u2013323 km a noroeste de Atenas.<\/p>\n<p>Segundo o Instituto Geodin\u00e2mico do Observat\u00f3rio Nacional de Atenas, os tr\u00eas sismos tiveram o mesmo eixo de localiza\u00e7\u00e3o, mantendo-se a mesma dist\u00e2ncia aproximada de Atenas. N\u00e3o foram registradas informa\u00e7\u00f5es imediatas sobre danos ou ferimentos.<\/p>\n<h3>Sismos em Ioannina<\/h3>\n<p>O organismo oficial disponibilizou apenas os dados de magnitude, hor\u00e1rio e localiza\u00e7\u00e3o, sem indicar novas ocorr\u00eancias at\u00e9 ao momento. Os tremores aconteceram pela manh\u00e3, num per\u00edodo de pouco menos de uma hora, na mesma \u00e1rea geol\u00f3gica.<\/p>\n<p>A autoridade geodin\u00e2mica indica que a regi\u00e3o \u00e9 suscet\u00edvel a eventos s\u00edsmicos, embora n\u00e3o tenha sido emitido alerta espec\u00edfico para a popula\u00e7\u00e3o. Informa\u00e7\u00f5es adicionais devem ser confirmadas pelas autoridades locais.<\/p>\n","protected":false},"excerpt":{"rendered":"<ul>\n<li>Tr\u00eas sismos ocorreram em apenas 45 minutos, na regi\u00e3o de Agia Kyriaki, Ioannina, no noroeste da Gr\u00e9cia.<\/li>\n<li>O primeiro, de magnitude 4,6, foi registado \u00e0s 11h05 e teve epicentro a 10 km a nordeste de Agia Kyriaki, a 322 km a noroeste de Atenas.<\/li>\n<li>O segundo, de magnitude 4,5, aconteceu \u00e0s 11h40, com epicentro a 12 km a nordeste de Agia Kyriaki, a 323 km a noroeste de Atenas.<\/li>\n<li>O terceiro sismo, de magnitude 4,0, deu-se \u00e0s 11h50, com epicentro a 11 km a nordeste de Agia Kyriaki, a 322 km a noroeste de Atenas.<\/li>\n<li>O Instituto Geodin\u00e2mico do Observat\u00f3rio Nacional de Atenas confirmou os dados dos tr\u00eas terramotos.<\/li>\n<\/ul>\n","protected":false},"author":2,"featured_media":417184,"comment_status":"closed","ping_status":"closed","sticky":false,"template":"","format":"standard","meta":{"footnotes":""},"categories":[7380,7365],"tags":[1820,5215,2487,3137,45,6385],"class_list":["post-417182","post","type-post","status-publish","format-standard","has-post-thumbnail","hentry","category-clima","category-tempo","tag-atenas","tag-catastrofes-naturais","tag-europa","tag-grecia","tag-meio-ambiente","tag-sismos"],"yoast_head":"<!-- This site is optimized with the Yoast SEO plugin v27.2 - https:\/\/yoast.com\/product\/yoast-seo-wordpress\/ -->\n<title>Gr\u00e9cia regista tr\u00eas abalos s\u00edsmicos em 45 minutos - Portal Tela Portugal<\/title>\n<meta name=\"robots\" content=\"index, follow, max-snippet:-1, max-image-preview:large, max-video-preview:-1\" \/>\n<meta property=\"og:locale\" content=\"pt_PT\" \/>\n<meta property=\"og:type\" content=\"article\" \/>\n<meta property=\"og:title\" content=\"Gr\u00e9cia regista tr\u00eas abalos s\u00edsmicos em 45 minutos - Portal Tela Portugal\" \/>\n<meta property=\"og:description\" content=\"Tr\u00eas sismos ocorreram em apenas 45 minutos, na regi\u00e3o de Agia Kyriaki, Ioannina, no noroeste da Gr\u00e9cia. O primeiro, de magnitude 4,6, foi registado \u00e0s 11h05 e teve epicentro a 10 km a nordeste de Agia Kyriaki, a 322 km a noroeste de Atenas. O segundo, de magnitude 4,5, aconteceu \u00e0s 11h40, com epicentro a 12 km a nordeste de Agia Kyriaki, a 323 km a noroeste de Atenas. O terceiro sismo, de magnitude 4,0, deu-se \u00e0s 11h50, com epicentro a 11 km a nordeste de Agia Kyriaki, a 322 km a noroeste de Atenas. O Instituto Geodin\u00e2mico do Observat\u00f3rio Nacional de Atenas confirmou os dados dos tr\u00eas terramotos.\" \/>\n<meta property=\"og:url\" content=\"https:\/\/portaltela.pt\/noticias\/2026\/03\/20\/grecia-regista-tres-abalos-sismicos-em-45-minutos\/\" \/>\n<meta property=\"og:site_name\" content=\"Portal Tela Portugal\" \/>\n<meta property=\"article:published_time\" content=\"2026-03-20T11:31:34+00:00\" \/>\n<meta name=\"author\" content=\"Telinha\" \/>\n<meta name=\"twitter:card\" content=\"summary_large_image\" \/>\n<meta name=\"twitter:label1\" content=\"Escrito por\" \/>\n\t<meta name=\"twitter:data1\" content=\"Telinha\" \/>\n\t<meta name=\"twitter:label2\" content=\"Tempo estimado de leitura\" \/>\n\t<meta name=\"twitter:data2\" content=\"1 minuto\" \/>\n<script type=\"application\/ld+json\" class=\"yoast-schema-graph\">{\"@context\":\"https:\/\/schema.org\",\"@graph\":[{\"@type\":\"Article\",\"@id\":\"https:\/\/portaltela.pt\/noticias\/2026\/03\/20\/grecia-regista-tres-abalos-sismicos-em-45-minutos\/#article\",\"isPartOf\":{\"@id\":\"https:\/\/portaltela.pt\/noticias\/2026\/03\/20\/grecia-regista-tres-abalos-sismicos-em-45-minutos\/\"},\"author\":{\"name\":\"Telinha\",\"@id\":\"https:\/\/portaltela.pt\/#\/schema\/person\/c4278d4a6028830caff9ee44b42d32ed\"},\"headline\":\"Gr\u00e9cia regista tr\u00eas abalos s\u00edsmicos em 45 minutos\",\"datePublished\":\"2026-03-20T11:31:34+00:00\",\"mainEntityOfPage\":{\"@id\":\"https:\/\/portaltela.pt\/noticias\/2026\/03\/20\/grecia-regista-tres-abalos-sismicos-em-45-minutos\/\"},\"wordCount\":188,\"image\":{\"@id\":\"https:\/\/portaltela.pt\/noticias\/2026\/03\/20\/grecia-regista-tres-abalos-sismicos-em-45-minutos\/#primaryimage\"},\"thumbnailUrl\":\"https:\/\/portaltela.pt\/s.01k8rhncp4jt1\/2026\/03\/1536x864_cmsv2_8aff596a-98d5-5ec5-9aa3-476e9dad523d-9692559.jpg\",\"keywords\":[\"Atenas\",\"cat\u00e1strofes naturais\",\"Europa\",\"Gr\u00e9cia\",\"meio-ambiente\",\"sismos\"],\"articleSection\":[\"Clima\",\"Tempo\"],\"inLanguage\":\"pt-PT\"},{\"@type\":\"WebPage\",\"@id\":\"https:\/\/portaltela.pt\/noticias\/2026\/03\/20\/grecia-regista-tres-abalos-sismicos-em-45-minutos\/\",\"url\":\"https:\/\/portaltela.pt\/noticias\/2026\/03\/20\/grecia-regista-tres-abalos-sismicos-em-45-minutos\/\",\"name\":\"Gr\u00e9cia regista tr\u00eas abalos s\u00edsmicos em 45 minutos - Portal Tela Portugal\",\"isPartOf\":{\"@id\":\"https:\/\/portaltela.pt\/#website\"},\"primaryImageOfPage\":{\"@id\":\"https:\/\/portaltela.pt\/noticias\/2026\/03\/20\/grecia-regista-tres-abalos-sismicos-em-45-minutos\/#primaryimage\"},\"image\":{\"@id\":\"https:\/\/portaltela.pt\/noticias\/2026\/03\/20\/grecia-regista-tres-abalos-sismicos-em-45-minutos\/#primaryimage\"},\"thumbnailUrl\":\"https:\/\/portaltela.pt\/s.01k8rhncp4jt1\/2026\/03\/1536x864_cmsv2_8aff596a-98d5-5ec5-9aa3-476e9dad523d-9692559.jpg\",\"datePublished\":\"2026-03-20T11:31:34+00:00\",\"author\":{\"@id\":\"https:\/\/portaltela.pt\/#\/schema\/person\/c4278d4a6028830caff9ee44b42d32ed\"},\"breadcrumb\":{\"@id\":\"https:\/\/portaltela.pt\/noticias\/2026\/03\/20\/grecia-regista-tres-abalos-sismicos-em-45-minutos\/#breadcrumb\"},\"inLanguage\":\"pt-PT\",\"potentialAction\":[{\"@type\":\"ReadAction\",\"target\":[\"https:\/\/portaltela.pt\/noticias\/2026\/03\/20\/grecia-regista-tres-abalos-sismicos-em-45-minutos\/\"]}]},{\"@type\":\"ImageObject\",\"inLanguage\":\"pt-PT\",\"@id\":\"https:\/\/portaltela.pt\/noticias\/2026\/03\/20\/grecia-regista-tres-abalos-sismicos-em-45-minutos\/#primaryimage\",\"url\":\"https:\/\/portaltela.pt\/s.01k8rhncp4jt1\/2026\/03\/1536x864_cmsv2_8aff596a-98d5-5ec5-9aa3-476e9dad523d-9692559.jpg\",\"contentUrl\":\"https:\/\/portaltela.pt\/s.01k8rhncp4jt1\/2026\/03\/1536x864_cmsv2_8aff596a-98d5-5ec5-9aa3-476e9dad523d-9692559.jpg\",\"width\":1536,\"height\":864,\"caption\":\"IMAGEM DE ARQUIVO\"},{\"@type\":\"BreadcrumbList\",\"@id\":\"https:\/\/portaltela.pt\/noticias\/2026\/03\/20\/grecia-regista-tres-abalos-sismicos-em-45-minutos\/#breadcrumb\",\"itemListElement\":[{\"@type\":\"ListItem\",\"position\":1,\"name\":\"In\u00edcio\",\"item\":\"https:\/\/portaltela.pt\/\"},{\"@type\":\"ListItem\",\"position\":2,\"name\":\"Gr\u00e9cia regista tr\u00eas abalos s\u00edsmicos em 45 minutos\"}]},{\"@type\":\"WebSite\",\"@id\":\"https:\/\/portaltela.pt\/#website\",\"url\":\"https:\/\/portaltela.pt\/\",\"name\":\"Portal Tela Portugal\",\"description\":\"\",\"potentialAction\":[{\"@type\":\"SearchAction\",\"target\":{\"@type\":\"EntryPoint\",\"urlTemplate\":\"https:\/\/portaltela.pt\/?s={search_term_string}\"},\"query-input\":{\"@type\":\"PropertyValueSpecification\",\"valueRequired\":true,\"valueName\":\"search_term_string\"}}],\"inLanguage\":\"pt-PT\"},{\"@type\":\"Person\",\"@id\":\"https:\/\/portaltela.pt\/#\/schema\/person\/c4278d4a6028830caff9ee44b42d32ed\",\"name\":\"Telinha\",\"image\":{\"@type\":\"ImageObject\",\"inLanguage\":\"pt-PT\",\"@id\":\"https:\/\/portaltela.pt\/s.01k8rhncp4jt1\/2025\/11\/talking-bot-125x125.png\",\"url\":\"https:\/\/portaltela.pt\/s.01k8rhncp4jt1\/2025\/11\/talking-bot-125x125.png\",\"contentUrl\":\"https:\/\/portaltela.pt\/s.01k8rhncp4jt1\/2025\/11\/talking-bot-125x125.png\",\"caption\":\"Telinha\"},\"sameAs\":[\"https:\/\/portaltela.pt\/\"],\"url\":\"https:\/\/portaltela.pt\/por\/367410592786\/\"}]}<\/script>\n<!-- \/ Yoast SEO plugin. -->","yoast_head_json":{"title":"Gr\u00e9cia regista tr\u00eas abalos s\u00edsmicos em 45 minutos - Portal Tela Portugal","robots":{"index":"index","follow":"follow","max-snippet":"max-snippet:-1","max-image-preview":"max-image-preview:large","max-video-preview":"max-video-preview:-1"},"og_locale":"pt_PT","og_type":"article","og_title":"Gr\u00e9cia regista tr\u00eas abalos s\u00edsmicos em 45 minutos - Portal Tela Portugal","og_description":"Tr\u00eas sismos ocorreram em apenas 45 minutos, na regi\u00e3o de Agia Kyriaki, Ioannina, no noroeste da Gr\u00e9cia. O primeiro, de magnitude 4,6, foi registado \u00e0s 11h05 e teve epicentro a 10 km a nordeste de Agia Kyriaki, a 322 km a noroeste de Atenas. O segundo, de magnitude 4,5, aconteceu \u00e0s 11h40, com epicentro a 12 km a nordeste de Agia Kyriaki, a 323 km a noroeste de Atenas. O terceiro sismo, de magnitude 4,0, deu-se \u00e0s 11h50, com epicentro a 11 km a nordeste de Agia Kyriaki, a 322 km a noroeste de Atenas. O Instituto Geodin\u00e2mico do Observat\u00f3rio Nacional de Atenas confirmou os dados dos tr\u00eas terramotos.","og_url":"https:\/\/portaltela.pt\/noticias\/2026\/03\/20\/grecia-regista-tres-abalos-sismicos-em-45-minutos\/","og_site_name":"Portal Tela Portugal","article_published_time":"2026-03-20T11:31:34+00:00","author":"Telinha","twitter_card":"summary_large_image","twitter_misc":{"Escrito por":"Telinha","Tempo estimado de leitura":"1 minuto"},"schema":{"@context":"https:\/\/schema.org","@graph":[{"@type":"Article","@id":"https:\/\/portaltela.pt\/noticias\/2026\/03\/20\/grecia-regista-tres-abalos-sismicos-em-45-minutos\/#article","isPartOf":{"@id":"https:\/\/portaltela.pt\/noticias\/2026\/03\/20\/grecia-regista-tres-abalos-sismicos-em-45-minutos\/"},"author":{"name":"Telinha","@id":"https:\/\/portaltela.pt\/#\/schema\/person\/c4278d4a6028830caff9ee44b42d32ed"},"headline":"Gr\u00e9cia regista tr\u00eas abalos s\u00edsmicos em 45 minutos","datePublished":"2026-03-20T11:31:34+00:00","mainEntityOfPage":{"@id":"https:\/\/portaltela.pt\/noticias\/2026\/03\/20\/grecia-regista-tres-abalos-sismicos-em-45-minutos\/"},"wordCount":188,"image":{"@id":"https:\/\/portaltela.pt\/noticias\/2026\/03\/20\/grecia-regista-tres-abalos-sismicos-em-45-minutos\/#primaryimage"},"thumbnailUrl":"https:\/\/portaltela.pt\/s.01k8rhncp4jt1\/2026\/03\/1536x864_cmsv2_8aff596a-98d5-5ec5-9aa3-476e9dad523d-9692559.jpg","keywords":["Atenas","cat\u00e1strofes naturais","Europa","Gr\u00e9cia","meio-ambiente","sismos"],"articleSection":["Clima","Tempo"],"inLanguage":"pt-PT"},{"@type":"WebPage","@id":"https:\/\/portaltela.pt\/noticias\/2026\/03\/20\/grecia-regista-tres-abalos-sismicos-em-45-minutos\/","url":"https:\/\/portaltela.pt\/noticias\/2026\/03\/20\/grecia-regista-tres-abalos-sismicos-em-45-minutos\/","name":"Gr\u00e9cia regista tr\u00eas abalos s\u00edsmicos em 45 minutos - Portal Tela Portugal","isPartOf":{"@id":"https:\/\/portaltela.pt\/#website"},"primaryImageOfPage":{"@id":"https:\/\/portaltela.pt\/noticias\/2026\/03\/20\/grecia-regista-tres-abalos-sismicos-em-45-minutos\/#primaryimage"},"image":{"@id":"https:\/\/portaltela.pt\/noticias\/2026\/03\/20\/grecia-regista-tres-abalos-sismicos-em-45-minutos\/#primaryimage"},"thumbnailUrl":"https:\/\/portaltela.pt\/s.01k8rhncp4jt1\/2026\/03\/1536x864_cmsv2_8aff596a-98d5-5ec5-9aa3-476e9dad523d-9692559.jpg","datePublished":"2026-03-20T11:31:34+00:00","author":{"@id":"https:\/\/portaltela.pt\/#\/schema\/person\/c4278d4a6028830caff9ee44b42d32ed"},"breadcrumb":{"@id":"https:\/\/portaltela.pt\/noticias\/2026\/03\/20\/grecia-regista-tres-abalos-sismicos-em-45-minutos\/#breadcrumb"},"inLanguage":"pt-PT","potentialAction":[{"@type":"ReadAction","target":["https:\/\/portaltela.pt\/noticias\/2026\/03\/20\/grecia-regista-tres-abalos-sismicos-em-45-minutos\/"]}]},{"@type":"ImageObject","inLanguage":"pt-PT","@id":"https:\/\/portaltela.pt\/noticias\/2026\/03\/20\/grecia-regista-tres-abalos-sismicos-em-45-minutos\/#primaryimage","url":"https:\/\/portaltela.pt\/s.01k8rhncp4jt1\/2026\/03\/1536x864_cmsv2_8aff596a-98d5-5ec5-9aa3-476e9dad523d-9692559.jpg","contentUrl":"https:\/\/portaltela.pt\/s.01k8rhncp4jt1\/2026\/03\/1536x864_cmsv2_8aff596a-98d5-5ec5-9aa3-476e9dad523d-9692559.jpg","width":1536,"height":864,"caption":"IMAGEM DE ARQUIVO"},{"@type":"BreadcrumbList","@id":"https:\/\/portaltela.pt\/noticias\/2026\/03\/20\/grecia-regista-tres-abalos-sismicos-em-45-minutos\/#breadcrumb","itemListElement":[{"@type":"ListItem","position":1,"name":"In\u00edcio","item":"https:\/\/portaltela.pt\/"},{"@type":"ListItem","position":2,"name":"Gr\u00e9cia regista tr\u00eas abalos s\u00edsmicos em 45 minutos"}]},{"@type":"WebSite","@id":"https:\/\/portaltela.pt\/#website","url":"https:\/\/portaltela.pt\/","name":"Portal Tela Portugal","description":"","potentialAction":[{"@type":"SearchAction","target":{"@type":"EntryPoint","urlTemplate":"https:\/\/portaltela.pt\/?s={search_term_string}"},"query-input":{"@type":"PropertyValueSpecification","valueRequired":true,"valueName":"search_term_string"}}],"inLanguage":"pt-PT"},{"@type":"Person","@id":"https:\/\/portaltela.pt\/#\/schema\/person\/c4278d4a6028830caff9ee44b42d32ed","name":"Telinha","image":{"@type":"ImageObject","inLanguage":"pt-PT","@id":"https:\/\/portaltela.pt\/s.01k8rhncp4jt1\/2025\/11\/talking-bot-125x125.png","url":"https:\/\/portaltela.pt\/s.01k8rhncp4jt1\/2025\/11\/talking-bot-125x125.png","contentUrl":"https:\/\/portaltela.pt\/s.01k8rhncp4jt1\/2025\/11\/talking-bot-125x125.png","caption":"Telinha"},"sameAs":["https:\/\/portaltela.pt\/"],"url":"https:\/\/portaltela.pt\/por\/367410592786\/"}]}},"_links":{"self":[{"href":"https:\/\/portaltela.pt\/api\/wp\/v2\/posts\/417182","targetHints":{"allow":["GET"]}}],"collection":[{"href":"https:\/\/portaltela.pt\/api\/wp\/v2\/posts"}],"about":[{"href":"https:\/\/portaltela.pt\/api\/wp\/v2\/types\/post"}],"author":[{"embeddable":true,"href":"https:\/\/portaltela.pt\/api\/wp\/v2\/users\/2"}],"replies":[{"embeddable":true,"href":"https:\/\/portaltela.pt\/api\/wp\/v2\/comments?post=417182"}],"version-history":[{"count":0,"href":"https:\/\/portaltela.pt\/api\/wp\/v2\/posts\/417182\/revisions"}],"wp:featuredmedia":[{"embeddable":true,"href":"https:\/\/portaltela.pt\/api\/wp\/v2\/media\/417184"}],"wp:attachment":[{"href":"https:\/\/portaltela.pt\/api\/wp\/v2\/media?parent=417182"}],"wp:term":[{"taxonomy":"category","embeddable":true,"href":"https:\/\/portaltela.pt\/api\/wp\/v2\/categories?post=417182"},{"taxonomy":"post_tag","embeddable":true,"href":"https:\/\/portaltela.pt\/api\/wp\/v2\/tags?post=417182"}],"curies":[{"name":"wp","href":"https:\/\/api.w.org\/{rel}","templated":true}]}}