{"id":417178,"date":"2026-03-20T08:17:05","date_gmt":"2026-03-20T11:17:05","guid":{"rendered":"https:\/\/portaltela.pt\/noticias\/2026\/03\/20\/como-ocorreram-os-90-segundos-do-apagao-em-espanha-segundo-peritos\/"},"modified":"2026-03-20T08:17:05","modified_gmt":"2026-03-20T11:17:05","slug":"como-ocorreram-os-90-segundos-do-apagao-em-espanha-segundo-peritos","status":"publish","type":"post","link":"https:\/\/portaltela.pt\/energia\/2026\/03\/20\/como-ocorreram-os-90-segundos-do-apagao-em-espanha-segundo-peritos\/","title":{"rendered":"Como ocorreram os 90 segundos do apag\u00e3o em Espanha, segundo peritos"},"content":{"rendered":"<p>O painel de peritos, criado ap\u00f3s o apag\u00e3o de 28 de abril de 2025, conclui que o colapso foi causado por v\u00e1rias falhas t\u00e9cnicas que se somaram em menos de 90 segundos. A recupera\u00e7\u00e3o levou 12 horas em Portugal e 16 em Espanha. O dia decorreu sem sinais de alerta at\u00e9 perto do meio-dia.<\/p>\n<p>\u00c0s 9h00, a produ\u00e7\u00e3o renov\u00e1vel crescia e a Espanha exportava 5 gigawatts para vizinhos, com pre\u00e7os a descer. \u00c0s 12h33, a rede entrou em colapso. O relat\u00f3rio, elaborado por 49 peritos da ENTSO-E, analisa dados de dezenas de produtores, distribuidores e operadores.<\/p>\n<p>O estudo, com mais de 400 p\u00e1ginas, sustenta que n\u00e3o houve uma causa \u00fanica e que a soma de falhas t\u00e9cnicas provocou a falha em cadeia.<\/p>\n<h3>Origem do apag\u00e3o<\/h3>\n<p>Na manh\u00e3 de 28 de abril, a rede de 400 kilovolts come\u00e7ou a apresentar varia\u00e7\u00f5es a partir das 10h30. Dois epis\u00f3dios de oscila\u00e7\u00f5es ocorreram antes do colapso: \u00e0s 12h03, de origem local e ligada a geradores com tecnologia inverter; entre 12h19 e 12h22, uma oscila\u00e7\u00e3o de \u00e1rea que afetou toda a rede continental.<\/p>\n<p>Para amortecer as oscila\u00e7\u00f5es, os operadores reduziram exporta\u00e7\u00f5es para Fran\u00e7a, religaram liga\u00e7\u00f5es internas no sul e ajustaram a liga\u00e7\u00e3o de corrente cont\u00ednua com Fran\u00e7a. Contudo, a tens\u00e3o aumentou na Pen\u00ednsula Ib\u00e9rica.<\/p>\n<p>\u00c0s 12h32, a rede parecia est\u00e1vel, com tens\u00e3o inferior a 420 kilovolts. Quarenta e cinco segundos depois, o colapso de facto come\u00e7ou a acontecer.<\/p>\n<h3>A cascata de 2,5 gigawatts<\/h3>\n<p>O colapso foi cronometrado com milissegundos. \u00c0s 12h32:00, a tens\u00e3o subiu em v\u00e1rios n\u00f3s da rede. Simultaneamente, a produ\u00e7\u00e3o de grandes instala\u00e7\u00f5es de renov\u00e1veis reduziu cerca de 500 megawatts em menos de um minuto, agravando a queda de pot\u00eancia activa e a tens\u00e3o.<\/p>\n<p>\u00c0s 12h32:57, um transformador de uma subesta\u00e7\u00e3o na regi\u00e3o de Granada disparou a prote\u00e7\u00e3o contra sobretens\u00e3o, alimentando a cascata. O sinal vis\u00edvel ocorreu, embora o sistema j\u00e1 estivesse no limite.<\/p>\n<p>Entre 12h33:16 e 12h33:23, zonas de Badajoz, Seg\u00f3via, Huelva, Sevilha e C\u00e1ceres perderam centenas de megawatts de energia renov\u00e1vel. No total, mais de 2,5 gigawatts desapareceram em menos de dois minutos. As prote\u00e7\u00f5es falharam em deter a cascata.<\/p>\n<p>\u00c0s 12h33:19, o sincronismo com o sistema continental europeu perdeu-se. As liga\u00e7\u00f5es entre Fran\u00e7a e Espanha foram desligadas para evitar propaga\u00e7\u00e3o. As \u00faltimas liga\u00e7\u00f5es de corrente cont\u00ednua foram cortadas, isolando o problema.<\/p>\n<p>Fran\u00e7a registou apenas pequenas perdas, com uma central nuclear a ativar salvaguardas. O resto da Europa n\u00e3o sofreu perturba\u00e7\u00f5es relevantes.<\/p>\n<h3>Sistema preparado para energia renov\u00e1vel<\/h3>\n<p>O painel identifica v\u00e1rios fatores que, juntos, permitiram o colapso. Primeiro, as renov\u00e1veis funcionavam com um fator de pot\u00eancia fixo, n\u00e3o absorvendo pot\u00eancia reativa para compensar aumentos de tens\u00e3o, piorando a situa\u00e7\u00e3o quando a tens\u00e3o subiu.<\/p>\n<p>Segundo, grandes geradores s\u00edncronos n\u00e3o respeitaram valores de refer\u00eancia de pot\u00eancia reativa em v\u00e1rias amostras hor\u00e1rias, sem consequ\u00eancias financeiras para incumprimento.<\/p>\n<p>Terceiro, reatores de deriva\u00e7\u00e3o foram desligados manualmente para compensar baixas tens\u00f5es, o que dificultou resposta r\u00e1pida quando a tens\u00e3o subiu. Quarto, a rede de 400 kV espanhola opera com uma faixa de tens\u00e3o mais ampla que o usual, reduzindo margens de seguran\u00e7a e acelerando disparos de prote\u00e7\u00f5es.<\/p>\n<p>Acontecimentos indicam ainda que as redes locais de produ\u00e7\u00e3o, agrupadas atr\u00e1s de um \u00fanico ponto de liga\u00e7\u00e3o, n\u00e3o estavam ajustadas \u00e0s necessidades do sistema, o que contribuiu para desligamentos prematuros.<\/p>\n<h3>Recupera\u00e7\u00e3o e recomenda\u00e7\u00f5es<\/h3>\n<p>A recupera\u00e7\u00e3o come\u00e7ou rapidamente ap\u00f3s o colapso. Espa\u00f1a e Portugal ativaram planos de restabelecimento, com Portugal a voltar a abastecer \u00e0s 00:22 de 29 de abril e Espanha apenas \u00e0s 4:00 desse dia, apoiando-se nas interconex\u00f5es com Fran\u00e7a e Marrocos.<\/p>\n<p>O relat\u00f3rio classifica o incidente como de n\u00edvel 3 na escala ICS. Entre as recomenda\u00e7\u00f5es, destacam-se: rever requisitos de fornecimento de energia reativa pelas renov\u00e1veis; definir crit\u00e9rios din\u00e2micos para todos os geradores; automatizar o controlo de reatores shunt; rever limiares de desnex\u00e3o por sobretens\u00e3o; e avaliar a compatibilidade da faixa de tens\u00e3o com uma maior penetra\u00e7\u00e3o de renov\u00e1veis.<\/p>\n<p>Al\u00e9m disso, o painel reconhece que o sistema de defesa funcionou para isolar o problema, desligando as linhas com a Fran\u00e7a a tempo. No entanto, n\u00e3o conseguiu interromper a cascata interna, indicando que a rede n\u00e3o estava preparada para o perfil de energia renov\u00e1vel presente nesse dia.<\/p>\n","protected":false},"excerpt":{"rendered":"<ul>\n<li>O painel de peritos da ENTSO-E concluiu que o apag\u00e3o de 28 de abril de 2025 resultou de v\u00e1rias falhas t\u00e9cnicas simult\u00e2neas, n\u00e3o de uma \u00fanica causa; a recupera\u00e7\u00e3o levou 12 horas em Portugal e 16 horas em Espanha.<\/li>\n<\/ul>\n<p>\u2022<\/p>\n<ul>\n<li>\u00c0s 9h a produ\u00e7\u00e3o renov\u00e1vel crescia e Espanha exportava para vizinhos; \u00e0s 12h33 a rede entrou em colapso, com ajustes de exporta\u00e7\u00e3o e liga\u00e7\u00f5es internas para stabilizar, ainda que tenha contribu\u00eddo para a tens\u00e3o.<\/li>\n<\/ul>\n<p>\u2022<\/p>\n<ul>\n<li>A cascata ocorreu em menos de dois minutos: \u00e0s 12:32:00 a tens\u00e3o subiu e a produ\u00e7\u00e3o de centrais com mais de 5 MW caiu cerca de 500 MW; \u00e0s 12:32:57 um transformador em Granada disparou prote\u00e7\u00e3o, e \u00e0s 12:33:16\/17 ocorreram quedas significativas em v\u00e1rias regi\u00f5es, totalizando mais de 2,5 GW.<\/li>\n<\/ul>\n<p>\u2022<\/p>\n<ul>\n<li>O relat\u00f3rio aponta que fatores como renov\u00e1veis com fator de pot\u00eancia fixo, incumprimento de pot\u00eancia reativa por grandes geradores, reatores de deriva\u00e7\u00e3o desligados e margens de tens\u00e3o estreitas contribu\u00edram para o falha em cascata.<\/li>\n<\/ul>\n<p>\u2022<\/p>\n<ul>\n<li>A recupera\u00e7\u00e3o foi poss\u00edvel gra\u00e7as aos planos de restabelecimento na Espanha, Portugal e Fran\u00e7a; o painel recomenda revis\u00e3o de requisitos de pot\u00eancia reativa para renov\u00e1veis, automa\u00e7\u00e3o de reatores, crit\u00e9rios din\u00e2micos para geradores e ajustes de limiares de sobretens\u00e3o.<\/li>\n<\/ul>\n","protected":false},"author":2,"featured_media":417179,"comment_status":"closed","ping_status":"closed","sticky":false,"template":"","format":"standard","meta":{"footnotes":""},"categories":[6806],"tags":[174,4549,3603,1615,320,4327],"class_list":["post-417178","post","type-post","status-publish","format-standard","has-post-thumbnail","hentry","category-energia","tag-energia","tag-energia-eletrica","tag-energias-renovaveis","tag-infraestrutura","tag-protecao-civil","tag-rede-eletrica"],"yoast_head":"<!-- This site is optimized with the Yoast SEO plugin v27.2 - https:\/\/yoast.com\/product\/yoast-seo-wordpress\/ -->\n<title>Como ocorreram os 90 segundos do apag\u00e3o em Espanha, segundo peritos - Portal Tela Portugal<\/title>\n<meta name=\"robots\" content=\"index, follow, max-snippet:-1, max-image-preview:large, max-video-preview:-1\" \/>\n<meta property=\"og:locale\" content=\"pt_PT\" \/>\n<meta property=\"og:type\" content=\"article\" \/>\n<meta property=\"og:title\" content=\"Como ocorreram os 90 segundos do apag\u00e3o em Espanha, segundo peritos - Portal Tela Portugal\" \/>\n<meta property=\"og:description\" content=\"O painel de peritos da ENTSO-E concluiu que o apag\u00e3o de 28 de abril de 2025 resultou de v\u00e1rias falhas t\u00e9cnicas simult\u00e2neas, n\u00e3o de uma \u00fanica causa; a recupera\u00e7\u00e3o levou 12 horas em Portugal e 16 horas em Espanha. \u2022 \u00c0s 9h a produ\u00e7\u00e3o renov\u00e1vel crescia e Espanha exportava para vizinhos; \u00e0s 12h33 a rede entrou em colapso, com ajustes de exporta\u00e7\u00e3o e liga\u00e7\u00f5es internas para stabilizar, ainda que tenha contribu\u00eddo para a tens\u00e3o. \u2022 A cascata ocorreu em menos de dois minutos: \u00e0s 12:32:00 a tens\u00e3o subiu e a produ\u00e7\u00e3o de centrais com mais de 5 MW caiu cerca de 500 MW; \u00e0s 12:32:57 um transformador em Granada disparou prote\u00e7\u00e3o, e \u00e0s 12:33:16\/17 ocorreram quedas significativas em v\u00e1rias regi\u00f5es, totalizando mais de 2,5 GW. \u2022 O relat\u00f3rio aponta que fatores como renov\u00e1veis com fator de pot\u00eancia fixo, incumprimento de pot\u00eancia reativa por grandes geradores, reatores de deriva\u00e7\u00e3o desligados e margens de tens\u00e3o estreitas contribu\u00edram para o falha em cascata. \u2022 A recupera\u00e7\u00e3o foi poss\u00edvel gra\u00e7as aos planos de restabelecimento na Espanha, Portugal e Fran\u00e7a; o painel recomenda revis\u00e3o de requisitos de pot\u00eancia reativa para renov\u00e1veis, automa\u00e7\u00e3o de reatores, crit\u00e9rios din\u00e2micos para geradores e ajustes de limiares de sobretens\u00e3o.\" \/>\n<meta property=\"og:url\" content=\"https:\/\/portaltela.pt\/noticias\/2026\/03\/20\/como-ocorreram-os-90-segundos-do-apagao-em-espanha-segundo-peritos\/\" \/>\n<meta property=\"og:site_name\" content=\"Portal Tela Portugal\" \/>\n<meta property=\"article:published_time\" content=\"2026-03-20T11:17:05+00:00\" \/>\n<meta name=\"author\" content=\"Telinha\" \/>\n<meta name=\"twitter:card\" content=\"summary_large_image\" \/>\n<meta name=\"twitter:label1\" content=\"Escrito por\" \/>\n\t<meta name=\"twitter:data1\" content=\"Telinha\" \/>\n\t<meta name=\"twitter:label2\" content=\"Tempo estimado de leitura\" \/>\n\t<meta name=\"twitter:data2\" content=\"4 minutos\" \/>\n<script type=\"application\/ld+json\" class=\"yoast-schema-graph\">{\"@context\":\"https:\/\/schema.org\",\"@graph\":[{\"@type\":\"Article\",\"@id\":\"https:\/\/portaltela.pt\/noticias\/2026\/03\/20\/como-ocorreram-os-90-segundos-do-apagao-em-espanha-segundo-peritos\/#article\",\"isPartOf\":{\"@id\":\"https:\/\/portaltela.pt\/noticias\/2026\/03\/20\/como-ocorreram-os-90-segundos-do-apagao-em-espanha-segundo-peritos\/\"},\"author\":{\"name\":\"Telinha\",\"@id\":\"https:\/\/portaltela.pt\/#\/schema\/person\/c4278d4a6028830caff9ee44b42d32ed\"},\"headline\":\"Como ocorreram os 90 segundos do apag\u00e3o em Espanha, segundo peritos\",\"datePublished\":\"2026-03-20T11:17:05+00:00\",\"mainEntityOfPage\":{\"@id\":\"https:\/\/portaltela.pt\/noticias\/2026\/03\/20\/como-ocorreram-os-90-segundos-do-apagao-em-espanha-segundo-peritos\/\"},\"wordCount\":787,\"image\":{\"@id\":\"https:\/\/portaltela.pt\/noticias\/2026\/03\/20\/como-ocorreram-os-90-segundos-do-apagao-em-espanha-segundo-peritos\/#primaryimage\"},\"thumbnailUrl\":\"https:\/\/portaltela.pt\/s.01k8rhncp4jt1\/2026\/03\/1536x864_cmsv2_d7099d15-f73d-519d-b003-38699226d3e6-9692361.jpg\",\"keywords\":[\"energia\",\"energia el\u00e9trica\",\"energias renov\u00e1veis\",\"infraestrutura\",\"prote\u00e7\u00e3o civil\",\"rede el\u00e9trica\"],\"articleSection\":[\"Energia\"],\"inLanguage\":\"pt-PT\"},{\"@type\":\"WebPage\",\"@id\":\"https:\/\/portaltela.pt\/noticias\/2026\/03\/20\/como-ocorreram-os-90-segundos-do-apagao-em-espanha-segundo-peritos\/\",\"url\":\"https:\/\/portaltela.pt\/noticias\/2026\/03\/20\/como-ocorreram-os-90-segundos-do-apagao-em-espanha-segundo-peritos\/\",\"name\":\"Como ocorreram os 90 segundos do apag\u00e3o em Espanha, segundo peritos - Portal Tela Portugal\",\"isPartOf\":{\"@id\":\"https:\/\/portaltela.pt\/#website\"},\"primaryImageOfPage\":{\"@id\":\"https:\/\/portaltela.pt\/noticias\/2026\/03\/20\/como-ocorreram-os-90-segundos-do-apagao-em-espanha-segundo-peritos\/#primaryimage\"},\"image\":{\"@id\":\"https:\/\/portaltela.pt\/noticias\/2026\/03\/20\/como-ocorreram-os-90-segundos-do-apagao-em-espanha-segundo-peritos\/#primaryimage\"},\"thumbnailUrl\":\"https:\/\/portaltela.pt\/s.01k8rhncp4jt1\/2026\/03\/1536x864_cmsv2_d7099d15-f73d-519d-b003-38699226d3e6-9692361.jpg\",\"datePublished\":\"2026-03-20T11:17:05+00:00\",\"author\":{\"@id\":\"https:\/\/portaltela.pt\/#\/schema\/person\/c4278d4a6028830caff9ee44b42d32ed\"},\"breadcrumb\":{\"@id\":\"https:\/\/portaltela.pt\/noticias\/2026\/03\/20\/como-ocorreram-os-90-segundos-do-apagao-em-espanha-segundo-peritos\/#breadcrumb\"},\"inLanguage\":\"pt-PT\",\"potentialAction\":[{\"@type\":\"ReadAction\",\"target\":[\"https:\/\/portaltela.pt\/noticias\/2026\/03\/20\/como-ocorreram-os-90-segundos-do-apagao-em-espanha-segundo-peritos\/\"]}]},{\"@type\":\"ImageObject\",\"inLanguage\":\"pt-PT\",\"@id\":\"https:\/\/portaltela.pt\/noticias\/2026\/03\/20\/como-ocorreram-os-90-segundos-do-apagao-em-espanha-segundo-peritos\/#primaryimage\",\"url\":\"https:\/\/portaltela.pt\/s.01k8rhncp4jt1\/2026\/03\/1536x864_cmsv2_d7099d15-f73d-519d-b003-38699226d3e6-9692361.jpg\",\"contentUrl\":\"https:\/\/portaltela.pt\/s.01k8rhncp4jt1\/2026\/03\/1536x864_cmsv2_d7099d15-f73d-519d-b003-38699226d3e6-9692361.jpg\",\"width\":796,\"height\":448,\"caption\":\"Imagem ilustrativa, postes de alta tens\u00e3o\"},{\"@type\":\"BreadcrumbList\",\"@id\":\"https:\/\/portaltela.pt\/noticias\/2026\/03\/20\/como-ocorreram-os-90-segundos-do-apagao-em-espanha-segundo-peritos\/#breadcrumb\",\"itemListElement\":[{\"@type\":\"ListItem\",\"position\":1,\"name\":\"In\u00edcio\",\"item\":\"https:\/\/portaltela.pt\/\"},{\"@type\":\"ListItem\",\"position\":2,\"name\":\"Como ocorreram os 90 segundos do apag\u00e3o em Espanha, segundo peritos\"}]},{\"@type\":\"WebSite\",\"@id\":\"https:\/\/portaltela.pt\/#website\",\"url\":\"https:\/\/portaltela.pt\/\",\"name\":\"Portal Tela Portugal\",\"description\":\"\",\"potentialAction\":[{\"@type\":\"SearchAction\",\"target\":{\"@type\":\"EntryPoint\",\"urlTemplate\":\"https:\/\/portaltela.pt\/?s={search_term_string}\"},\"query-input\":{\"@type\":\"PropertyValueSpecification\",\"valueRequired\":true,\"valueName\":\"search_term_string\"}}],\"inLanguage\":\"pt-PT\"},{\"@type\":\"Person\",\"@id\":\"https:\/\/portaltela.pt\/#\/schema\/person\/c4278d4a6028830caff9ee44b42d32ed\",\"name\":\"Telinha\",\"image\":{\"@type\":\"ImageObject\",\"inLanguage\":\"pt-PT\",\"@id\":\"https:\/\/portaltela.pt\/s.01k8rhncp4jt1\/2025\/11\/talking-bot-125x125.png\",\"url\":\"https:\/\/portaltela.pt\/s.01k8rhncp4jt1\/2025\/11\/talking-bot-125x125.png\",\"contentUrl\":\"https:\/\/portaltela.pt\/s.01k8rhncp4jt1\/2025\/11\/talking-bot-125x125.png\",\"caption\":\"Telinha\"},\"sameAs\":[\"https:\/\/portaltela.pt\/\"],\"url\":\"https:\/\/portaltela.pt\/por\/367410592786\/\"}]}<\/script>\n<!-- \/ Yoast SEO plugin. -->","yoast_head_json":{"title":"Como ocorreram os 90 segundos do apag\u00e3o em Espanha, segundo peritos - Portal Tela Portugal","robots":{"index":"index","follow":"follow","max-snippet":"max-snippet:-1","max-image-preview":"max-image-preview:large","max-video-preview":"max-video-preview:-1"},"og_locale":"pt_PT","og_type":"article","og_title":"Como ocorreram os 90 segundos do apag\u00e3o em Espanha, segundo peritos - Portal Tela Portugal","og_description":"O painel de peritos da ENTSO-E concluiu que o apag\u00e3o de 28 de abril de 2025 resultou de v\u00e1rias falhas t\u00e9cnicas simult\u00e2neas, n\u00e3o de uma \u00fanica causa; a recupera\u00e7\u00e3o levou 12 horas em Portugal e 16 horas em Espanha. \u2022 \u00c0s 9h a produ\u00e7\u00e3o renov\u00e1vel crescia e Espanha exportava para vizinhos; \u00e0s 12h33 a rede entrou em colapso, com ajustes de exporta\u00e7\u00e3o e liga\u00e7\u00f5es internas para stabilizar, ainda que tenha contribu\u00eddo para a tens\u00e3o. \u2022 A cascata ocorreu em menos de dois minutos: \u00e0s 12:32:00 a tens\u00e3o subiu e a produ\u00e7\u00e3o de centrais com mais de 5 MW caiu cerca de 500 MW; \u00e0s 12:32:57 um transformador em Granada disparou prote\u00e7\u00e3o, e \u00e0s 12:33:16\/17 ocorreram quedas significativas em v\u00e1rias regi\u00f5es, totalizando mais de 2,5 GW. \u2022 O relat\u00f3rio aponta que fatores como renov\u00e1veis com fator de pot\u00eancia fixo, incumprimento de pot\u00eancia reativa por grandes geradores, reatores de deriva\u00e7\u00e3o desligados e margens de tens\u00e3o estreitas contribu\u00edram para o falha em cascata. \u2022 A recupera\u00e7\u00e3o foi poss\u00edvel gra\u00e7as aos planos de restabelecimento na Espanha, Portugal e Fran\u00e7a; o painel recomenda revis\u00e3o de requisitos de pot\u00eancia reativa para renov\u00e1veis, automa\u00e7\u00e3o de reatores, crit\u00e9rios din\u00e2micos para geradores e ajustes de limiares de sobretens\u00e3o.","og_url":"https:\/\/portaltela.pt\/noticias\/2026\/03\/20\/como-ocorreram-os-90-segundos-do-apagao-em-espanha-segundo-peritos\/","og_site_name":"Portal Tela Portugal","article_published_time":"2026-03-20T11:17:05+00:00","author":"Telinha","twitter_card":"summary_large_image","twitter_misc":{"Escrito por":"Telinha","Tempo estimado de leitura":"4 minutos"},"schema":{"@context":"https:\/\/schema.org","@graph":[{"@type":"Article","@id":"https:\/\/portaltela.pt\/noticias\/2026\/03\/20\/como-ocorreram-os-90-segundos-do-apagao-em-espanha-segundo-peritos\/#article","isPartOf":{"@id":"https:\/\/portaltela.pt\/noticias\/2026\/03\/20\/como-ocorreram-os-90-segundos-do-apagao-em-espanha-segundo-peritos\/"},"author":{"name":"Telinha","@id":"https:\/\/portaltela.pt\/#\/schema\/person\/c4278d4a6028830caff9ee44b42d32ed"},"headline":"Como ocorreram os 90 segundos do apag\u00e3o em Espanha, segundo peritos","datePublished":"2026-03-20T11:17:05+00:00","mainEntityOfPage":{"@id":"https:\/\/portaltela.pt\/noticias\/2026\/03\/20\/como-ocorreram-os-90-segundos-do-apagao-em-espanha-segundo-peritos\/"},"wordCount":787,"image":{"@id":"https:\/\/portaltela.pt\/noticias\/2026\/03\/20\/como-ocorreram-os-90-segundos-do-apagao-em-espanha-segundo-peritos\/#primaryimage"},"thumbnailUrl":"https:\/\/portaltela.pt\/s.01k8rhncp4jt1\/2026\/03\/1536x864_cmsv2_d7099d15-f73d-519d-b003-38699226d3e6-9692361.jpg","keywords":["energia","energia el\u00e9trica","energias renov\u00e1veis","infraestrutura","prote\u00e7\u00e3o civil","rede el\u00e9trica"],"articleSection":["Energia"],"inLanguage":"pt-PT"},{"@type":"WebPage","@id":"https:\/\/portaltela.pt\/noticias\/2026\/03\/20\/como-ocorreram-os-90-segundos-do-apagao-em-espanha-segundo-peritos\/","url":"https:\/\/portaltela.pt\/noticias\/2026\/03\/20\/como-ocorreram-os-90-segundos-do-apagao-em-espanha-segundo-peritos\/","name":"Como ocorreram os 90 segundos do apag\u00e3o em Espanha, segundo peritos - Portal Tela Portugal","isPartOf":{"@id":"https:\/\/portaltela.pt\/#website"},"primaryImageOfPage":{"@id":"https:\/\/portaltela.pt\/noticias\/2026\/03\/20\/como-ocorreram-os-90-segundos-do-apagao-em-espanha-segundo-peritos\/#primaryimage"},"image":{"@id":"https:\/\/portaltela.pt\/noticias\/2026\/03\/20\/como-ocorreram-os-90-segundos-do-apagao-em-espanha-segundo-peritos\/#primaryimage"},"thumbnailUrl":"https:\/\/portaltela.pt\/s.01k8rhncp4jt1\/2026\/03\/1536x864_cmsv2_d7099d15-f73d-519d-b003-38699226d3e6-9692361.jpg","datePublished":"2026-03-20T11:17:05+00:00","author":{"@id":"https:\/\/portaltela.pt\/#\/schema\/person\/c4278d4a6028830caff9ee44b42d32ed"},"breadcrumb":{"@id":"https:\/\/portaltela.pt\/noticias\/2026\/03\/20\/como-ocorreram-os-90-segundos-do-apagao-em-espanha-segundo-peritos\/#breadcrumb"},"inLanguage":"pt-PT","potentialAction":[{"@type":"ReadAction","target":["https:\/\/portaltela.pt\/noticias\/2026\/03\/20\/como-ocorreram-os-90-segundos-do-apagao-em-espanha-segundo-peritos\/"]}]},{"@type":"ImageObject","inLanguage":"pt-PT","@id":"https:\/\/portaltela.pt\/noticias\/2026\/03\/20\/como-ocorreram-os-90-segundos-do-apagao-em-espanha-segundo-peritos\/#primaryimage","url":"https:\/\/portaltela.pt\/s.01k8rhncp4jt1\/2026\/03\/1536x864_cmsv2_d7099d15-f73d-519d-b003-38699226d3e6-9692361.jpg","contentUrl":"https:\/\/portaltela.pt\/s.01k8rhncp4jt1\/2026\/03\/1536x864_cmsv2_d7099d15-f73d-519d-b003-38699226d3e6-9692361.jpg","width":796,"height":448,"caption":"Imagem ilustrativa, postes de alta tens\u00e3o"},{"@type":"BreadcrumbList","@id":"https:\/\/portaltela.pt\/noticias\/2026\/03\/20\/como-ocorreram-os-90-segundos-do-apagao-em-espanha-segundo-peritos\/#breadcrumb","itemListElement":[{"@type":"ListItem","position":1,"name":"In\u00edcio","item":"https:\/\/portaltela.pt\/"},{"@type":"ListItem","position":2,"name":"Como ocorreram os 90 segundos do apag\u00e3o em Espanha, segundo peritos"}]},{"@type":"WebSite","@id":"https:\/\/portaltela.pt\/#website","url":"https:\/\/portaltela.pt\/","name":"Portal Tela Portugal","description":"","potentialAction":[{"@type":"SearchAction","target":{"@type":"EntryPoint","urlTemplate":"https:\/\/portaltela.pt\/?s={search_term_string}"},"query-input":{"@type":"PropertyValueSpecification","valueRequired":true,"valueName":"search_term_string"}}],"inLanguage":"pt-PT"},{"@type":"Person","@id":"https:\/\/portaltela.pt\/#\/schema\/person\/c4278d4a6028830caff9ee44b42d32ed","name":"Telinha","image":{"@type":"ImageObject","inLanguage":"pt-PT","@id":"https:\/\/portaltela.pt\/s.01k8rhncp4jt1\/2025\/11\/talking-bot-125x125.png","url":"https:\/\/portaltela.pt\/s.01k8rhncp4jt1\/2025\/11\/talking-bot-125x125.png","contentUrl":"https:\/\/portaltela.pt\/s.01k8rhncp4jt1\/2025\/11\/talking-bot-125x125.png","caption":"Telinha"},"sameAs":["https:\/\/portaltela.pt\/"],"url":"https:\/\/portaltela.pt\/por\/367410592786\/"}]}},"_links":{"self":[{"href":"https:\/\/portaltela.pt\/api\/wp\/v2\/posts\/417178","targetHints":{"allow":["GET"]}}],"collection":[{"href":"https:\/\/portaltela.pt\/api\/wp\/v2\/posts"}],"about":[{"href":"https:\/\/portaltela.pt\/api\/wp\/v2\/types\/post"}],"author":[{"embeddable":true,"href":"https:\/\/portaltela.pt\/api\/wp\/v2\/users\/2"}],"replies":[{"embeddable":true,"href":"https:\/\/portaltela.pt\/api\/wp\/v2\/comments?post=417178"}],"version-history":[{"count":0,"href":"https:\/\/portaltela.pt\/api\/wp\/v2\/posts\/417178\/revisions"}],"wp:featuredmedia":[{"embeddable":true,"href":"https:\/\/portaltela.pt\/api\/wp\/v2\/media\/417179"}],"wp:attachment":[{"href":"https:\/\/portaltela.pt\/api\/wp\/v2\/media?parent=417178"}],"wp:term":[{"taxonomy":"category","embeddable":true,"href":"https:\/\/portaltela.pt\/api\/wp\/v2\/categories?post=417178"},{"taxonomy":"post_tag","embeddable":true,"href":"https:\/\/portaltela.pt\/api\/wp\/v2\/tags?post=417178"}],"curies":[{"name":"wp","href":"https:\/\/api.w.org\/{rel}","templated":true}]}}