{"id":417167,"date":"2026-03-20T08:12:25","date_gmt":"2026-03-20T11:12:25","guid":{"rendered":"https:\/\/portaltela.pt\/noticias\/2026\/03\/20\/presidente-da-camara-de-madrid-e-atingido-por-dejetos-de-pombo-durante-discurso\/"},"modified":"2026-03-20T08:12:25","modified_gmt":"2026-03-20T11:12:25","slug":"presidente-da-camara-de-madrid-e-atingido-por-dejetos-de-pombo-durante-discurso","status":"publish","type":"post","link":"https:\/\/portaltela.pt\/noticias\/politica\/2026\/03\/20\/presidente-da-camara-de-madrid-e-atingido-por-dejetos-de-pombo-durante-discurso\/","title":{"rendered":"Presidente da C\u00e2mara de Madrid \u00e9 atingido por dejetos de pombo durante discurso"},"content":{"rendered":"<p>O presidente da C\u00e2mara Municipal de Madrid, Jos\u00e9 Luis Mart\u00ednez-Almeida, foi alvo de um incidente inusitado durante um discurso. O tema era a liberdade de express\u00e3o, e o epis\u00f3dio ocorreu nesta quarta-feira, no espa\u00e7o p\u00fablico onde o autarca discursava.<\/p>\n<p>Durante a interven\u00e7\u00e3o, um pombo apareceu sobre a cabe\u00e7a de Mart\u00ednez-Almeida e defecou. O incidente n\u00e3o o impediu de prosseguir com a sua fala, que manteve o tom formal e inscreveu-se no \u00e2mbito da discuss\u00e3o sobre express\u00e3o c\u00edvica.<\/p>\n<p>A rea\u00e7\u00e3o foi r\u00e1pida e marcada pelo humor, com o autarca a tratar o momento de forma descontra\u00edda perante o p\u00fablico presente. O epis\u00f3dio gerou cobertura medi\u00e1tica local, mas n\u00e3o houve registo de ferimentos ou a\u00e7\u00f5es corretivas por parte das autoridades.<\/p>\n<p>At\u00e9 ao momento, n\u00e3o foram divulgadas informa\u00e7\u00f5es adicionais sobre a identidade de testemunhas nem sobre poss\u00edveis consequ\u00eancias pol\u00edticas desse incidente. A C\u00e2mara de Madrid continua a acompanhar a rea\u00e7\u00e3o da opini\u00e3o p\u00fablica e a gest\u00e3o do conte\u00fado da fala original.<\/p>\n","protected":false},"excerpt":{"rendered":"<ul>\n<li>O presidente da c\u00e2mara de Madrid, Jos\u00e9 Luis Mart\u00ednez-Almeida, estava a discursar sobre liberdade de express\u00e3o quando um pombo defecou na cabe\u00e7a dele.<\/li>\n<li>Mart\u00ednez-Almeida reagiu ao epis\u00f3dio com humor.<\/li>\n<li>O incidente ocorreu esta quarta-feira.<\/li>\n<li>A situa\u00e7\u00e3o chamou a aten\u00e7\u00e3o durante o discurso sobre liberdade de express\u00e3o.<\/li>\n<\/ul>\n","protected":false},"author":2,"featured_media":417172,"comment_status":"closed","ping_status":"closed","sticky":false,"template":"","format":"standard","meta":{"footnotes":""},"categories":[1,5],"tags":[1697,2189,2920,7221,2832,30],"class_list":["post-417167","post","type-post","status-publish","format-standard","has-post-thumbnail","hentry","category-noticias","category-politica","tag-espaco-publico","tag-espana","tag-liberdade-de-expressao","tag-noticias","tag-politica","tag-presidente"],"yoast_head":"<!-- This site is optimized with the Yoast SEO plugin v27.2 - https:\/\/yoast.com\/product\/yoast-seo-wordpress\/ -->\n<title>Presidente da C\u00e2mara de Madrid \u00e9 atingido por dejetos de pombo durante discurso - Portal Tela Portugal<\/title>\n<meta name=\"robots\" content=\"index, follow, max-snippet:-1, max-image-preview:large, max-video-preview:-1\" \/>\n<meta property=\"og:locale\" content=\"pt_PT\" \/>\n<meta property=\"og:type\" content=\"article\" \/>\n<meta property=\"og:title\" content=\"Presidente da C\u00e2mara de Madrid \u00e9 atingido por dejetos de pombo durante discurso - Portal Tela Portugal\" \/>\n<meta property=\"og:description\" content=\"O presidente da c\u00e2mara de Madrid, Jos\u00e9 Luis Mart\u00ednez-Almeida, estava a discursar sobre liberdade de express\u00e3o quando um pombo defecou na cabe\u00e7a dele. Mart\u00ednez-Almeida reagiu ao epis\u00f3dio com humor. O incidente ocorreu esta quarta-feira. A situa\u00e7\u00e3o chamou a aten\u00e7\u00e3o durante o discurso sobre liberdade de express\u00e3o.\" \/>\n<meta property=\"og:url\" content=\"https:\/\/portaltela.pt\/noticias\/2026\/03\/20\/presidente-da-camara-de-madrid-e-atingido-por-dejetos-de-pombo-durante-discurso\/\" \/>\n<meta property=\"og:site_name\" content=\"Portal Tela Portugal\" \/>\n<meta property=\"article:published_time\" content=\"2026-03-20T11:12:25+00:00\" \/>\n<meta name=\"author\" content=\"Telinha\" \/>\n<meta name=\"twitter:card\" content=\"summary_large_image\" \/>\n<meta name=\"twitter:label1\" content=\"Escrito por\" \/>\n\t<meta name=\"twitter:data1\" content=\"Telinha\" \/>\n\t<meta name=\"twitter:label2\" content=\"Tempo estimado de leitura\" \/>\n\t<meta name=\"twitter:data2\" content=\"1 minuto\" \/>\n<script type=\"application\/ld+json\" class=\"yoast-schema-graph\">{\"@context\":\"https:\/\/schema.org\",\"@graph\":[{\"@type\":\"Article\",\"@id\":\"https:\/\/portaltela.pt\/noticias\/2026\/03\/20\/presidente-da-camara-de-madrid-e-atingido-por-dejetos-de-pombo-durante-discurso\/#article\",\"isPartOf\":{\"@id\":\"https:\/\/portaltela.pt\/noticias\/2026\/03\/20\/presidente-da-camara-de-madrid-e-atingido-por-dejetos-de-pombo-durante-discurso\/\"},\"author\":{\"name\":\"Telinha\",\"@id\":\"https:\/\/portaltela.pt\/#\/schema\/person\/c4278d4a6028830caff9ee44b42d32ed\"},\"headline\":\"Presidente da C\u00e2mara de Madrid \u00e9 atingido por dejetos de pombo durante discurso\",\"datePublished\":\"2026-03-20T11:12:25+00:00\",\"mainEntityOfPage\":{\"@id\":\"https:\/\/portaltela.pt\/noticias\/2026\/03\/20\/presidente-da-camara-de-madrid-e-atingido-por-dejetos-de-pombo-durante-discurso\/\"},\"wordCount\":203,\"image\":{\"@id\":\"https:\/\/portaltela.pt\/noticias\/2026\/03\/20\/presidente-da-camara-de-madrid-e-atingido-por-dejetos-de-pombo-durante-discurso\/#primaryimage\"},\"thumbnailUrl\":\"https:\/\/portaltela.pt\/s.01k8rhncp4jt1\/2026\/03\/img_1280x722uu2026-03-20-11-05-44-2273639.jpg\",\"keywords\":[\"Espa\u00e7o P\u00fablico\",\"Espa\u00f1a\",\"liberdade de express\u00e3o\",\"not\u00edcias\",\"pol\u00edtica\",\"presidente\"],\"articleSection\":[\"Not\u00edcias\",\"Pol\u00edtica\"],\"inLanguage\":\"pt-PT\"},{\"@type\":\"WebPage\",\"@id\":\"https:\/\/portaltela.pt\/noticias\/2026\/03\/20\/presidente-da-camara-de-madrid-e-atingido-por-dejetos-de-pombo-durante-discurso\/\",\"url\":\"https:\/\/portaltela.pt\/noticias\/2026\/03\/20\/presidente-da-camara-de-madrid-e-atingido-por-dejetos-de-pombo-durante-discurso\/\",\"name\":\"Presidente da C\u00e2mara de Madrid \u00e9 atingido por dejetos de pombo durante discurso - Portal Tela Portugal\",\"isPartOf\":{\"@id\":\"https:\/\/portaltela.pt\/#website\"},\"primaryImageOfPage\":{\"@id\":\"https:\/\/portaltela.pt\/noticias\/2026\/03\/20\/presidente-da-camara-de-madrid-e-atingido-por-dejetos-de-pombo-durante-discurso\/#primaryimage\"},\"image\":{\"@id\":\"https:\/\/portaltela.pt\/noticias\/2026\/03\/20\/presidente-da-camara-de-madrid-e-atingido-por-dejetos-de-pombo-durante-discurso\/#primaryimage\"},\"thumbnailUrl\":\"https:\/\/portaltela.pt\/s.01k8rhncp4jt1\/2026\/03\/img_1280x722uu2026-03-20-11-05-44-2273639.jpg\",\"datePublished\":\"2026-03-20T11:12:25+00:00\",\"author\":{\"@id\":\"https:\/\/portaltela.pt\/#\/schema\/person\/c4278d4a6028830caff9ee44b42d32ed\"},\"breadcrumb\":{\"@id\":\"https:\/\/portaltela.pt\/noticias\/2026\/03\/20\/presidente-da-camara-de-madrid-e-atingido-por-dejetos-de-pombo-durante-discurso\/#breadcrumb\"},\"inLanguage\":\"pt-PT\",\"potentialAction\":[{\"@type\":\"ReadAction\",\"target\":[\"https:\/\/portaltela.pt\/noticias\/2026\/03\/20\/presidente-da-camara-de-madrid-e-atingido-por-dejetos-de-pombo-durante-discurso\/\"]}]},{\"@type\":\"ImageObject\",\"inLanguage\":\"pt-PT\",\"@id\":\"https:\/\/portaltela.pt\/noticias\/2026\/03\/20\/presidente-da-camara-de-madrid-e-atingido-por-dejetos-de-pombo-durante-discurso\/#primaryimage\",\"url\":\"https:\/\/portaltela.pt\/s.01k8rhncp4jt1\/2026\/03\/img_1280x722uu2026-03-20-11-05-44-2273639.jpg\",\"contentUrl\":\"https:\/\/portaltela.pt\/s.01k8rhncp4jt1\/2026\/03\/img_1280x722uu2026-03-20-11-05-44-2273639.jpg\",\"width\":796,\"height\":448,\"caption\":\"Photo\"},{\"@type\":\"BreadcrumbList\",\"@id\":\"https:\/\/portaltela.pt\/noticias\/2026\/03\/20\/presidente-da-camara-de-madrid-e-atingido-por-dejetos-de-pombo-durante-discurso\/#breadcrumb\",\"itemListElement\":[{\"@type\":\"ListItem\",\"position\":1,\"name\":\"In\u00edcio\",\"item\":\"https:\/\/portaltela.pt\/\"},{\"@type\":\"ListItem\",\"position\":2,\"name\":\"Presidente da C\u00e2mara de Madrid \u00e9 atingido por dejetos de pombo durante discurso\"}]},{\"@type\":\"WebSite\",\"@id\":\"https:\/\/portaltela.pt\/#website\",\"url\":\"https:\/\/portaltela.pt\/\",\"name\":\"Portal Tela Portugal\",\"description\":\"\",\"potentialAction\":[{\"@type\":\"SearchAction\",\"target\":{\"@type\":\"EntryPoint\",\"urlTemplate\":\"https:\/\/portaltela.pt\/?s={search_term_string}\"},\"query-input\":{\"@type\":\"PropertyValueSpecification\",\"valueRequired\":true,\"valueName\":\"search_term_string\"}}],\"inLanguage\":\"pt-PT\"},{\"@type\":\"Person\",\"@id\":\"https:\/\/portaltela.pt\/#\/schema\/person\/c4278d4a6028830caff9ee44b42d32ed\",\"name\":\"Telinha\",\"image\":{\"@type\":\"ImageObject\",\"inLanguage\":\"pt-PT\",\"@id\":\"https:\/\/portaltela.pt\/s.01k8rhncp4jt1\/2025\/11\/talking-bot-125x125.png\",\"url\":\"https:\/\/portaltela.pt\/s.01k8rhncp4jt1\/2025\/11\/talking-bot-125x125.png\",\"contentUrl\":\"https:\/\/portaltela.pt\/s.01k8rhncp4jt1\/2025\/11\/talking-bot-125x125.png\",\"caption\":\"Telinha\"},\"sameAs\":[\"https:\/\/portaltela.pt\/\"],\"url\":\"https:\/\/portaltela.pt\/por\/367410592786\/\"}]}<\/script>\n<!-- \/ Yoast SEO plugin. -->","yoast_head_json":{"title":"Presidente da C\u00e2mara de Madrid \u00e9 atingido por dejetos de pombo durante discurso - Portal Tela Portugal","robots":{"index":"index","follow":"follow","max-snippet":"max-snippet:-1","max-image-preview":"max-image-preview:large","max-video-preview":"max-video-preview:-1"},"og_locale":"pt_PT","og_type":"article","og_title":"Presidente da C\u00e2mara de Madrid \u00e9 atingido por dejetos de pombo durante discurso - Portal Tela Portugal","og_description":"O presidente da c\u00e2mara de Madrid, Jos\u00e9 Luis Mart\u00ednez-Almeida, estava a discursar sobre liberdade de express\u00e3o quando um pombo defecou na cabe\u00e7a dele. Mart\u00ednez-Almeida reagiu ao epis\u00f3dio com humor. O incidente ocorreu esta quarta-feira. A situa\u00e7\u00e3o chamou a aten\u00e7\u00e3o durante o discurso sobre liberdade de express\u00e3o.","og_url":"https:\/\/portaltela.pt\/noticias\/2026\/03\/20\/presidente-da-camara-de-madrid-e-atingido-por-dejetos-de-pombo-durante-discurso\/","og_site_name":"Portal Tela Portugal","article_published_time":"2026-03-20T11:12:25+00:00","author":"Telinha","twitter_card":"summary_large_image","twitter_misc":{"Escrito por":"Telinha","Tempo estimado de leitura":"1 minuto"},"schema":{"@context":"https:\/\/schema.org","@graph":[{"@type":"Article","@id":"https:\/\/portaltela.pt\/noticias\/2026\/03\/20\/presidente-da-camara-de-madrid-e-atingido-por-dejetos-de-pombo-durante-discurso\/#article","isPartOf":{"@id":"https:\/\/portaltela.pt\/noticias\/2026\/03\/20\/presidente-da-camara-de-madrid-e-atingido-por-dejetos-de-pombo-durante-discurso\/"},"author":{"name":"Telinha","@id":"https:\/\/portaltela.pt\/#\/schema\/person\/c4278d4a6028830caff9ee44b42d32ed"},"headline":"Presidente da C\u00e2mara de Madrid \u00e9 atingido por dejetos de pombo durante discurso","datePublished":"2026-03-20T11:12:25+00:00","mainEntityOfPage":{"@id":"https:\/\/portaltela.pt\/noticias\/2026\/03\/20\/presidente-da-camara-de-madrid-e-atingido-por-dejetos-de-pombo-durante-discurso\/"},"wordCount":203,"image":{"@id":"https:\/\/portaltela.pt\/noticias\/2026\/03\/20\/presidente-da-camara-de-madrid-e-atingido-por-dejetos-de-pombo-durante-discurso\/#primaryimage"},"thumbnailUrl":"https:\/\/portaltela.pt\/s.01k8rhncp4jt1\/2026\/03\/img_1280x722uu2026-03-20-11-05-44-2273639.jpg","keywords":["Espa\u00e7o P\u00fablico","Espa\u00f1a","liberdade de express\u00e3o","not\u00edcias","pol\u00edtica","presidente"],"articleSection":["Not\u00edcias","Pol\u00edtica"],"inLanguage":"pt-PT"},{"@type":"WebPage","@id":"https:\/\/portaltela.pt\/noticias\/2026\/03\/20\/presidente-da-camara-de-madrid-e-atingido-por-dejetos-de-pombo-durante-discurso\/","url":"https:\/\/portaltela.pt\/noticias\/2026\/03\/20\/presidente-da-camara-de-madrid-e-atingido-por-dejetos-de-pombo-durante-discurso\/","name":"Presidente da C\u00e2mara de Madrid \u00e9 atingido por dejetos de pombo durante discurso - Portal Tela Portugal","isPartOf":{"@id":"https:\/\/portaltela.pt\/#website"},"primaryImageOfPage":{"@id":"https:\/\/portaltela.pt\/noticias\/2026\/03\/20\/presidente-da-camara-de-madrid-e-atingido-por-dejetos-de-pombo-durante-discurso\/#primaryimage"},"image":{"@id":"https:\/\/portaltela.pt\/noticias\/2026\/03\/20\/presidente-da-camara-de-madrid-e-atingido-por-dejetos-de-pombo-durante-discurso\/#primaryimage"},"thumbnailUrl":"https:\/\/portaltela.pt\/s.01k8rhncp4jt1\/2026\/03\/img_1280x722uu2026-03-20-11-05-44-2273639.jpg","datePublished":"2026-03-20T11:12:25+00:00","author":{"@id":"https:\/\/portaltela.pt\/#\/schema\/person\/c4278d4a6028830caff9ee44b42d32ed"},"breadcrumb":{"@id":"https:\/\/portaltela.pt\/noticias\/2026\/03\/20\/presidente-da-camara-de-madrid-e-atingido-por-dejetos-de-pombo-durante-discurso\/#breadcrumb"},"inLanguage":"pt-PT","potentialAction":[{"@type":"ReadAction","target":["https:\/\/portaltela.pt\/noticias\/2026\/03\/20\/presidente-da-camara-de-madrid-e-atingido-por-dejetos-de-pombo-durante-discurso\/"]}]},{"@type":"ImageObject","inLanguage":"pt-PT","@id":"https:\/\/portaltela.pt\/noticias\/2026\/03\/20\/presidente-da-camara-de-madrid-e-atingido-por-dejetos-de-pombo-durante-discurso\/#primaryimage","url":"https:\/\/portaltela.pt\/s.01k8rhncp4jt1\/2026\/03\/img_1280x722uu2026-03-20-11-05-44-2273639.jpg","contentUrl":"https:\/\/portaltela.pt\/s.01k8rhncp4jt1\/2026\/03\/img_1280x722uu2026-03-20-11-05-44-2273639.jpg","width":796,"height":448,"caption":"Photo"},{"@type":"BreadcrumbList","@id":"https:\/\/portaltela.pt\/noticias\/2026\/03\/20\/presidente-da-camara-de-madrid-e-atingido-por-dejetos-de-pombo-durante-discurso\/#breadcrumb","itemListElement":[{"@type":"ListItem","position":1,"name":"In\u00edcio","item":"https:\/\/portaltela.pt\/"},{"@type":"ListItem","position":2,"name":"Presidente da C\u00e2mara de Madrid \u00e9 atingido por dejetos de pombo durante discurso"}]},{"@type":"WebSite","@id":"https:\/\/portaltela.pt\/#website","url":"https:\/\/portaltela.pt\/","name":"Portal Tela Portugal","description":"","potentialAction":[{"@type":"SearchAction","target":{"@type":"EntryPoint","urlTemplate":"https:\/\/portaltela.pt\/?s={search_term_string}"},"query-input":{"@type":"PropertyValueSpecification","valueRequired":true,"valueName":"search_term_string"}}],"inLanguage":"pt-PT"},{"@type":"Person","@id":"https:\/\/portaltela.pt\/#\/schema\/person\/c4278d4a6028830caff9ee44b42d32ed","name":"Telinha","image":{"@type":"ImageObject","inLanguage":"pt-PT","@id":"https:\/\/portaltela.pt\/s.01k8rhncp4jt1\/2025\/11\/talking-bot-125x125.png","url":"https:\/\/portaltela.pt\/s.01k8rhncp4jt1\/2025\/11\/talking-bot-125x125.png","contentUrl":"https:\/\/portaltela.pt\/s.01k8rhncp4jt1\/2025\/11\/talking-bot-125x125.png","caption":"Telinha"},"sameAs":["https:\/\/portaltela.pt\/"],"url":"https:\/\/portaltela.pt\/por\/367410592786\/"}]}},"_links":{"self":[{"href":"https:\/\/portaltela.pt\/api\/wp\/v2\/posts\/417167","targetHints":{"allow":["GET"]}}],"collection":[{"href":"https:\/\/portaltela.pt\/api\/wp\/v2\/posts"}],"about":[{"href":"https:\/\/portaltela.pt\/api\/wp\/v2\/types\/post"}],"author":[{"embeddable":true,"href":"https:\/\/portaltela.pt\/api\/wp\/v2\/users\/2"}],"replies":[{"embeddable":true,"href":"https:\/\/portaltela.pt\/api\/wp\/v2\/comments?post=417167"}],"version-history":[{"count":0,"href":"https:\/\/portaltela.pt\/api\/wp\/v2\/posts\/417167\/revisions"}],"wp:featuredmedia":[{"embeddable":true,"href":"https:\/\/portaltela.pt\/api\/wp\/v2\/media\/417172"}],"wp:attachment":[{"href":"https:\/\/portaltela.pt\/api\/wp\/v2\/media?parent=417167"}],"wp:term":[{"taxonomy":"category","embeddable":true,"href":"https:\/\/portaltela.pt\/api\/wp\/v2\/categories?post=417167"},{"taxonomy":"post_tag","embeddable":true,"href":"https:\/\/portaltela.pt\/api\/wp\/v2\/tags?post=417167"}],"curies":[{"name":"wp","href":"https:\/\/api.w.org\/{rel}","templated":true}]}}