{"id":417138,"date":"2026-03-20T07:28:00","date_gmt":"2026-03-20T10:28:00","guid":{"rendered":"https:\/\/portaltela.pt\/noticias\/2026\/03\/20\/arvores-derrubadas-podem-aumentar-a-resiliencia-das-florestas\/"},"modified":"2026-03-20T07:28:00","modified_gmt":"2026-03-20T10:28:00","slug":"arvores-derrubadas-podem-aumentar-a-resiliencia-das-florestas","status":"publish","type":"post","link":"https:\/\/portaltela.pt\/meio-ambiente\/2026\/03\/20\/arvores-derrubadas-podem-aumentar-a-resiliencia-das-florestas\/","title":{"rendered":"\u00c1rvores derrubadas podem aumentar a resili\u00eancia das florestas"},"content":{"rendered":"<p>A madeira morta pode desempenhar um papel relevante na resili\u00eancia das florestas e no controlo de inc\u00eandios, especialmente ap\u00f3s tempestades. Estudos recentes reavaliam a ideia de que toda a mat\u00e9ria vegetal \u00e9 combust\u00edvel.<\/p>\n<p>An\u00e1lise recentes mostra que o foco n\u00e3o deve ser apenas troncos no solo, mas tamb\u00e9m materiais finos como ramos e folhas, que secam rapidamente e alimentam a igni\u00e7\u00e3o. A madeira morta de maior di\u00e2metro ret\u00e9m humidade por mais tempo.<\/p>\n<p>Relat\u00f3rios europeus, incluindo um estudo da Comiss\u00e3o em 2023, sugerem que ecossistemas com madeira morta estruturam-se melhor contra inc\u00eandios. Novos trabalhos fortalecem a ideia de que a madeira morta pode ajudar na gest\u00e3o de fogos quando bem integrada.<\/p>\n<h3>Madeira morta como aliado na gest\u00e3o de inc\u00eandios<\/h3>\n<p>Troncos com di\u00e2metro acima de 10 cm tendem a manter humidade e a permanecer menos inflam\u00e1veis, mesmo ap\u00f3s a passagem de fogo. A partir da\u00ed, o fogo encontra menos combust\u00edvel s\u00f3lido de qualidade elevada para acelerar a propaga\u00e7\u00e3o.<\/p>\n<p>Estudos indicam que florestas com diversidade de idades e com madeira morta inserida no ecossistema apresentam maior resili\u00eancia a inc\u00eandios e pragas. Em contrapartida, a aus\u00eancia de drenagem de combust\u00edvel pode aumentar o risco numa seca prolongada.<\/p>\n<p>A evid\u00eancia atual aponta que madeira morta pode contribuir para a estabilidade do solo, suporte de biodiversidade e regula\u00e7\u00e3o clim\u00e1tica. Em termos pr\u00e1ticos, isso significa menos energia liberada pelo fogo e melhor recupera\u00e7\u00e3o ecol\u00f3gica.<\/p>\n<h3>Implica\u00e7\u00f5es para pol\u00edticas p\u00fablicas e gest\u00e3o<\/h3>\n<p>A gest\u00e3o baseada na ci\u00eancia defende manter \u00e1reas com madeira morta de grande dimens\u00e3o, com medidas de prote\u00e7\u00e3o de infraestruturas. Vis\u00f5es de longo prazo defendem solu\u00e7\u00f5es que promovam resili\u00eancia sem recorrer \u00e0 simplifica\u00e7\u00e3o excessiva da paisagem.<\/p>\n<p>Portugueses questionam como financiar interven\u00e7\u00f5es: a remo\u00e7\u00e3o de combust\u00edveis finos \u00e9 cara, mas a integra\u00e7\u00e3o de madeira morta pode exigir incentivos a propriet\u00e1rios. Projetos de Solu\u00e7\u00f5es de Base Natural surgem como op\u00e7\u00e3o para reduzir riscos.<\/p>\n<p>Sugere-se manter 10 m3\/ha de madeira morta de grande dimens\u00e3o em locais seguros, com compensa\u00e7\u00e3o aos propriet\u00e1rios para interven\u00e7\u00f5es seletivas. Em alternativa, triturar materiais finos para refor\u00e7ar a regenera\u00e7\u00e3o do solo.<\/p>\n<h3>Observa\u00e7\u00f5es finais sobre pr\u00e1tica e ci\u00eancia<\/h3>\n<p>Alguns caminhos defendem evitar cortes rasos, que favorecem o mato seco. Manter sombra natural ajuda a conter o crescimento de combust\u00edveis. A gest\u00e3o do risco depende da paisagem, da diversidade de usos do solo e da redu\u00e7\u00e3o da continuidade de combust\u00edvel.<\/p>\n<p>O debate continua: pol\u00edticas p\u00fablicas precisam alinhar-se com evid\u00eancias cient\u00edficas de longo prazo, evitando solu\u00e7\u00f5es r\u00e1pidas que possam agravar o risco. O objetivo \u00e9 reduzir inc\u00eandios futuros mantendo ecossistemas saud\u00e1veis.<\/p>\n","protected":false},"excerpt":{"rendered":"<ul>\n<li>Estudos europeus, incluindo um relat\u00f3rio de julho de dois mil e vinte e tr\u00eas, sugerem que a madeira morta pode apoiar a gest\u00e3o de inc\u00eandios e a resili\u00eancia, pois troncos de grande di\u00e2metro ret\u00eam humidade e demoram a pegar fogo, enquanto materiais finos secam rapidamente e promovem a igni\u00e7\u00e3o.<\/li>\n<li>Florestas estruturalmente complexas, com madeira morta e v\u00e1rias idades de \u00e1rvores, tendem a ser mais resistentes a inc\u00eandios e pragas; a madeira morta de grande dimens\u00e3o tem menor probabilidade de igni\u00e7\u00e3o.<\/li>\n<li>Em Portugal, a m\u00e9dia de madeira morta por hectare \u00e9 de cerca de 2,3 m3\/ha, face a valores \u00f3timos entre dez e cinquenta m3\/ha; a gest\u00e3o do risco depende da estrutura da paisagem, uso do solo e redu\u00e7\u00e3o da continuidade do combust\u00edvel.<\/li>\n<li>Propostas incluem manter \u00e1reas com pelo menos dez m3\/ha de madeira morta de grande dimens\u00e3o afastadas de popula\u00e7\u00f5es e infraestruturas, com compensa\u00e7\u00e3o aos propriet\u00e1rios; triturar materiais finos para promover ciclos naturais; evitar cortes rasos e manter sombra na floresta.<\/li>\n<li>A interven\u00e7\u00e3o p\u00fablica deve equilibrar custos e benef\u00edcios, promovendo solu\u00e7\u00f5es de Base Natural e pol\u00edticas baseadas na ci\u00eancia para evitar problemas repetidos, garantindo tamb\u00e9m o sustento do setor florestal.<\/li>\n<\/ul>\n","protected":false},"author":2,"featured_media":417141,"comment_status":"closed","ping_status":"closed","sticky":false,"template":"","format":"standard","meta":{"footnotes":""},"categories":[6725],"tags":[1701,4880,6376,45,6694,3444],"class_list":["post-417138","post","type-post","status-publish","format-standard","has-post-thumbnail","hentry","category-meio-ambiente","tag-biodiversidade","tag-conservacao-ambiental","tag-madeiras","tag-meio-ambiente","tag-reflorestacao","tag-sustentabilidade"],"yoast_head":"<!-- This site is optimized with the Yoast SEO plugin v27.2 - https:\/\/yoast.com\/product\/yoast-seo-wordpress\/ -->\n<title>\u00c1rvores derrubadas podem aumentar a resili\u00eancia das florestas - Portal Tela Portugal<\/title>\n<meta name=\"robots\" content=\"index, follow, max-snippet:-1, max-image-preview:large, max-video-preview:-1\" \/>\n<meta property=\"og:locale\" content=\"pt_PT\" \/>\n<meta property=\"og:type\" content=\"article\" \/>\n<meta property=\"og:title\" content=\"\u00c1rvores derrubadas podem aumentar a resili\u00eancia das florestas - Portal Tela Portugal\" \/>\n<meta property=\"og:description\" content=\"Estudos europeus, incluindo um relat\u00f3rio de julho de dois mil e vinte e tr\u00eas, sugerem que a madeira morta pode apoiar a gest\u00e3o de inc\u00eandios e a resili\u00eancia, pois troncos de grande di\u00e2metro ret\u00eam humidade e demoram a pegar fogo, enquanto materiais finos secam rapidamente e promovem a igni\u00e7\u00e3o. Florestas estruturalmente complexas, com madeira morta e v\u00e1rias idades de \u00e1rvores, tendem a ser mais resistentes a inc\u00eandios e pragas; a madeira morta de grande dimens\u00e3o tem menor probabilidade de igni\u00e7\u00e3o. Em Portugal, a m\u00e9dia de madeira morta por hectare \u00e9 de cerca de 2,3 m3\/ha, face a valores \u00f3timos entre dez e cinquenta m3\/ha; a gest\u00e3o do risco depende da estrutura da paisagem, uso do solo e redu\u00e7\u00e3o da continuidade do combust\u00edvel. Propostas incluem manter \u00e1reas com pelo menos dez m3\/ha de madeira morta de grande dimens\u00e3o afastadas de popula\u00e7\u00f5es e infraestruturas, com compensa\u00e7\u00e3o aos propriet\u00e1rios; triturar materiais finos para promover ciclos naturais; evitar cortes rasos e manter sombra na floresta. A interven\u00e7\u00e3o p\u00fablica deve equilibrar custos e benef\u00edcios, promovendo solu\u00e7\u00f5es de Base Natural e pol\u00edticas baseadas na ci\u00eancia para evitar problemas repetidos, garantindo tamb\u00e9m o sustento do setor florestal.\" \/>\n<meta property=\"og:url\" content=\"https:\/\/portaltela.pt\/noticias\/2026\/03\/20\/arvores-derrubadas-podem-aumentar-a-resiliencia-das-florestas\/\" \/>\n<meta property=\"og:site_name\" content=\"Portal Tela Portugal\" \/>\n<meta property=\"article:published_time\" content=\"2026-03-20T10:28:00+00:00\" \/>\n<meta name=\"author\" content=\"Telinha\" \/>\n<meta name=\"twitter:card\" content=\"summary_large_image\" \/>\n<meta name=\"twitter:label1\" content=\"Escrito por\" \/>\n\t<meta name=\"twitter:data1\" content=\"Telinha\" \/>\n\t<meta name=\"twitter:label2\" content=\"Tempo estimado de leitura\" \/>\n\t<meta name=\"twitter:data2\" content=\"2 minutos\" \/>\n<script type=\"application\/ld+json\" class=\"yoast-schema-graph\">{\"@context\":\"https:\/\/schema.org\",\"@graph\":[{\"@type\":\"Article\",\"@id\":\"https:\/\/portaltela.pt\/noticias\/2026\/03\/20\/arvores-derrubadas-podem-aumentar-a-resiliencia-das-florestas\/#article\",\"isPartOf\":{\"@id\":\"https:\/\/portaltela.pt\/noticias\/2026\/03\/20\/arvores-derrubadas-podem-aumentar-a-resiliencia-das-florestas\/\"},\"author\":{\"name\":\"Telinha\",\"@id\":\"https:\/\/portaltela.pt\/#\/schema\/person\/c4278d4a6028830caff9ee44b42d32ed\"},\"headline\":\"\u00c1rvores derrubadas podem aumentar a resili\u00eancia das florestas\",\"datePublished\":\"2026-03-20T10:28:00+00:00\",\"mainEntityOfPage\":{\"@id\":\"https:\/\/portaltela.pt\/noticias\/2026\/03\/20\/arvores-derrubadas-podem-aumentar-a-resiliencia-das-florestas\/\"},\"wordCount\":488,\"image\":{\"@id\":\"https:\/\/portaltela.pt\/noticias\/2026\/03\/20\/arvores-derrubadas-podem-aumentar-a-resiliencia-das-florestas\/#primaryimage\"},\"thumbnailUrl\":\"https:\/\/portaltela.pt\/s.01k8rhncp4jt1\/2026\/03\/1824276.jpg\",\"keywords\":[\"biodiversidade\",\"conserva\u00e7\u00e3o ambiental\",\"madeiras\",\"meio-ambiente\",\"refloresta\u00e7\u00e3o\",\"Sustentabilidade\"],\"articleSection\":[\"Meio Ambiente\"],\"inLanguage\":\"pt-PT\"},{\"@type\":\"WebPage\",\"@id\":\"https:\/\/portaltela.pt\/noticias\/2026\/03\/20\/arvores-derrubadas-podem-aumentar-a-resiliencia-das-florestas\/\",\"url\":\"https:\/\/portaltela.pt\/noticias\/2026\/03\/20\/arvores-derrubadas-podem-aumentar-a-resiliencia-das-florestas\/\",\"name\":\"\u00c1rvores derrubadas podem aumentar a resili\u00eancia das florestas - Portal Tela Portugal\",\"isPartOf\":{\"@id\":\"https:\/\/portaltela.pt\/#website\"},\"primaryImageOfPage\":{\"@id\":\"https:\/\/portaltela.pt\/noticias\/2026\/03\/20\/arvores-derrubadas-podem-aumentar-a-resiliencia-das-florestas\/#primaryimage\"},\"image\":{\"@id\":\"https:\/\/portaltela.pt\/noticias\/2026\/03\/20\/arvores-derrubadas-podem-aumentar-a-resiliencia-das-florestas\/#primaryimage\"},\"thumbnailUrl\":\"https:\/\/portaltela.pt\/s.01k8rhncp4jt1\/2026\/03\/1824276.jpg\",\"datePublished\":\"2026-03-20T10:28:00+00:00\",\"author\":{\"@id\":\"https:\/\/portaltela.pt\/#\/schema\/person\/c4278d4a6028830caff9ee44b42d32ed\"},\"breadcrumb\":{\"@id\":\"https:\/\/portaltela.pt\/noticias\/2026\/03\/20\/arvores-derrubadas-podem-aumentar-a-resiliencia-das-florestas\/#breadcrumb\"},\"inLanguage\":\"pt-PT\",\"potentialAction\":[{\"@type\":\"ReadAction\",\"target\":[\"https:\/\/portaltela.pt\/noticias\/2026\/03\/20\/arvores-derrubadas-podem-aumentar-a-resiliencia-das-florestas\/\"]}]},{\"@type\":\"ImageObject\",\"inLanguage\":\"pt-PT\",\"@id\":\"https:\/\/portaltela.pt\/noticias\/2026\/03\/20\/arvores-derrubadas-podem-aumentar-a-resiliencia-das-florestas\/#primaryimage\",\"url\":\"https:\/\/portaltela.pt\/s.01k8rhncp4jt1\/2026\/03\/1824276.jpg\",\"contentUrl\":\"https:\/\/portaltela.pt\/s.01k8rhncp4jt1\/2026\/03\/1824276.jpg\",\"width\":796,\"height\":448,\"caption\":\"A madeira morta \u00e9 essencial para cerca de 20\u201330% das esp\u00e9cies florestais mundiais\"},{\"@type\":\"BreadcrumbList\",\"@id\":\"https:\/\/portaltela.pt\/noticias\/2026\/03\/20\/arvores-derrubadas-podem-aumentar-a-resiliencia-das-florestas\/#breadcrumb\",\"itemListElement\":[{\"@type\":\"ListItem\",\"position\":1,\"name\":\"In\u00edcio\",\"item\":\"https:\/\/portaltela.pt\/\"},{\"@type\":\"ListItem\",\"position\":2,\"name\":\"\u00c1rvores derrubadas podem aumentar a resili\u00eancia das florestas\"}]},{\"@type\":\"WebSite\",\"@id\":\"https:\/\/portaltela.pt\/#website\",\"url\":\"https:\/\/portaltela.pt\/\",\"name\":\"Portal Tela Portugal\",\"description\":\"\",\"potentialAction\":[{\"@type\":\"SearchAction\",\"target\":{\"@type\":\"EntryPoint\",\"urlTemplate\":\"https:\/\/portaltela.pt\/?s={search_term_string}\"},\"query-input\":{\"@type\":\"PropertyValueSpecification\",\"valueRequired\":true,\"valueName\":\"search_term_string\"}}],\"inLanguage\":\"pt-PT\"},{\"@type\":\"Person\",\"@id\":\"https:\/\/portaltela.pt\/#\/schema\/person\/c4278d4a6028830caff9ee44b42d32ed\",\"name\":\"Telinha\",\"image\":{\"@type\":\"ImageObject\",\"inLanguage\":\"pt-PT\",\"@id\":\"https:\/\/portaltela.pt\/s.01k8rhncp4jt1\/2025\/11\/talking-bot-125x125.png\",\"url\":\"https:\/\/portaltela.pt\/s.01k8rhncp4jt1\/2025\/11\/talking-bot-125x125.png\",\"contentUrl\":\"https:\/\/portaltela.pt\/s.01k8rhncp4jt1\/2025\/11\/talking-bot-125x125.png\",\"caption\":\"Telinha\"},\"sameAs\":[\"https:\/\/portaltela.pt\/\"],\"url\":\"https:\/\/portaltela.pt\/por\/367410592786\/\"}]}<\/script>\n<!-- \/ Yoast SEO plugin. -->","yoast_head_json":{"title":"\u00c1rvores derrubadas podem aumentar a resili\u00eancia das florestas - Portal Tela Portugal","robots":{"index":"index","follow":"follow","max-snippet":"max-snippet:-1","max-image-preview":"max-image-preview:large","max-video-preview":"max-video-preview:-1"},"og_locale":"pt_PT","og_type":"article","og_title":"\u00c1rvores derrubadas podem aumentar a resili\u00eancia das florestas - Portal Tela Portugal","og_description":"Estudos europeus, incluindo um relat\u00f3rio de julho de dois mil e vinte e tr\u00eas, sugerem que a madeira morta pode apoiar a gest\u00e3o de inc\u00eandios e a resili\u00eancia, pois troncos de grande di\u00e2metro ret\u00eam humidade e demoram a pegar fogo, enquanto materiais finos secam rapidamente e promovem a igni\u00e7\u00e3o. Florestas estruturalmente complexas, com madeira morta e v\u00e1rias idades de \u00e1rvores, tendem a ser mais resistentes a inc\u00eandios e pragas; a madeira morta de grande dimens\u00e3o tem menor probabilidade de igni\u00e7\u00e3o. Em Portugal, a m\u00e9dia de madeira morta por hectare \u00e9 de cerca de 2,3 m3\/ha, face a valores \u00f3timos entre dez e cinquenta m3\/ha; a gest\u00e3o do risco depende da estrutura da paisagem, uso do solo e redu\u00e7\u00e3o da continuidade do combust\u00edvel. Propostas incluem manter \u00e1reas com pelo menos dez m3\/ha de madeira morta de grande dimens\u00e3o afastadas de popula\u00e7\u00f5es e infraestruturas, com compensa\u00e7\u00e3o aos propriet\u00e1rios; triturar materiais finos para promover ciclos naturais; evitar cortes rasos e manter sombra na floresta. A interven\u00e7\u00e3o p\u00fablica deve equilibrar custos e benef\u00edcios, promovendo solu\u00e7\u00f5es de Base Natural e pol\u00edticas baseadas na ci\u00eancia para evitar problemas repetidos, garantindo tamb\u00e9m o sustento do setor florestal.","og_url":"https:\/\/portaltela.pt\/noticias\/2026\/03\/20\/arvores-derrubadas-podem-aumentar-a-resiliencia-das-florestas\/","og_site_name":"Portal Tela Portugal","article_published_time":"2026-03-20T10:28:00+00:00","author":"Telinha","twitter_card":"summary_large_image","twitter_misc":{"Escrito por":"Telinha","Tempo estimado de leitura":"2 minutos"},"schema":{"@context":"https:\/\/schema.org","@graph":[{"@type":"Article","@id":"https:\/\/portaltela.pt\/noticias\/2026\/03\/20\/arvores-derrubadas-podem-aumentar-a-resiliencia-das-florestas\/#article","isPartOf":{"@id":"https:\/\/portaltela.pt\/noticias\/2026\/03\/20\/arvores-derrubadas-podem-aumentar-a-resiliencia-das-florestas\/"},"author":{"name":"Telinha","@id":"https:\/\/portaltela.pt\/#\/schema\/person\/c4278d4a6028830caff9ee44b42d32ed"},"headline":"\u00c1rvores derrubadas podem aumentar a resili\u00eancia das florestas","datePublished":"2026-03-20T10:28:00+00:00","mainEntityOfPage":{"@id":"https:\/\/portaltela.pt\/noticias\/2026\/03\/20\/arvores-derrubadas-podem-aumentar-a-resiliencia-das-florestas\/"},"wordCount":488,"image":{"@id":"https:\/\/portaltela.pt\/noticias\/2026\/03\/20\/arvores-derrubadas-podem-aumentar-a-resiliencia-das-florestas\/#primaryimage"},"thumbnailUrl":"https:\/\/portaltela.pt\/s.01k8rhncp4jt1\/2026\/03\/1824276.jpg","keywords":["biodiversidade","conserva\u00e7\u00e3o ambiental","madeiras","meio-ambiente","refloresta\u00e7\u00e3o","Sustentabilidade"],"articleSection":["Meio Ambiente"],"inLanguage":"pt-PT"},{"@type":"WebPage","@id":"https:\/\/portaltela.pt\/noticias\/2026\/03\/20\/arvores-derrubadas-podem-aumentar-a-resiliencia-das-florestas\/","url":"https:\/\/portaltela.pt\/noticias\/2026\/03\/20\/arvores-derrubadas-podem-aumentar-a-resiliencia-das-florestas\/","name":"\u00c1rvores derrubadas podem aumentar a resili\u00eancia das florestas - Portal Tela Portugal","isPartOf":{"@id":"https:\/\/portaltela.pt\/#website"},"primaryImageOfPage":{"@id":"https:\/\/portaltela.pt\/noticias\/2026\/03\/20\/arvores-derrubadas-podem-aumentar-a-resiliencia-das-florestas\/#primaryimage"},"image":{"@id":"https:\/\/portaltela.pt\/noticias\/2026\/03\/20\/arvores-derrubadas-podem-aumentar-a-resiliencia-das-florestas\/#primaryimage"},"thumbnailUrl":"https:\/\/portaltela.pt\/s.01k8rhncp4jt1\/2026\/03\/1824276.jpg","datePublished":"2026-03-20T10:28:00+00:00","author":{"@id":"https:\/\/portaltela.pt\/#\/schema\/person\/c4278d4a6028830caff9ee44b42d32ed"},"breadcrumb":{"@id":"https:\/\/portaltela.pt\/noticias\/2026\/03\/20\/arvores-derrubadas-podem-aumentar-a-resiliencia-das-florestas\/#breadcrumb"},"inLanguage":"pt-PT","potentialAction":[{"@type":"ReadAction","target":["https:\/\/portaltela.pt\/noticias\/2026\/03\/20\/arvores-derrubadas-podem-aumentar-a-resiliencia-das-florestas\/"]}]},{"@type":"ImageObject","inLanguage":"pt-PT","@id":"https:\/\/portaltela.pt\/noticias\/2026\/03\/20\/arvores-derrubadas-podem-aumentar-a-resiliencia-das-florestas\/#primaryimage","url":"https:\/\/portaltela.pt\/s.01k8rhncp4jt1\/2026\/03\/1824276.jpg","contentUrl":"https:\/\/portaltela.pt\/s.01k8rhncp4jt1\/2026\/03\/1824276.jpg","width":796,"height":448,"caption":"A madeira morta \u00e9 essencial para cerca de 20\u201330% das esp\u00e9cies florestais mundiais"},{"@type":"BreadcrumbList","@id":"https:\/\/portaltela.pt\/noticias\/2026\/03\/20\/arvores-derrubadas-podem-aumentar-a-resiliencia-das-florestas\/#breadcrumb","itemListElement":[{"@type":"ListItem","position":1,"name":"In\u00edcio","item":"https:\/\/portaltela.pt\/"},{"@type":"ListItem","position":2,"name":"\u00c1rvores derrubadas podem aumentar a resili\u00eancia das florestas"}]},{"@type":"WebSite","@id":"https:\/\/portaltela.pt\/#website","url":"https:\/\/portaltela.pt\/","name":"Portal Tela Portugal","description":"","potentialAction":[{"@type":"SearchAction","target":{"@type":"EntryPoint","urlTemplate":"https:\/\/portaltela.pt\/?s={search_term_string}"},"query-input":{"@type":"PropertyValueSpecification","valueRequired":true,"valueName":"search_term_string"}}],"inLanguage":"pt-PT"},{"@type":"Person","@id":"https:\/\/portaltela.pt\/#\/schema\/person\/c4278d4a6028830caff9ee44b42d32ed","name":"Telinha","image":{"@type":"ImageObject","inLanguage":"pt-PT","@id":"https:\/\/portaltela.pt\/s.01k8rhncp4jt1\/2025\/11\/talking-bot-125x125.png","url":"https:\/\/portaltela.pt\/s.01k8rhncp4jt1\/2025\/11\/talking-bot-125x125.png","contentUrl":"https:\/\/portaltela.pt\/s.01k8rhncp4jt1\/2025\/11\/talking-bot-125x125.png","caption":"Telinha"},"sameAs":["https:\/\/portaltela.pt\/"],"url":"https:\/\/portaltela.pt\/por\/367410592786\/"}]}},"_links":{"self":[{"href":"https:\/\/portaltela.pt\/api\/wp\/v2\/posts\/417138","targetHints":{"allow":["GET"]}}],"collection":[{"href":"https:\/\/portaltela.pt\/api\/wp\/v2\/posts"}],"about":[{"href":"https:\/\/portaltela.pt\/api\/wp\/v2\/types\/post"}],"author":[{"embeddable":true,"href":"https:\/\/portaltela.pt\/api\/wp\/v2\/users\/2"}],"replies":[{"embeddable":true,"href":"https:\/\/portaltela.pt\/api\/wp\/v2\/comments?post=417138"}],"version-history":[{"count":0,"href":"https:\/\/portaltela.pt\/api\/wp\/v2\/posts\/417138\/revisions"}],"wp:featuredmedia":[{"embeddable":true,"href":"https:\/\/portaltela.pt\/api\/wp\/v2\/media\/417141"}],"wp:attachment":[{"href":"https:\/\/portaltela.pt\/api\/wp\/v2\/media?parent=417138"}],"wp:term":[{"taxonomy":"category","embeddable":true,"href":"https:\/\/portaltela.pt\/api\/wp\/v2\/categories?post=417138"},{"taxonomy":"post_tag","embeddable":true,"href":"https:\/\/portaltela.pt\/api\/wp\/v2\/tags?post=417138"}],"curies":[{"name":"wp","href":"https:\/\/api.w.org\/{rel}","templated":true}]}}