{"id":417128,"date":"2026-03-20T07:43:05","date_gmt":"2026-03-20T10:43:05","guid":{"rendered":"https:\/\/portaltela.pt\/noticias\/2026\/03\/20\/prisao-preventiva-para-jovem-suspeito-de-pornografia-de-menores-em-castelo-branco\/"},"modified":"2026-03-20T07:43:05","modified_gmt":"2026-03-20T10:43:05","slug":"prisao-preventiva-para-jovem-suspeito-de-pornografia-de-menores-em-castelo-branco","status":"publish","type":"post","link":"https:\/\/portaltela.pt\/justica\/2026\/03\/20\/prisao-preventiva-para-jovem-suspeito-de-pornografia-de-menores-em-castelo-branco\/","title":{"rendered":"Pris\u00e3o preventiva para jovem suspeito de pornografia de menores em Castelo Branco"},"content":{"rendered":"<p>Na quarta-feira, a Pol\u00edcia Judici\u00e1ria deteve em Castelo Branco um jovem de 22 anos, suspeito de pornografia de menores e abuso sexual de crian\u00e7as. Na quinta-feira, o tribunal aplicou-lhe a measure de coa\u00e7\u00e3o mais gravosa, mantendo-o em pris\u00e3o preventiva.<\/p>\n<p>A investiga\u00e7\u00e3o levou \u00e0 apreens\u00e3o de cerca de 2.700 v\u00eddeos e 800 fotografias de beb\u00e9s, crian\u00e7as e menores de idade abusados. Foram ainda apreendidos tr\u00eas computadores e v\u00e1rios dispositivos de armazenamento com os conte\u00fados.<\/p>\n<p>A opera\u00e7\u00e3o teve in\u00edcio h\u00e1 cerca de um ano, ap\u00f3s um alerta do Centro Nacional para Crian\u00e7as Desaparecidas e Exploradas, com origem nos Estados Unidos. O inqu\u00e9rito est\u00e1 a cargo do DIAP de Castelo Branco.<\/p>\n<h3>Medidas processuais e pr\u00f3ximos passos<\/h3>\n<p>O detido continuar\u00e1 em pris\u00e3o preventiva at\u00e9 \u00e0 conclus\u00e3o da investiga\u00e7\u00e3o e do julgamento, conforme decis\u00e3o do tribunal. A PJ n\u00e3o revelou mais detalhes sobre o caso em comunicado.<\/p>\n","protected":false},"excerpt":{"rendered":"<ul>\n<li>A Pol\u00edcia Judici\u00e1ria deteve, em Castelo Branco, um jovem de 22 anos suspeito de pornografia de menores e abuso sexual de crian\u00e7as; ficou em pris\u00e3o preventiva.<\/li>\n<li>O suspeito, estudante universit\u00e1rio, foi apresentado ao Tribunal Judicial de Castelo Branco na quinta-feira, e a medida de coa\u00e7\u00e3o mais gravosa foi aplicada.<\/li>\n<li>Foram apreendidos cerca de 2.700 v\u00eddeos e 800 fotografias de beb\u00e9s, crian\u00e7as e menores de idade abusados, bem como tr\u00eas computadores e diversos dispositivos de armazenamento.<\/li>\n<li>A investiga\u00e7\u00e3o indica que o homem acedia e partilhava conte\u00fados pornogr\u00e1ficos envolvendo menores de forma reiterada.<\/li>\n<li>O inqu\u00e9rito est\u00e1 a cargo do Departamento de Investiga\u00e7\u00e3o e A\u00e7\u00e3o Penal de Castelo Branco, tendo como origem um alerta do Centro Nacional para Crian\u00e7as Desaparecidas e Exploradas, dos Estados Unidos.<\/li>\n<\/ul>\n","protected":false},"author":2,"featured_media":417132,"comment_status":"closed","ping_status":"closed","sticky":false,"template":"","format":"standard","meta":{"footnotes":""},"categories":[6907,6815],"tags":[7076,199,1112,215,1802,1432],"class_list":["post-417128","post","type-post","status-publish","format-standard","has-post-thumbnail","hentry","category-crime","category-justica","tag-abuso-de-menores","tag-abuso-sexual-de-menor-dependente-ou-em-situacao-vulneravel","tag-castelo-branco","tag-investigacao","tag-policia-judiciaria","tag-pornografia-de-menores"],"yoast_head":"<!-- This site is optimized with the Yoast SEO plugin v27.2 - https:\/\/yoast.com\/product\/yoast-seo-wordpress\/ -->\n<title>Pris\u00e3o preventiva para jovem suspeito de pornografia de menores em Castelo Branco - Portal Tela Portugal<\/title>\n<meta name=\"robots\" content=\"index, follow, max-snippet:-1, max-image-preview:large, max-video-preview:-1\" \/>\n<meta property=\"og:locale\" content=\"pt_PT\" \/>\n<meta property=\"og:type\" content=\"article\" \/>\n<meta property=\"og:title\" content=\"Pris\u00e3o preventiva para jovem suspeito de pornografia de menores em Castelo Branco - Portal Tela Portugal\" \/>\n<meta property=\"og:description\" content=\"A Pol\u00edcia Judici\u00e1ria deteve, em Castelo Branco, um jovem de 22 anos suspeito de pornografia de menores e abuso sexual de crian\u00e7as; ficou em pris\u00e3o preventiva. O suspeito, estudante universit\u00e1rio, foi apresentado ao Tribunal Judicial de Castelo Branco na quinta-feira, e a medida de coa\u00e7\u00e3o mais gravosa foi aplicada. Foram apreendidos cerca de 2.700 v\u00eddeos e 800 fotografias de beb\u00e9s, crian\u00e7as e menores de idade abusados, bem como tr\u00eas computadores e diversos dispositivos de armazenamento. A investiga\u00e7\u00e3o indica que o homem acedia e partilhava conte\u00fados pornogr\u00e1ficos envolvendo menores de forma reiterada. O inqu\u00e9rito est\u00e1 a cargo do Departamento de Investiga\u00e7\u00e3o e A\u00e7\u00e3o Penal de Castelo Branco, tendo como origem um alerta do Centro Nacional para Crian\u00e7as Desaparecidas e Exploradas, dos Estados Unidos.\" \/>\n<meta property=\"og:url\" content=\"https:\/\/portaltela.pt\/noticias\/2026\/03\/20\/prisao-preventiva-para-jovem-suspeito-de-pornografia-de-menores-em-castelo-branco\/\" \/>\n<meta property=\"og:site_name\" content=\"Portal Tela Portugal\" \/>\n<meta property=\"article:published_time\" content=\"2026-03-20T10:43:05+00:00\" \/>\n<meta name=\"author\" content=\"Telinha\" \/>\n<meta name=\"twitter:card\" content=\"summary_large_image\" \/>\n<meta name=\"twitter:label1\" content=\"Escrito por\" \/>\n\t<meta name=\"twitter:data1\" content=\"Telinha\" \/>\n\t<meta name=\"twitter:label2\" content=\"Tempo estimado de leitura\" \/>\n\t<meta name=\"twitter:data2\" content=\"1 minuto\" \/>\n<script type=\"application\/ld+json\" class=\"yoast-schema-graph\">{\"@context\":\"https:\/\/schema.org\",\"@graph\":[{\"@type\":\"Article\",\"@id\":\"https:\/\/portaltela.pt\/noticias\/2026\/03\/20\/prisao-preventiva-para-jovem-suspeito-de-pornografia-de-menores-em-castelo-branco\/#article\",\"isPartOf\":{\"@id\":\"https:\/\/portaltela.pt\/noticias\/2026\/03\/20\/prisao-preventiva-para-jovem-suspeito-de-pornografia-de-menores-em-castelo-branco\/\"},\"author\":{\"name\":\"Telinha\",\"@id\":\"https:\/\/portaltela.pt\/#\/schema\/person\/c4278d4a6028830caff9ee44b42d32ed\"},\"headline\":\"Pris\u00e3o preventiva para jovem suspeito de pornografia de menores em Castelo Branco\",\"datePublished\":\"2026-03-20T10:43:05+00:00\",\"mainEntityOfPage\":{\"@id\":\"https:\/\/portaltela.pt\/noticias\/2026\/03\/20\/prisao-preventiva-para-jovem-suspeito-de-pornografia-de-menores-em-castelo-branco\/\"},\"wordCount\":174,\"image\":{\"@id\":\"https:\/\/portaltela.pt\/noticias\/2026\/03\/20\/prisao-preventiva-para-jovem-suspeito-de-pornografia-de-menores-em-castelo-branco\/#primaryimage\"},\"thumbnailUrl\":\"https:\/\/portaltela.pt\/s.01k8rhncp4jt1\/2026\/03\/img_1280x721uu2026-03-20-09-34-59-2273616.jpg\",\"keywords\":[\"abuso de menores\",\"abuso sexual de menor dependente ou em situa\u00e7\u00e3o vulner\u00e1vel\",\"Castelo Branco\",\"investiga\u00e7\u00e3o\",\"Pol\u00edcia Judici\u00e1ria\",\"pornografia de menores\"],\"articleSection\":[\"Crime\",\"Justi\u00e7a\"],\"inLanguage\":\"pt-PT\"},{\"@type\":\"WebPage\",\"@id\":\"https:\/\/portaltela.pt\/noticias\/2026\/03\/20\/prisao-preventiva-para-jovem-suspeito-de-pornografia-de-menores-em-castelo-branco\/\",\"url\":\"https:\/\/portaltela.pt\/noticias\/2026\/03\/20\/prisao-preventiva-para-jovem-suspeito-de-pornografia-de-menores-em-castelo-branco\/\",\"name\":\"Pris\u00e3o preventiva para jovem suspeito de pornografia de menores em Castelo Branco - Portal Tela Portugal\",\"isPartOf\":{\"@id\":\"https:\/\/portaltela.pt\/#website\"},\"primaryImageOfPage\":{\"@id\":\"https:\/\/portaltela.pt\/noticias\/2026\/03\/20\/prisao-preventiva-para-jovem-suspeito-de-pornografia-de-menores-em-castelo-branco\/#primaryimage\"},\"image\":{\"@id\":\"https:\/\/portaltela.pt\/noticias\/2026\/03\/20\/prisao-preventiva-para-jovem-suspeito-de-pornografia-de-menores-em-castelo-branco\/#primaryimage\"},\"thumbnailUrl\":\"https:\/\/portaltela.pt\/s.01k8rhncp4jt1\/2026\/03\/img_1280x721uu2026-03-20-09-34-59-2273616.jpg\",\"datePublished\":\"2026-03-20T10:43:05+00:00\",\"author\":{\"@id\":\"https:\/\/portaltela.pt\/#\/schema\/person\/c4278d4a6028830caff9ee44b42d32ed\"},\"breadcrumb\":{\"@id\":\"https:\/\/portaltela.pt\/noticias\/2026\/03\/20\/prisao-preventiva-para-jovem-suspeito-de-pornografia-de-menores-em-castelo-branco\/#breadcrumb\"},\"inLanguage\":\"pt-PT\",\"potentialAction\":[{\"@type\":\"ReadAction\",\"target\":[\"https:\/\/portaltela.pt\/noticias\/2026\/03\/20\/prisao-preventiva-para-jovem-suspeito-de-pornografia-de-menores-em-castelo-branco\/\"]}]},{\"@type\":\"ImageObject\",\"inLanguage\":\"pt-PT\",\"@id\":\"https:\/\/portaltela.pt\/noticias\/2026\/03\/20\/prisao-preventiva-para-jovem-suspeito-de-pornografia-de-menores-em-castelo-branco\/#primaryimage\",\"url\":\"https:\/\/portaltela.pt\/s.01k8rhncp4jt1\/2026\/03\/img_1280x721uu2026-03-20-09-34-59-2273616.jpg\",\"contentUrl\":\"https:\/\/portaltela.pt\/s.01k8rhncp4jt1\/2026\/03\/img_1280x721uu2026-03-20-09-34-59-2273616.jpg\",\"width\":796,\"height\":448,\"caption\":\"Photo\"},{\"@type\":\"BreadcrumbList\",\"@id\":\"https:\/\/portaltela.pt\/noticias\/2026\/03\/20\/prisao-preventiva-para-jovem-suspeito-de-pornografia-de-menores-em-castelo-branco\/#breadcrumb\",\"itemListElement\":[{\"@type\":\"ListItem\",\"position\":1,\"name\":\"In\u00edcio\",\"item\":\"https:\/\/portaltela.pt\/\"},{\"@type\":\"ListItem\",\"position\":2,\"name\":\"Pris\u00e3o preventiva para jovem suspeito de pornografia de menores em Castelo Branco\"}]},{\"@type\":\"WebSite\",\"@id\":\"https:\/\/portaltela.pt\/#website\",\"url\":\"https:\/\/portaltela.pt\/\",\"name\":\"Portal Tela Portugal\",\"description\":\"\",\"potentialAction\":[{\"@type\":\"SearchAction\",\"target\":{\"@type\":\"EntryPoint\",\"urlTemplate\":\"https:\/\/portaltela.pt\/?s={search_term_string}\"},\"query-input\":{\"@type\":\"PropertyValueSpecification\",\"valueRequired\":true,\"valueName\":\"search_term_string\"}}],\"inLanguage\":\"pt-PT\"},{\"@type\":\"Person\",\"@id\":\"https:\/\/portaltela.pt\/#\/schema\/person\/c4278d4a6028830caff9ee44b42d32ed\",\"name\":\"Telinha\",\"image\":{\"@type\":\"ImageObject\",\"inLanguage\":\"pt-PT\",\"@id\":\"https:\/\/portaltela.pt\/s.01k8rhncp4jt1\/2025\/11\/talking-bot-125x125.png\",\"url\":\"https:\/\/portaltela.pt\/s.01k8rhncp4jt1\/2025\/11\/talking-bot-125x125.png\",\"contentUrl\":\"https:\/\/portaltela.pt\/s.01k8rhncp4jt1\/2025\/11\/talking-bot-125x125.png\",\"caption\":\"Telinha\"},\"sameAs\":[\"https:\/\/portaltela.pt\/\"],\"url\":\"https:\/\/portaltela.pt\/por\/367410592786\/\"}]}<\/script>\n<!-- \/ Yoast SEO plugin. -->","yoast_head_json":{"title":"Pris\u00e3o preventiva para jovem suspeito de pornografia de menores em Castelo Branco - Portal Tela Portugal","robots":{"index":"index","follow":"follow","max-snippet":"max-snippet:-1","max-image-preview":"max-image-preview:large","max-video-preview":"max-video-preview:-1"},"og_locale":"pt_PT","og_type":"article","og_title":"Pris\u00e3o preventiva para jovem suspeito de pornografia de menores em Castelo Branco - Portal Tela Portugal","og_description":"A Pol\u00edcia Judici\u00e1ria deteve, em Castelo Branco, um jovem de 22 anos suspeito de pornografia de menores e abuso sexual de crian\u00e7as; ficou em pris\u00e3o preventiva. O suspeito, estudante universit\u00e1rio, foi apresentado ao Tribunal Judicial de Castelo Branco na quinta-feira, e a medida de coa\u00e7\u00e3o mais gravosa foi aplicada. Foram apreendidos cerca de 2.700 v\u00eddeos e 800 fotografias de beb\u00e9s, crian\u00e7as e menores de idade abusados, bem como tr\u00eas computadores e diversos dispositivos de armazenamento. A investiga\u00e7\u00e3o indica que o homem acedia e partilhava conte\u00fados pornogr\u00e1ficos envolvendo menores de forma reiterada. O inqu\u00e9rito est\u00e1 a cargo do Departamento de Investiga\u00e7\u00e3o e A\u00e7\u00e3o Penal de Castelo Branco, tendo como origem um alerta do Centro Nacional para Crian\u00e7as Desaparecidas e Exploradas, dos Estados Unidos.","og_url":"https:\/\/portaltela.pt\/noticias\/2026\/03\/20\/prisao-preventiva-para-jovem-suspeito-de-pornografia-de-menores-em-castelo-branco\/","og_site_name":"Portal Tela Portugal","article_published_time":"2026-03-20T10:43:05+00:00","author":"Telinha","twitter_card":"summary_large_image","twitter_misc":{"Escrito por":"Telinha","Tempo estimado de leitura":"1 minuto"},"schema":{"@context":"https:\/\/schema.org","@graph":[{"@type":"Article","@id":"https:\/\/portaltela.pt\/noticias\/2026\/03\/20\/prisao-preventiva-para-jovem-suspeito-de-pornografia-de-menores-em-castelo-branco\/#article","isPartOf":{"@id":"https:\/\/portaltela.pt\/noticias\/2026\/03\/20\/prisao-preventiva-para-jovem-suspeito-de-pornografia-de-menores-em-castelo-branco\/"},"author":{"name":"Telinha","@id":"https:\/\/portaltela.pt\/#\/schema\/person\/c4278d4a6028830caff9ee44b42d32ed"},"headline":"Pris\u00e3o preventiva para jovem suspeito de pornografia de menores em Castelo Branco","datePublished":"2026-03-20T10:43:05+00:00","mainEntityOfPage":{"@id":"https:\/\/portaltela.pt\/noticias\/2026\/03\/20\/prisao-preventiva-para-jovem-suspeito-de-pornografia-de-menores-em-castelo-branco\/"},"wordCount":174,"image":{"@id":"https:\/\/portaltela.pt\/noticias\/2026\/03\/20\/prisao-preventiva-para-jovem-suspeito-de-pornografia-de-menores-em-castelo-branco\/#primaryimage"},"thumbnailUrl":"https:\/\/portaltela.pt\/s.01k8rhncp4jt1\/2026\/03\/img_1280x721uu2026-03-20-09-34-59-2273616.jpg","keywords":["abuso de menores","abuso sexual de menor dependente ou em situa\u00e7\u00e3o vulner\u00e1vel","Castelo Branco","investiga\u00e7\u00e3o","Pol\u00edcia Judici\u00e1ria","pornografia de menores"],"articleSection":["Crime","Justi\u00e7a"],"inLanguage":"pt-PT"},{"@type":"WebPage","@id":"https:\/\/portaltela.pt\/noticias\/2026\/03\/20\/prisao-preventiva-para-jovem-suspeito-de-pornografia-de-menores-em-castelo-branco\/","url":"https:\/\/portaltela.pt\/noticias\/2026\/03\/20\/prisao-preventiva-para-jovem-suspeito-de-pornografia-de-menores-em-castelo-branco\/","name":"Pris\u00e3o preventiva para jovem suspeito de pornografia de menores em Castelo Branco - Portal Tela Portugal","isPartOf":{"@id":"https:\/\/portaltela.pt\/#website"},"primaryImageOfPage":{"@id":"https:\/\/portaltela.pt\/noticias\/2026\/03\/20\/prisao-preventiva-para-jovem-suspeito-de-pornografia-de-menores-em-castelo-branco\/#primaryimage"},"image":{"@id":"https:\/\/portaltela.pt\/noticias\/2026\/03\/20\/prisao-preventiva-para-jovem-suspeito-de-pornografia-de-menores-em-castelo-branco\/#primaryimage"},"thumbnailUrl":"https:\/\/portaltela.pt\/s.01k8rhncp4jt1\/2026\/03\/img_1280x721uu2026-03-20-09-34-59-2273616.jpg","datePublished":"2026-03-20T10:43:05+00:00","author":{"@id":"https:\/\/portaltela.pt\/#\/schema\/person\/c4278d4a6028830caff9ee44b42d32ed"},"breadcrumb":{"@id":"https:\/\/portaltela.pt\/noticias\/2026\/03\/20\/prisao-preventiva-para-jovem-suspeito-de-pornografia-de-menores-em-castelo-branco\/#breadcrumb"},"inLanguage":"pt-PT","potentialAction":[{"@type":"ReadAction","target":["https:\/\/portaltela.pt\/noticias\/2026\/03\/20\/prisao-preventiva-para-jovem-suspeito-de-pornografia-de-menores-em-castelo-branco\/"]}]},{"@type":"ImageObject","inLanguage":"pt-PT","@id":"https:\/\/portaltela.pt\/noticias\/2026\/03\/20\/prisao-preventiva-para-jovem-suspeito-de-pornografia-de-menores-em-castelo-branco\/#primaryimage","url":"https:\/\/portaltela.pt\/s.01k8rhncp4jt1\/2026\/03\/img_1280x721uu2026-03-20-09-34-59-2273616.jpg","contentUrl":"https:\/\/portaltela.pt\/s.01k8rhncp4jt1\/2026\/03\/img_1280x721uu2026-03-20-09-34-59-2273616.jpg","width":796,"height":448,"caption":"Photo"},{"@type":"BreadcrumbList","@id":"https:\/\/portaltela.pt\/noticias\/2026\/03\/20\/prisao-preventiva-para-jovem-suspeito-de-pornografia-de-menores-em-castelo-branco\/#breadcrumb","itemListElement":[{"@type":"ListItem","position":1,"name":"In\u00edcio","item":"https:\/\/portaltela.pt\/"},{"@type":"ListItem","position":2,"name":"Pris\u00e3o preventiva para jovem suspeito de pornografia de menores em Castelo Branco"}]},{"@type":"WebSite","@id":"https:\/\/portaltela.pt\/#website","url":"https:\/\/portaltela.pt\/","name":"Portal Tela Portugal","description":"","potentialAction":[{"@type":"SearchAction","target":{"@type":"EntryPoint","urlTemplate":"https:\/\/portaltela.pt\/?s={search_term_string}"},"query-input":{"@type":"PropertyValueSpecification","valueRequired":true,"valueName":"search_term_string"}}],"inLanguage":"pt-PT"},{"@type":"Person","@id":"https:\/\/portaltela.pt\/#\/schema\/person\/c4278d4a6028830caff9ee44b42d32ed","name":"Telinha","image":{"@type":"ImageObject","inLanguage":"pt-PT","@id":"https:\/\/portaltela.pt\/s.01k8rhncp4jt1\/2025\/11\/talking-bot-125x125.png","url":"https:\/\/portaltela.pt\/s.01k8rhncp4jt1\/2025\/11\/talking-bot-125x125.png","contentUrl":"https:\/\/portaltela.pt\/s.01k8rhncp4jt1\/2025\/11\/talking-bot-125x125.png","caption":"Telinha"},"sameAs":["https:\/\/portaltela.pt\/"],"url":"https:\/\/portaltela.pt\/por\/367410592786\/"}]}},"_links":{"self":[{"href":"https:\/\/portaltela.pt\/api\/wp\/v2\/posts\/417128","targetHints":{"allow":["GET"]}}],"collection":[{"href":"https:\/\/portaltela.pt\/api\/wp\/v2\/posts"}],"about":[{"href":"https:\/\/portaltela.pt\/api\/wp\/v2\/types\/post"}],"author":[{"embeddable":true,"href":"https:\/\/portaltela.pt\/api\/wp\/v2\/users\/2"}],"replies":[{"embeddable":true,"href":"https:\/\/portaltela.pt\/api\/wp\/v2\/comments?post=417128"}],"version-history":[{"count":0,"href":"https:\/\/portaltela.pt\/api\/wp\/v2\/posts\/417128\/revisions"}],"wp:featuredmedia":[{"embeddable":true,"href":"https:\/\/portaltela.pt\/api\/wp\/v2\/media\/417132"}],"wp:attachment":[{"href":"https:\/\/portaltela.pt\/api\/wp\/v2\/media?parent=417128"}],"wp:term":[{"taxonomy":"category","embeddable":true,"href":"https:\/\/portaltela.pt\/api\/wp\/v2\/categories?post=417128"},{"taxonomy":"post_tag","embeddable":true,"href":"https:\/\/portaltela.pt\/api\/wp\/v2\/tags?post=417128"}],"curies":[{"name":"wp","href":"https:\/\/api.w.org\/{rel}","templated":true}]}}