{"id":417105,"date":"2026-03-20T07:21:53","date_gmt":"2026-03-20T10:21:53","guid":{"rendered":"https:\/\/portaltela.pt\/noticias\/2026\/03\/20\/edificio-residencial-em-telavive-danificado-por-ataque-de-misseis-iranianos\/"},"modified":"2026-03-20T07:21:53","modified_gmt":"2026-03-20T10:21:53","slug":"edificio-residencial-em-telavive-danificado-por-ataque-de-misseis-iranianos","status":"publish","type":"post","link":"https:\/\/portaltela.pt\/guerra\/2026\/03\/20\/edificio-residencial-em-telavive-danificado-por-ataque-de-misseis-iranianos\/","title":{"rendered":"Edif\u00edcio residencial em Telavive danificado por ataque de m\u00edsseis iranianos"},"content":{"rendered":"<p>O edif\u00edcio residencial em Telavive foi atingido por m\u00edsseis atribu\u00eddos ao Ir\u00e3o, de acordo com informa\u00e7\u00f5es divulgadas pelo Correio da Manh\u00e3. A escalada de viol\u00eancia na regi\u00e3o j\u00e1 fez mais de duas mil v\u00edtimas mortais; servi\u00e7os de emerg\u00eancia estiveram no local para atender \u00e0 situa\u00e7\u00e3o.<\/p>\n<p>O im\u00f3vel sofreu danos significativos e ficou parcialmente destru\u00eddo. Autoridades locais e equipas de resgate trabalham para avaliar os estragos e assegurar a seguran\u00e7a dos moradores e profissionais que est\u00e3o no terreno.<\/p>\n<p>Telavive tem sido foco de confrontos recentes, com v\u00e1rias cidades alvo de ataques de m\u00edsseis e outras a\u00e7\u00f5es militares. A comunidade internacional acompanha com preocupa\u00e7\u00e3o a evolu\u00e7\u00e3o do conflito e procura solu\u00e7\u00f5es diplom\u00e1ticas para a crise.<\/p>\n<p>Ainda n\u00e3o h\u00e1 informa\u00e7\u00e3o confirmada sobre v\u00edtimas espec\u00edficas no incidente, mas as autoridades continuam a monitorizar a situa\u00e7\u00e3o e a prestar assist\u00eancia \u00e0s pessoas afetadas.<\/p>\n<h3>Situa\u00e7\u00e3o no terreno<\/h3>\n<p>As equipas de emerg\u00eancia permanecem no local para coordenar a resposta e evitar novos riscos, enquanto autoridades avaliam a extens\u00e3o dos danos e definem medidas de prote\u00e7\u00e3o para a popula\u00e7\u00e3o vizinha.<\/p>\n","protected":false},"excerpt":{"rendered":"<ul>\n<li>Edif\u00edcio residencial em Telavive foi atingido por m\u00edsseis iranianos, resultando em danos significativos e destrui\u00e7\u00e3o parcial.<\/li>\n<li>A informa\u00e7\u00e3o foi divulgada pelo Correio da Manh\u00e3.<\/li>\n<li>Servi\u00e7os de emerg\u00eancia estiveram no local para atender \u00e0 situa\u00e7\u00e3o.<\/li>\n<li>A escalada de viol\u00eancia na regi\u00e3o j\u00e1 deixou mais de dois mil mortos, com v\u00e1rias cidades a serem alvo de ataques.<\/li>\n<li>Autoridades locais, com equipas de resgate, avaliam os danos e garantem a seguran\u00e7a dos moradores; ainda n\u00e3o h\u00e1 confirma\u00e7\u00e3o de v\u00edtimas espec\u00edficas.<\/li>\n<\/ul>\n","protected":false},"author":2,"featured_media":417107,"comment_status":"closed","ping_status":"closed","sticky":false,"template":"","format":"standard","meta":{"footnotes":""},"categories":[6804],"tags":[2198,178,62,3153,6539,2871],"class_list":["post-417105","post","type-post","status-publish","format-standard","has-post-thumbnail","hentry","category-guerra","tag-conflitos-internacionais","tag-confrontos","tag-guerra","tag-ira","tag-missil-balisticos","tag-telavive"],"yoast_head":"<!-- This site is optimized with the Yoast SEO plugin v27.2 - https:\/\/yoast.com\/product\/yoast-seo-wordpress\/ -->\n<title>Edif\u00edcio residencial em Telavive danificado por ataque de m\u00edsseis iranianos - Portal Tela Portugal<\/title>\n<meta name=\"robots\" content=\"index, follow, max-snippet:-1, max-image-preview:large, max-video-preview:-1\" \/>\n<meta property=\"og:locale\" content=\"pt_PT\" \/>\n<meta property=\"og:type\" content=\"article\" \/>\n<meta property=\"og:title\" content=\"Edif\u00edcio residencial em Telavive danificado por ataque de m\u00edsseis iranianos - Portal Tela Portugal\" \/>\n<meta property=\"og:description\" content=\"Edif\u00edcio residencial em Telavive foi atingido por m\u00edsseis iranianos, resultando em danos significativos e destrui\u00e7\u00e3o parcial. A informa\u00e7\u00e3o foi divulgada pelo Correio da Manh\u00e3. Servi\u00e7os de emerg\u00eancia estiveram no local para atender \u00e0 situa\u00e7\u00e3o. A escalada de viol\u00eancia na regi\u00e3o j\u00e1 deixou mais de dois mil mortos, com v\u00e1rias cidades a serem alvo de ataques. Autoridades locais, com equipas de resgate, avaliam os danos e garantem a seguran\u00e7a dos moradores; ainda n\u00e3o h\u00e1 confirma\u00e7\u00e3o de v\u00edtimas espec\u00edficas.\" \/>\n<meta property=\"og:url\" content=\"https:\/\/portaltela.pt\/noticias\/2026\/03\/20\/edificio-residencial-em-telavive-danificado-por-ataque-de-misseis-iranianos\/\" \/>\n<meta property=\"og:site_name\" content=\"Portal Tela Portugal\" \/>\n<meta property=\"article:published_time\" content=\"2026-03-20T10:21:53+00:00\" \/>\n<meta name=\"author\" content=\"Telinha\" \/>\n<meta name=\"twitter:card\" content=\"summary_large_image\" \/>\n<meta name=\"twitter:label1\" content=\"Escrito por\" \/>\n\t<meta name=\"twitter:data1\" content=\"Telinha\" \/>\n\t<meta name=\"twitter:label2\" content=\"Tempo estimado de leitura\" \/>\n\t<meta name=\"twitter:data2\" content=\"1 minuto\" \/>\n<script type=\"application\/ld+json\" class=\"yoast-schema-graph\">{\"@context\":\"https:\/\/schema.org\",\"@graph\":[{\"@type\":\"Article\",\"@id\":\"https:\/\/portaltela.pt\/noticias\/2026\/03\/20\/edificio-residencial-em-telavive-danificado-por-ataque-de-misseis-iranianos\/#article\",\"isPartOf\":{\"@id\":\"https:\/\/portaltela.pt\/noticias\/2026\/03\/20\/edificio-residencial-em-telavive-danificado-por-ataque-de-misseis-iranianos\/\"},\"author\":{\"name\":\"Telinha\",\"@id\":\"https:\/\/portaltela.pt\/#\/schema\/person\/c4278d4a6028830caff9ee44b42d32ed\"},\"headline\":\"Edif\u00edcio residencial em Telavive danificado por ataque de m\u00edsseis iranianos\",\"datePublished\":\"2026-03-20T10:21:53+00:00\",\"mainEntityOfPage\":{\"@id\":\"https:\/\/portaltela.pt\/noticias\/2026\/03\/20\/edificio-residencial-em-telavive-danificado-por-ataque-de-misseis-iranianos\/\"},\"wordCount\":216,\"image\":{\"@id\":\"https:\/\/portaltela.pt\/noticias\/2026\/03\/20\/edificio-residencial-em-telavive-danificado-por-ataque-de-misseis-iranianos\/#primaryimage\"},\"thumbnailUrl\":\"https:\/\/portaltela.pt\/s.01k8rhncp4jt1\/2026\/03\/img_1280x722uu2026-03-20-10-13-12-2273628.jpg\",\"keywords\":[\"conflitos internacionais\",\"confrontos\",\"guerra\",\"Ir\u00e3\",\"m\u00edssil bal\u00edsticos\",\"Telavive\"],\"articleSection\":[\"Guerra\"],\"inLanguage\":\"pt-PT\"},{\"@type\":\"WebPage\",\"@id\":\"https:\/\/portaltela.pt\/noticias\/2026\/03\/20\/edificio-residencial-em-telavive-danificado-por-ataque-de-misseis-iranianos\/\",\"url\":\"https:\/\/portaltela.pt\/noticias\/2026\/03\/20\/edificio-residencial-em-telavive-danificado-por-ataque-de-misseis-iranianos\/\",\"name\":\"Edif\u00edcio residencial em Telavive danificado por ataque de m\u00edsseis iranianos - Portal Tela Portugal\",\"isPartOf\":{\"@id\":\"https:\/\/portaltela.pt\/#website\"},\"primaryImageOfPage\":{\"@id\":\"https:\/\/portaltela.pt\/noticias\/2026\/03\/20\/edificio-residencial-em-telavive-danificado-por-ataque-de-misseis-iranianos\/#primaryimage\"},\"image\":{\"@id\":\"https:\/\/portaltela.pt\/noticias\/2026\/03\/20\/edificio-residencial-em-telavive-danificado-por-ataque-de-misseis-iranianos\/#primaryimage\"},\"thumbnailUrl\":\"https:\/\/portaltela.pt\/s.01k8rhncp4jt1\/2026\/03\/img_1280x722uu2026-03-20-10-13-12-2273628.jpg\",\"datePublished\":\"2026-03-20T10:21:53+00:00\",\"author\":{\"@id\":\"https:\/\/portaltela.pt\/#\/schema\/person\/c4278d4a6028830caff9ee44b42d32ed\"},\"breadcrumb\":{\"@id\":\"https:\/\/portaltela.pt\/noticias\/2026\/03\/20\/edificio-residencial-em-telavive-danificado-por-ataque-de-misseis-iranianos\/#breadcrumb\"},\"inLanguage\":\"pt-PT\",\"potentialAction\":[{\"@type\":\"ReadAction\",\"target\":[\"https:\/\/portaltela.pt\/noticias\/2026\/03\/20\/edificio-residencial-em-telavive-danificado-por-ataque-de-misseis-iranianos\/\"]}]},{\"@type\":\"ImageObject\",\"inLanguage\":\"pt-PT\",\"@id\":\"https:\/\/portaltela.pt\/noticias\/2026\/03\/20\/edificio-residencial-em-telavive-danificado-por-ataque-de-misseis-iranianos\/#primaryimage\",\"url\":\"https:\/\/portaltela.pt\/s.01k8rhncp4jt1\/2026\/03\/img_1280x722uu2026-03-20-10-13-12-2273628.jpg\",\"contentUrl\":\"https:\/\/portaltela.pt\/s.01k8rhncp4jt1\/2026\/03\/img_1280x722uu2026-03-20-10-13-12-2273628.jpg\",\"width\":796,\"height\":448,\"caption\":\"Photo\"},{\"@type\":\"BreadcrumbList\",\"@id\":\"https:\/\/portaltela.pt\/noticias\/2026\/03\/20\/edificio-residencial-em-telavive-danificado-por-ataque-de-misseis-iranianos\/#breadcrumb\",\"itemListElement\":[{\"@type\":\"ListItem\",\"position\":1,\"name\":\"In\u00edcio\",\"item\":\"https:\/\/portaltela.pt\/\"},{\"@type\":\"ListItem\",\"position\":2,\"name\":\"Edif\u00edcio residencial em Telavive danificado por ataque de m\u00edsseis iranianos\"}]},{\"@type\":\"WebSite\",\"@id\":\"https:\/\/portaltela.pt\/#website\",\"url\":\"https:\/\/portaltela.pt\/\",\"name\":\"Portal Tela Portugal\",\"description\":\"\",\"potentialAction\":[{\"@type\":\"SearchAction\",\"target\":{\"@type\":\"EntryPoint\",\"urlTemplate\":\"https:\/\/portaltela.pt\/?s={search_term_string}\"},\"query-input\":{\"@type\":\"PropertyValueSpecification\",\"valueRequired\":true,\"valueName\":\"search_term_string\"}}],\"inLanguage\":\"pt-PT\"},{\"@type\":\"Person\",\"@id\":\"https:\/\/portaltela.pt\/#\/schema\/person\/c4278d4a6028830caff9ee44b42d32ed\",\"name\":\"Telinha\",\"image\":{\"@type\":\"ImageObject\",\"inLanguage\":\"pt-PT\",\"@id\":\"https:\/\/portaltela.pt\/s.01k8rhncp4jt1\/2025\/11\/talking-bot-125x125.png\",\"url\":\"https:\/\/portaltela.pt\/s.01k8rhncp4jt1\/2025\/11\/talking-bot-125x125.png\",\"contentUrl\":\"https:\/\/portaltela.pt\/s.01k8rhncp4jt1\/2025\/11\/talking-bot-125x125.png\",\"caption\":\"Telinha\"},\"sameAs\":[\"https:\/\/portaltela.pt\/\"],\"url\":\"https:\/\/portaltela.pt\/por\/367410592786\/\"}]}<\/script>\n<!-- \/ Yoast SEO plugin. -->","yoast_head_json":{"title":"Edif\u00edcio residencial em Telavive danificado por ataque de m\u00edsseis iranianos - Portal Tela Portugal","robots":{"index":"index","follow":"follow","max-snippet":"max-snippet:-1","max-image-preview":"max-image-preview:large","max-video-preview":"max-video-preview:-1"},"og_locale":"pt_PT","og_type":"article","og_title":"Edif\u00edcio residencial em Telavive danificado por ataque de m\u00edsseis iranianos - Portal Tela Portugal","og_description":"Edif\u00edcio residencial em Telavive foi atingido por m\u00edsseis iranianos, resultando em danos significativos e destrui\u00e7\u00e3o parcial. A informa\u00e7\u00e3o foi divulgada pelo Correio da Manh\u00e3. Servi\u00e7os de emerg\u00eancia estiveram no local para atender \u00e0 situa\u00e7\u00e3o. A escalada de viol\u00eancia na regi\u00e3o j\u00e1 deixou mais de dois mil mortos, com v\u00e1rias cidades a serem alvo de ataques. Autoridades locais, com equipas de resgate, avaliam os danos e garantem a seguran\u00e7a dos moradores; ainda n\u00e3o h\u00e1 confirma\u00e7\u00e3o de v\u00edtimas espec\u00edficas.","og_url":"https:\/\/portaltela.pt\/noticias\/2026\/03\/20\/edificio-residencial-em-telavive-danificado-por-ataque-de-misseis-iranianos\/","og_site_name":"Portal Tela Portugal","article_published_time":"2026-03-20T10:21:53+00:00","author":"Telinha","twitter_card":"summary_large_image","twitter_misc":{"Escrito por":"Telinha","Tempo estimado de leitura":"1 minuto"},"schema":{"@context":"https:\/\/schema.org","@graph":[{"@type":"Article","@id":"https:\/\/portaltela.pt\/noticias\/2026\/03\/20\/edificio-residencial-em-telavive-danificado-por-ataque-de-misseis-iranianos\/#article","isPartOf":{"@id":"https:\/\/portaltela.pt\/noticias\/2026\/03\/20\/edificio-residencial-em-telavive-danificado-por-ataque-de-misseis-iranianos\/"},"author":{"name":"Telinha","@id":"https:\/\/portaltela.pt\/#\/schema\/person\/c4278d4a6028830caff9ee44b42d32ed"},"headline":"Edif\u00edcio residencial em Telavive danificado por ataque de m\u00edsseis iranianos","datePublished":"2026-03-20T10:21:53+00:00","mainEntityOfPage":{"@id":"https:\/\/portaltela.pt\/noticias\/2026\/03\/20\/edificio-residencial-em-telavive-danificado-por-ataque-de-misseis-iranianos\/"},"wordCount":216,"image":{"@id":"https:\/\/portaltela.pt\/noticias\/2026\/03\/20\/edificio-residencial-em-telavive-danificado-por-ataque-de-misseis-iranianos\/#primaryimage"},"thumbnailUrl":"https:\/\/portaltela.pt\/s.01k8rhncp4jt1\/2026\/03\/img_1280x722uu2026-03-20-10-13-12-2273628.jpg","keywords":["conflitos internacionais","confrontos","guerra","Ir\u00e3","m\u00edssil bal\u00edsticos","Telavive"],"articleSection":["Guerra"],"inLanguage":"pt-PT"},{"@type":"WebPage","@id":"https:\/\/portaltela.pt\/noticias\/2026\/03\/20\/edificio-residencial-em-telavive-danificado-por-ataque-de-misseis-iranianos\/","url":"https:\/\/portaltela.pt\/noticias\/2026\/03\/20\/edificio-residencial-em-telavive-danificado-por-ataque-de-misseis-iranianos\/","name":"Edif\u00edcio residencial em Telavive danificado por ataque de m\u00edsseis iranianos - Portal Tela Portugal","isPartOf":{"@id":"https:\/\/portaltela.pt\/#website"},"primaryImageOfPage":{"@id":"https:\/\/portaltela.pt\/noticias\/2026\/03\/20\/edificio-residencial-em-telavive-danificado-por-ataque-de-misseis-iranianos\/#primaryimage"},"image":{"@id":"https:\/\/portaltela.pt\/noticias\/2026\/03\/20\/edificio-residencial-em-telavive-danificado-por-ataque-de-misseis-iranianos\/#primaryimage"},"thumbnailUrl":"https:\/\/portaltela.pt\/s.01k8rhncp4jt1\/2026\/03\/img_1280x722uu2026-03-20-10-13-12-2273628.jpg","datePublished":"2026-03-20T10:21:53+00:00","author":{"@id":"https:\/\/portaltela.pt\/#\/schema\/person\/c4278d4a6028830caff9ee44b42d32ed"},"breadcrumb":{"@id":"https:\/\/portaltela.pt\/noticias\/2026\/03\/20\/edificio-residencial-em-telavive-danificado-por-ataque-de-misseis-iranianos\/#breadcrumb"},"inLanguage":"pt-PT","potentialAction":[{"@type":"ReadAction","target":["https:\/\/portaltela.pt\/noticias\/2026\/03\/20\/edificio-residencial-em-telavive-danificado-por-ataque-de-misseis-iranianos\/"]}]},{"@type":"ImageObject","inLanguage":"pt-PT","@id":"https:\/\/portaltela.pt\/noticias\/2026\/03\/20\/edificio-residencial-em-telavive-danificado-por-ataque-de-misseis-iranianos\/#primaryimage","url":"https:\/\/portaltela.pt\/s.01k8rhncp4jt1\/2026\/03\/img_1280x722uu2026-03-20-10-13-12-2273628.jpg","contentUrl":"https:\/\/portaltela.pt\/s.01k8rhncp4jt1\/2026\/03\/img_1280x722uu2026-03-20-10-13-12-2273628.jpg","width":796,"height":448,"caption":"Photo"},{"@type":"BreadcrumbList","@id":"https:\/\/portaltela.pt\/noticias\/2026\/03\/20\/edificio-residencial-em-telavive-danificado-por-ataque-de-misseis-iranianos\/#breadcrumb","itemListElement":[{"@type":"ListItem","position":1,"name":"In\u00edcio","item":"https:\/\/portaltela.pt\/"},{"@type":"ListItem","position":2,"name":"Edif\u00edcio residencial em Telavive danificado por ataque de m\u00edsseis iranianos"}]},{"@type":"WebSite","@id":"https:\/\/portaltela.pt\/#website","url":"https:\/\/portaltela.pt\/","name":"Portal Tela Portugal","description":"","potentialAction":[{"@type":"SearchAction","target":{"@type":"EntryPoint","urlTemplate":"https:\/\/portaltela.pt\/?s={search_term_string}"},"query-input":{"@type":"PropertyValueSpecification","valueRequired":true,"valueName":"search_term_string"}}],"inLanguage":"pt-PT"},{"@type":"Person","@id":"https:\/\/portaltela.pt\/#\/schema\/person\/c4278d4a6028830caff9ee44b42d32ed","name":"Telinha","image":{"@type":"ImageObject","inLanguage":"pt-PT","@id":"https:\/\/portaltela.pt\/s.01k8rhncp4jt1\/2025\/11\/talking-bot-125x125.png","url":"https:\/\/portaltela.pt\/s.01k8rhncp4jt1\/2025\/11\/talking-bot-125x125.png","contentUrl":"https:\/\/portaltela.pt\/s.01k8rhncp4jt1\/2025\/11\/talking-bot-125x125.png","caption":"Telinha"},"sameAs":["https:\/\/portaltela.pt\/"],"url":"https:\/\/portaltela.pt\/por\/367410592786\/"}]}},"_links":{"self":[{"href":"https:\/\/portaltela.pt\/api\/wp\/v2\/posts\/417105","targetHints":{"allow":["GET"]}}],"collection":[{"href":"https:\/\/portaltela.pt\/api\/wp\/v2\/posts"}],"about":[{"href":"https:\/\/portaltela.pt\/api\/wp\/v2\/types\/post"}],"author":[{"embeddable":true,"href":"https:\/\/portaltela.pt\/api\/wp\/v2\/users\/2"}],"replies":[{"embeddable":true,"href":"https:\/\/portaltela.pt\/api\/wp\/v2\/comments?post=417105"}],"version-history":[{"count":0,"href":"https:\/\/portaltela.pt\/api\/wp\/v2\/posts\/417105\/revisions"}],"wp:featuredmedia":[{"embeddable":true,"href":"https:\/\/portaltela.pt\/api\/wp\/v2\/media\/417107"}],"wp:attachment":[{"href":"https:\/\/portaltela.pt\/api\/wp\/v2\/media?parent=417105"}],"wp:term":[{"taxonomy":"category","embeddable":true,"href":"https:\/\/portaltela.pt\/api\/wp\/v2\/categories?post=417105"},{"taxonomy":"post_tag","embeddable":true,"href":"https:\/\/portaltela.pt\/api\/wp\/v2\/tags?post=417105"}],"curies":[{"name":"wp","href":"https:\/\/api.w.org\/{rel}","templated":true}]}}