{"id":417076,"date":"2026-03-20T06:57:00","date_gmt":"2026-03-20T09:57:00","guid":{"rendered":"https:\/\/portaltela.pt\/noticias\/2026\/03\/20\/miguel-cardoso-a-poesia-obriga-a-ver-a-lingua-como-morta\/"},"modified":"2026-03-20T06:57:00","modified_gmt":"2026-03-20T09:57:00","slug":"miguel-cardoso-a-poesia-obriga-a-ver-a-lingua-como-morta","status":"publish","type":"post","link":"https:\/\/portaltela.pt\/noticias\/2026\/03\/20\/miguel-cardoso-a-poesia-obriga-a-ver-a-lingua-como-morta\/","title":{"rendered":"Miguel Cardoso: a poesia obriga a ver a l\u00edngua como morta"},"content":{"rendered":"<p>Durante uma resid\u00eancia liter\u00e1ria em Berlim, o escritor Miguel Cardoso desenvolveu o livro Passageiros, projeto que afirma a singularidade do seu canto entre o circunstancial e o colectivo, a mem\u00f3ria e a Hist\u00f3ria.<\/p>\n<p>O volume resulta de uma pr\u00e1tica criativa que se serviu do entorno da capital alem\u00e3 para explorar temas de tempo, linguagem e identidade. Sa\u00edda da resid\u00eancia, a obra refor\u00e7a a tens\u00e3o entre o presente e o legado cultural.<\/p>\n<p>Cardoso utiliza este percurso para afirmar uma vis\u00e3o po\u00e9tica pr\u00f3pria, onde a l\u00edngua funciona como um campo de an\u00e1lise do tempo. O livro emerge como continuidade de uma produ\u00e7\u00e3o marcada pela reflex\u00e3o sobre mem\u00f3ria e espa\u00e7o p\u00fablico.<\/p>\n","protected":false},"excerpt":{"rendered":"<ul>\n<li>Miguel Cardoso, atrav\u00e9s de uma resid\u00eancia liter\u00e1ria em Berlim, escreveu o livro Passageiros.<\/li>\n<li>O trabalho refor\u00e7a a singularidade do seu canto, entre o circunstancial e o colectivo, a mem\u00f3ria e a Hist\u00f3ria.<\/li>\n<li>O texto destaca a rela\u00e7\u00e3o entre tempo, mem\u00f3ria e linguagem na poesia de Cardoso.<\/li>\n<li>Em causa est\u00e1 a express\u00e3o po\u00e9tica que encara a l\u00edngua como se j\u00e1 tivesse morrido, segundo o autor.<\/li>\n<li>Um verso citado sugere o desafio de criar frases para desertar do tempo: \u201cN\u00e3o sabendo eu frases para desertar do tempo.\u201d<\/li>\n<\/ul>\n","protected":false},"author":2,"featured_media":417077,"comment_status":"closed","ping_status":"closed","sticky":false,"template":"","format":"standard","meta":{"footnotes":""},"categories":[7375,1],"tags":[1158,145,299,6565,3030,5553],"class_list":["post-417076","post","type-post","status-publish","format-standard","has-post-thumbnail","hentry","category-cultura","category-noticias","tag-berlim","tag-cultura","tag-historia","tag-lingua","tag-memoria-literaria","tag-poesia"],"yoast_head":"<!-- This site is optimized with the Yoast SEO plugin v27.2 - https:\/\/yoast.com\/product\/yoast-seo-wordpress\/ -->\n<title>Miguel Cardoso: a poesia obriga a ver a l\u00edngua como morta - Portal Tela Portugal<\/title>\n<meta name=\"robots\" content=\"index, follow, max-snippet:-1, max-image-preview:large, max-video-preview:-1\" \/>\n<meta property=\"og:locale\" content=\"pt_PT\" \/>\n<meta property=\"og:type\" content=\"article\" \/>\n<meta property=\"og:title\" content=\"Miguel Cardoso: a poesia obriga a ver a l\u00edngua como morta - Portal Tela Portugal\" \/>\n<meta property=\"og:description\" content=\"Miguel Cardoso, atrav\u00e9s de uma resid\u00eancia liter\u00e1ria em Berlim, escreveu o livro Passageiros. O trabalho refor\u00e7a a singularidade do seu canto, entre o circunstancial e o colectivo, a mem\u00f3ria e a Hist\u00f3ria. O texto destaca a rela\u00e7\u00e3o entre tempo, mem\u00f3ria e linguagem na poesia de Cardoso. Em causa est\u00e1 a express\u00e3o po\u00e9tica que encara a l\u00edngua como se j\u00e1 tivesse morrido, segundo o autor. Um verso citado sugere o desafio de criar frases para desertar do tempo: \u201cN\u00e3o sabendo eu frases para desertar do tempo.\u201d\" \/>\n<meta property=\"og:url\" content=\"https:\/\/portaltela.pt\/noticias\/2026\/03\/20\/miguel-cardoso-a-poesia-obriga-a-ver-a-lingua-como-morta\/\" \/>\n<meta property=\"og:site_name\" content=\"Portal Tela Portugal\" \/>\n<meta property=\"article:published_time\" content=\"2026-03-20T09:57:00+00:00\" \/>\n<meta name=\"author\" content=\"Telinha\" \/>\n<meta name=\"twitter:card\" content=\"summary_large_image\" \/>\n<meta name=\"twitter:label1\" content=\"Escrito por\" \/>\n\t<meta name=\"twitter:data1\" content=\"Telinha\" \/>\n\t<meta name=\"twitter:label2\" content=\"Tempo estimado de leitura\" \/>\n\t<meta name=\"twitter:data2\" content=\"1 minuto\" \/>\n<script type=\"application\/ld+json\" class=\"yoast-schema-graph\">{\"@context\":\"https:\/\/schema.org\",\"@graph\":[{\"@type\":\"Article\",\"@id\":\"https:\/\/portaltela.pt\/noticias\/2026\/03\/20\/miguel-cardoso-a-poesia-obriga-a-ver-a-lingua-como-morta\/#article\",\"isPartOf\":{\"@id\":\"https:\/\/portaltela.pt\/noticias\/2026\/03\/20\/miguel-cardoso-a-poesia-obriga-a-ver-a-lingua-como-morta\/\"},\"author\":{\"name\":\"Telinha\",\"@id\":\"https:\/\/portaltela.pt\/#\/schema\/person\/c4278d4a6028830caff9ee44b42d32ed\"},\"headline\":\"Miguel Cardoso: a poesia obriga a ver a l\u00edngua como morta\",\"datePublished\":\"2026-03-20T09:57:00+00:00\",\"mainEntityOfPage\":{\"@id\":\"https:\/\/portaltela.pt\/noticias\/2026\/03\/20\/miguel-cardoso-a-poesia-obriga-a-ver-a-lingua-como-morta\/\"},\"wordCount\":139,\"image\":{\"@id\":\"https:\/\/portaltela.pt\/noticias\/2026\/03\/20\/miguel-cardoso-a-poesia-obriga-a-ver-a-lingua-como-morta\/#primaryimage\"},\"thumbnailUrl\":\"https:\/\/portaltela.pt\/s.01k8rhncp4jt1\/2026\/03\/tpUHdbIMAGENStypeJPGshare1oBarraFacebook_Ipsilon-7.jpg\",\"keywords\":[\"Berlim\",\"cultura\",\"hist\u00f3ria\",\"l\u00edngua\",\"mem\u00f3ria liter\u00e1ria\",\"poesia\"],\"articleSection\":[\"Cultura\",\"Not\u00edcias\"],\"inLanguage\":\"pt-PT\"},{\"@type\":\"WebPage\",\"@id\":\"https:\/\/portaltela.pt\/noticias\/2026\/03\/20\/miguel-cardoso-a-poesia-obriga-a-ver-a-lingua-como-morta\/\",\"url\":\"https:\/\/portaltela.pt\/noticias\/2026\/03\/20\/miguel-cardoso-a-poesia-obriga-a-ver-a-lingua-como-morta\/\",\"name\":\"Miguel Cardoso: a poesia obriga a ver a l\u00edngua como morta - Portal Tela Portugal\",\"isPartOf\":{\"@id\":\"https:\/\/portaltela.pt\/#website\"},\"primaryImageOfPage\":{\"@id\":\"https:\/\/portaltela.pt\/noticias\/2026\/03\/20\/miguel-cardoso-a-poesia-obriga-a-ver-a-lingua-como-morta\/#primaryimage\"},\"image\":{\"@id\":\"https:\/\/portaltela.pt\/noticias\/2026\/03\/20\/miguel-cardoso-a-poesia-obriga-a-ver-a-lingua-como-morta\/#primaryimage\"},\"thumbnailUrl\":\"https:\/\/portaltela.pt\/s.01k8rhncp4jt1\/2026\/03\/tpUHdbIMAGENStypeJPGshare1oBarraFacebook_Ipsilon-7.jpg\",\"datePublished\":\"2026-03-20T09:57:00+00:00\",\"author\":{\"@id\":\"https:\/\/portaltela.pt\/#\/schema\/person\/c4278d4a6028830caff9ee44b42d32ed\"},\"breadcrumb\":{\"@id\":\"https:\/\/portaltela.pt\/noticias\/2026\/03\/20\/miguel-cardoso-a-poesia-obriga-a-ver-a-lingua-como-morta\/#breadcrumb\"},\"inLanguage\":\"pt-PT\",\"potentialAction\":[{\"@type\":\"ReadAction\",\"target\":[\"https:\/\/portaltela.pt\/noticias\/2026\/03\/20\/miguel-cardoso-a-poesia-obriga-a-ver-a-lingua-como-morta\/\"]}]},{\"@type\":\"ImageObject\",\"inLanguage\":\"pt-PT\",\"@id\":\"https:\/\/portaltela.pt\/noticias\/2026\/03\/20\/miguel-cardoso-a-poesia-obriga-a-ver-a-lingua-como-morta\/#primaryimage\",\"url\":\"https:\/\/portaltela.pt\/s.01k8rhncp4jt1\/2026\/03\/tpUHdbIMAGENStypeJPGshare1oBarraFacebook_Ipsilon-7.jpg\",\"contentUrl\":\"https:\/\/portaltela.pt\/s.01k8rhncp4jt1\/2026\/03\/tpUHdbIMAGENStypeJPGshare1oBarraFacebook_Ipsilon-7.jpg\",\"width\":1200,\"height\":630,\"caption\":\"Em *Passageiros*, o seu nono volume de poesia, Miguel Cardoso usou versos e postais (sobretudo de Berlim) para ser outro, sem deixar de ser ele pr\u00f3prio\"},{\"@type\":\"BreadcrumbList\",\"@id\":\"https:\/\/portaltela.pt\/noticias\/2026\/03\/20\/miguel-cardoso-a-poesia-obriga-a-ver-a-lingua-como-morta\/#breadcrumb\",\"itemListElement\":[{\"@type\":\"ListItem\",\"position\":1,\"name\":\"In\u00edcio\",\"item\":\"https:\/\/portaltela.pt\/\"},{\"@type\":\"ListItem\",\"position\":2,\"name\":\"Miguel Cardoso: a poesia obriga a ver a l\u00edngua como morta\"}]},{\"@type\":\"WebSite\",\"@id\":\"https:\/\/portaltela.pt\/#website\",\"url\":\"https:\/\/portaltela.pt\/\",\"name\":\"Portal Tela Portugal\",\"description\":\"\",\"potentialAction\":[{\"@type\":\"SearchAction\",\"target\":{\"@type\":\"EntryPoint\",\"urlTemplate\":\"https:\/\/portaltela.pt\/?s={search_term_string}\"},\"query-input\":{\"@type\":\"PropertyValueSpecification\",\"valueRequired\":true,\"valueName\":\"search_term_string\"}}],\"inLanguage\":\"pt-PT\"},{\"@type\":\"Person\",\"@id\":\"https:\/\/portaltela.pt\/#\/schema\/person\/c4278d4a6028830caff9ee44b42d32ed\",\"name\":\"Telinha\",\"image\":{\"@type\":\"ImageObject\",\"inLanguage\":\"pt-PT\",\"@id\":\"https:\/\/portaltela.pt\/s.01k8rhncp4jt1\/2025\/11\/talking-bot-125x125.png\",\"url\":\"https:\/\/portaltela.pt\/s.01k8rhncp4jt1\/2025\/11\/talking-bot-125x125.png\",\"contentUrl\":\"https:\/\/portaltela.pt\/s.01k8rhncp4jt1\/2025\/11\/talking-bot-125x125.png\",\"caption\":\"Telinha\"},\"sameAs\":[\"https:\/\/portaltela.pt\/\"],\"url\":\"https:\/\/portaltela.pt\/por\/367410592786\/\"}]}<\/script>\n<!-- \/ Yoast SEO plugin. -->","yoast_head_json":{"title":"Miguel Cardoso: a poesia obriga a ver a l\u00edngua como morta - Portal Tela Portugal","robots":{"index":"index","follow":"follow","max-snippet":"max-snippet:-1","max-image-preview":"max-image-preview:large","max-video-preview":"max-video-preview:-1"},"og_locale":"pt_PT","og_type":"article","og_title":"Miguel Cardoso: a poesia obriga a ver a l\u00edngua como morta - Portal Tela Portugal","og_description":"Miguel Cardoso, atrav\u00e9s de uma resid\u00eancia liter\u00e1ria em Berlim, escreveu o livro Passageiros. O trabalho refor\u00e7a a singularidade do seu canto, entre o circunstancial e o colectivo, a mem\u00f3ria e a Hist\u00f3ria. O texto destaca a rela\u00e7\u00e3o entre tempo, mem\u00f3ria e linguagem na poesia de Cardoso. Em causa est\u00e1 a express\u00e3o po\u00e9tica que encara a l\u00edngua como se j\u00e1 tivesse morrido, segundo o autor. Um verso citado sugere o desafio de criar frases para desertar do tempo: \u201cN\u00e3o sabendo eu frases para desertar do tempo.\u201d","og_url":"https:\/\/portaltela.pt\/noticias\/2026\/03\/20\/miguel-cardoso-a-poesia-obriga-a-ver-a-lingua-como-morta\/","og_site_name":"Portal Tela Portugal","article_published_time":"2026-03-20T09:57:00+00:00","author":"Telinha","twitter_card":"summary_large_image","twitter_misc":{"Escrito por":"Telinha","Tempo estimado de leitura":"1 minuto"},"schema":{"@context":"https:\/\/schema.org","@graph":[{"@type":"Article","@id":"https:\/\/portaltela.pt\/noticias\/2026\/03\/20\/miguel-cardoso-a-poesia-obriga-a-ver-a-lingua-como-morta\/#article","isPartOf":{"@id":"https:\/\/portaltela.pt\/noticias\/2026\/03\/20\/miguel-cardoso-a-poesia-obriga-a-ver-a-lingua-como-morta\/"},"author":{"name":"Telinha","@id":"https:\/\/portaltela.pt\/#\/schema\/person\/c4278d4a6028830caff9ee44b42d32ed"},"headline":"Miguel Cardoso: a poesia obriga a ver a l\u00edngua como morta","datePublished":"2026-03-20T09:57:00+00:00","mainEntityOfPage":{"@id":"https:\/\/portaltela.pt\/noticias\/2026\/03\/20\/miguel-cardoso-a-poesia-obriga-a-ver-a-lingua-como-morta\/"},"wordCount":139,"image":{"@id":"https:\/\/portaltela.pt\/noticias\/2026\/03\/20\/miguel-cardoso-a-poesia-obriga-a-ver-a-lingua-como-morta\/#primaryimage"},"thumbnailUrl":"https:\/\/portaltela.pt\/s.01k8rhncp4jt1\/2026\/03\/tpUHdbIMAGENStypeJPGshare1oBarraFacebook_Ipsilon-7.jpg","keywords":["Berlim","cultura","hist\u00f3ria","l\u00edngua","mem\u00f3ria liter\u00e1ria","poesia"],"articleSection":["Cultura","Not\u00edcias"],"inLanguage":"pt-PT"},{"@type":"WebPage","@id":"https:\/\/portaltela.pt\/noticias\/2026\/03\/20\/miguel-cardoso-a-poesia-obriga-a-ver-a-lingua-como-morta\/","url":"https:\/\/portaltela.pt\/noticias\/2026\/03\/20\/miguel-cardoso-a-poesia-obriga-a-ver-a-lingua-como-morta\/","name":"Miguel Cardoso: a poesia obriga a ver a l\u00edngua como morta - Portal Tela Portugal","isPartOf":{"@id":"https:\/\/portaltela.pt\/#website"},"primaryImageOfPage":{"@id":"https:\/\/portaltela.pt\/noticias\/2026\/03\/20\/miguel-cardoso-a-poesia-obriga-a-ver-a-lingua-como-morta\/#primaryimage"},"image":{"@id":"https:\/\/portaltela.pt\/noticias\/2026\/03\/20\/miguel-cardoso-a-poesia-obriga-a-ver-a-lingua-como-morta\/#primaryimage"},"thumbnailUrl":"https:\/\/portaltela.pt\/s.01k8rhncp4jt1\/2026\/03\/tpUHdbIMAGENStypeJPGshare1oBarraFacebook_Ipsilon-7.jpg","datePublished":"2026-03-20T09:57:00+00:00","author":{"@id":"https:\/\/portaltela.pt\/#\/schema\/person\/c4278d4a6028830caff9ee44b42d32ed"},"breadcrumb":{"@id":"https:\/\/portaltela.pt\/noticias\/2026\/03\/20\/miguel-cardoso-a-poesia-obriga-a-ver-a-lingua-como-morta\/#breadcrumb"},"inLanguage":"pt-PT","potentialAction":[{"@type":"ReadAction","target":["https:\/\/portaltela.pt\/noticias\/2026\/03\/20\/miguel-cardoso-a-poesia-obriga-a-ver-a-lingua-como-morta\/"]}]},{"@type":"ImageObject","inLanguage":"pt-PT","@id":"https:\/\/portaltela.pt\/noticias\/2026\/03\/20\/miguel-cardoso-a-poesia-obriga-a-ver-a-lingua-como-morta\/#primaryimage","url":"https:\/\/portaltela.pt\/s.01k8rhncp4jt1\/2026\/03\/tpUHdbIMAGENStypeJPGshare1oBarraFacebook_Ipsilon-7.jpg","contentUrl":"https:\/\/portaltela.pt\/s.01k8rhncp4jt1\/2026\/03\/tpUHdbIMAGENStypeJPGshare1oBarraFacebook_Ipsilon-7.jpg","width":1200,"height":630,"caption":"Em *Passageiros*, o seu nono volume de poesia, Miguel Cardoso usou versos e postais (sobretudo de Berlim) para ser outro, sem deixar de ser ele pr\u00f3prio"},{"@type":"BreadcrumbList","@id":"https:\/\/portaltela.pt\/noticias\/2026\/03\/20\/miguel-cardoso-a-poesia-obriga-a-ver-a-lingua-como-morta\/#breadcrumb","itemListElement":[{"@type":"ListItem","position":1,"name":"In\u00edcio","item":"https:\/\/portaltela.pt\/"},{"@type":"ListItem","position":2,"name":"Miguel Cardoso: a poesia obriga a ver a l\u00edngua como morta"}]},{"@type":"WebSite","@id":"https:\/\/portaltela.pt\/#website","url":"https:\/\/portaltela.pt\/","name":"Portal Tela Portugal","description":"","potentialAction":[{"@type":"SearchAction","target":{"@type":"EntryPoint","urlTemplate":"https:\/\/portaltela.pt\/?s={search_term_string}"},"query-input":{"@type":"PropertyValueSpecification","valueRequired":true,"valueName":"search_term_string"}}],"inLanguage":"pt-PT"},{"@type":"Person","@id":"https:\/\/portaltela.pt\/#\/schema\/person\/c4278d4a6028830caff9ee44b42d32ed","name":"Telinha","image":{"@type":"ImageObject","inLanguage":"pt-PT","@id":"https:\/\/portaltela.pt\/s.01k8rhncp4jt1\/2025\/11\/talking-bot-125x125.png","url":"https:\/\/portaltela.pt\/s.01k8rhncp4jt1\/2025\/11\/talking-bot-125x125.png","contentUrl":"https:\/\/portaltela.pt\/s.01k8rhncp4jt1\/2025\/11\/talking-bot-125x125.png","caption":"Telinha"},"sameAs":["https:\/\/portaltela.pt\/"],"url":"https:\/\/portaltela.pt\/por\/367410592786\/"}]}},"_links":{"self":[{"href":"https:\/\/portaltela.pt\/api\/wp\/v2\/posts\/417076","targetHints":{"allow":["GET"]}}],"collection":[{"href":"https:\/\/portaltela.pt\/api\/wp\/v2\/posts"}],"about":[{"href":"https:\/\/portaltela.pt\/api\/wp\/v2\/types\/post"}],"author":[{"embeddable":true,"href":"https:\/\/portaltela.pt\/api\/wp\/v2\/users\/2"}],"replies":[{"embeddable":true,"href":"https:\/\/portaltela.pt\/api\/wp\/v2\/comments?post=417076"}],"version-history":[{"count":0,"href":"https:\/\/portaltela.pt\/api\/wp\/v2\/posts\/417076\/revisions"}],"wp:featuredmedia":[{"embeddable":true,"href":"https:\/\/portaltela.pt\/api\/wp\/v2\/media\/417077"}],"wp:attachment":[{"href":"https:\/\/portaltela.pt\/api\/wp\/v2\/media?parent=417076"}],"wp:term":[{"taxonomy":"category","embeddable":true,"href":"https:\/\/portaltela.pt\/api\/wp\/v2\/categories?post=417076"},{"taxonomy":"post_tag","embeddable":true,"href":"https:\/\/portaltela.pt\/api\/wp\/v2\/tags?post=417076"}],"curies":[{"name":"wp","href":"https:\/\/api.w.org\/{rel}","templated":true}]}}