{"id":417072,"date":"2026-03-20T07:16:50","date_gmt":"2026-03-20T10:16:50","guid":{"rendered":"https:\/\/portaltela.pt\/noticias\/2026\/03\/20\/peritos-europeus-recomendam-reforco-de-regras-e-coordenacao-do-sistema-eletrico\/"},"modified":"2026-03-20T07:16:50","modified_gmt":"2026-03-20T10:16:50","slug":"peritos-europeus-recomendam-reforco-de-regras-e-coordenacao-do-sistema-eletrico","status":"publish","type":"post","link":"https:\/\/portaltela.pt\/energia\/2026\/03\/20\/peritos-europeus-recomendam-reforco-de-regras-e-coordenacao-do-sistema-eletrico\/","title":{"rendered":"Peritos europeus recomendam refor\u00e7o de regras e coordena\u00e7\u00e3o do sistema el\u00e9trico"},"content":{"rendered":"<p>O apag\u00e3o ib\u00e9rico de 2025 deixou milh\u00f5es sem energia em Portugal e Espanha. Um relat\u00f3rio de peritos europeus, divulgado hoje, aponta falhas em cascata e recomenda refor\u00e7ar regras e coordena\u00e7\u00e3o.<\/p>\n<p>O documento atribui as causas a uma combina\u00e7\u00e3o de fatores, incluindo a falta de coordena\u00e7\u00e3o entre operadores e a aus\u00eancia de regras claras para lidar com situa\u00e7\u00f5es de crise.<\/p>\n<p>Os especialistas defendem melhorar a coordena\u00e7\u00e3o entre operadores europeus, bem como instituir regras mais r\u00edgidas para evitar que falhas se propaguem pelo sistema.<\/p>\n<h3>Recomenda\u00e7\u00f5es-chave<\/h3>\n<p>Entre as medidas propostas, destacam-se maior capacidade de previs\u00e3o e detec\u00e7\u00e3o de falhas, conten\u00e7\u00e3o mais eficaz de incidentes e a revis\u00e3o dos quadros regulat\u00f3rios.<\/p>\n<p>A forma\u00e7\u00e3o cont\u00ednua dos profissionais envolvidos na gest\u00e3o do sistema el\u00e9trico tamb\u00e9m \u00e9 enfatizada, para aumentar a resili\u00eancia.<\/p>\n<p>O relat\u00f3rio foi encomendado pela Comiss\u00e3o Europeia e surge num momento de refor\u00e7ar a seguran\u00e7a e a estabilidade do sistema el\u00e9trico perante a transi\u00e7\u00e3o energ\u00e9tica.<\/p>\n","protected":false},"excerpt":{"rendered":"<ul>\n<li>Peritos europeus recomendam refor\u00e7ar os quadros regulamentares e a coordena\u00e7\u00e3o entre operadores e produtores do sistema el\u00e9trico para evitar futuros incidentes.<\/li>\n<li>O apag\u00e3o ib\u00e9rico de 2025, que deixou milh\u00f5es de consumidores sem energia em Portugal e Espanha, foi causado por falhas em cascata devido \u00e0 falta de coordena\u00e7\u00e3o e de regras claras em situa\u00e7\u00f5es de crise.<\/li>\n<li>O relat\u00f3rio destaca a necessidade de melhorar a capacidade de previs\u00e3o e dete\u00e7\u00e3o de falhas, bem como de implementar medidas de conten\u00e7\u00e3o mais eficazes.<\/li>\n<li>Recomenda ainda a revis\u00e3o dos quadros regulamentares e a ado\u00e7\u00e3o de melhores pr\u00e1ticas operacionais, incluindo forma\u00e7\u00e3o cont\u00ednua dos profissionais envolvidos na gest\u00e3o do sistema el\u00e9trico.<\/li>\n<li>O documento, encomendado pela Comiss\u00e3o Europeia, surge num momento de refor\u00e7o da resili\u00eancia energ\u00e9tica europeia face \u00e0 transi\u00e7\u00e3o para renov\u00e1veis e ao aumento da procura por energia.<\/li>\n<\/ul>\n","protected":false},"author":2,"featured_media":417074,"comment_status":"closed","ping_status":"closed","sticky":false,"template":"","format":"standard","meta":{"footnotes":""},"categories":[6806],"tags":[4729,1638,174,4549,7324,5156],"class_list":["post-417072","post","type-post","status-publish","format-standard","has-post-thumbnail","hentry","category-energia","tag-abastecimento-de-energia","tag-comissao-europeia","tag-energia","tag-energia-eletrica","tag-soberania-energetica","tag-transicao-climatica"],"yoast_head":"<!-- This site is optimized with the Yoast SEO plugin v27.2 - https:\/\/yoast.com\/product\/yoast-seo-wordpress\/ -->\n<title>Peritos europeus recomendam refor\u00e7o de regras e coordena\u00e7\u00e3o do sistema el\u00e9trico - Portal Tela Portugal<\/title>\n<meta name=\"robots\" content=\"index, follow, max-snippet:-1, max-image-preview:large, max-video-preview:-1\" \/>\n<meta property=\"og:locale\" content=\"pt_PT\" \/>\n<meta property=\"og:type\" content=\"article\" \/>\n<meta property=\"og:title\" content=\"Peritos europeus recomendam refor\u00e7o de regras e coordena\u00e7\u00e3o do sistema el\u00e9trico - Portal Tela Portugal\" \/>\n<meta property=\"og:description\" content=\"Peritos europeus recomendam refor\u00e7ar os quadros regulamentares e a coordena\u00e7\u00e3o entre operadores e produtores do sistema el\u00e9trico para evitar futuros incidentes. O apag\u00e3o ib\u00e9rico de 2025, que deixou milh\u00f5es de consumidores sem energia em Portugal e Espanha, foi causado por falhas em cascata devido \u00e0 falta de coordena\u00e7\u00e3o e de regras claras em situa\u00e7\u00f5es de crise. O relat\u00f3rio destaca a necessidade de melhorar a capacidade de previs\u00e3o e dete\u00e7\u00e3o de falhas, bem como de implementar medidas de conten\u00e7\u00e3o mais eficazes. Recomenda ainda a revis\u00e3o dos quadros regulamentares e a ado\u00e7\u00e3o de melhores pr\u00e1ticas operacionais, incluindo forma\u00e7\u00e3o cont\u00ednua dos profissionais envolvidos na gest\u00e3o do sistema el\u00e9trico. O documento, encomendado pela Comiss\u00e3o Europeia, surge num momento de refor\u00e7o da resili\u00eancia energ\u00e9tica europeia face \u00e0 transi\u00e7\u00e3o para renov\u00e1veis e ao aumento da procura por energia.\" \/>\n<meta property=\"og:url\" content=\"https:\/\/portaltela.pt\/noticias\/2026\/03\/20\/peritos-europeus-recomendam-reforco-de-regras-e-coordenacao-do-sistema-eletrico\/\" \/>\n<meta property=\"og:site_name\" content=\"Portal Tela Portugal\" \/>\n<meta property=\"article:published_time\" content=\"2026-03-20T10:16:50+00:00\" \/>\n<meta name=\"author\" content=\"Telinha\" \/>\n<meta name=\"twitter:card\" content=\"summary_large_image\" \/>\n<meta name=\"twitter:label1\" content=\"Escrito por\" \/>\n\t<meta name=\"twitter:data1\" content=\"Telinha\" \/>\n\t<meta name=\"twitter:label2\" content=\"Tempo estimado de leitura\" \/>\n\t<meta name=\"twitter:data2\" content=\"1 minuto\" \/>\n<script type=\"application\/ld+json\" class=\"yoast-schema-graph\">{\"@context\":\"https:\/\/schema.org\",\"@graph\":[{\"@type\":\"Article\",\"@id\":\"https:\/\/portaltela.pt\/noticias\/2026\/03\/20\/peritos-europeus-recomendam-reforco-de-regras-e-coordenacao-do-sistema-eletrico\/#article\",\"isPartOf\":{\"@id\":\"https:\/\/portaltela.pt\/noticias\/2026\/03\/20\/peritos-europeus-recomendam-reforco-de-regras-e-coordenacao-do-sistema-eletrico\/\"},\"author\":{\"name\":\"Telinha\",\"@id\":\"https:\/\/portaltela.pt\/#\/schema\/person\/c4278d4a6028830caff9ee44b42d32ed\"},\"headline\":\"Peritos europeus recomendam refor\u00e7o de regras e coordena\u00e7\u00e3o do sistema el\u00e9trico\",\"datePublished\":\"2026-03-20T10:16:50+00:00\",\"mainEntityOfPage\":{\"@id\":\"https:\/\/portaltela.pt\/noticias\/2026\/03\/20\/peritos-europeus-recomendam-reforco-de-regras-e-coordenacao-do-sistema-eletrico\/\"},\"wordCount\":193,\"image\":{\"@id\":\"https:\/\/portaltela.pt\/noticias\/2026\/03\/20\/peritos-europeus-recomendam-reforco-de-regras-e-coordenacao-do-sistema-eletrico\/#primaryimage\"},\"thumbnailUrl\":\"https:\/\/portaltela.pt\/s.01k8rhncp4jt1\/2026\/03\/dn2F2025-04-292Fn7xjsmdd2FApagC3A3o-Lisboa.jpg\",\"keywords\":[\"abastecimento de energia\",\"Comiss\u00e3o Europeia\",\"energia\",\"energia el\u00e9trica\",\"soberania energ\u00e9tica\",\"Transi\u00e7\u00e3o Clim\u00e1tica\"],\"articleSection\":[\"Energia\"],\"inLanguage\":\"pt-PT\"},{\"@type\":\"WebPage\",\"@id\":\"https:\/\/portaltela.pt\/noticias\/2026\/03\/20\/peritos-europeus-recomendam-reforco-de-regras-e-coordenacao-do-sistema-eletrico\/\",\"url\":\"https:\/\/portaltela.pt\/noticias\/2026\/03\/20\/peritos-europeus-recomendam-reforco-de-regras-e-coordenacao-do-sistema-eletrico\/\",\"name\":\"Peritos europeus recomendam refor\u00e7o de regras e coordena\u00e7\u00e3o do sistema el\u00e9trico - Portal Tela Portugal\",\"isPartOf\":{\"@id\":\"https:\/\/portaltela.pt\/#website\"},\"primaryImageOfPage\":{\"@id\":\"https:\/\/portaltela.pt\/noticias\/2026\/03\/20\/peritos-europeus-recomendam-reforco-de-regras-e-coordenacao-do-sistema-eletrico\/#primaryimage\"},\"image\":{\"@id\":\"https:\/\/portaltela.pt\/noticias\/2026\/03\/20\/peritos-europeus-recomendam-reforco-de-regras-e-coordenacao-do-sistema-eletrico\/#primaryimage\"},\"thumbnailUrl\":\"https:\/\/portaltela.pt\/s.01k8rhncp4jt1\/2026\/03\/dn2F2025-04-292Fn7xjsmdd2FApagC3A3o-Lisboa.jpg\",\"datePublished\":\"2026-03-20T10:16:50+00:00\",\"author\":{\"@id\":\"https:\/\/portaltela.pt\/#\/schema\/person\/c4278d4a6028830caff9ee44b42d32ed\"},\"breadcrumb\":{\"@id\":\"https:\/\/portaltela.pt\/noticias\/2026\/03\/20\/peritos-europeus-recomendam-reforco-de-regras-e-coordenacao-do-sistema-eletrico\/#breadcrumb\"},\"inLanguage\":\"pt-PT\",\"potentialAction\":[{\"@type\":\"ReadAction\",\"target\":[\"https:\/\/portaltela.pt\/noticias\/2026\/03\/20\/peritos-europeus-recomendam-reforco-de-regras-e-coordenacao-do-sistema-eletrico\/\"]}]},{\"@type\":\"ImageObject\",\"inLanguage\":\"pt-PT\",\"@id\":\"https:\/\/portaltela.pt\/noticias\/2026\/03\/20\/peritos-europeus-recomendam-reforco-de-regras-e-coordenacao-do-sistema-eletrico\/#primaryimage\",\"url\":\"https:\/\/portaltela.pt\/s.01k8rhncp4jt1\/2026\/03\/dn2F2025-04-292Fn7xjsmdd2FApagC3A3o-Lisboa.jpg\",\"contentUrl\":\"https:\/\/portaltela.pt\/s.01k8rhncp4jt1\/2026\/03\/dn2F2025-04-292Fn7xjsmdd2FApagC3A3o-Lisboa.jpg\",\"width\":1200,\"height\":799,\"caption\":\"Arquivo\"},{\"@type\":\"BreadcrumbList\",\"@id\":\"https:\/\/portaltela.pt\/noticias\/2026\/03\/20\/peritos-europeus-recomendam-reforco-de-regras-e-coordenacao-do-sistema-eletrico\/#breadcrumb\",\"itemListElement\":[{\"@type\":\"ListItem\",\"position\":1,\"name\":\"In\u00edcio\",\"item\":\"https:\/\/portaltela.pt\/\"},{\"@type\":\"ListItem\",\"position\":2,\"name\":\"Peritos europeus recomendam refor\u00e7o de regras e coordena\u00e7\u00e3o do sistema el\u00e9trico\"}]},{\"@type\":\"WebSite\",\"@id\":\"https:\/\/portaltela.pt\/#website\",\"url\":\"https:\/\/portaltela.pt\/\",\"name\":\"Portal Tela Portugal\",\"description\":\"\",\"potentialAction\":[{\"@type\":\"SearchAction\",\"target\":{\"@type\":\"EntryPoint\",\"urlTemplate\":\"https:\/\/portaltela.pt\/?s={search_term_string}\"},\"query-input\":{\"@type\":\"PropertyValueSpecification\",\"valueRequired\":true,\"valueName\":\"search_term_string\"}}],\"inLanguage\":\"pt-PT\"},{\"@type\":\"Person\",\"@id\":\"https:\/\/portaltela.pt\/#\/schema\/person\/c4278d4a6028830caff9ee44b42d32ed\",\"name\":\"Telinha\",\"image\":{\"@type\":\"ImageObject\",\"inLanguage\":\"pt-PT\",\"@id\":\"https:\/\/portaltela.pt\/s.01k8rhncp4jt1\/2025\/11\/talking-bot-125x125.png\",\"url\":\"https:\/\/portaltela.pt\/s.01k8rhncp4jt1\/2025\/11\/talking-bot-125x125.png\",\"contentUrl\":\"https:\/\/portaltela.pt\/s.01k8rhncp4jt1\/2025\/11\/talking-bot-125x125.png\",\"caption\":\"Telinha\"},\"sameAs\":[\"https:\/\/portaltela.pt\/\"],\"url\":\"https:\/\/portaltela.pt\/por\/367410592786\/\"}]}<\/script>\n<!-- \/ Yoast SEO plugin. -->","yoast_head_json":{"title":"Peritos europeus recomendam refor\u00e7o de regras e coordena\u00e7\u00e3o do sistema el\u00e9trico - Portal Tela Portugal","robots":{"index":"index","follow":"follow","max-snippet":"max-snippet:-1","max-image-preview":"max-image-preview:large","max-video-preview":"max-video-preview:-1"},"og_locale":"pt_PT","og_type":"article","og_title":"Peritos europeus recomendam refor\u00e7o de regras e coordena\u00e7\u00e3o do sistema el\u00e9trico - Portal Tela Portugal","og_description":"Peritos europeus recomendam refor\u00e7ar os quadros regulamentares e a coordena\u00e7\u00e3o entre operadores e produtores do sistema el\u00e9trico para evitar futuros incidentes. O apag\u00e3o ib\u00e9rico de 2025, que deixou milh\u00f5es de consumidores sem energia em Portugal e Espanha, foi causado por falhas em cascata devido \u00e0 falta de coordena\u00e7\u00e3o e de regras claras em situa\u00e7\u00f5es de crise. O relat\u00f3rio destaca a necessidade de melhorar a capacidade de previs\u00e3o e dete\u00e7\u00e3o de falhas, bem como de implementar medidas de conten\u00e7\u00e3o mais eficazes. Recomenda ainda a revis\u00e3o dos quadros regulamentares e a ado\u00e7\u00e3o de melhores pr\u00e1ticas operacionais, incluindo forma\u00e7\u00e3o cont\u00ednua dos profissionais envolvidos na gest\u00e3o do sistema el\u00e9trico. O documento, encomendado pela Comiss\u00e3o Europeia, surge num momento de refor\u00e7o da resili\u00eancia energ\u00e9tica europeia face \u00e0 transi\u00e7\u00e3o para renov\u00e1veis e ao aumento da procura por energia.","og_url":"https:\/\/portaltela.pt\/noticias\/2026\/03\/20\/peritos-europeus-recomendam-reforco-de-regras-e-coordenacao-do-sistema-eletrico\/","og_site_name":"Portal Tela Portugal","article_published_time":"2026-03-20T10:16:50+00:00","author":"Telinha","twitter_card":"summary_large_image","twitter_misc":{"Escrito por":"Telinha","Tempo estimado de leitura":"1 minuto"},"schema":{"@context":"https:\/\/schema.org","@graph":[{"@type":"Article","@id":"https:\/\/portaltela.pt\/noticias\/2026\/03\/20\/peritos-europeus-recomendam-reforco-de-regras-e-coordenacao-do-sistema-eletrico\/#article","isPartOf":{"@id":"https:\/\/portaltela.pt\/noticias\/2026\/03\/20\/peritos-europeus-recomendam-reforco-de-regras-e-coordenacao-do-sistema-eletrico\/"},"author":{"name":"Telinha","@id":"https:\/\/portaltela.pt\/#\/schema\/person\/c4278d4a6028830caff9ee44b42d32ed"},"headline":"Peritos europeus recomendam refor\u00e7o de regras e coordena\u00e7\u00e3o do sistema el\u00e9trico","datePublished":"2026-03-20T10:16:50+00:00","mainEntityOfPage":{"@id":"https:\/\/portaltela.pt\/noticias\/2026\/03\/20\/peritos-europeus-recomendam-reforco-de-regras-e-coordenacao-do-sistema-eletrico\/"},"wordCount":193,"image":{"@id":"https:\/\/portaltela.pt\/noticias\/2026\/03\/20\/peritos-europeus-recomendam-reforco-de-regras-e-coordenacao-do-sistema-eletrico\/#primaryimage"},"thumbnailUrl":"https:\/\/portaltela.pt\/s.01k8rhncp4jt1\/2026\/03\/dn2F2025-04-292Fn7xjsmdd2FApagC3A3o-Lisboa.jpg","keywords":["abastecimento de energia","Comiss\u00e3o Europeia","energia","energia el\u00e9trica","soberania energ\u00e9tica","Transi\u00e7\u00e3o Clim\u00e1tica"],"articleSection":["Energia"],"inLanguage":"pt-PT"},{"@type":"WebPage","@id":"https:\/\/portaltela.pt\/noticias\/2026\/03\/20\/peritos-europeus-recomendam-reforco-de-regras-e-coordenacao-do-sistema-eletrico\/","url":"https:\/\/portaltela.pt\/noticias\/2026\/03\/20\/peritos-europeus-recomendam-reforco-de-regras-e-coordenacao-do-sistema-eletrico\/","name":"Peritos europeus recomendam refor\u00e7o de regras e coordena\u00e7\u00e3o do sistema el\u00e9trico - Portal Tela Portugal","isPartOf":{"@id":"https:\/\/portaltela.pt\/#website"},"primaryImageOfPage":{"@id":"https:\/\/portaltela.pt\/noticias\/2026\/03\/20\/peritos-europeus-recomendam-reforco-de-regras-e-coordenacao-do-sistema-eletrico\/#primaryimage"},"image":{"@id":"https:\/\/portaltela.pt\/noticias\/2026\/03\/20\/peritos-europeus-recomendam-reforco-de-regras-e-coordenacao-do-sistema-eletrico\/#primaryimage"},"thumbnailUrl":"https:\/\/portaltela.pt\/s.01k8rhncp4jt1\/2026\/03\/dn2F2025-04-292Fn7xjsmdd2FApagC3A3o-Lisboa.jpg","datePublished":"2026-03-20T10:16:50+00:00","author":{"@id":"https:\/\/portaltela.pt\/#\/schema\/person\/c4278d4a6028830caff9ee44b42d32ed"},"breadcrumb":{"@id":"https:\/\/portaltela.pt\/noticias\/2026\/03\/20\/peritos-europeus-recomendam-reforco-de-regras-e-coordenacao-do-sistema-eletrico\/#breadcrumb"},"inLanguage":"pt-PT","potentialAction":[{"@type":"ReadAction","target":["https:\/\/portaltela.pt\/noticias\/2026\/03\/20\/peritos-europeus-recomendam-reforco-de-regras-e-coordenacao-do-sistema-eletrico\/"]}]},{"@type":"ImageObject","inLanguage":"pt-PT","@id":"https:\/\/portaltela.pt\/noticias\/2026\/03\/20\/peritos-europeus-recomendam-reforco-de-regras-e-coordenacao-do-sistema-eletrico\/#primaryimage","url":"https:\/\/portaltela.pt\/s.01k8rhncp4jt1\/2026\/03\/dn2F2025-04-292Fn7xjsmdd2FApagC3A3o-Lisboa.jpg","contentUrl":"https:\/\/portaltela.pt\/s.01k8rhncp4jt1\/2026\/03\/dn2F2025-04-292Fn7xjsmdd2FApagC3A3o-Lisboa.jpg","width":1200,"height":799,"caption":"Arquivo"},{"@type":"BreadcrumbList","@id":"https:\/\/portaltela.pt\/noticias\/2026\/03\/20\/peritos-europeus-recomendam-reforco-de-regras-e-coordenacao-do-sistema-eletrico\/#breadcrumb","itemListElement":[{"@type":"ListItem","position":1,"name":"In\u00edcio","item":"https:\/\/portaltela.pt\/"},{"@type":"ListItem","position":2,"name":"Peritos europeus recomendam refor\u00e7o de regras e coordena\u00e7\u00e3o do sistema el\u00e9trico"}]},{"@type":"WebSite","@id":"https:\/\/portaltela.pt\/#website","url":"https:\/\/portaltela.pt\/","name":"Portal Tela Portugal","description":"","potentialAction":[{"@type":"SearchAction","target":{"@type":"EntryPoint","urlTemplate":"https:\/\/portaltela.pt\/?s={search_term_string}"},"query-input":{"@type":"PropertyValueSpecification","valueRequired":true,"valueName":"search_term_string"}}],"inLanguage":"pt-PT"},{"@type":"Person","@id":"https:\/\/portaltela.pt\/#\/schema\/person\/c4278d4a6028830caff9ee44b42d32ed","name":"Telinha","image":{"@type":"ImageObject","inLanguage":"pt-PT","@id":"https:\/\/portaltela.pt\/s.01k8rhncp4jt1\/2025\/11\/talking-bot-125x125.png","url":"https:\/\/portaltela.pt\/s.01k8rhncp4jt1\/2025\/11\/talking-bot-125x125.png","contentUrl":"https:\/\/portaltela.pt\/s.01k8rhncp4jt1\/2025\/11\/talking-bot-125x125.png","caption":"Telinha"},"sameAs":["https:\/\/portaltela.pt\/"],"url":"https:\/\/portaltela.pt\/por\/367410592786\/"}]}},"_links":{"self":[{"href":"https:\/\/portaltela.pt\/api\/wp\/v2\/posts\/417072","targetHints":{"allow":["GET"]}}],"collection":[{"href":"https:\/\/portaltela.pt\/api\/wp\/v2\/posts"}],"about":[{"href":"https:\/\/portaltela.pt\/api\/wp\/v2\/types\/post"}],"author":[{"embeddable":true,"href":"https:\/\/portaltela.pt\/api\/wp\/v2\/users\/2"}],"replies":[{"embeddable":true,"href":"https:\/\/portaltela.pt\/api\/wp\/v2\/comments?post=417072"}],"version-history":[{"count":0,"href":"https:\/\/portaltela.pt\/api\/wp\/v2\/posts\/417072\/revisions"}],"wp:featuredmedia":[{"embeddable":true,"href":"https:\/\/portaltela.pt\/api\/wp\/v2\/media\/417074"}],"wp:attachment":[{"href":"https:\/\/portaltela.pt\/api\/wp\/v2\/media?parent=417072"}],"wp:term":[{"taxonomy":"category","embeddable":true,"href":"https:\/\/portaltela.pt\/api\/wp\/v2\/categories?post=417072"},{"taxonomy":"post_tag","embeddable":true,"href":"https:\/\/portaltela.pt\/api\/wp\/v2\/tags?post=417072"}],"curies":[{"name":"wp","href":"https:\/\/api.w.org\/{rel}","templated":true}]}}