{"id":417065,"date":"2026-03-20T06:48:00","date_gmt":"2026-03-20T09:48:00","guid":{"rendered":"https:\/\/portaltela.pt\/noticias\/2026\/03\/20\/incendio-na-turquia-mata-mulher-gravida-e-cinco-filhos-menores\/"},"modified":"2026-03-20T06:48:00","modified_gmt":"2026-03-20T09:48:00","slug":"incendio-na-turquia-mata-mulher-gravida-e-cinco-filhos-menores","status":"publish","type":"post","link":"https:\/\/portaltela.pt\/noticias\/2026\/03\/20\/incendio-na-turquia-mata-mulher-gravida-e-cinco-filhos-menores\/","title":{"rendered":"Inc\u00eandio na Turquia mata mulher gr\u00e1vida e cinco filhos menores"},"content":{"rendered":"<p>Um inc\u00eandio em contentores que hospedavam trabalhadores agr\u00edcolas em Kepez, a norte de Antalya, matou uma mulher s\u00edria gr\u00e1vida de sete meses e cinco crian\u00e7as.<\/p>\n<p>A trag\u00e9dia ocorreu numa \u00e1rea tur\u00edstica do sudoeste da Turquia, deixando ainda cinco feridos, segundo o governador regional Hulusi Sahin.<\/p>\n<p>O contentor e um ve\u00edculo ficaram carbonizados entre destro\u00e7os na entrada dos alojamentos.<\/p>\n<h3>Investiga\u00e7\u00e3o<\/h3>\n<p>A v\u00edtima era uma mulher de 27 anos; as crian\u00e7as tinham entre quatro e nove anos. Tr\u00eas contentores arderam, segundo o governador, que anunciou a deten\u00e7\u00e3o de tr\u00eas suspeitos.<\/p>\n<p>A causa oficial ainda n\u00e3o foi determinada; Sahin mencionou a hip\u00f3tese de algu\u00e9m ter utilizado um fogareiro de campismo junto aos contentores, mas advertiu que n\u00e3o h\u00e1 confirma\u00e7\u00e3o definitiva.<\/p>\n<p>As investiga\u00e7\u00f5es est\u00e3o a decorrer para apurar a origem do fogo e esclarecer as circunst\u00e2ncias do incidente.<\/p>\n<h3>Contexto<\/h3>\n<p>As mortes coincidem com as celebra\u00e7\u00f5es do Eid al-Fitr, feriado de tr\u00eas dias que marca o fim do Ramad\u00e3o. O balan\u00e7o parcial divulgado inclui tamb\u00e9m cinco feridos, com um em estado grave.<\/p>\n","protected":false},"excerpt":{"rendered":"<ul>\n<li>Mulher gr\u00e1vida de sete meses, de nacionalidade s\u00edria, e cinco filhos com idades entre quatro e nove anos morreram num inc\u00eandio em contentores de trabalhadores agr\u00edcolas em Kepez, a norte de Antalya.<\/li>\n<li>O fogo atingiu tr\u00eas contentores, e as v\u00edtimas somam seis pessoas (a m\u00e3e e cinco crian\u00e7as), disse o governador de Antalya.<\/li>\n<li>Outras cinco pessoas ficaram feridas, uma delas em estado grave.<\/li>\n<li>A causa ainda n\u00e3o est\u00e1 determinada; o governador sugeriu que algu\u00e9m possa ter estado a usar um fogareiro de campismo junto aos contentores e que tr\u00eas pessoas foram detidas durante as investiga\u00e7\u00f5es.<\/li>\n<li>A trag\u00e9dia ocorre durante as celebra\u00e7\u00f5es do Eid al-Fitr, feriado de tr\u00eas dias que marca o fim do Ramad\u00e3o.<\/li>\n<\/ul>\n","protected":false},"author":2,"featured_media":417071,"comment_status":"closed","ping_status":"closed","sticky":false,"template":"","format":"standard","meta":{"footnotes":""},"categories":[6849,1],"tags":[3953,3638,1438,2617,2066,2126],"class_list":["post-417065","post","type-post","status-publish","format-standard","has-post-thumbnail","hentry","category-acidentes","category-noticias","tag-criancas","tag-gravidas","tag-incendio","tag-incendios","tag-siria","tag-turquia"],"yoast_head":"<!-- This site is optimized with the Yoast SEO plugin v27.2 - https:\/\/yoast.com\/product\/yoast-seo-wordpress\/ -->\n<title>Inc\u00eandio na Turquia mata mulher gr\u00e1vida e cinco filhos menores - Portal Tela Portugal<\/title>\n<meta name=\"robots\" content=\"index, follow, max-snippet:-1, max-image-preview:large, max-video-preview:-1\" \/>\n<meta property=\"og:locale\" content=\"pt_PT\" \/>\n<meta property=\"og:type\" content=\"article\" \/>\n<meta property=\"og:title\" content=\"Inc\u00eandio na Turquia mata mulher gr\u00e1vida e cinco filhos menores - Portal Tela Portugal\" \/>\n<meta property=\"og:description\" content=\"Mulher gr\u00e1vida de sete meses, de nacionalidade s\u00edria, e cinco filhos com idades entre quatro e nove anos morreram num inc\u00eandio em contentores de trabalhadores agr\u00edcolas em Kepez, a norte de Antalya. O fogo atingiu tr\u00eas contentores, e as v\u00edtimas somam seis pessoas (a m\u00e3e e cinco crian\u00e7as), disse o governador de Antalya. Outras cinco pessoas ficaram feridas, uma delas em estado grave. A causa ainda n\u00e3o est\u00e1 determinada; o governador sugeriu que algu\u00e9m possa ter estado a usar um fogareiro de campismo junto aos contentores e que tr\u00eas pessoas foram detidas durante as investiga\u00e7\u00f5es. A trag\u00e9dia ocorre durante as celebra\u00e7\u00f5es do Eid al-Fitr, feriado de tr\u00eas dias que marca o fim do Ramad\u00e3o.\" \/>\n<meta property=\"og:url\" content=\"https:\/\/portaltela.pt\/noticias\/2026\/03\/20\/incendio-na-turquia-mata-mulher-gravida-e-cinco-filhos-menores\/\" \/>\n<meta property=\"og:site_name\" content=\"Portal Tela Portugal\" \/>\n<meta property=\"article:published_time\" content=\"2026-03-20T09:48:00+00:00\" \/>\n<meta name=\"author\" content=\"Telinha\" \/>\n<meta name=\"twitter:card\" content=\"summary_large_image\" \/>\n<meta name=\"twitter:label1\" content=\"Escrito por\" \/>\n\t<meta name=\"twitter:data1\" content=\"Telinha\" \/>\n\t<meta name=\"twitter:label2\" content=\"Tempo estimado de leitura\" \/>\n\t<meta name=\"twitter:data2\" content=\"1 minuto\" \/>\n<script type=\"application\/ld+json\" class=\"yoast-schema-graph\">{\"@context\":\"https:\/\/schema.org\",\"@graph\":[{\"@type\":\"Article\",\"@id\":\"https:\/\/portaltela.pt\/noticias\/2026\/03\/20\/incendio-na-turquia-mata-mulher-gravida-e-cinco-filhos-menores\/#article\",\"isPartOf\":{\"@id\":\"https:\/\/portaltela.pt\/noticias\/2026\/03\/20\/incendio-na-turquia-mata-mulher-gravida-e-cinco-filhos-menores\/\"},\"author\":{\"name\":\"Telinha\",\"@id\":\"https:\/\/portaltela.pt\/#\/schema\/person\/c4278d4a6028830caff9ee44b42d32ed\"},\"headline\":\"Inc\u00eandio na Turquia mata mulher gr\u00e1vida e cinco filhos menores\",\"datePublished\":\"2026-03-20T09:48:00+00:00\",\"mainEntityOfPage\":{\"@id\":\"https:\/\/portaltela.pt\/noticias\/2026\/03\/20\/incendio-na-turquia-mata-mulher-gravida-e-cinco-filhos-menores\/\"},\"wordCount\":206,\"image\":{\"@id\":\"https:\/\/portaltela.pt\/noticias\/2026\/03\/20\/incendio-na-turquia-mata-mulher-gravida-e-cinco-filhos-menores\/#primaryimage\"},\"thumbnailUrl\":\"https:\/\/portaltela.pt\/s.01k8rhncp4jt1\/2026\/03\/image-1328.jpg\",\"keywords\":[\"crian\u00e7as\",\"gr\u00e1vidas\",\"inc\u00eandio\",\"inc\u00eandios\",\"S\u00edria\",\"Turquia\"],\"articleSection\":[\"Acidentes\",\"Not\u00edcias\"],\"inLanguage\":\"pt-PT\"},{\"@type\":\"WebPage\",\"@id\":\"https:\/\/portaltela.pt\/noticias\/2026\/03\/20\/incendio-na-turquia-mata-mulher-gravida-e-cinco-filhos-menores\/\",\"url\":\"https:\/\/portaltela.pt\/noticias\/2026\/03\/20\/incendio-na-turquia-mata-mulher-gravida-e-cinco-filhos-menores\/\",\"name\":\"Inc\u00eandio na Turquia mata mulher gr\u00e1vida e cinco filhos menores - Portal Tela Portugal\",\"isPartOf\":{\"@id\":\"https:\/\/portaltela.pt\/#website\"},\"primaryImageOfPage\":{\"@id\":\"https:\/\/portaltela.pt\/noticias\/2026\/03\/20\/incendio-na-turquia-mata-mulher-gravida-e-cinco-filhos-menores\/#primaryimage\"},\"image\":{\"@id\":\"https:\/\/portaltela.pt\/noticias\/2026\/03\/20\/incendio-na-turquia-mata-mulher-gravida-e-cinco-filhos-menores\/#primaryimage\"},\"thumbnailUrl\":\"https:\/\/portaltela.pt\/s.01k8rhncp4jt1\/2026\/03\/image-1328.jpg\",\"datePublished\":\"2026-03-20T09:48:00+00:00\",\"author\":{\"@id\":\"https:\/\/portaltela.pt\/#\/schema\/person\/c4278d4a6028830caff9ee44b42d32ed\"},\"breadcrumb\":{\"@id\":\"https:\/\/portaltela.pt\/noticias\/2026\/03\/20\/incendio-na-turquia-mata-mulher-gravida-e-cinco-filhos-menores\/#breadcrumb\"},\"inLanguage\":\"pt-PT\",\"potentialAction\":[{\"@type\":\"ReadAction\",\"target\":[\"https:\/\/portaltela.pt\/noticias\/2026\/03\/20\/incendio-na-turquia-mata-mulher-gravida-e-cinco-filhos-menores\/\"]}]},{\"@type\":\"ImageObject\",\"inLanguage\":\"pt-PT\",\"@id\":\"https:\/\/portaltela.pt\/noticias\/2026\/03\/20\/incendio-na-turquia-mata-mulher-gravida-e-cinco-filhos-menores\/#primaryimage\",\"url\":\"https:\/\/portaltela.pt\/s.01k8rhncp4jt1\/2026\/03\/image-1328.jpg\",\"contentUrl\":\"https:\/\/portaltela.pt\/s.01k8rhncp4jt1\/2026\/03\/image-1328.jpg\",\"width\":796,\"height\":448,\"caption\":\"A causa da trag\u00e9dia ainda n\u00e3o foi oficialmente determinada, mas o governador sugeriu que algu\u00e9m pode ter estado a fazer um churrasco num fogareiro de campismo \u00e0 porta dos contentores\"},{\"@type\":\"BreadcrumbList\",\"@id\":\"https:\/\/portaltela.pt\/noticias\/2026\/03\/20\/incendio-na-turquia-mata-mulher-gravida-e-cinco-filhos-menores\/#breadcrumb\",\"itemListElement\":[{\"@type\":\"ListItem\",\"position\":1,\"name\":\"In\u00edcio\",\"item\":\"https:\/\/portaltela.pt\/\"},{\"@type\":\"ListItem\",\"position\":2,\"name\":\"Inc\u00eandio na Turquia mata mulher gr\u00e1vida e cinco filhos menores\"}]},{\"@type\":\"WebSite\",\"@id\":\"https:\/\/portaltela.pt\/#website\",\"url\":\"https:\/\/portaltela.pt\/\",\"name\":\"Portal Tela Portugal\",\"description\":\"\",\"potentialAction\":[{\"@type\":\"SearchAction\",\"target\":{\"@type\":\"EntryPoint\",\"urlTemplate\":\"https:\/\/portaltela.pt\/?s={search_term_string}\"},\"query-input\":{\"@type\":\"PropertyValueSpecification\",\"valueRequired\":true,\"valueName\":\"search_term_string\"}}],\"inLanguage\":\"pt-PT\"},{\"@type\":\"Person\",\"@id\":\"https:\/\/portaltela.pt\/#\/schema\/person\/c4278d4a6028830caff9ee44b42d32ed\",\"name\":\"Telinha\",\"image\":{\"@type\":\"ImageObject\",\"inLanguage\":\"pt-PT\",\"@id\":\"https:\/\/portaltela.pt\/s.01k8rhncp4jt1\/2025\/11\/talking-bot-125x125.png\",\"url\":\"https:\/\/portaltela.pt\/s.01k8rhncp4jt1\/2025\/11\/talking-bot-125x125.png\",\"contentUrl\":\"https:\/\/portaltela.pt\/s.01k8rhncp4jt1\/2025\/11\/talking-bot-125x125.png\",\"caption\":\"Telinha\"},\"sameAs\":[\"https:\/\/portaltela.pt\/\"],\"url\":\"https:\/\/portaltela.pt\/por\/367410592786\/\"}]}<\/script>\n<!-- \/ Yoast SEO plugin. -->","yoast_head_json":{"title":"Inc\u00eandio na Turquia mata mulher gr\u00e1vida e cinco filhos menores - Portal Tela Portugal","robots":{"index":"index","follow":"follow","max-snippet":"max-snippet:-1","max-image-preview":"max-image-preview:large","max-video-preview":"max-video-preview:-1"},"og_locale":"pt_PT","og_type":"article","og_title":"Inc\u00eandio na Turquia mata mulher gr\u00e1vida e cinco filhos menores - Portal Tela Portugal","og_description":"Mulher gr\u00e1vida de sete meses, de nacionalidade s\u00edria, e cinco filhos com idades entre quatro e nove anos morreram num inc\u00eandio em contentores de trabalhadores agr\u00edcolas em Kepez, a norte de Antalya. O fogo atingiu tr\u00eas contentores, e as v\u00edtimas somam seis pessoas (a m\u00e3e e cinco crian\u00e7as), disse o governador de Antalya. Outras cinco pessoas ficaram feridas, uma delas em estado grave. A causa ainda n\u00e3o est\u00e1 determinada; o governador sugeriu que algu\u00e9m possa ter estado a usar um fogareiro de campismo junto aos contentores e que tr\u00eas pessoas foram detidas durante as investiga\u00e7\u00f5es. A trag\u00e9dia ocorre durante as celebra\u00e7\u00f5es do Eid al-Fitr, feriado de tr\u00eas dias que marca o fim do Ramad\u00e3o.","og_url":"https:\/\/portaltela.pt\/noticias\/2026\/03\/20\/incendio-na-turquia-mata-mulher-gravida-e-cinco-filhos-menores\/","og_site_name":"Portal Tela Portugal","article_published_time":"2026-03-20T09:48:00+00:00","author":"Telinha","twitter_card":"summary_large_image","twitter_misc":{"Escrito por":"Telinha","Tempo estimado de leitura":"1 minuto"},"schema":{"@context":"https:\/\/schema.org","@graph":[{"@type":"Article","@id":"https:\/\/portaltela.pt\/noticias\/2026\/03\/20\/incendio-na-turquia-mata-mulher-gravida-e-cinco-filhos-menores\/#article","isPartOf":{"@id":"https:\/\/portaltela.pt\/noticias\/2026\/03\/20\/incendio-na-turquia-mata-mulher-gravida-e-cinco-filhos-menores\/"},"author":{"name":"Telinha","@id":"https:\/\/portaltela.pt\/#\/schema\/person\/c4278d4a6028830caff9ee44b42d32ed"},"headline":"Inc\u00eandio na Turquia mata mulher gr\u00e1vida e cinco filhos menores","datePublished":"2026-03-20T09:48:00+00:00","mainEntityOfPage":{"@id":"https:\/\/portaltela.pt\/noticias\/2026\/03\/20\/incendio-na-turquia-mata-mulher-gravida-e-cinco-filhos-menores\/"},"wordCount":206,"image":{"@id":"https:\/\/portaltela.pt\/noticias\/2026\/03\/20\/incendio-na-turquia-mata-mulher-gravida-e-cinco-filhos-menores\/#primaryimage"},"thumbnailUrl":"https:\/\/portaltela.pt\/s.01k8rhncp4jt1\/2026\/03\/image-1328.jpg","keywords":["crian\u00e7as","gr\u00e1vidas","inc\u00eandio","inc\u00eandios","S\u00edria","Turquia"],"articleSection":["Acidentes","Not\u00edcias"],"inLanguage":"pt-PT"},{"@type":"WebPage","@id":"https:\/\/portaltela.pt\/noticias\/2026\/03\/20\/incendio-na-turquia-mata-mulher-gravida-e-cinco-filhos-menores\/","url":"https:\/\/portaltela.pt\/noticias\/2026\/03\/20\/incendio-na-turquia-mata-mulher-gravida-e-cinco-filhos-menores\/","name":"Inc\u00eandio na Turquia mata mulher gr\u00e1vida e cinco filhos menores - Portal Tela Portugal","isPartOf":{"@id":"https:\/\/portaltela.pt\/#website"},"primaryImageOfPage":{"@id":"https:\/\/portaltela.pt\/noticias\/2026\/03\/20\/incendio-na-turquia-mata-mulher-gravida-e-cinco-filhos-menores\/#primaryimage"},"image":{"@id":"https:\/\/portaltela.pt\/noticias\/2026\/03\/20\/incendio-na-turquia-mata-mulher-gravida-e-cinco-filhos-menores\/#primaryimage"},"thumbnailUrl":"https:\/\/portaltela.pt\/s.01k8rhncp4jt1\/2026\/03\/image-1328.jpg","datePublished":"2026-03-20T09:48:00+00:00","author":{"@id":"https:\/\/portaltela.pt\/#\/schema\/person\/c4278d4a6028830caff9ee44b42d32ed"},"breadcrumb":{"@id":"https:\/\/portaltela.pt\/noticias\/2026\/03\/20\/incendio-na-turquia-mata-mulher-gravida-e-cinco-filhos-menores\/#breadcrumb"},"inLanguage":"pt-PT","potentialAction":[{"@type":"ReadAction","target":["https:\/\/portaltela.pt\/noticias\/2026\/03\/20\/incendio-na-turquia-mata-mulher-gravida-e-cinco-filhos-menores\/"]}]},{"@type":"ImageObject","inLanguage":"pt-PT","@id":"https:\/\/portaltela.pt\/noticias\/2026\/03\/20\/incendio-na-turquia-mata-mulher-gravida-e-cinco-filhos-menores\/#primaryimage","url":"https:\/\/portaltela.pt\/s.01k8rhncp4jt1\/2026\/03\/image-1328.jpg","contentUrl":"https:\/\/portaltela.pt\/s.01k8rhncp4jt1\/2026\/03\/image-1328.jpg","width":796,"height":448,"caption":"A causa da trag\u00e9dia ainda n\u00e3o foi oficialmente determinada, mas o governador sugeriu que algu\u00e9m pode ter estado a fazer um churrasco num fogareiro de campismo \u00e0 porta dos contentores"},{"@type":"BreadcrumbList","@id":"https:\/\/portaltela.pt\/noticias\/2026\/03\/20\/incendio-na-turquia-mata-mulher-gravida-e-cinco-filhos-menores\/#breadcrumb","itemListElement":[{"@type":"ListItem","position":1,"name":"In\u00edcio","item":"https:\/\/portaltela.pt\/"},{"@type":"ListItem","position":2,"name":"Inc\u00eandio na Turquia mata mulher gr\u00e1vida e cinco filhos menores"}]},{"@type":"WebSite","@id":"https:\/\/portaltela.pt\/#website","url":"https:\/\/portaltela.pt\/","name":"Portal Tela Portugal","description":"","potentialAction":[{"@type":"SearchAction","target":{"@type":"EntryPoint","urlTemplate":"https:\/\/portaltela.pt\/?s={search_term_string}"},"query-input":{"@type":"PropertyValueSpecification","valueRequired":true,"valueName":"search_term_string"}}],"inLanguage":"pt-PT"},{"@type":"Person","@id":"https:\/\/portaltela.pt\/#\/schema\/person\/c4278d4a6028830caff9ee44b42d32ed","name":"Telinha","image":{"@type":"ImageObject","inLanguage":"pt-PT","@id":"https:\/\/portaltela.pt\/s.01k8rhncp4jt1\/2025\/11\/talking-bot-125x125.png","url":"https:\/\/portaltela.pt\/s.01k8rhncp4jt1\/2025\/11\/talking-bot-125x125.png","contentUrl":"https:\/\/portaltela.pt\/s.01k8rhncp4jt1\/2025\/11\/talking-bot-125x125.png","caption":"Telinha"},"sameAs":["https:\/\/portaltela.pt\/"],"url":"https:\/\/portaltela.pt\/por\/367410592786\/"}]}},"_links":{"self":[{"href":"https:\/\/portaltela.pt\/api\/wp\/v2\/posts\/417065","targetHints":{"allow":["GET"]}}],"collection":[{"href":"https:\/\/portaltela.pt\/api\/wp\/v2\/posts"}],"about":[{"href":"https:\/\/portaltela.pt\/api\/wp\/v2\/types\/post"}],"author":[{"embeddable":true,"href":"https:\/\/portaltela.pt\/api\/wp\/v2\/users\/2"}],"replies":[{"embeddable":true,"href":"https:\/\/portaltela.pt\/api\/wp\/v2\/comments?post=417065"}],"version-history":[{"count":0,"href":"https:\/\/portaltela.pt\/api\/wp\/v2\/posts\/417065\/revisions"}],"wp:featuredmedia":[{"embeddable":true,"href":"https:\/\/portaltela.pt\/api\/wp\/v2\/media\/417071"}],"wp:attachment":[{"href":"https:\/\/portaltela.pt\/api\/wp\/v2\/media?parent=417065"}],"wp:term":[{"taxonomy":"category","embeddable":true,"href":"https:\/\/portaltela.pt\/api\/wp\/v2\/categories?post=417065"},{"taxonomy":"post_tag","embeddable":true,"href":"https:\/\/portaltela.pt\/api\/wp\/v2\/tags?post=417065"}],"curies":[{"name":"wp","href":"https:\/\/api.w.org\/{rel}","templated":true}]}}