{"id":417060,"date":"2026-03-20T06:57:00","date_gmt":"2026-03-20T09:57:00","guid":{"rendered":"https:\/\/portaltela.pt\/noticias\/2026\/03\/20\/pai-de-carolina-deslandes-revela-luta-contra-a-droga-e-a-adiccao\/"},"modified":"2026-03-20T06:57:00","modified_gmt":"2026-03-20T09:57:00","slug":"pai-de-carolina-deslandes-revela-luta-contra-a-droga-e-a-adiccao","status":"publish","type":"post","link":"https:\/\/portaltela.pt\/saude\/2026\/03\/20\/pai-de-carolina-deslandes-revela-luta-contra-a-droga-e-a-adiccao\/","title":{"rendered":"Pai de Carolina Deslandes revela luta contra a droga e a adic\u00e7\u00e3o"},"content":{"rendered":"<p>Francisco Deslandes, pai da cantora Carolina Deslandes, revelou em entrevista no programa J\u00falia, celebrando o Dia do Pai, a sua luta contra as drogas e o percurso at\u00e9 \u00e0 sobriedade.<\/p>\n<p>Antes, o consumo afastou-o da fam\u00edlia e dos seis filhos. Dizia que a sua chegada provocava ansiedade nas crian\u00e7as, que n\u00e3o sabiam como iria chegar, entre stress e cansa\u00e7o.<\/p>\n<p>O ponto de viragem surgiu ao reconhecer que j\u00e1 n\u00e3o se reconhecia nem tinha bem consigo pr\u00f3prio. Descreveu um vazio espiritual e uma vida sem sentido, com rela\u00e7\u00e3o fragilizada com os filhos adultos.<\/p>\n<p>Seguiu para um centro de reabilita\u00e7\u00e3o em Vila Real, onde permaneceu 10 meses. Tomou a decis\u00e3o de mudar e iniciou o processo Minnesota, baseado em 12 passos.<\/p>\n<p>Desde ent\u00e3o, mant\u00e9m-se s\u00f3brio h\u00e1 quase 12 anos e decidiu dedicar-se a ajudar outros dependentes, afirmando que a recupera\u00e7\u00e3o pode ser uma heran\u00e7a para quem o rodeia.<\/p>\n<p>Em rela\u00e7\u00e3o aos filhos, afirma que a mudan\u00e7a n\u00e3o veio apenas de palavras, mas de atitudes, mostrando aos filhos que j\u00e1 faz parte da solu\u00e7\u00e3o, n\u00e3o do problema.<\/p>\n","protected":false},"excerpt":{"rendered":"<ul>\n<li>Francisco Deslandes, pai de Carolina Deslandes, abriu-se numa entrevista sobre o seu passado de consumo de drogas e a recupera\u00e7\u00e3o, em especial para o Dia do Pai.<\/li>\n<li>S\u00f3brio h\u00e1 quase doze anos, recorda que o v\u00edcio o afastou da fam\u00edlia e dos seis filhos, afetando a rela\u00e7\u00e3o com eles.<\/li>\n<li>O ponto de viragem surgiu quando deixou de se reconhecer e mudou de vida, entrando num centro de reabilita\u00e7\u00e3o em Vila Real por dez meses e seguir o processo Minnesota (12 passos).<\/li>\n<li>Conseguiu abandonar o consumo e tornou-se escravo da adi\u00e7\u00e3o, o que o levou a reconhecer que j\u00e1 n\u00e3o fazia parte da vida das pessoas de quem gostava.<\/li>\n<li>Depois da sobriedade, passou a ajudar outros dependentes, mantendo a recupera\u00e7\u00e3o como um legado e trabalhando para se manter parte da solu\u00e7\u00e3o, n\u00e3o do problema, na rela\u00e7\u00e3o com os filhos.<\/li>\n<\/ul>\n","protected":false},"author":2,"featured_media":417068,"comment_status":"closed","ping_status":"closed","sticky":false,"template":"","format":"standard","meta":{"footnotes":""},"categories":[6745],"tags":[5849,64,40,6346,172,1665],"class_list":["post-417060","post","type-post","status-publish","format-standard","has-post-thumbnail","hentry","category-saude","tag-droga","tag-familia","tag-pessoas","tag-recuperacao","tag-saude","tag-vila-real"],"yoast_head":"<!-- This site is optimized with the Yoast SEO plugin v27.2 - https:\/\/yoast.com\/product\/yoast-seo-wordpress\/ -->\n<title>Pai de Carolina Deslandes revela luta contra a droga e a adic\u00e7\u00e3o - Portal Tela Portugal<\/title>\n<meta name=\"robots\" content=\"index, follow, max-snippet:-1, max-image-preview:large, max-video-preview:-1\" \/>\n<meta property=\"og:locale\" content=\"pt_PT\" \/>\n<meta property=\"og:type\" content=\"article\" \/>\n<meta property=\"og:title\" content=\"Pai de Carolina Deslandes revela luta contra a droga e a adic\u00e7\u00e3o - Portal Tela Portugal\" \/>\n<meta property=\"og:description\" content=\"Francisco Deslandes, pai de Carolina Deslandes, abriu-se numa entrevista sobre o seu passado de consumo de drogas e a recupera\u00e7\u00e3o, em especial para o Dia do Pai. S\u00f3brio h\u00e1 quase doze anos, recorda que o v\u00edcio o afastou da fam\u00edlia e dos seis filhos, afetando a rela\u00e7\u00e3o com eles. O ponto de viragem surgiu quando deixou de se reconhecer e mudou de vida, entrando num centro de reabilita\u00e7\u00e3o em Vila Real por dez meses e seguir o processo Minnesota (12 passos). Conseguiu abandonar o consumo e tornou-se escravo da adi\u00e7\u00e3o, o que o levou a reconhecer que j\u00e1 n\u00e3o fazia parte da vida das pessoas de quem gostava. Depois da sobriedade, passou a ajudar outros dependentes, mantendo a recupera\u00e7\u00e3o como um legado e trabalhando para se manter parte da solu\u00e7\u00e3o, n\u00e3o do problema, na rela\u00e7\u00e3o com os filhos.\" \/>\n<meta property=\"og:url\" content=\"https:\/\/portaltela.pt\/noticias\/2026\/03\/20\/pai-de-carolina-deslandes-revela-luta-contra-a-droga-e-a-adiccao\/\" \/>\n<meta property=\"og:site_name\" content=\"Portal Tela Portugal\" \/>\n<meta property=\"article:published_time\" content=\"2026-03-20T09:57:00+00:00\" \/>\n<meta name=\"author\" content=\"Telinha\" \/>\n<meta name=\"twitter:card\" content=\"summary_large_image\" \/>\n<meta name=\"twitter:label1\" content=\"Escrito por\" \/>\n\t<meta name=\"twitter:data1\" content=\"Telinha\" \/>\n\t<meta name=\"twitter:label2\" content=\"Tempo estimado de leitura\" \/>\n\t<meta name=\"twitter:data2\" content=\"1 minuto\" \/>\n<script type=\"application\/ld+json\" class=\"yoast-schema-graph\">{\"@context\":\"https:\/\/schema.org\",\"@graph\":[{\"@type\":\"Article\",\"@id\":\"https:\/\/portaltela.pt\/noticias\/2026\/03\/20\/pai-de-carolina-deslandes-revela-luta-contra-a-droga-e-a-adiccao\/#article\",\"isPartOf\":{\"@id\":\"https:\/\/portaltela.pt\/noticias\/2026\/03\/20\/pai-de-carolina-deslandes-revela-luta-contra-a-droga-e-a-adiccao\/\"},\"author\":{\"name\":\"Telinha\",\"@id\":\"https:\/\/portaltela.pt\/#\/schema\/person\/c4278d4a6028830caff9ee44b42d32ed\"},\"headline\":\"Pai de Carolina Deslandes revela luta contra a droga e a adic\u00e7\u00e3o\",\"datePublished\":\"2026-03-20T09:57:00+00:00\",\"mainEntityOfPage\":{\"@id\":\"https:\/\/portaltela.pt\/noticias\/2026\/03\/20\/pai-de-carolina-deslandes-revela-luta-contra-a-droga-e-a-adiccao\/\"},\"wordCount\":203,\"image\":{\"@id\":\"https:\/\/portaltela.pt\/noticias\/2026\/03\/20\/pai-de-carolina-deslandes-revela-luta-contra-a-droga-e-a-adiccao\/#primaryimage\"},\"thumbnailUrl\":\"https:\/\/portaltela.pt\/s.01k8rhncp4jt1\/2026\/03\/img_1280x718uu2026-03-20-09-24-18-2273612-im-639095954663562199.jpg\",\"keywords\":[\"droga\",\"fam\u00edlia\",\"pessoas\",\"recupera\u00e7\u00e3o\",\"sa\u00fade\",\"Vila Real\"],\"articleSection\":[\"Sa\u00fade\"],\"inLanguage\":\"pt-PT\"},{\"@type\":\"WebPage\",\"@id\":\"https:\/\/portaltela.pt\/noticias\/2026\/03\/20\/pai-de-carolina-deslandes-revela-luta-contra-a-droga-e-a-adiccao\/\",\"url\":\"https:\/\/portaltela.pt\/noticias\/2026\/03\/20\/pai-de-carolina-deslandes-revela-luta-contra-a-droga-e-a-adiccao\/\",\"name\":\"Pai de Carolina Deslandes revela luta contra a droga e a adic\u00e7\u00e3o - Portal Tela Portugal\",\"isPartOf\":{\"@id\":\"https:\/\/portaltela.pt\/#website\"},\"primaryImageOfPage\":{\"@id\":\"https:\/\/portaltela.pt\/noticias\/2026\/03\/20\/pai-de-carolina-deslandes-revela-luta-contra-a-droga-e-a-adiccao\/#primaryimage\"},\"image\":{\"@id\":\"https:\/\/portaltela.pt\/noticias\/2026\/03\/20\/pai-de-carolina-deslandes-revela-luta-contra-a-droga-e-a-adiccao\/#primaryimage\"},\"thumbnailUrl\":\"https:\/\/portaltela.pt\/s.01k8rhncp4jt1\/2026\/03\/img_1280x718uu2026-03-20-09-24-18-2273612-im-639095954663562199.jpg\",\"datePublished\":\"2026-03-20T09:57:00+00:00\",\"author\":{\"@id\":\"https:\/\/portaltela.pt\/#\/schema\/person\/c4278d4a6028830caff9ee44b42d32ed\"},\"breadcrumb\":{\"@id\":\"https:\/\/portaltela.pt\/noticias\/2026\/03\/20\/pai-de-carolina-deslandes-revela-luta-contra-a-droga-e-a-adiccao\/#breadcrumb\"},\"inLanguage\":\"pt-PT\",\"potentialAction\":[{\"@type\":\"ReadAction\",\"target\":[\"https:\/\/portaltela.pt\/noticias\/2026\/03\/20\/pai-de-carolina-deslandes-revela-luta-contra-a-droga-e-a-adiccao\/\"]}]},{\"@type\":\"ImageObject\",\"inLanguage\":\"pt-PT\",\"@id\":\"https:\/\/portaltela.pt\/noticias\/2026\/03\/20\/pai-de-carolina-deslandes-revela-luta-contra-a-droga-e-a-adiccao\/#primaryimage\",\"url\":\"https:\/\/portaltela.pt\/s.01k8rhncp4jt1\/2026\/03\/img_1280x718uu2026-03-20-09-24-18-2273612-im-639095954663562199.jpg\",\"contentUrl\":\"https:\/\/portaltela.pt\/s.01k8rhncp4jt1\/2026\/03\/img_1280x718uu2026-03-20-09-24-18-2273612-im-639095954663562199.jpg\",\"width\":796,\"height\":448,\"caption\":\"Carolina Deslandes e o pai Francisco\"},{\"@type\":\"BreadcrumbList\",\"@id\":\"https:\/\/portaltela.pt\/noticias\/2026\/03\/20\/pai-de-carolina-deslandes-revela-luta-contra-a-droga-e-a-adiccao\/#breadcrumb\",\"itemListElement\":[{\"@type\":\"ListItem\",\"position\":1,\"name\":\"In\u00edcio\",\"item\":\"https:\/\/portaltela.pt\/\"},{\"@type\":\"ListItem\",\"position\":2,\"name\":\"Pai de Carolina Deslandes revela luta contra a droga e a adic\u00e7\u00e3o\"}]},{\"@type\":\"WebSite\",\"@id\":\"https:\/\/portaltela.pt\/#website\",\"url\":\"https:\/\/portaltela.pt\/\",\"name\":\"Portal Tela Portugal\",\"description\":\"\",\"potentialAction\":[{\"@type\":\"SearchAction\",\"target\":{\"@type\":\"EntryPoint\",\"urlTemplate\":\"https:\/\/portaltela.pt\/?s={search_term_string}\"},\"query-input\":{\"@type\":\"PropertyValueSpecification\",\"valueRequired\":true,\"valueName\":\"search_term_string\"}}],\"inLanguage\":\"pt-PT\"},{\"@type\":\"Person\",\"@id\":\"https:\/\/portaltela.pt\/#\/schema\/person\/c4278d4a6028830caff9ee44b42d32ed\",\"name\":\"Telinha\",\"image\":{\"@type\":\"ImageObject\",\"inLanguage\":\"pt-PT\",\"@id\":\"https:\/\/portaltela.pt\/s.01k8rhncp4jt1\/2025\/11\/talking-bot-125x125.png\",\"url\":\"https:\/\/portaltela.pt\/s.01k8rhncp4jt1\/2025\/11\/talking-bot-125x125.png\",\"contentUrl\":\"https:\/\/portaltela.pt\/s.01k8rhncp4jt1\/2025\/11\/talking-bot-125x125.png\",\"caption\":\"Telinha\"},\"sameAs\":[\"https:\/\/portaltela.pt\/\"],\"url\":\"https:\/\/portaltela.pt\/por\/367410592786\/\"}]}<\/script>\n<!-- \/ Yoast SEO plugin. -->","yoast_head_json":{"title":"Pai de Carolina Deslandes revela luta contra a droga e a adic\u00e7\u00e3o - Portal Tela Portugal","robots":{"index":"index","follow":"follow","max-snippet":"max-snippet:-1","max-image-preview":"max-image-preview:large","max-video-preview":"max-video-preview:-1"},"og_locale":"pt_PT","og_type":"article","og_title":"Pai de Carolina Deslandes revela luta contra a droga e a adic\u00e7\u00e3o - Portal Tela Portugal","og_description":"Francisco Deslandes, pai de Carolina Deslandes, abriu-se numa entrevista sobre o seu passado de consumo de drogas e a recupera\u00e7\u00e3o, em especial para o Dia do Pai. S\u00f3brio h\u00e1 quase doze anos, recorda que o v\u00edcio o afastou da fam\u00edlia e dos seis filhos, afetando a rela\u00e7\u00e3o com eles. O ponto de viragem surgiu quando deixou de se reconhecer e mudou de vida, entrando num centro de reabilita\u00e7\u00e3o em Vila Real por dez meses e seguir o processo Minnesota (12 passos). Conseguiu abandonar o consumo e tornou-se escravo da adi\u00e7\u00e3o, o que o levou a reconhecer que j\u00e1 n\u00e3o fazia parte da vida das pessoas de quem gostava. Depois da sobriedade, passou a ajudar outros dependentes, mantendo a recupera\u00e7\u00e3o como um legado e trabalhando para se manter parte da solu\u00e7\u00e3o, n\u00e3o do problema, na rela\u00e7\u00e3o com os filhos.","og_url":"https:\/\/portaltela.pt\/noticias\/2026\/03\/20\/pai-de-carolina-deslandes-revela-luta-contra-a-droga-e-a-adiccao\/","og_site_name":"Portal Tela Portugal","article_published_time":"2026-03-20T09:57:00+00:00","author":"Telinha","twitter_card":"summary_large_image","twitter_misc":{"Escrito por":"Telinha","Tempo estimado de leitura":"1 minuto"},"schema":{"@context":"https:\/\/schema.org","@graph":[{"@type":"Article","@id":"https:\/\/portaltela.pt\/noticias\/2026\/03\/20\/pai-de-carolina-deslandes-revela-luta-contra-a-droga-e-a-adiccao\/#article","isPartOf":{"@id":"https:\/\/portaltela.pt\/noticias\/2026\/03\/20\/pai-de-carolina-deslandes-revela-luta-contra-a-droga-e-a-adiccao\/"},"author":{"name":"Telinha","@id":"https:\/\/portaltela.pt\/#\/schema\/person\/c4278d4a6028830caff9ee44b42d32ed"},"headline":"Pai de Carolina Deslandes revela luta contra a droga e a adic\u00e7\u00e3o","datePublished":"2026-03-20T09:57:00+00:00","mainEntityOfPage":{"@id":"https:\/\/portaltela.pt\/noticias\/2026\/03\/20\/pai-de-carolina-deslandes-revela-luta-contra-a-droga-e-a-adiccao\/"},"wordCount":203,"image":{"@id":"https:\/\/portaltela.pt\/noticias\/2026\/03\/20\/pai-de-carolina-deslandes-revela-luta-contra-a-droga-e-a-adiccao\/#primaryimage"},"thumbnailUrl":"https:\/\/portaltela.pt\/s.01k8rhncp4jt1\/2026\/03\/img_1280x718uu2026-03-20-09-24-18-2273612-im-639095954663562199.jpg","keywords":["droga","fam\u00edlia","pessoas","recupera\u00e7\u00e3o","sa\u00fade","Vila Real"],"articleSection":["Sa\u00fade"],"inLanguage":"pt-PT"},{"@type":"WebPage","@id":"https:\/\/portaltela.pt\/noticias\/2026\/03\/20\/pai-de-carolina-deslandes-revela-luta-contra-a-droga-e-a-adiccao\/","url":"https:\/\/portaltela.pt\/noticias\/2026\/03\/20\/pai-de-carolina-deslandes-revela-luta-contra-a-droga-e-a-adiccao\/","name":"Pai de Carolina Deslandes revela luta contra a droga e a adic\u00e7\u00e3o - Portal Tela Portugal","isPartOf":{"@id":"https:\/\/portaltela.pt\/#website"},"primaryImageOfPage":{"@id":"https:\/\/portaltela.pt\/noticias\/2026\/03\/20\/pai-de-carolina-deslandes-revela-luta-contra-a-droga-e-a-adiccao\/#primaryimage"},"image":{"@id":"https:\/\/portaltela.pt\/noticias\/2026\/03\/20\/pai-de-carolina-deslandes-revela-luta-contra-a-droga-e-a-adiccao\/#primaryimage"},"thumbnailUrl":"https:\/\/portaltela.pt\/s.01k8rhncp4jt1\/2026\/03\/img_1280x718uu2026-03-20-09-24-18-2273612-im-639095954663562199.jpg","datePublished":"2026-03-20T09:57:00+00:00","author":{"@id":"https:\/\/portaltela.pt\/#\/schema\/person\/c4278d4a6028830caff9ee44b42d32ed"},"breadcrumb":{"@id":"https:\/\/portaltela.pt\/noticias\/2026\/03\/20\/pai-de-carolina-deslandes-revela-luta-contra-a-droga-e-a-adiccao\/#breadcrumb"},"inLanguage":"pt-PT","potentialAction":[{"@type":"ReadAction","target":["https:\/\/portaltela.pt\/noticias\/2026\/03\/20\/pai-de-carolina-deslandes-revela-luta-contra-a-droga-e-a-adiccao\/"]}]},{"@type":"ImageObject","inLanguage":"pt-PT","@id":"https:\/\/portaltela.pt\/noticias\/2026\/03\/20\/pai-de-carolina-deslandes-revela-luta-contra-a-droga-e-a-adiccao\/#primaryimage","url":"https:\/\/portaltela.pt\/s.01k8rhncp4jt1\/2026\/03\/img_1280x718uu2026-03-20-09-24-18-2273612-im-639095954663562199.jpg","contentUrl":"https:\/\/portaltela.pt\/s.01k8rhncp4jt1\/2026\/03\/img_1280x718uu2026-03-20-09-24-18-2273612-im-639095954663562199.jpg","width":796,"height":448,"caption":"Carolina Deslandes e o pai Francisco"},{"@type":"BreadcrumbList","@id":"https:\/\/portaltela.pt\/noticias\/2026\/03\/20\/pai-de-carolina-deslandes-revela-luta-contra-a-droga-e-a-adiccao\/#breadcrumb","itemListElement":[{"@type":"ListItem","position":1,"name":"In\u00edcio","item":"https:\/\/portaltela.pt\/"},{"@type":"ListItem","position":2,"name":"Pai de Carolina Deslandes revela luta contra a droga e a adic\u00e7\u00e3o"}]},{"@type":"WebSite","@id":"https:\/\/portaltela.pt\/#website","url":"https:\/\/portaltela.pt\/","name":"Portal Tela Portugal","description":"","potentialAction":[{"@type":"SearchAction","target":{"@type":"EntryPoint","urlTemplate":"https:\/\/portaltela.pt\/?s={search_term_string}"},"query-input":{"@type":"PropertyValueSpecification","valueRequired":true,"valueName":"search_term_string"}}],"inLanguage":"pt-PT"},{"@type":"Person","@id":"https:\/\/portaltela.pt\/#\/schema\/person\/c4278d4a6028830caff9ee44b42d32ed","name":"Telinha","image":{"@type":"ImageObject","inLanguage":"pt-PT","@id":"https:\/\/portaltela.pt\/s.01k8rhncp4jt1\/2025\/11\/talking-bot-125x125.png","url":"https:\/\/portaltela.pt\/s.01k8rhncp4jt1\/2025\/11\/talking-bot-125x125.png","contentUrl":"https:\/\/portaltela.pt\/s.01k8rhncp4jt1\/2025\/11\/talking-bot-125x125.png","caption":"Telinha"},"sameAs":["https:\/\/portaltela.pt\/"],"url":"https:\/\/portaltela.pt\/por\/367410592786\/"}]}},"_links":{"self":[{"href":"https:\/\/portaltela.pt\/api\/wp\/v2\/posts\/417060","targetHints":{"allow":["GET"]}}],"collection":[{"href":"https:\/\/portaltela.pt\/api\/wp\/v2\/posts"}],"about":[{"href":"https:\/\/portaltela.pt\/api\/wp\/v2\/types\/post"}],"author":[{"embeddable":true,"href":"https:\/\/portaltela.pt\/api\/wp\/v2\/users\/2"}],"replies":[{"embeddable":true,"href":"https:\/\/portaltela.pt\/api\/wp\/v2\/comments?post=417060"}],"version-history":[{"count":0,"href":"https:\/\/portaltela.pt\/api\/wp\/v2\/posts\/417060\/revisions"}],"wp:featuredmedia":[{"embeddable":true,"href":"https:\/\/portaltela.pt\/api\/wp\/v2\/media\/417068"}],"wp:attachment":[{"href":"https:\/\/portaltela.pt\/api\/wp\/v2\/media?parent=417060"}],"wp:term":[{"taxonomy":"category","embeddable":true,"href":"https:\/\/portaltela.pt\/api\/wp\/v2\/categories?post=417060"},{"taxonomy":"post_tag","embeddable":true,"href":"https:\/\/portaltela.pt\/api\/wp\/v2\/tags?post=417060"}],"curies":[{"name":"wp","href":"https:\/\/api.w.org\/{rel}","templated":true}]}}