{"id":417058,"date":"2026-03-20T06:28:00","date_gmt":"2026-03-20T09:28:00","guid":{"rendered":"https:\/\/portaltela.pt\/noticias\/2026\/03\/20\/apagao-peritos-europeus-recomendam-reforcar-regras-e-coordenacao-do-sistema\/"},"modified":"2026-03-20T06:28:00","modified_gmt":"2026-03-20T09:28:00","slug":"apagao-peritos-europeus-recomendam-reforcar-regras-e-coordenacao-do-sistema","status":"publish","type":"post","link":"https:\/\/portaltela.pt\/noticias\/2026\/03\/20\/apagao-peritos-europeus-recomendam-reforcar-regras-e-coordenacao-do-sistema\/","title":{"rendered":"Apag\u00e3o: peritos europeus recomendam refor\u00e7ar regras e coordena\u00e7\u00e3o do sistema"},"content":{"rendered":"<p>O apag\u00e3o ib\u00e9rico de 28 de abril de 2025 foi provocado por falhas em cascata no sistema el\u00e9trico, afetando Portugal e Espanha. O relat\u00f3rio final dos peritos europeus, feito por 45 especialistas de 12 pa\u00edses, aponta a gravidade do incidente como o mais significativo em mais de duas d\u00e9cadas.<\/p>\n<p>Segundo o estudo da ENTSO-E, o colapso resultou de uma conflu\u00eancia de factores interligados, incluindo oscila\u00e7\u00f5es, lacunas no controlo de tens\u00e3o e de pot\u00eancia reactiva, diverg\u00eancias regulat\u00f3rias e redu\u00e7\u00f5es r\u00e1pidas de produ\u00e7\u00e3o. Desligamentos de geradores em Espanha e capacidades de estabiliza\u00e7\u00e3o desiguais contribu\u00edram para o fen\u00f3meno.<\/p>\n<p>A investiga\u00e7\u00e3o conclui que as causas geraram aumentos de tens\u00e3o e desligamentos em cascata de produ\u00e7\u00e3o renov\u00e1vel, levando ao corte na rede de Espanha continental e de Portugal. As conclus\u00f5es preliminares j\u00e1 tinham indicado este enquadramento em outubro de 2025.<\/p>\n<p>As recomenda\u00e7\u00f5es apresentadas visam impedir eventos semelhantes, refor\u00e7ando pr\u00e1ticas operacionais, monitoriza\u00e7\u00e3o do comportamento do sistema e uma coordena\u00e7\u00e3o mais estreita entre os intervenientes do setor. A partilha de dados entre operadores da rede de transporte e de distribui\u00e7\u00e3o, como a REN e a E-Redes em Portugal, \u00e9 destacada.<\/p>\n<p>A ENTSO-E sublinha a necessidade de coopera\u00e7\u00e3o entre grandes produtores e consumidores para gerir com efic\u00e1cia eventos complexos. O relat\u00f3rio afirma que esfor\u00e7os cont\u00ednuos na melhoria operacional e na troca de informa\u00e7\u00e3o contribuem para a seguran\u00e7a do abastecimento.<\/p>\n<p>A ag\u00eancia tamb\u00e9m aponta a necessidade de adaptar os quadros regulamentares \u00e0 evolu\u00e7\u00e3o do sistema el\u00e9trico. Os peritos ressaltam que o apag\u00e3o evidencia como desenvolvimentos locais podem ter impacto a n\u00edvel europeus, exigindo alinhamento entre mecanismos de mercado, quadros legais e pol\u00edticas energ\u00e9ticas.<\/p>\n<p>N\u00e3o cabe ao painel de especialistas monitorizar a implementa\u00e7\u00e3o. O documento afirma que a responsabilidade pela an\u00e1lise e acompanhamento recai sobre cada destinat\u00e1rio, sem atribui\u00e7\u00e3o de responsabilidades ao pr\u00f3prio grupo.<\/p>\n<h3>Recomenda\u00e7\u00f5es-chave e responsabilidades<\/h3>\n<ul>\n<li>Refor\u00e7o das pr\u00e1ticas operacionais e melhoria da monitoriza\u00e7\u00e3o do sistema.<\/li>\n<li>Coordena\u00e7\u00e3o e troca de dados mais estreitas entre operadores de rede e grandes produtores.<\/li>\n<li>Integra\u00e7\u00e3o entre operadores de rede de transporte e de distribui\u00e7\u00e3o, incluindo entidades nacionais em Portugal.<\/li>\n<li>Adapta\u00e7\u00e3o regulat\u00f3ria para acompanhar a evolu\u00e7\u00e3o tecnol\u00f3gica e de funcionamento do sistema el\u00e9trico.<\/li>\n<\/ul>\n","protected":false},"excerpt":{"rendered":"<ul>\n<li>Peritos europeus, de 12 pa\u00edses e com 45 especialistas, concluem que o apag\u00e3o ib\u00e9rico de 28 de abril de 2025 foi causado por falhas em cascata no sistema el\u00e9trico, o que levou a desligamentos de produ\u00e7\u00e3o renov\u00e1vel.<\/li>\n<li>O relat\u00f3rio da ENTSO-E identifica fatores interligados: oscila\u00e7\u00f5es, lacunas no controlo de tens\u00e3o e de pot\u00eancia reactiva, diferen\u00e7as regulat\u00f3rias e redu\u00e7\u00f5es r\u00e1pidas de produ\u00e7\u00e3o, que precipitaram o evento que afetou espanha e portugal.<\/li>\n<li>Recomenda-se refor\u00e7ar quadros regulat\u00f3rios, melhorar a monitoriza\u00e7\u00e3o do comportamento do sistema e intensificar a coordena\u00e7\u00e3o e a troca de dados entre operadores de rede, grandes produtores e consumidores.<\/li>\n<li>Destaca-se a necessidade de uma coordena\u00e7\u00e3o mais estreita entre operadores da rede de transporte (REN em portugal) e da rede de distribui\u00e7\u00e3o (E-Redes), bem como entre grandes produtores, para gerir eventos complexos.<\/li>\n<li>Apesar da gravidade, a restaura\u00e7\u00e3o foi r\u00e1pida: portugal retomou totalmente a liga\u00e7\u00e3o em 12 horas e espanha em 16 horas; as conclus\u00f5es salientam a adapta\u00e7\u00e3o regulat\u00f3ria necess\u00e1ria para acompanhar a evolu\u00e7\u00e3o do sistema.<\/li>\n<\/ul>\n","protected":false},"author":2,"featured_media":417061,"comment_status":"closed","ping_status":"closed","sticky":false,"template":"","format":"standard","meta":{"footnotes":""},"categories":[6806,1],"tags":[4729,4787,174,2729,1014,4427],"class_list":["post-417058","post","type-post","status-publish","format-standard","has-post-thumbnail","hentry","category-energia","category-noticias","tag-abastecimento-de-energia","tag-colaboracao-internacional","tag-energia","tag-energia-renovavel","tag-portugal","tag-rede-electrica"],"yoast_head":"<!-- This site is optimized with the Yoast SEO plugin v27.2 - https:\/\/yoast.com\/product\/yoast-seo-wordpress\/ -->\n<title>Apag\u00e3o: peritos europeus recomendam refor\u00e7ar regras e coordena\u00e7\u00e3o do sistema - Portal Tela Portugal<\/title>\n<meta name=\"robots\" content=\"index, follow, max-snippet:-1, max-image-preview:large, max-video-preview:-1\" \/>\n<meta property=\"og:locale\" content=\"pt_PT\" \/>\n<meta property=\"og:type\" content=\"article\" \/>\n<meta property=\"og:title\" content=\"Apag\u00e3o: peritos europeus recomendam refor\u00e7ar regras e coordena\u00e7\u00e3o do sistema - Portal Tela Portugal\" \/>\n<meta property=\"og:description\" content=\"Peritos europeus, de 12 pa\u00edses e com 45 especialistas, concluem que o apag\u00e3o ib\u00e9rico de 28 de abril de 2025 foi causado por falhas em cascata no sistema el\u00e9trico, o que levou a desligamentos de produ\u00e7\u00e3o renov\u00e1vel. O relat\u00f3rio da ENTSO-E identifica fatores interligados: oscila\u00e7\u00f5es, lacunas no controlo de tens\u00e3o e de pot\u00eancia reactiva, diferen\u00e7as regulat\u00f3rias e redu\u00e7\u00f5es r\u00e1pidas de produ\u00e7\u00e3o, que precipitaram o evento que afetou espanha e portugal. Recomenda-se refor\u00e7ar quadros regulat\u00f3rios, melhorar a monitoriza\u00e7\u00e3o do comportamento do sistema e intensificar a coordena\u00e7\u00e3o e a troca de dados entre operadores de rede, grandes produtores e consumidores. Destaca-se a necessidade de uma coordena\u00e7\u00e3o mais estreita entre operadores da rede de transporte (REN em portugal) e da rede de distribui\u00e7\u00e3o (E-Redes), bem como entre grandes produtores, para gerir eventos complexos. Apesar da gravidade, a restaura\u00e7\u00e3o foi r\u00e1pida: portugal retomou totalmente a liga\u00e7\u00e3o em 12 horas e espanha em 16 horas; as conclus\u00f5es salientam a adapta\u00e7\u00e3o regulat\u00f3ria necess\u00e1ria para acompanhar a evolu\u00e7\u00e3o do sistema.\" \/>\n<meta property=\"og:url\" content=\"https:\/\/portaltela.pt\/noticias\/2026\/03\/20\/apagao-peritos-europeus-recomendam-reforcar-regras-e-coordenacao-do-sistema\/\" \/>\n<meta property=\"og:site_name\" content=\"Portal Tela Portugal\" \/>\n<meta property=\"article:published_time\" content=\"2026-03-20T09:28:00+00:00\" \/>\n<meta name=\"author\" content=\"Telinha\" \/>\n<meta name=\"twitter:card\" content=\"summary_large_image\" \/>\n<meta name=\"twitter:label1\" content=\"Escrito por\" \/>\n\t<meta name=\"twitter:data1\" content=\"Telinha\" \/>\n\t<meta name=\"twitter:label2\" content=\"Tempo estimado de leitura\" \/>\n\t<meta name=\"twitter:data2\" content=\"2 minutos\" \/>\n<script type=\"application\/ld+json\" class=\"yoast-schema-graph\">{\"@context\":\"https:\/\/schema.org\",\"@graph\":[{\"@type\":\"Article\",\"@id\":\"https:\/\/portaltela.pt\/noticias\/2026\/03\/20\/apagao-peritos-europeus-recomendam-reforcar-regras-e-coordenacao-do-sistema\/#article\",\"isPartOf\":{\"@id\":\"https:\/\/portaltela.pt\/noticias\/2026\/03\/20\/apagao-peritos-europeus-recomendam-reforcar-regras-e-coordenacao-do-sistema\/\"},\"author\":{\"name\":\"Telinha\",\"@id\":\"https:\/\/portaltela.pt\/#\/schema\/person\/c4278d4a6028830caff9ee44b42d32ed\"},\"headline\":\"Apag\u00e3o: peritos europeus recomendam refor\u00e7ar regras e coordena\u00e7\u00e3o do sistema\",\"datePublished\":\"2026-03-20T09:28:00+00:00\",\"mainEntityOfPage\":{\"@id\":\"https:\/\/portaltela.pt\/noticias\/2026\/03\/20\/apagao-peritos-europeus-recomendam-reforcar-regras-e-coordenacao-do-sistema\/\"},\"wordCount\":417,\"image\":{\"@id\":\"https:\/\/portaltela.pt\/noticias\/2026\/03\/20\/apagao-peritos-europeus-recomendam-reforcar-regras-e-coordenacao-do-sistema\/#primaryimage\"},\"thumbnailUrl\":\"https:\/\/portaltela.pt\/s.01k8rhncp4jt1\/2026\/03\/2075715.jpg\",\"keywords\":[\"abastecimento de energia\",\"colabora\u00e7\u00e3o internacional\",\"energia\",\"energia renov\u00e1vel\",\"Portugal\",\"rede el\u00e9ctrica\"],\"articleSection\":[\"Energia\",\"Not\u00edcias\"],\"inLanguage\":\"pt-PT\"},{\"@type\":\"WebPage\",\"@id\":\"https:\/\/portaltela.pt\/noticias\/2026\/03\/20\/apagao-peritos-europeus-recomendam-reforcar-regras-e-coordenacao-do-sistema\/\",\"url\":\"https:\/\/portaltela.pt\/noticias\/2026\/03\/20\/apagao-peritos-europeus-recomendam-reforcar-regras-e-coordenacao-do-sistema\/\",\"name\":\"Apag\u00e3o: peritos europeus recomendam refor\u00e7ar regras e coordena\u00e7\u00e3o do sistema - Portal Tela Portugal\",\"isPartOf\":{\"@id\":\"https:\/\/portaltela.pt\/#website\"},\"primaryImageOfPage\":{\"@id\":\"https:\/\/portaltela.pt\/noticias\/2026\/03\/20\/apagao-peritos-europeus-recomendam-reforcar-regras-e-coordenacao-do-sistema\/#primaryimage\"},\"image\":{\"@id\":\"https:\/\/portaltela.pt\/noticias\/2026\/03\/20\/apagao-peritos-europeus-recomendam-reforcar-regras-e-coordenacao-do-sistema\/#primaryimage\"},\"thumbnailUrl\":\"https:\/\/portaltela.pt\/s.01k8rhncp4jt1\/2026\/03\/2075715.jpg\",\"datePublished\":\"2026-03-20T09:28:00+00:00\",\"author\":{\"@id\":\"https:\/\/portaltela.pt\/#\/schema\/person\/c4278d4a6028830caff9ee44b42d32ed\"},\"breadcrumb\":{\"@id\":\"https:\/\/portaltela.pt\/noticias\/2026\/03\/20\/apagao-peritos-europeus-recomendam-reforcar-regras-e-coordenacao-do-sistema\/#breadcrumb\"},\"inLanguage\":\"pt-PT\",\"potentialAction\":[{\"@type\":\"ReadAction\",\"target\":[\"https:\/\/portaltela.pt\/noticias\/2026\/03\/20\/apagao-peritos-europeus-recomendam-reforcar-regras-e-coordenacao-do-sistema\/\"]}]},{\"@type\":\"ImageObject\",\"inLanguage\":\"pt-PT\",\"@id\":\"https:\/\/portaltela.pt\/noticias\/2026\/03\/20\/apagao-peritos-europeus-recomendam-reforcar-regras-e-coordenacao-do-sistema\/#primaryimage\",\"url\":\"https:\/\/portaltela.pt\/s.01k8rhncp4jt1\/2026\/03\/2075715.jpg\",\"contentUrl\":\"https:\/\/portaltela.pt\/s.01k8rhncp4jt1\/2026\/03\/2075715.jpg\",\"width\":796,\"height\":448,\"caption\":\"Apag\u00e3o a 28 de Abril\"},{\"@type\":\"BreadcrumbList\",\"@id\":\"https:\/\/portaltela.pt\/noticias\/2026\/03\/20\/apagao-peritos-europeus-recomendam-reforcar-regras-e-coordenacao-do-sistema\/#breadcrumb\",\"itemListElement\":[{\"@type\":\"ListItem\",\"position\":1,\"name\":\"In\u00edcio\",\"item\":\"https:\/\/portaltela.pt\/\"},{\"@type\":\"ListItem\",\"position\":2,\"name\":\"Apag\u00e3o: peritos europeus recomendam refor\u00e7ar regras e coordena\u00e7\u00e3o do sistema\"}]},{\"@type\":\"WebSite\",\"@id\":\"https:\/\/portaltela.pt\/#website\",\"url\":\"https:\/\/portaltela.pt\/\",\"name\":\"Portal Tela Portugal\",\"description\":\"\",\"potentialAction\":[{\"@type\":\"SearchAction\",\"target\":{\"@type\":\"EntryPoint\",\"urlTemplate\":\"https:\/\/portaltela.pt\/?s={search_term_string}\"},\"query-input\":{\"@type\":\"PropertyValueSpecification\",\"valueRequired\":true,\"valueName\":\"search_term_string\"}}],\"inLanguage\":\"pt-PT\"},{\"@type\":\"Person\",\"@id\":\"https:\/\/portaltela.pt\/#\/schema\/person\/c4278d4a6028830caff9ee44b42d32ed\",\"name\":\"Telinha\",\"image\":{\"@type\":\"ImageObject\",\"inLanguage\":\"pt-PT\",\"@id\":\"https:\/\/portaltela.pt\/s.01k8rhncp4jt1\/2025\/11\/talking-bot-125x125.png\",\"url\":\"https:\/\/portaltela.pt\/s.01k8rhncp4jt1\/2025\/11\/talking-bot-125x125.png\",\"contentUrl\":\"https:\/\/portaltela.pt\/s.01k8rhncp4jt1\/2025\/11\/talking-bot-125x125.png\",\"caption\":\"Telinha\"},\"sameAs\":[\"https:\/\/portaltela.pt\/\"],\"url\":\"https:\/\/portaltela.pt\/por\/367410592786\/\"}]}<\/script>\n<!-- \/ Yoast SEO plugin. -->","yoast_head_json":{"title":"Apag\u00e3o: peritos europeus recomendam refor\u00e7ar regras e coordena\u00e7\u00e3o do sistema - Portal Tela Portugal","robots":{"index":"index","follow":"follow","max-snippet":"max-snippet:-1","max-image-preview":"max-image-preview:large","max-video-preview":"max-video-preview:-1"},"og_locale":"pt_PT","og_type":"article","og_title":"Apag\u00e3o: peritos europeus recomendam refor\u00e7ar regras e coordena\u00e7\u00e3o do sistema - Portal Tela Portugal","og_description":"Peritos europeus, de 12 pa\u00edses e com 45 especialistas, concluem que o apag\u00e3o ib\u00e9rico de 28 de abril de 2025 foi causado por falhas em cascata no sistema el\u00e9trico, o que levou a desligamentos de produ\u00e7\u00e3o renov\u00e1vel. O relat\u00f3rio da ENTSO-E identifica fatores interligados: oscila\u00e7\u00f5es, lacunas no controlo de tens\u00e3o e de pot\u00eancia reactiva, diferen\u00e7as regulat\u00f3rias e redu\u00e7\u00f5es r\u00e1pidas de produ\u00e7\u00e3o, que precipitaram o evento que afetou espanha e portugal. Recomenda-se refor\u00e7ar quadros regulat\u00f3rios, melhorar a monitoriza\u00e7\u00e3o do comportamento do sistema e intensificar a coordena\u00e7\u00e3o e a troca de dados entre operadores de rede, grandes produtores e consumidores. Destaca-se a necessidade de uma coordena\u00e7\u00e3o mais estreita entre operadores da rede de transporte (REN em portugal) e da rede de distribui\u00e7\u00e3o (E-Redes), bem como entre grandes produtores, para gerir eventos complexos. Apesar da gravidade, a restaura\u00e7\u00e3o foi r\u00e1pida: portugal retomou totalmente a liga\u00e7\u00e3o em 12 horas e espanha em 16 horas; as conclus\u00f5es salientam a adapta\u00e7\u00e3o regulat\u00f3ria necess\u00e1ria para acompanhar a evolu\u00e7\u00e3o do sistema.","og_url":"https:\/\/portaltela.pt\/noticias\/2026\/03\/20\/apagao-peritos-europeus-recomendam-reforcar-regras-e-coordenacao-do-sistema\/","og_site_name":"Portal Tela Portugal","article_published_time":"2026-03-20T09:28:00+00:00","author":"Telinha","twitter_card":"summary_large_image","twitter_misc":{"Escrito por":"Telinha","Tempo estimado de leitura":"2 minutos"},"schema":{"@context":"https:\/\/schema.org","@graph":[{"@type":"Article","@id":"https:\/\/portaltela.pt\/noticias\/2026\/03\/20\/apagao-peritos-europeus-recomendam-reforcar-regras-e-coordenacao-do-sistema\/#article","isPartOf":{"@id":"https:\/\/portaltela.pt\/noticias\/2026\/03\/20\/apagao-peritos-europeus-recomendam-reforcar-regras-e-coordenacao-do-sistema\/"},"author":{"name":"Telinha","@id":"https:\/\/portaltela.pt\/#\/schema\/person\/c4278d4a6028830caff9ee44b42d32ed"},"headline":"Apag\u00e3o: peritos europeus recomendam refor\u00e7ar regras e coordena\u00e7\u00e3o do sistema","datePublished":"2026-03-20T09:28:00+00:00","mainEntityOfPage":{"@id":"https:\/\/portaltela.pt\/noticias\/2026\/03\/20\/apagao-peritos-europeus-recomendam-reforcar-regras-e-coordenacao-do-sistema\/"},"wordCount":417,"image":{"@id":"https:\/\/portaltela.pt\/noticias\/2026\/03\/20\/apagao-peritos-europeus-recomendam-reforcar-regras-e-coordenacao-do-sistema\/#primaryimage"},"thumbnailUrl":"https:\/\/portaltela.pt\/s.01k8rhncp4jt1\/2026\/03\/2075715.jpg","keywords":["abastecimento de energia","colabora\u00e7\u00e3o internacional","energia","energia renov\u00e1vel","Portugal","rede el\u00e9ctrica"],"articleSection":["Energia","Not\u00edcias"],"inLanguage":"pt-PT"},{"@type":"WebPage","@id":"https:\/\/portaltela.pt\/noticias\/2026\/03\/20\/apagao-peritos-europeus-recomendam-reforcar-regras-e-coordenacao-do-sistema\/","url":"https:\/\/portaltela.pt\/noticias\/2026\/03\/20\/apagao-peritos-europeus-recomendam-reforcar-regras-e-coordenacao-do-sistema\/","name":"Apag\u00e3o: peritos europeus recomendam refor\u00e7ar regras e coordena\u00e7\u00e3o do sistema - Portal Tela Portugal","isPartOf":{"@id":"https:\/\/portaltela.pt\/#website"},"primaryImageOfPage":{"@id":"https:\/\/portaltela.pt\/noticias\/2026\/03\/20\/apagao-peritos-europeus-recomendam-reforcar-regras-e-coordenacao-do-sistema\/#primaryimage"},"image":{"@id":"https:\/\/portaltela.pt\/noticias\/2026\/03\/20\/apagao-peritos-europeus-recomendam-reforcar-regras-e-coordenacao-do-sistema\/#primaryimage"},"thumbnailUrl":"https:\/\/portaltela.pt\/s.01k8rhncp4jt1\/2026\/03\/2075715.jpg","datePublished":"2026-03-20T09:28:00+00:00","author":{"@id":"https:\/\/portaltela.pt\/#\/schema\/person\/c4278d4a6028830caff9ee44b42d32ed"},"breadcrumb":{"@id":"https:\/\/portaltela.pt\/noticias\/2026\/03\/20\/apagao-peritos-europeus-recomendam-reforcar-regras-e-coordenacao-do-sistema\/#breadcrumb"},"inLanguage":"pt-PT","potentialAction":[{"@type":"ReadAction","target":["https:\/\/portaltela.pt\/noticias\/2026\/03\/20\/apagao-peritos-europeus-recomendam-reforcar-regras-e-coordenacao-do-sistema\/"]}]},{"@type":"ImageObject","inLanguage":"pt-PT","@id":"https:\/\/portaltela.pt\/noticias\/2026\/03\/20\/apagao-peritos-europeus-recomendam-reforcar-regras-e-coordenacao-do-sistema\/#primaryimage","url":"https:\/\/portaltela.pt\/s.01k8rhncp4jt1\/2026\/03\/2075715.jpg","contentUrl":"https:\/\/portaltela.pt\/s.01k8rhncp4jt1\/2026\/03\/2075715.jpg","width":796,"height":448,"caption":"Apag\u00e3o a 28 de Abril"},{"@type":"BreadcrumbList","@id":"https:\/\/portaltela.pt\/noticias\/2026\/03\/20\/apagao-peritos-europeus-recomendam-reforcar-regras-e-coordenacao-do-sistema\/#breadcrumb","itemListElement":[{"@type":"ListItem","position":1,"name":"In\u00edcio","item":"https:\/\/portaltela.pt\/"},{"@type":"ListItem","position":2,"name":"Apag\u00e3o: peritos europeus recomendam refor\u00e7ar regras e coordena\u00e7\u00e3o do sistema"}]},{"@type":"WebSite","@id":"https:\/\/portaltela.pt\/#website","url":"https:\/\/portaltela.pt\/","name":"Portal Tela Portugal","description":"","potentialAction":[{"@type":"SearchAction","target":{"@type":"EntryPoint","urlTemplate":"https:\/\/portaltela.pt\/?s={search_term_string}"},"query-input":{"@type":"PropertyValueSpecification","valueRequired":true,"valueName":"search_term_string"}}],"inLanguage":"pt-PT"},{"@type":"Person","@id":"https:\/\/portaltela.pt\/#\/schema\/person\/c4278d4a6028830caff9ee44b42d32ed","name":"Telinha","image":{"@type":"ImageObject","inLanguage":"pt-PT","@id":"https:\/\/portaltela.pt\/s.01k8rhncp4jt1\/2025\/11\/talking-bot-125x125.png","url":"https:\/\/portaltela.pt\/s.01k8rhncp4jt1\/2025\/11\/talking-bot-125x125.png","contentUrl":"https:\/\/portaltela.pt\/s.01k8rhncp4jt1\/2025\/11\/talking-bot-125x125.png","caption":"Telinha"},"sameAs":["https:\/\/portaltela.pt\/"],"url":"https:\/\/portaltela.pt\/por\/367410592786\/"}]}},"_links":{"self":[{"href":"https:\/\/portaltela.pt\/api\/wp\/v2\/posts\/417058","targetHints":{"allow":["GET"]}}],"collection":[{"href":"https:\/\/portaltela.pt\/api\/wp\/v2\/posts"}],"about":[{"href":"https:\/\/portaltela.pt\/api\/wp\/v2\/types\/post"}],"author":[{"embeddable":true,"href":"https:\/\/portaltela.pt\/api\/wp\/v2\/users\/2"}],"replies":[{"embeddable":true,"href":"https:\/\/portaltela.pt\/api\/wp\/v2\/comments?post=417058"}],"version-history":[{"count":0,"href":"https:\/\/portaltela.pt\/api\/wp\/v2\/posts\/417058\/revisions"}],"wp:featuredmedia":[{"embeddable":true,"href":"https:\/\/portaltela.pt\/api\/wp\/v2\/media\/417061"}],"wp:attachment":[{"href":"https:\/\/portaltela.pt\/api\/wp\/v2\/media?parent=417058"}],"wp:term":[{"taxonomy":"category","embeddable":true,"href":"https:\/\/portaltela.pt\/api\/wp\/v2\/categories?post=417058"},{"taxonomy":"post_tag","embeddable":true,"href":"https:\/\/portaltela.pt\/api\/wp\/v2\/tags?post=417058"}],"curies":[{"name":"wp","href":"https:\/\/api.w.org\/{rel}","templated":true}]}}