{"id":417038,"date":"2026-03-20T06:36:00","date_gmt":"2026-03-20T09:36:00","guid":{"rendered":"https:\/\/portaltela.pt\/noticias\/2026\/03\/20\/mocambique-admite-revisao-orcamental-em-caso-extremo-devido-a-guerra-no-golfo\/"},"modified":"2026-03-20T06:36:00","modified_gmt":"2026-03-20T09:36:00","slug":"mocambique-admite-revisao-orcamental-em-caso-extremo-devido-a-guerra-no-golfo","status":"publish","type":"post","link":"https:\/\/portaltela.pt\/noticias\/economia\/2026\/03\/20\/mocambique-admite-revisao-orcamental-em-caso-extremo-devido-a-guerra-no-golfo\/","title":{"rendered":"Mo\u00e7ambique admite revis\u00e3o or\u00e7amental em caso extremo devido \u00e0 guerra no Golfo"},"content":{"rendered":"<p>O Governo de Mo\u00e7ambique admite a possibilidade de rever o or\u00e7amento em situa\u00e7\u00e3o extrema, em resposta aos impactos da guerra no Golfo. A medida \u00e9 apresentada como eventual, n\u00e3o vinculada a uma decis\u00e3o j\u00e1 tomada.<\/p>\n<p>Segundo fontes oficiais, o Minist\u00e9rio das Finan\u00e7as indicou que ajustes or\u00e7amentais poder\u00e3o ocorrer caso haja agravamento das condi\u00e7\u00f5es econ\u00f3micas ligadas ao conflito na regi\u00e3o do Golfo.<\/p>\n<p>A declara\u00e7\u00e3o surge num contexto de incerteza regional, sem n\u00fameros ou prazos associados \u00e0s eventualidades. O objetivo \u00e9 manter a estabilidade macroecon\u00f3mica facing cen\u00e1rios adversos.<\/p>\n<p>N\u00e3o h\u00e1 confirma\u00e7\u00e3o de medidas concretas neste momento, apenas a sinaliza\u00e7\u00e3o de que a revis\u00e3o or\u00e7amental permanece em aberto caso se justifique por raz\u00f5es extremas.<\/p>\n","protected":false},"excerpt":{"rendered":"<ul>\n<li>Mo\u00e7ambique admite revis\u00e3o or\u00e7amental \u201cem caso extremo\u201d por causa da guerra no Golfo.<\/li>\n<li>A not\u00edcia funciona como refer\u00eancia a uma possibilidade de ajuste financeiro em cen\u00e1rios graves.<\/li>\n<li>O conte\u00fado completo est\u00e1 dispon\u00edvel apenas para subscritores.<\/li>\n<li>A informa\u00e7\u00e3o dispon\u00edvel n\u00e3o detalha medidas espec\u00edficas ou prazos.<\/li>\n<\/ul>\n","protected":false},"author":2,"featured_media":417042,"comment_status":"closed","ping_status":"closed","sticky":false,"template":"","format":"standard","meta":{"footnotes":""},"categories":[2,7383],"tags":[7407,2358,28,2584,1911,6000],"class_list":["post-417038","post","type-post","status-publish","format-standard","has-post-thumbnail","hentry","category-economia","category-orcamento","tag-conjuntura-economica","tag-crises-internacionais","tag-economia","tag-financas","tag-mocambique","tag-orcamento"],"yoast_head":"<!-- This site is optimized with the Yoast SEO plugin v27.2 - https:\/\/yoast.com\/product\/yoast-seo-wordpress\/ -->\n<title>Mo\u00e7ambique admite revis\u00e3o or\u00e7amental em caso extremo devido \u00e0 guerra no Golfo - Portal Tela Portugal<\/title>\n<meta name=\"robots\" content=\"index, follow, max-snippet:-1, max-image-preview:large, max-video-preview:-1\" \/>\n<meta property=\"og:locale\" content=\"pt_PT\" \/>\n<meta property=\"og:type\" content=\"article\" \/>\n<meta property=\"og:title\" content=\"Mo\u00e7ambique admite revis\u00e3o or\u00e7amental em caso extremo devido \u00e0 guerra no Golfo - Portal Tela Portugal\" \/>\n<meta property=\"og:description\" content=\"Mo\u00e7ambique admite revis\u00e3o or\u00e7amental \u201cem caso extremo\u201d por causa da guerra no Golfo. A not\u00edcia funciona como refer\u00eancia a uma possibilidade de ajuste financeiro em cen\u00e1rios graves. O conte\u00fado completo est\u00e1 dispon\u00edvel apenas para subscritores. A informa\u00e7\u00e3o dispon\u00edvel n\u00e3o detalha medidas espec\u00edficas ou prazos.\" \/>\n<meta property=\"og:url\" content=\"https:\/\/portaltela.pt\/noticias\/2026\/03\/20\/mocambique-admite-revisao-orcamental-em-caso-extremo-devido-a-guerra-no-golfo\/\" \/>\n<meta property=\"og:site_name\" content=\"Portal Tela Portugal\" \/>\n<meta property=\"article:published_time\" content=\"2026-03-20T09:36:00+00:00\" \/>\n<meta name=\"author\" content=\"Telinha\" \/>\n<meta name=\"twitter:card\" content=\"summary_large_image\" \/>\n<meta name=\"twitter:label1\" content=\"Escrito por\" \/>\n\t<meta name=\"twitter:data1\" content=\"Telinha\" \/>\n\t<meta name=\"twitter:label2\" content=\"Tempo estimado de leitura\" \/>\n\t<meta name=\"twitter:data2\" content=\"1 minuto\" \/>\n<script type=\"application\/ld+json\" class=\"yoast-schema-graph\">{\"@context\":\"https:\/\/schema.org\",\"@graph\":[{\"@type\":\"Article\",\"@id\":\"https:\/\/portaltela.pt\/noticias\/2026\/03\/20\/mocambique-admite-revisao-orcamental-em-caso-extremo-devido-a-guerra-no-golfo\/#article\",\"isPartOf\":{\"@id\":\"https:\/\/portaltela.pt\/noticias\/2026\/03\/20\/mocambique-admite-revisao-orcamental-em-caso-extremo-devido-a-guerra-no-golfo\/\"},\"author\":{\"name\":\"Telinha\",\"@id\":\"https:\/\/portaltela.pt\/#\/schema\/person\/c4278d4a6028830caff9ee44b42d32ed\"},\"headline\":\"Mo\u00e7ambique admite revis\u00e3o or\u00e7amental em caso extremo devido \u00e0 guerra no Golfo\",\"datePublished\":\"2026-03-20T09:36:00+00:00\",\"mainEntityOfPage\":{\"@id\":\"https:\/\/portaltela.pt\/noticias\/2026\/03\/20\/mocambique-admite-revisao-orcamental-em-caso-extremo-devido-a-guerra-no-golfo\/\"},\"wordCount\":145,\"image\":{\"@id\":\"https:\/\/portaltela.pt\/noticias\/2026\/03\/20\/mocambique-admite-revisao-orcamental-em-caso-extremo-devido-a-guerra-no-golfo\/#primaryimage\"},\"thumbnailUrl\":\"https:\/\/portaltela.pt\/s.01k8rhncp4jt1\/2026\/03\/CACHE_780X1200_ANALOG_WATERMARKED_9925170_751828_24092019022331.jpg\",\"keywords\":[\"conjuntura econ\u00f3mica\",\"crises internacionais\",\"economia\",\"finan\u00e7as\",\"Mo\u00e7ambique\",\"or\u00e7amento\"],\"articleSection\":[\"Economia\",\"Or\u00e7amento\"],\"inLanguage\":\"pt-PT\"},{\"@type\":\"WebPage\",\"@id\":\"https:\/\/portaltela.pt\/noticias\/2026\/03\/20\/mocambique-admite-revisao-orcamental-em-caso-extremo-devido-a-guerra-no-golfo\/\",\"url\":\"https:\/\/portaltela.pt\/noticias\/2026\/03\/20\/mocambique-admite-revisao-orcamental-em-caso-extremo-devido-a-guerra-no-golfo\/\",\"name\":\"Mo\u00e7ambique admite revis\u00e3o or\u00e7amental em caso extremo devido \u00e0 guerra no Golfo - Portal Tela Portugal\",\"isPartOf\":{\"@id\":\"https:\/\/portaltela.pt\/#website\"},\"primaryImageOfPage\":{\"@id\":\"https:\/\/portaltela.pt\/noticias\/2026\/03\/20\/mocambique-admite-revisao-orcamental-em-caso-extremo-devido-a-guerra-no-golfo\/#primaryimage\"},\"image\":{\"@id\":\"https:\/\/portaltela.pt\/noticias\/2026\/03\/20\/mocambique-admite-revisao-orcamental-em-caso-extremo-devido-a-guerra-no-golfo\/#primaryimage\"},\"thumbnailUrl\":\"https:\/\/portaltela.pt\/s.01k8rhncp4jt1\/2026\/03\/CACHE_780X1200_ANALOG_WATERMARKED_9925170_751828_24092019022331.jpg\",\"datePublished\":\"2026-03-20T09:36:00+00:00\",\"author\":{\"@id\":\"https:\/\/portaltela.pt\/#\/schema\/person\/c4278d4a6028830caff9ee44b42d32ed\"},\"breadcrumb\":{\"@id\":\"https:\/\/portaltela.pt\/noticias\/2026\/03\/20\/mocambique-admite-revisao-orcamental-em-caso-extremo-devido-a-guerra-no-golfo\/#breadcrumb\"},\"inLanguage\":\"pt-PT\",\"potentialAction\":[{\"@type\":\"ReadAction\",\"target\":[\"https:\/\/portaltela.pt\/noticias\/2026\/03\/20\/mocambique-admite-revisao-orcamental-em-caso-extremo-devido-a-guerra-no-golfo\/\"]}]},{\"@type\":\"ImageObject\",\"inLanguage\":\"pt-PT\",\"@id\":\"https:\/\/portaltela.pt\/noticias\/2026\/03\/20\/mocambique-admite-revisao-orcamental-em-caso-extremo-devido-a-guerra-no-golfo\/#primaryimage\",\"url\":\"https:\/\/portaltela.pt\/s.01k8rhncp4jt1\/2026\/03\/CACHE_780X1200_ANALOG_WATERMARKED_9925170_751828_24092019022331.jpg\",\"contentUrl\":\"https:\/\/portaltela.pt\/s.01k8rhncp4jt1\/2026\/03\/CACHE_780X1200_ANALOG_WATERMARKED_9925170_751828_24092019022331.jpg\",\"width\":796,\"height\":448,\"caption\":\"Mo\u00e7ambique admite revis\u00e3o or\u00e7amental \u201cem caso extremo\u201d devido \u00e0 guerra no Golfo\"},{\"@type\":\"BreadcrumbList\",\"@id\":\"https:\/\/portaltela.pt\/noticias\/2026\/03\/20\/mocambique-admite-revisao-orcamental-em-caso-extremo-devido-a-guerra-no-golfo\/#breadcrumb\",\"itemListElement\":[{\"@type\":\"ListItem\",\"position\":1,\"name\":\"In\u00edcio\",\"item\":\"https:\/\/portaltela.pt\/\"},{\"@type\":\"ListItem\",\"position\":2,\"name\":\"Mo\u00e7ambique admite revis\u00e3o or\u00e7amental em caso extremo devido \u00e0 guerra no Golfo\"}]},{\"@type\":\"WebSite\",\"@id\":\"https:\/\/portaltela.pt\/#website\",\"url\":\"https:\/\/portaltela.pt\/\",\"name\":\"Portal Tela Portugal\",\"description\":\"\",\"potentialAction\":[{\"@type\":\"SearchAction\",\"target\":{\"@type\":\"EntryPoint\",\"urlTemplate\":\"https:\/\/portaltela.pt\/?s={search_term_string}\"},\"query-input\":{\"@type\":\"PropertyValueSpecification\",\"valueRequired\":true,\"valueName\":\"search_term_string\"}}],\"inLanguage\":\"pt-PT\"},{\"@type\":\"Person\",\"@id\":\"https:\/\/portaltela.pt\/#\/schema\/person\/c4278d4a6028830caff9ee44b42d32ed\",\"name\":\"Telinha\",\"image\":{\"@type\":\"ImageObject\",\"inLanguage\":\"pt-PT\",\"@id\":\"https:\/\/portaltela.pt\/s.01k8rhncp4jt1\/2025\/11\/talking-bot-125x125.png\",\"url\":\"https:\/\/portaltela.pt\/s.01k8rhncp4jt1\/2025\/11\/talking-bot-125x125.png\",\"contentUrl\":\"https:\/\/portaltela.pt\/s.01k8rhncp4jt1\/2025\/11\/talking-bot-125x125.png\",\"caption\":\"Telinha\"},\"sameAs\":[\"https:\/\/portaltela.pt\/\"],\"url\":\"https:\/\/portaltela.pt\/por\/367410592786\/\"}]}<\/script>\n<!-- \/ Yoast SEO plugin. -->","yoast_head_json":{"title":"Mo\u00e7ambique admite revis\u00e3o or\u00e7amental em caso extremo devido \u00e0 guerra no Golfo - Portal Tela Portugal","robots":{"index":"index","follow":"follow","max-snippet":"max-snippet:-1","max-image-preview":"max-image-preview:large","max-video-preview":"max-video-preview:-1"},"og_locale":"pt_PT","og_type":"article","og_title":"Mo\u00e7ambique admite revis\u00e3o or\u00e7amental em caso extremo devido \u00e0 guerra no Golfo - Portal Tela Portugal","og_description":"Mo\u00e7ambique admite revis\u00e3o or\u00e7amental \u201cem caso extremo\u201d por causa da guerra no Golfo. A not\u00edcia funciona como refer\u00eancia a uma possibilidade de ajuste financeiro em cen\u00e1rios graves. O conte\u00fado completo est\u00e1 dispon\u00edvel apenas para subscritores. A informa\u00e7\u00e3o dispon\u00edvel n\u00e3o detalha medidas espec\u00edficas ou prazos.","og_url":"https:\/\/portaltela.pt\/noticias\/2026\/03\/20\/mocambique-admite-revisao-orcamental-em-caso-extremo-devido-a-guerra-no-golfo\/","og_site_name":"Portal Tela Portugal","article_published_time":"2026-03-20T09:36:00+00:00","author":"Telinha","twitter_card":"summary_large_image","twitter_misc":{"Escrito por":"Telinha","Tempo estimado de leitura":"1 minuto"},"schema":{"@context":"https:\/\/schema.org","@graph":[{"@type":"Article","@id":"https:\/\/portaltela.pt\/noticias\/2026\/03\/20\/mocambique-admite-revisao-orcamental-em-caso-extremo-devido-a-guerra-no-golfo\/#article","isPartOf":{"@id":"https:\/\/portaltela.pt\/noticias\/2026\/03\/20\/mocambique-admite-revisao-orcamental-em-caso-extremo-devido-a-guerra-no-golfo\/"},"author":{"name":"Telinha","@id":"https:\/\/portaltela.pt\/#\/schema\/person\/c4278d4a6028830caff9ee44b42d32ed"},"headline":"Mo\u00e7ambique admite revis\u00e3o or\u00e7amental em caso extremo devido \u00e0 guerra no Golfo","datePublished":"2026-03-20T09:36:00+00:00","mainEntityOfPage":{"@id":"https:\/\/portaltela.pt\/noticias\/2026\/03\/20\/mocambique-admite-revisao-orcamental-em-caso-extremo-devido-a-guerra-no-golfo\/"},"wordCount":145,"image":{"@id":"https:\/\/portaltela.pt\/noticias\/2026\/03\/20\/mocambique-admite-revisao-orcamental-em-caso-extremo-devido-a-guerra-no-golfo\/#primaryimage"},"thumbnailUrl":"https:\/\/portaltela.pt\/s.01k8rhncp4jt1\/2026\/03\/CACHE_780X1200_ANALOG_WATERMARKED_9925170_751828_24092019022331.jpg","keywords":["conjuntura econ\u00f3mica","crises internacionais","economia","finan\u00e7as","Mo\u00e7ambique","or\u00e7amento"],"articleSection":["Economia","Or\u00e7amento"],"inLanguage":"pt-PT"},{"@type":"WebPage","@id":"https:\/\/portaltela.pt\/noticias\/2026\/03\/20\/mocambique-admite-revisao-orcamental-em-caso-extremo-devido-a-guerra-no-golfo\/","url":"https:\/\/portaltela.pt\/noticias\/2026\/03\/20\/mocambique-admite-revisao-orcamental-em-caso-extremo-devido-a-guerra-no-golfo\/","name":"Mo\u00e7ambique admite revis\u00e3o or\u00e7amental em caso extremo devido \u00e0 guerra no Golfo - Portal Tela Portugal","isPartOf":{"@id":"https:\/\/portaltela.pt\/#website"},"primaryImageOfPage":{"@id":"https:\/\/portaltela.pt\/noticias\/2026\/03\/20\/mocambique-admite-revisao-orcamental-em-caso-extremo-devido-a-guerra-no-golfo\/#primaryimage"},"image":{"@id":"https:\/\/portaltela.pt\/noticias\/2026\/03\/20\/mocambique-admite-revisao-orcamental-em-caso-extremo-devido-a-guerra-no-golfo\/#primaryimage"},"thumbnailUrl":"https:\/\/portaltela.pt\/s.01k8rhncp4jt1\/2026\/03\/CACHE_780X1200_ANALOG_WATERMARKED_9925170_751828_24092019022331.jpg","datePublished":"2026-03-20T09:36:00+00:00","author":{"@id":"https:\/\/portaltela.pt\/#\/schema\/person\/c4278d4a6028830caff9ee44b42d32ed"},"breadcrumb":{"@id":"https:\/\/portaltela.pt\/noticias\/2026\/03\/20\/mocambique-admite-revisao-orcamental-em-caso-extremo-devido-a-guerra-no-golfo\/#breadcrumb"},"inLanguage":"pt-PT","potentialAction":[{"@type":"ReadAction","target":["https:\/\/portaltela.pt\/noticias\/2026\/03\/20\/mocambique-admite-revisao-orcamental-em-caso-extremo-devido-a-guerra-no-golfo\/"]}]},{"@type":"ImageObject","inLanguage":"pt-PT","@id":"https:\/\/portaltela.pt\/noticias\/2026\/03\/20\/mocambique-admite-revisao-orcamental-em-caso-extremo-devido-a-guerra-no-golfo\/#primaryimage","url":"https:\/\/portaltela.pt\/s.01k8rhncp4jt1\/2026\/03\/CACHE_780X1200_ANALOG_WATERMARKED_9925170_751828_24092019022331.jpg","contentUrl":"https:\/\/portaltela.pt\/s.01k8rhncp4jt1\/2026\/03\/CACHE_780X1200_ANALOG_WATERMARKED_9925170_751828_24092019022331.jpg","width":796,"height":448,"caption":"Mo\u00e7ambique admite revis\u00e3o or\u00e7amental \u201cem caso extremo\u201d devido \u00e0 guerra no Golfo"},{"@type":"BreadcrumbList","@id":"https:\/\/portaltela.pt\/noticias\/2026\/03\/20\/mocambique-admite-revisao-orcamental-em-caso-extremo-devido-a-guerra-no-golfo\/#breadcrumb","itemListElement":[{"@type":"ListItem","position":1,"name":"In\u00edcio","item":"https:\/\/portaltela.pt\/"},{"@type":"ListItem","position":2,"name":"Mo\u00e7ambique admite revis\u00e3o or\u00e7amental em caso extremo devido \u00e0 guerra no Golfo"}]},{"@type":"WebSite","@id":"https:\/\/portaltela.pt\/#website","url":"https:\/\/portaltela.pt\/","name":"Portal Tela Portugal","description":"","potentialAction":[{"@type":"SearchAction","target":{"@type":"EntryPoint","urlTemplate":"https:\/\/portaltela.pt\/?s={search_term_string}"},"query-input":{"@type":"PropertyValueSpecification","valueRequired":true,"valueName":"search_term_string"}}],"inLanguage":"pt-PT"},{"@type":"Person","@id":"https:\/\/portaltela.pt\/#\/schema\/person\/c4278d4a6028830caff9ee44b42d32ed","name":"Telinha","image":{"@type":"ImageObject","inLanguage":"pt-PT","@id":"https:\/\/portaltela.pt\/s.01k8rhncp4jt1\/2025\/11\/talking-bot-125x125.png","url":"https:\/\/portaltela.pt\/s.01k8rhncp4jt1\/2025\/11\/talking-bot-125x125.png","contentUrl":"https:\/\/portaltela.pt\/s.01k8rhncp4jt1\/2025\/11\/talking-bot-125x125.png","caption":"Telinha"},"sameAs":["https:\/\/portaltela.pt\/"],"url":"https:\/\/portaltela.pt\/por\/367410592786\/"}]}},"_links":{"self":[{"href":"https:\/\/portaltela.pt\/api\/wp\/v2\/posts\/417038","targetHints":{"allow":["GET"]}}],"collection":[{"href":"https:\/\/portaltela.pt\/api\/wp\/v2\/posts"}],"about":[{"href":"https:\/\/portaltela.pt\/api\/wp\/v2\/types\/post"}],"author":[{"embeddable":true,"href":"https:\/\/portaltela.pt\/api\/wp\/v2\/users\/2"}],"replies":[{"embeddable":true,"href":"https:\/\/portaltela.pt\/api\/wp\/v2\/comments?post=417038"}],"version-history":[{"count":0,"href":"https:\/\/portaltela.pt\/api\/wp\/v2\/posts\/417038\/revisions"}],"wp:featuredmedia":[{"embeddable":true,"href":"https:\/\/portaltela.pt\/api\/wp\/v2\/media\/417042"}],"wp:attachment":[{"href":"https:\/\/portaltela.pt\/api\/wp\/v2\/media?parent=417038"}],"wp:term":[{"taxonomy":"category","embeddable":true,"href":"https:\/\/portaltela.pt\/api\/wp\/v2\/categories?post=417038"},{"taxonomy":"post_tag","embeddable":true,"href":"https:\/\/portaltela.pt\/api\/wp\/v2\/tags?post=417038"}],"curies":[{"name":"wp","href":"https:\/\/api.w.org\/{rel}","templated":true}]}}