{"id":417027,"date":"2026-03-20T06:25:00","date_gmt":"2026-03-20T09:25:00","guid":{"rendered":"https:\/\/portaltela.pt\/noticias\/2026\/03\/20\/mp-acusa-tiago-grila-de-atropelamento-na-amadora-rui-figueiredo-comenta-tardio\/"},"modified":"2026-03-20T06:25:00","modified_gmt":"2026-03-20T09:25:00","slug":"mp-acusa-tiago-grila-de-atropelamento-na-amadora-rui-figueiredo-comenta-tardio","status":"publish","type":"post","link":"https:\/\/portaltela.pt\/justica\/2026\/03\/20\/mp-acusa-tiago-grila-de-atropelamento-na-amadora-rui-figueiredo-comenta-tardio\/","title":{"rendered":"MP acusa Tiago Grila de atropelamento na Amadora; Rui Figueiredo comenta tardio"},"content":{"rendered":"<p>O Minist\u00e9rio P\u00fablico acusou Tiago Grila pelo atropelamento ocorrido na Amadora. A acusa\u00e7\u00e3o envolve o influencer e aponta responsabilidades criminais no acidente. O caso foi alvo de divulga\u00e7\u00e3o p\u00fablica na imprensa acompanhar as investiga\u00e7\u00f5es.<\/p>\n<p>Rui Figueiredo, comentador do programa Noite das Estrelas, reagiu \u00e0 acusa\u00e7\u00e3o afirmando que Tiago Grila n\u00e3o tem demonstrado arrependimento sobre o sucedido. A justifica\u00e7\u00e3o partiu de declara\u00e7\u00f5es p\u00fablicas do comentador, sem revelar novos elementos oficiais.<\/p>\n<p>Ainda n\u00e3o h\u00e1 data de in\u00edcio de julgamento ou indica\u00e7\u00e3o de medidas cautelares. O Minist\u00e9rio P\u00fablico mant\u00e9m o enquadramento legal da acusa\u00e7\u00e3o, enquanto a defesa pode apresentar resposta nos prazos processuais. O incidente gerou cobertura medi\u00e1tica cont\u00ednua.<\/p>\n","protected":false},"excerpt":{"rendered":"<ul>\n<li>Rui Figueiredo reagiu \u00e0 acusa\u00e7\u00e3o do Minist\u00e9rio P\u00fablico a Tiago Grila no caso de atropelamento na Amadora.<\/li>\n<li>O comentador do programa Noite das Estrelas afirma que o influencer &#8220;nunca mostrou arrependimento&#8221;.<\/li>\n<li>A nota foi publicada a 20 de mar\u00e7o de 2026, \u00e0s 09:25.<\/li>\n<li>O texto n\u00e3o fornece detalhes adicionais sobre as medidas judiciais ou a defesa de Tiago Grila.<\/li>\n<li>O artigo ressalta a posi\u00e7\u00e3o de Figueiredo sobre o desfecho p\u00fablico do caso.<\/li>\n<\/ul>\n","protected":false},"author":2,"featured_media":417031,"comment_status":"closed","ping_status":"closed","sticky":false,"template":"","format":"standard","meta":{"footnotes":""},"categories":[6815],"tags":[4169,6338,1439,215,2613,879],"class_list":["post-417027","post","type-post","status-publish","format-standard","has-post-thumbnail","hentry","category-justica","tag-acidente-rodoviario","tag-acusacao","tag-amadora","tag-investigacao","tag-ministerio-publico","tag-noite-das-estrelas"],"yoast_head":"<!-- This site is optimized with the Yoast SEO plugin v27.2 - https:\/\/yoast.com\/product\/yoast-seo-wordpress\/ -->\n<title>MP acusa Tiago Grila de atropelamento na Amadora; Rui Figueiredo comenta tardio - Portal Tela Portugal<\/title>\n<meta name=\"robots\" content=\"index, follow, max-snippet:-1, max-image-preview:large, max-video-preview:-1\" \/>\n<meta property=\"og:locale\" content=\"pt_PT\" \/>\n<meta property=\"og:type\" content=\"article\" \/>\n<meta property=\"og:title\" content=\"MP acusa Tiago Grila de atropelamento na Amadora; Rui Figueiredo comenta tardio - Portal Tela Portugal\" \/>\n<meta property=\"og:description\" content=\"Rui Figueiredo reagiu \u00e0 acusa\u00e7\u00e3o do Minist\u00e9rio P\u00fablico a Tiago Grila no caso de atropelamento na Amadora. O comentador do programa Noite das Estrelas afirma que o influencer &quot;nunca mostrou arrependimento&quot;. A nota foi publicada a 20 de mar\u00e7o de 2026, \u00e0s 09:25. O texto n\u00e3o fornece detalhes adicionais sobre as medidas judiciais ou a defesa de Tiago Grila. O artigo ressalta a posi\u00e7\u00e3o de Figueiredo sobre o desfecho p\u00fablico do caso.\" \/>\n<meta property=\"og:url\" content=\"https:\/\/portaltela.pt\/noticias\/2026\/03\/20\/mp-acusa-tiago-grila-de-atropelamento-na-amadora-rui-figueiredo-comenta-tardio\/\" \/>\n<meta property=\"og:site_name\" content=\"Portal Tela Portugal\" \/>\n<meta property=\"article:published_time\" content=\"2026-03-20T09:25:00+00:00\" \/>\n<meta name=\"author\" content=\"Telinha\" \/>\n<meta name=\"twitter:card\" content=\"summary_large_image\" \/>\n<meta name=\"twitter:label1\" content=\"Escrito por\" \/>\n\t<meta name=\"twitter:data1\" content=\"Telinha\" \/>\n\t<meta name=\"twitter:label2\" content=\"Tempo estimado de leitura\" \/>\n\t<meta name=\"twitter:data2\" content=\"1 minuto\" \/>\n<script type=\"application\/ld+json\" class=\"yoast-schema-graph\">{\"@context\":\"https:\/\/schema.org\",\"@graph\":[{\"@type\":\"Article\",\"@id\":\"https:\/\/portaltela.pt\/noticias\/2026\/03\/20\/mp-acusa-tiago-grila-de-atropelamento-na-amadora-rui-figueiredo-comenta-tardio\/#article\",\"isPartOf\":{\"@id\":\"https:\/\/portaltela.pt\/noticias\/2026\/03\/20\/mp-acusa-tiago-grila-de-atropelamento-na-amadora-rui-figueiredo-comenta-tardio\/\"},\"author\":{\"name\":\"Telinha\",\"@id\":\"https:\/\/portaltela.pt\/#\/schema\/person\/c4278d4a6028830caff9ee44b42d32ed\"},\"headline\":\"MP acusa Tiago Grila de atropelamento na Amadora; Rui Figueiredo comenta tardio\",\"datePublished\":\"2026-03-20T09:25:00+00:00\",\"mainEntityOfPage\":{\"@id\":\"https:\/\/portaltela.pt\/noticias\/2026\/03\/20\/mp-acusa-tiago-grila-de-atropelamento-na-amadora-rui-figueiredo-comenta-tardio\/\"},\"wordCount\":137,\"image\":{\"@id\":\"https:\/\/portaltela.pt\/noticias\/2026\/03\/20\/mp-acusa-tiago-grila-de-atropelamento-na-amadora-rui-figueiredo-comenta-tardio\/#primaryimage\"},\"thumbnailUrl\":\"https:\/\/portaltela.pt\/s.01k8rhncp4jt1\/2026\/03\/img_1280x722uu2026-03-20-09-20-25-2273610.jpg\",\"keywords\":[\"acidente rodovi\u00e1rio\",\"acusa\u00e7\u00e3o\",\"Amadora\",\"investiga\u00e7\u00e3o\",\"Minist\u00e9rio P\u00fablico\",\"Noite das Estrelas\"],\"articleSection\":[\"Justi\u00e7a\"],\"inLanguage\":\"pt-PT\"},{\"@type\":\"WebPage\",\"@id\":\"https:\/\/portaltela.pt\/noticias\/2026\/03\/20\/mp-acusa-tiago-grila-de-atropelamento-na-amadora-rui-figueiredo-comenta-tardio\/\",\"url\":\"https:\/\/portaltela.pt\/noticias\/2026\/03\/20\/mp-acusa-tiago-grila-de-atropelamento-na-amadora-rui-figueiredo-comenta-tardio\/\",\"name\":\"MP acusa Tiago Grila de atropelamento na Amadora; Rui Figueiredo comenta tardio - Portal Tela Portugal\",\"isPartOf\":{\"@id\":\"https:\/\/portaltela.pt\/#website\"},\"primaryImageOfPage\":{\"@id\":\"https:\/\/portaltela.pt\/noticias\/2026\/03\/20\/mp-acusa-tiago-grila-de-atropelamento-na-amadora-rui-figueiredo-comenta-tardio\/#primaryimage\"},\"image\":{\"@id\":\"https:\/\/portaltela.pt\/noticias\/2026\/03\/20\/mp-acusa-tiago-grila-de-atropelamento-na-amadora-rui-figueiredo-comenta-tardio\/#primaryimage\"},\"thumbnailUrl\":\"https:\/\/portaltela.pt\/s.01k8rhncp4jt1\/2026\/03\/img_1280x722uu2026-03-20-09-20-25-2273610.jpg\",\"datePublished\":\"2026-03-20T09:25:00+00:00\",\"author\":{\"@id\":\"https:\/\/portaltela.pt\/#\/schema\/person\/c4278d4a6028830caff9ee44b42d32ed\"},\"breadcrumb\":{\"@id\":\"https:\/\/portaltela.pt\/noticias\/2026\/03\/20\/mp-acusa-tiago-grila-de-atropelamento-na-amadora-rui-figueiredo-comenta-tardio\/#breadcrumb\"},\"inLanguage\":\"pt-PT\",\"potentialAction\":[{\"@type\":\"ReadAction\",\"target\":[\"https:\/\/portaltela.pt\/noticias\/2026\/03\/20\/mp-acusa-tiago-grila-de-atropelamento-na-amadora-rui-figueiredo-comenta-tardio\/\"]}]},{\"@type\":\"ImageObject\",\"inLanguage\":\"pt-PT\",\"@id\":\"https:\/\/portaltela.pt\/noticias\/2026\/03\/20\/mp-acusa-tiago-grila-de-atropelamento-na-amadora-rui-figueiredo-comenta-tardio\/#primaryimage\",\"url\":\"https:\/\/portaltela.pt\/s.01k8rhncp4jt1\/2026\/03\/img_1280x722uu2026-03-20-09-20-25-2273610.jpg\",\"contentUrl\":\"https:\/\/portaltela.pt\/s.01k8rhncp4jt1\/2026\/03\/img_1280x722uu2026-03-20-09-20-25-2273610.jpg\",\"width\":796,\"height\":448,\"caption\":\"Photo\"},{\"@type\":\"BreadcrumbList\",\"@id\":\"https:\/\/portaltela.pt\/noticias\/2026\/03\/20\/mp-acusa-tiago-grila-de-atropelamento-na-amadora-rui-figueiredo-comenta-tardio\/#breadcrumb\",\"itemListElement\":[{\"@type\":\"ListItem\",\"position\":1,\"name\":\"In\u00edcio\",\"item\":\"https:\/\/portaltela.pt\/\"},{\"@type\":\"ListItem\",\"position\":2,\"name\":\"MP acusa Tiago Grila de atropelamento na Amadora; Rui Figueiredo comenta tardio\"}]},{\"@type\":\"WebSite\",\"@id\":\"https:\/\/portaltela.pt\/#website\",\"url\":\"https:\/\/portaltela.pt\/\",\"name\":\"Portal Tela Portugal\",\"description\":\"\",\"potentialAction\":[{\"@type\":\"SearchAction\",\"target\":{\"@type\":\"EntryPoint\",\"urlTemplate\":\"https:\/\/portaltela.pt\/?s={search_term_string}\"},\"query-input\":{\"@type\":\"PropertyValueSpecification\",\"valueRequired\":true,\"valueName\":\"search_term_string\"}}],\"inLanguage\":\"pt-PT\"},{\"@type\":\"Person\",\"@id\":\"https:\/\/portaltela.pt\/#\/schema\/person\/c4278d4a6028830caff9ee44b42d32ed\",\"name\":\"Telinha\",\"image\":{\"@type\":\"ImageObject\",\"inLanguage\":\"pt-PT\",\"@id\":\"https:\/\/portaltela.pt\/s.01k8rhncp4jt1\/2025\/11\/talking-bot-125x125.png\",\"url\":\"https:\/\/portaltela.pt\/s.01k8rhncp4jt1\/2025\/11\/talking-bot-125x125.png\",\"contentUrl\":\"https:\/\/portaltela.pt\/s.01k8rhncp4jt1\/2025\/11\/talking-bot-125x125.png\",\"caption\":\"Telinha\"},\"sameAs\":[\"https:\/\/portaltela.pt\/\"],\"url\":\"https:\/\/portaltela.pt\/por\/367410592786\/\"}]}<\/script>\n<!-- \/ Yoast SEO plugin. -->","yoast_head_json":{"title":"MP acusa Tiago Grila de atropelamento na Amadora; Rui Figueiredo comenta tardio - Portal Tela Portugal","robots":{"index":"index","follow":"follow","max-snippet":"max-snippet:-1","max-image-preview":"max-image-preview:large","max-video-preview":"max-video-preview:-1"},"og_locale":"pt_PT","og_type":"article","og_title":"MP acusa Tiago Grila de atropelamento na Amadora; Rui Figueiredo comenta tardio - Portal Tela Portugal","og_description":"Rui Figueiredo reagiu \u00e0 acusa\u00e7\u00e3o do Minist\u00e9rio P\u00fablico a Tiago Grila no caso de atropelamento na Amadora. O comentador do programa Noite das Estrelas afirma que o influencer \"nunca mostrou arrependimento\". A nota foi publicada a 20 de mar\u00e7o de 2026, \u00e0s 09:25. O texto n\u00e3o fornece detalhes adicionais sobre as medidas judiciais ou a defesa de Tiago Grila. O artigo ressalta a posi\u00e7\u00e3o de Figueiredo sobre o desfecho p\u00fablico do caso.","og_url":"https:\/\/portaltela.pt\/noticias\/2026\/03\/20\/mp-acusa-tiago-grila-de-atropelamento-na-amadora-rui-figueiredo-comenta-tardio\/","og_site_name":"Portal Tela Portugal","article_published_time":"2026-03-20T09:25:00+00:00","author":"Telinha","twitter_card":"summary_large_image","twitter_misc":{"Escrito por":"Telinha","Tempo estimado de leitura":"1 minuto"},"schema":{"@context":"https:\/\/schema.org","@graph":[{"@type":"Article","@id":"https:\/\/portaltela.pt\/noticias\/2026\/03\/20\/mp-acusa-tiago-grila-de-atropelamento-na-amadora-rui-figueiredo-comenta-tardio\/#article","isPartOf":{"@id":"https:\/\/portaltela.pt\/noticias\/2026\/03\/20\/mp-acusa-tiago-grila-de-atropelamento-na-amadora-rui-figueiredo-comenta-tardio\/"},"author":{"name":"Telinha","@id":"https:\/\/portaltela.pt\/#\/schema\/person\/c4278d4a6028830caff9ee44b42d32ed"},"headline":"MP acusa Tiago Grila de atropelamento na Amadora; Rui Figueiredo comenta tardio","datePublished":"2026-03-20T09:25:00+00:00","mainEntityOfPage":{"@id":"https:\/\/portaltela.pt\/noticias\/2026\/03\/20\/mp-acusa-tiago-grila-de-atropelamento-na-amadora-rui-figueiredo-comenta-tardio\/"},"wordCount":137,"image":{"@id":"https:\/\/portaltela.pt\/noticias\/2026\/03\/20\/mp-acusa-tiago-grila-de-atropelamento-na-amadora-rui-figueiredo-comenta-tardio\/#primaryimage"},"thumbnailUrl":"https:\/\/portaltela.pt\/s.01k8rhncp4jt1\/2026\/03\/img_1280x722uu2026-03-20-09-20-25-2273610.jpg","keywords":["acidente rodovi\u00e1rio","acusa\u00e7\u00e3o","Amadora","investiga\u00e7\u00e3o","Minist\u00e9rio P\u00fablico","Noite das Estrelas"],"articleSection":["Justi\u00e7a"],"inLanguage":"pt-PT"},{"@type":"WebPage","@id":"https:\/\/portaltela.pt\/noticias\/2026\/03\/20\/mp-acusa-tiago-grila-de-atropelamento-na-amadora-rui-figueiredo-comenta-tardio\/","url":"https:\/\/portaltela.pt\/noticias\/2026\/03\/20\/mp-acusa-tiago-grila-de-atropelamento-na-amadora-rui-figueiredo-comenta-tardio\/","name":"MP acusa Tiago Grila de atropelamento na Amadora; Rui Figueiredo comenta tardio - Portal Tela Portugal","isPartOf":{"@id":"https:\/\/portaltela.pt\/#website"},"primaryImageOfPage":{"@id":"https:\/\/portaltela.pt\/noticias\/2026\/03\/20\/mp-acusa-tiago-grila-de-atropelamento-na-amadora-rui-figueiredo-comenta-tardio\/#primaryimage"},"image":{"@id":"https:\/\/portaltela.pt\/noticias\/2026\/03\/20\/mp-acusa-tiago-grila-de-atropelamento-na-amadora-rui-figueiredo-comenta-tardio\/#primaryimage"},"thumbnailUrl":"https:\/\/portaltela.pt\/s.01k8rhncp4jt1\/2026\/03\/img_1280x722uu2026-03-20-09-20-25-2273610.jpg","datePublished":"2026-03-20T09:25:00+00:00","author":{"@id":"https:\/\/portaltela.pt\/#\/schema\/person\/c4278d4a6028830caff9ee44b42d32ed"},"breadcrumb":{"@id":"https:\/\/portaltela.pt\/noticias\/2026\/03\/20\/mp-acusa-tiago-grila-de-atropelamento-na-amadora-rui-figueiredo-comenta-tardio\/#breadcrumb"},"inLanguage":"pt-PT","potentialAction":[{"@type":"ReadAction","target":["https:\/\/portaltela.pt\/noticias\/2026\/03\/20\/mp-acusa-tiago-grila-de-atropelamento-na-amadora-rui-figueiredo-comenta-tardio\/"]}]},{"@type":"ImageObject","inLanguage":"pt-PT","@id":"https:\/\/portaltela.pt\/noticias\/2026\/03\/20\/mp-acusa-tiago-grila-de-atropelamento-na-amadora-rui-figueiredo-comenta-tardio\/#primaryimage","url":"https:\/\/portaltela.pt\/s.01k8rhncp4jt1\/2026\/03\/img_1280x722uu2026-03-20-09-20-25-2273610.jpg","contentUrl":"https:\/\/portaltela.pt\/s.01k8rhncp4jt1\/2026\/03\/img_1280x722uu2026-03-20-09-20-25-2273610.jpg","width":796,"height":448,"caption":"Photo"},{"@type":"BreadcrumbList","@id":"https:\/\/portaltela.pt\/noticias\/2026\/03\/20\/mp-acusa-tiago-grila-de-atropelamento-na-amadora-rui-figueiredo-comenta-tardio\/#breadcrumb","itemListElement":[{"@type":"ListItem","position":1,"name":"In\u00edcio","item":"https:\/\/portaltela.pt\/"},{"@type":"ListItem","position":2,"name":"MP acusa Tiago Grila de atropelamento na Amadora; Rui Figueiredo comenta tardio"}]},{"@type":"WebSite","@id":"https:\/\/portaltela.pt\/#website","url":"https:\/\/portaltela.pt\/","name":"Portal Tela Portugal","description":"","potentialAction":[{"@type":"SearchAction","target":{"@type":"EntryPoint","urlTemplate":"https:\/\/portaltela.pt\/?s={search_term_string}"},"query-input":{"@type":"PropertyValueSpecification","valueRequired":true,"valueName":"search_term_string"}}],"inLanguage":"pt-PT"},{"@type":"Person","@id":"https:\/\/portaltela.pt\/#\/schema\/person\/c4278d4a6028830caff9ee44b42d32ed","name":"Telinha","image":{"@type":"ImageObject","inLanguage":"pt-PT","@id":"https:\/\/portaltela.pt\/s.01k8rhncp4jt1\/2025\/11\/talking-bot-125x125.png","url":"https:\/\/portaltela.pt\/s.01k8rhncp4jt1\/2025\/11\/talking-bot-125x125.png","contentUrl":"https:\/\/portaltela.pt\/s.01k8rhncp4jt1\/2025\/11\/talking-bot-125x125.png","caption":"Telinha"},"sameAs":["https:\/\/portaltela.pt\/"],"url":"https:\/\/portaltela.pt\/por\/367410592786\/"}]}},"_links":{"self":[{"href":"https:\/\/portaltela.pt\/api\/wp\/v2\/posts\/417027","targetHints":{"allow":["GET"]}}],"collection":[{"href":"https:\/\/portaltela.pt\/api\/wp\/v2\/posts"}],"about":[{"href":"https:\/\/portaltela.pt\/api\/wp\/v2\/types\/post"}],"author":[{"embeddable":true,"href":"https:\/\/portaltela.pt\/api\/wp\/v2\/users\/2"}],"replies":[{"embeddable":true,"href":"https:\/\/portaltela.pt\/api\/wp\/v2\/comments?post=417027"}],"version-history":[{"count":0,"href":"https:\/\/portaltela.pt\/api\/wp\/v2\/posts\/417027\/revisions"}],"wp:featuredmedia":[{"embeddable":true,"href":"https:\/\/portaltela.pt\/api\/wp\/v2\/media\/417031"}],"wp:attachment":[{"href":"https:\/\/portaltela.pt\/api\/wp\/v2\/media?parent=417027"}],"wp:term":[{"taxonomy":"category","embeddable":true,"href":"https:\/\/portaltela.pt\/api\/wp\/v2\/categories?post=417027"},{"taxonomy":"post_tag","embeddable":true,"href":"https:\/\/portaltela.pt\/api\/wp\/v2\/tags?post=417027"}],"curies":[{"name":"wp","href":"https:\/\/api.w.org\/{rel}","templated":true}]}}