{"id":417020,"date":"2026-03-20T06:27:00","date_gmt":"2026-03-20T09:27:00","guid":{"rendered":"https:\/\/portaltela.pt\/noticias\/2026\/03\/20\/reservas-obrigatorias-da-banca-mocambicana-recuam-13-em-janeiro\/"},"modified":"2026-03-20T06:27:00","modified_gmt":"2026-03-20T09:27:00","slug":"reservas-obrigatorias-da-banca-mocambicana-recuam-13-em-janeiro","status":"publish","type":"post","link":"https:\/\/portaltela.pt\/noticias\/economia\/2026\/03\/20\/reservas-obrigatorias-da-banca-mocambicana-recuam-13-em-janeiro\/","title":{"rendered":"Reservas obrigat\u00f3rias da banca mo\u00e7ambicana recuam 13% em janeiro"},"content":{"rendered":"<p>As reservas obrigat\u00f3rias da banca comercial mo\u00e7ambicana recuaram 13% em janeiro, ap\u00f3s o pico registado no m\u00eas anterior, de acordo com o Banco de Mo\u00e7ambique. O montante caiu para 225,304 mil milh\u00f5es de meticais, equivalentes a 3,052 mil milh\u00f5es de euros.<\/p>\n<p>Avenue de an\u00e1lise indica que a revis\u00e3o representa uma revers\u00e3o da tend\u00eancia de subida observada no m\u00eas anterior, refletindo ajustes na pol\u00edtica monet\u00e1ria ou na gest\u00e3o de ativos pelas institui\u00e7\u00f5es financeiras. O Banco de Mo\u00e7ambique n\u00e3o detalhou motiva\u00e7\u00f5es espec\u00edficas para a varia\u00e7\u00e3o no comunicado.<\/p>\n<p>Quem regula o sistema financeiro mo\u00e7ambicano aponta que as reservas obrigat\u00f3rias s\u00e3o instrumentos para influenciar a liquidez. Em janeiro, o recuo pode ter impacto na disponibilidade de cr\u00e9dito para empresas e particulares, dependendo de como as institui\u00e7\u00f5es ajustam as suas margens.<\/p>\n<p>N\u00e3o h\u00e1 informa\u00e7\u00f5es adicionais sobre mudan\u00e7as de pol\u00edtica para os pr\u00f3ximos meses, nem sobre impactos diretos em setores espec\u00edficos. O banco central continuar\u00e1 a monitorizar a evolu\u00e7\u00e3o das reservas e a publicar dados peri\u00f3dicos com novas leituras.<\/p>\n","protected":false},"excerpt":{"rendered":"<ul>\n<li>As reservas obrigat\u00f3rias da banca comercial mo\u00e7ambicana recuaram 13% em janeiro face ao m\u00eas anterior.<\/li>\n<li>O montante caiu para 225.304 milh\u00f5es de meticais.<\/li>\n<li>Em euros, o valor corresponde a 3.052 milh\u00f5es de euros.<\/li>\n<li>A informa\u00e7\u00e3o \u00e9 do Banco de Mo\u00e7ambique.<\/li>\n<li>Os dados referem-se ao m\u00eas de janeiro.<\/li>\n<\/ul>\n","protected":false},"author":2,"featured_media":417022,"comment_status":"closed","ping_status":"closed","sticky":false,"template":"","format":"standard","meta":{"footnotes":""},"categories":[2,6850],"tags":[1960,28,2584,1144,1911,5511],"class_list":["post-417020","post","type-post","status-publish","format-standard","has-post-thumbnail","hentry","category-economia","category-financas","tag-credito","tag-economia","tag-financas","tag-instituicoes","tag-mocambique","tag-politica-monetaria"],"yoast_head":"<!-- This site is optimized with the Yoast SEO plugin v27.2 - https:\/\/yoast.com\/product\/yoast-seo-wordpress\/ -->\n<title>Reservas obrigat\u00f3rias da banca mo\u00e7ambicana recuam 13% em janeiro - Portal Tela Portugal<\/title>\n<meta name=\"robots\" content=\"index, follow, max-snippet:-1, max-image-preview:large, max-video-preview:-1\" \/>\n<meta property=\"og:locale\" content=\"pt_PT\" \/>\n<meta property=\"og:type\" content=\"article\" \/>\n<meta property=\"og:title\" content=\"Reservas obrigat\u00f3rias da banca mo\u00e7ambicana recuam 13% em janeiro - Portal Tela Portugal\" \/>\n<meta property=\"og:description\" content=\"As reservas obrigat\u00f3rias da banca comercial mo\u00e7ambicana recuaram 13% em janeiro face ao m\u00eas anterior. O montante caiu para 225.304 milh\u00f5es de meticais. Em euros, o valor corresponde a 3.052 milh\u00f5es de euros. A informa\u00e7\u00e3o \u00e9 do Banco de Mo\u00e7ambique. Os dados referem-se ao m\u00eas de janeiro.\" \/>\n<meta property=\"og:url\" content=\"https:\/\/portaltela.pt\/noticias\/2026\/03\/20\/reservas-obrigatorias-da-banca-mocambicana-recuam-13-em-janeiro\/\" \/>\n<meta property=\"og:site_name\" content=\"Portal Tela Portugal\" \/>\n<meta property=\"article:published_time\" content=\"2026-03-20T09:27:00+00:00\" \/>\n<meta name=\"author\" content=\"Telinha\" \/>\n<meta name=\"twitter:card\" content=\"summary_large_image\" \/>\n<meta name=\"twitter:label1\" content=\"Escrito por\" \/>\n\t<meta name=\"twitter:data1\" content=\"Telinha\" \/>\n\t<meta name=\"twitter:label2\" content=\"Tempo estimado de leitura\" \/>\n\t<meta name=\"twitter:data2\" content=\"1 minuto\" \/>\n<script type=\"application\/ld+json\" class=\"yoast-schema-graph\">{\"@context\":\"https:\/\/schema.org\",\"@graph\":[{\"@type\":\"Article\",\"@id\":\"https:\/\/portaltela.pt\/noticias\/2026\/03\/20\/reservas-obrigatorias-da-banca-mocambicana-recuam-13-em-janeiro\/#article\",\"isPartOf\":{\"@id\":\"https:\/\/portaltela.pt\/noticias\/2026\/03\/20\/reservas-obrigatorias-da-banca-mocambicana-recuam-13-em-janeiro\/\"},\"author\":{\"name\":\"Telinha\",\"@id\":\"https:\/\/portaltela.pt\/#\/schema\/person\/c4278d4a6028830caff9ee44b42d32ed\"},\"headline\":\"Reservas obrigat\u00f3rias da banca mo\u00e7ambicana recuam 13% em janeiro\",\"datePublished\":\"2026-03-20T09:27:00+00:00\",\"mainEntityOfPage\":{\"@id\":\"https:\/\/portaltela.pt\/noticias\/2026\/03\/20\/reservas-obrigatorias-da-banca-mocambicana-recuam-13-em-janeiro\/\"},\"wordCount\":204,\"image\":{\"@id\":\"https:\/\/portaltela.pt\/noticias\/2026\/03\/20\/reservas-obrigatorias-da-banca-mocambicana-recuam-13-em-janeiro\/#primaryimage\"},\"thumbnailUrl\":\"https:\/\/portaltela.pt\/s.01k8rhncp4jt1\/2026\/03\/CACHE_780X1200_ANALOG_WATERMARKED_23939076_2925752_23032019070612.jpg\",\"keywords\":[\"cr\u00e9dito\",\"economia\",\"finan\u00e7as\",\"institui\u00e7\u00f5es\",\"Mo\u00e7ambique\",\"pol\u00edtica monet\u00e1ria\"],\"articleSection\":[\"Economia\",\"Finan\u00e7as\"],\"inLanguage\":\"pt-PT\"},{\"@type\":\"WebPage\",\"@id\":\"https:\/\/portaltela.pt\/noticias\/2026\/03\/20\/reservas-obrigatorias-da-banca-mocambicana-recuam-13-em-janeiro\/\",\"url\":\"https:\/\/portaltela.pt\/noticias\/2026\/03\/20\/reservas-obrigatorias-da-banca-mocambicana-recuam-13-em-janeiro\/\",\"name\":\"Reservas obrigat\u00f3rias da banca mo\u00e7ambicana recuam 13% em janeiro - Portal Tela Portugal\",\"isPartOf\":{\"@id\":\"https:\/\/portaltela.pt\/#website\"},\"primaryImageOfPage\":{\"@id\":\"https:\/\/portaltela.pt\/noticias\/2026\/03\/20\/reservas-obrigatorias-da-banca-mocambicana-recuam-13-em-janeiro\/#primaryimage\"},\"image\":{\"@id\":\"https:\/\/portaltela.pt\/noticias\/2026\/03\/20\/reservas-obrigatorias-da-banca-mocambicana-recuam-13-em-janeiro\/#primaryimage\"},\"thumbnailUrl\":\"https:\/\/portaltela.pt\/s.01k8rhncp4jt1\/2026\/03\/CACHE_780X1200_ANALOG_WATERMARKED_23939076_2925752_23032019070612.jpg\",\"datePublished\":\"2026-03-20T09:27:00+00:00\",\"author\":{\"@id\":\"https:\/\/portaltela.pt\/#\/schema\/person\/c4278d4a6028830caff9ee44b42d32ed\"},\"breadcrumb\":{\"@id\":\"https:\/\/portaltela.pt\/noticias\/2026\/03\/20\/reservas-obrigatorias-da-banca-mocambicana-recuam-13-em-janeiro\/#breadcrumb\"},\"inLanguage\":\"pt-PT\",\"potentialAction\":[{\"@type\":\"ReadAction\",\"target\":[\"https:\/\/portaltela.pt\/noticias\/2026\/03\/20\/reservas-obrigatorias-da-banca-mocambicana-recuam-13-em-janeiro\/\"]}]},{\"@type\":\"ImageObject\",\"inLanguage\":\"pt-PT\",\"@id\":\"https:\/\/portaltela.pt\/noticias\/2026\/03\/20\/reservas-obrigatorias-da-banca-mocambicana-recuam-13-em-janeiro\/#primaryimage\",\"url\":\"https:\/\/portaltela.pt\/s.01k8rhncp4jt1\/2026\/03\/CACHE_780X1200_ANALOG_WATERMARKED_23939076_2925752_23032019070612.jpg\",\"contentUrl\":\"https:\/\/portaltela.pt\/s.01k8rhncp4jt1\/2026\/03\/CACHE_780X1200_ANALOG_WATERMARKED_23939076_2925752_23032019070612.jpg\",\"width\":796,\"height\":448,\"caption\":\"Reservas obrigat\u00f3rias da banca comercial mo\u00e7ambicana recuam 13% em janeiro\"},{\"@type\":\"BreadcrumbList\",\"@id\":\"https:\/\/portaltela.pt\/noticias\/2026\/03\/20\/reservas-obrigatorias-da-banca-mocambicana-recuam-13-em-janeiro\/#breadcrumb\",\"itemListElement\":[{\"@type\":\"ListItem\",\"position\":1,\"name\":\"In\u00edcio\",\"item\":\"https:\/\/portaltela.pt\/\"},{\"@type\":\"ListItem\",\"position\":2,\"name\":\"Reservas obrigat\u00f3rias da banca mo\u00e7ambicana recuam 13% em janeiro\"}]},{\"@type\":\"WebSite\",\"@id\":\"https:\/\/portaltela.pt\/#website\",\"url\":\"https:\/\/portaltela.pt\/\",\"name\":\"Portal Tela Portugal\",\"description\":\"\",\"potentialAction\":[{\"@type\":\"SearchAction\",\"target\":{\"@type\":\"EntryPoint\",\"urlTemplate\":\"https:\/\/portaltela.pt\/?s={search_term_string}\"},\"query-input\":{\"@type\":\"PropertyValueSpecification\",\"valueRequired\":true,\"valueName\":\"search_term_string\"}}],\"inLanguage\":\"pt-PT\"},{\"@type\":\"Person\",\"@id\":\"https:\/\/portaltela.pt\/#\/schema\/person\/c4278d4a6028830caff9ee44b42d32ed\",\"name\":\"Telinha\",\"image\":{\"@type\":\"ImageObject\",\"inLanguage\":\"pt-PT\",\"@id\":\"https:\/\/portaltela.pt\/s.01k8rhncp4jt1\/2025\/11\/talking-bot-125x125.png\",\"url\":\"https:\/\/portaltela.pt\/s.01k8rhncp4jt1\/2025\/11\/talking-bot-125x125.png\",\"contentUrl\":\"https:\/\/portaltela.pt\/s.01k8rhncp4jt1\/2025\/11\/talking-bot-125x125.png\",\"caption\":\"Telinha\"},\"sameAs\":[\"https:\/\/portaltela.pt\/\"],\"url\":\"https:\/\/portaltela.pt\/por\/367410592786\/\"}]}<\/script>\n<!-- \/ Yoast SEO plugin. -->","yoast_head_json":{"title":"Reservas obrigat\u00f3rias da banca mo\u00e7ambicana recuam 13% em janeiro - Portal Tela Portugal","robots":{"index":"index","follow":"follow","max-snippet":"max-snippet:-1","max-image-preview":"max-image-preview:large","max-video-preview":"max-video-preview:-1"},"og_locale":"pt_PT","og_type":"article","og_title":"Reservas obrigat\u00f3rias da banca mo\u00e7ambicana recuam 13% em janeiro - Portal Tela Portugal","og_description":"As reservas obrigat\u00f3rias da banca comercial mo\u00e7ambicana recuaram 13% em janeiro face ao m\u00eas anterior. O montante caiu para 225.304 milh\u00f5es de meticais. Em euros, o valor corresponde a 3.052 milh\u00f5es de euros. A informa\u00e7\u00e3o \u00e9 do Banco de Mo\u00e7ambique. Os dados referem-se ao m\u00eas de janeiro.","og_url":"https:\/\/portaltela.pt\/noticias\/2026\/03\/20\/reservas-obrigatorias-da-banca-mocambicana-recuam-13-em-janeiro\/","og_site_name":"Portal Tela Portugal","article_published_time":"2026-03-20T09:27:00+00:00","author":"Telinha","twitter_card":"summary_large_image","twitter_misc":{"Escrito por":"Telinha","Tempo estimado de leitura":"1 minuto"},"schema":{"@context":"https:\/\/schema.org","@graph":[{"@type":"Article","@id":"https:\/\/portaltela.pt\/noticias\/2026\/03\/20\/reservas-obrigatorias-da-banca-mocambicana-recuam-13-em-janeiro\/#article","isPartOf":{"@id":"https:\/\/portaltela.pt\/noticias\/2026\/03\/20\/reservas-obrigatorias-da-banca-mocambicana-recuam-13-em-janeiro\/"},"author":{"name":"Telinha","@id":"https:\/\/portaltela.pt\/#\/schema\/person\/c4278d4a6028830caff9ee44b42d32ed"},"headline":"Reservas obrigat\u00f3rias da banca mo\u00e7ambicana recuam 13% em janeiro","datePublished":"2026-03-20T09:27:00+00:00","mainEntityOfPage":{"@id":"https:\/\/portaltela.pt\/noticias\/2026\/03\/20\/reservas-obrigatorias-da-banca-mocambicana-recuam-13-em-janeiro\/"},"wordCount":204,"image":{"@id":"https:\/\/portaltela.pt\/noticias\/2026\/03\/20\/reservas-obrigatorias-da-banca-mocambicana-recuam-13-em-janeiro\/#primaryimage"},"thumbnailUrl":"https:\/\/portaltela.pt\/s.01k8rhncp4jt1\/2026\/03\/CACHE_780X1200_ANALOG_WATERMARKED_23939076_2925752_23032019070612.jpg","keywords":["cr\u00e9dito","economia","finan\u00e7as","institui\u00e7\u00f5es","Mo\u00e7ambique","pol\u00edtica monet\u00e1ria"],"articleSection":["Economia","Finan\u00e7as"],"inLanguage":"pt-PT"},{"@type":"WebPage","@id":"https:\/\/portaltela.pt\/noticias\/2026\/03\/20\/reservas-obrigatorias-da-banca-mocambicana-recuam-13-em-janeiro\/","url":"https:\/\/portaltela.pt\/noticias\/2026\/03\/20\/reservas-obrigatorias-da-banca-mocambicana-recuam-13-em-janeiro\/","name":"Reservas obrigat\u00f3rias da banca mo\u00e7ambicana recuam 13% em janeiro - Portal Tela Portugal","isPartOf":{"@id":"https:\/\/portaltela.pt\/#website"},"primaryImageOfPage":{"@id":"https:\/\/portaltela.pt\/noticias\/2026\/03\/20\/reservas-obrigatorias-da-banca-mocambicana-recuam-13-em-janeiro\/#primaryimage"},"image":{"@id":"https:\/\/portaltela.pt\/noticias\/2026\/03\/20\/reservas-obrigatorias-da-banca-mocambicana-recuam-13-em-janeiro\/#primaryimage"},"thumbnailUrl":"https:\/\/portaltela.pt\/s.01k8rhncp4jt1\/2026\/03\/CACHE_780X1200_ANALOG_WATERMARKED_23939076_2925752_23032019070612.jpg","datePublished":"2026-03-20T09:27:00+00:00","author":{"@id":"https:\/\/portaltela.pt\/#\/schema\/person\/c4278d4a6028830caff9ee44b42d32ed"},"breadcrumb":{"@id":"https:\/\/portaltela.pt\/noticias\/2026\/03\/20\/reservas-obrigatorias-da-banca-mocambicana-recuam-13-em-janeiro\/#breadcrumb"},"inLanguage":"pt-PT","potentialAction":[{"@type":"ReadAction","target":["https:\/\/portaltela.pt\/noticias\/2026\/03\/20\/reservas-obrigatorias-da-banca-mocambicana-recuam-13-em-janeiro\/"]}]},{"@type":"ImageObject","inLanguage":"pt-PT","@id":"https:\/\/portaltela.pt\/noticias\/2026\/03\/20\/reservas-obrigatorias-da-banca-mocambicana-recuam-13-em-janeiro\/#primaryimage","url":"https:\/\/portaltela.pt\/s.01k8rhncp4jt1\/2026\/03\/CACHE_780X1200_ANALOG_WATERMARKED_23939076_2925752_23032019070612.jpg","contentUrl":"https:\/\/portaltela.pt\/s.01k8rhncp4jt1\/2026\/03\/CACHE_780X1200_ANALOG_WATERMARKED_23939076_2925752_23032019070612.jpg","width":796,"height":448,"caption":"Reservas obrigat\u00f3rias da banca comercial mo\u00e7ambicana recuam 13% em janeiro"},{"@type":"BreadcrumbList","@id":"https:\/\/portaltela.pt\/noticias\/2026\/03\/20\/reservas-obrigatorias-da-banca-mocambicana-recuam-13-em-janeiro\/#breadcrumb","itemListElement":[{"@type":"ListItem","position":1,"name":"In\u00edcio","item":"https:\/\/portaltela.pt\/"},{"@type":"ListItem","position":2,"name":"Reservas obrigat\u00f3rias da banca mo\u00e7ambicana recuam 13% em janeiro"}]},{"@type":"WebSite","@id":"https:\/\/portaltela.pt\/#website","url":"https:\/\/portaltela.pt\/","name":"Portal Tela Portugal","description":"","potentialAction":[{"@type":"SearchAction","target":{"@type":"EntryPoint","urlTemplate":"https:\/\/portaltela.pt\/?s={search_term_string}"},"query-input":{"@type":"PropertyValueSpecification","valueRequired":true,"valueName":"search_term_string"}}],"inLanguage":"pt-PT"},{"@type":"Person","@id":"https:\/\/portaltela.pt\/#\/schema\/person\/c4278d4a6028830caff9ee44b42d32ed","name":"Telinha","image":{"@type":"ImageObject","inLanguage":"pt-PT","@id":"https:\/\/portaltela.pt\/s.01k8rhncp4jt1\/2025\/11\/talking-bot-125x125.png","url":"https:\/\/portaltela.pt\/s.01k8rhncp4jt1\/2025\/11\/talking-bot-125x125.png","contentUrl":"https:\/\/portaltela.pt\/s.01k8rhncp4jt1\/2025\/11\/talking-bot-125x125.png","caption":"Telinha"},"sameAs":["https:\/\/portaltela.pt\/"],"url":"https:\/\/portaltela.pt\/por\/367410592786\/"}]}},"_links":{"self":[{"href":"https:\/\/portaltela.pt\/api\/wp\/v2\/posts\/417020","targetHints":{"allow":["GET"]}}],"collection":[{"href":"https:\/\/portaltela.pt\/api\/wp\/v2\/posts"}],"about":[{"href":"https:\/\/portaltela.pt\/api\/wp\/v2\/types\/post"}],"author":[{"embeddable":true,"href":"https:\/\/portaltela.pt\/api\/wp\/v2\/users\/2"}],"replies":[{"embeddable":true,"href":"https:\/\/portaltela.pt\/api\/wp\/v2\/comments?post=417020"}],"version-history":[{"count":0,"href":"https:\/\/portaltela.pt\/api\/wp\/v2\/posts\/417020\/revisions"}],"wp:featuredmedia":[{"embeddable":true,"href":"https:\/\/portaltela.pt\/api\/wp\/v2\/media\/417022"}],"wp:attachment":[{"href":"https:\/\/portaltela.pt\/api\/wp\/v2\/media?parent=417020"}],"wp:term":[{"taxonomy":"category","embeddable":true,"href":"https:\/\/portaltela.pt\/api\/wp\/v2\/categories?post=417020"},{"taxonomy":"post_tag","embeddable":true,"href":"https:\/\/portaltela.pt\/api\/wp\/v2\/tags?post=417020"}],"curies":[{"name":"wp","href":"https:\/\/api.w.org\/{rel}","templated":true}]}}