{"id":417008,"date":"2026-03-20T06:09:00","date_gmt":"2026-03-20T09:09:00","guid":{"rendered":"https:\/\/portaltela.pt\/noticias\/2026\/03\/20\/peritos-europeus-recomendam-reforcar-regras-e-coordenacao-do-sistema-eletrico\/"},"modified":"2026-03-20T06:09:00","modified_gmt":"2026-03-20T09:09:00","slug":"peritos-europeus-recomendam-reforcar-regras-e-coordenacao-do-sistema-eletrico","status":"publish","type":"post","link":"https:\/\/portaltela.pt\/noticias\/2026\/03\/20\/peritos-europeus-recomendam-reforcar-regras-e-coordenacao-do-sistema-eletrico\/","title":{"rendered":"Peritos europeus recomendam refor\u00e7ar regras e coordena\u00e7\u00e3o do sistema el\u00e9trico"},"content":{"rendered":"<p>O relat\u00f3rio final dos peritos europeus confirma que o apag\u00e3o ib\u00e9rico de 28 de abril de 2025 foi causado por falhas em cascata no sistema el\u00e9trico. O estudo aponta uma combina\u00e7\u00e3o de oscila\u00e7\u00f5es, controlo deficiente de tens\u00e3o e pot\u00eancia reativa, e desligamentos de geradores em Espanha.<\/p>\n<p>O documento, assinado por 45 especialistas de operadores de rede e reguladores de 12 pa\u00edses, classifica o incidente como o mais grave em mais de duas d\u00e9cadas. A investiga\u00e7\u00e3o foi conduzida pela ENTSO-E.<\/p>\n<p>Segundo o relat\u00f3rio, v\u00e1rias vari\u00e1veis interligadas contribu\u00edram para o evento: redu\u00e7\u00f5es r\u00e1pidas de produ\u00e7\u00e3o, desequil\u00edbrios regulat\u00f3rios de tens\u00e3o, e capacidades de estabiliza\u00e7\u00e3o desiguais. O resultado foram aumentos de tens\u00e3o e desligamentos em cascata de produ\u00e7\u00e3o renov\u00e1vel.<\/p>\n<p>A restaura\u00e7\u00e3o da rede foi r\u00e1pida: Portugal reconectou-se no prazo de 12 horas e Espanha em 16 horas, segundo as conclus\u00f5es preliminares j\u00e1 apresentadas. O foco agora \u00e9 prevenir ocorr\u00eancias semelhantes no futuro.<\/p>\n<h3>Recomenda\u00e7\u00f5es para evitar novo apag\u00e3o<\/h3>\n<p>O painel recomenda refor\u00e7ar quadros regulat\u00f3rios e melhorar a coordena\u00e7\u00e3o entre operadores de rede e grandes produtores. A partilha de dados entre intervenientes do sistema \u00e9 destacada como essencial para a gest\u00e3o de eventos complexos.<\/p>\n<p>Entre as medidas destacadas est\u00e3o o refor\u00e7o das pr\u00e1ticas operacionais, o aumento da monitoriza\u00e7\u00e3o do comportamento do sistema e uma coopera\u00e7\u00e3o mais estreita entre operadores de transporte e de distribui\u00e7\u00e3o. Em Portugal, REN e E-Redes s\u00e3o citadas como exemplos de coopera\u00e7\u00e3o necess\u00e1ria.<\/p>\n<p>A ENTSO-E sublinha que a coordena\u00e7\u00e3o entre operadores e grandes consumidores deve ser fortalecida para gerir crises com impactos a escala europeia. O objetivo \u00e9 alinhar mecanismos de mercado, quadros regulamentares e pol\u00edticas energ\u00e9ticas com os limites f\u00edsicos do sistema.<\/p>\n<p>Os peritos refor\u00e7am que as solu\u00e7\u00f5es apresentadas s\u00e3o tecnicamente vi\u00e1veis, mas a monitoriza\u00e7\u00e3o da implementa\u00e7\u00e3o n\u00e3o \u00e9 da miss\u00e3o do painel. A responsabilidade pela an\u00e1lise, acompanhamento e execu\u00e7\u00e3o cabe a cada destinat\u00e1rio.<\/p>\n","protected":false},"excerpt":{"rendered":"<ul>\n<li>Peritos europeus conclu\u00edram que o apag\u00e3o ib\u00e9rico de 28 de abril de 2025 foi provocado por falhas em cascata, associadas a oscila\u00e7\u00f5es, lacunas no controlo de tens\u00e3o e pot\u00eancia reativa, diferen\u00e7as nas pr\u00e1ticas de regula\u00e7\u00e3o de tens\u00e3o, redu\u00e7\u00f5es r\u00e1pidas de produ\u00e7\u00e3o e desligamentos de geradores em Espanha, levando ao colapso de produ\u00e7\u00e3o renov\u00e1vel.<\/li>\n<li>O relat\u00f3rio recomenda refor\u00e7ar os quadros regulat\u00f3rios e melhorar a coordena\u00e7\u00e3o entre operadores de rede, grandes produtores e consumidores para prevenir urg\u00eancias semelhantes.<\/li>\n<li>A recupera\u00e7\u00e3o foi r\u00e1pida: Portugal reconectou a rede em 12 horas e Espanha em 16 horas.<\/li>\n<li>Entre as medidas sugeridas est\u00e3o o refor\u00e7o das pr\u00e1ticas operacionais, a melhoria da monitoriza\u00e7\u00e3o do comportamento do sistema e uma coordena\u00e7\u00e3o e partilha de dados mais estreitas entre os intervenientes.<\/li>\n<li>A monitoriza\u00e7\u00e3o da implementa\u00e7\u00e3o das recomenda\u00e7\u00f5es n\u00e3o \u00e9 compet\u00eancia do painel; cabe aos destinat\u00e1rios decidir sobre a an\u00e1lise, acompanhamento e execu\u00e7\u00e3o, e as recomenda\u00e7\u00f5es implicam adapta\u00e7\u00e3o regulat\u00f3ria conforme evolu\u00e7\u00e3o do sistema.<\/li>\n<\/ul>\n","protected":false},"author":2,"featured_media":417015,"comment_status":"closed","ping_status":"closed","sticky":false,"template":"","format":"standard","meta":{"footnotes":""},"categories":[6806,1],"tags":[256,5037,174,2729,1014,5113],"class_list":["post-417008","post","type-post","status-publish","format-standard","has-post-thumbnail","hentry","category-energia","category-noticias","tag-cooperacao-internacional","tag-e-redes","tag-energia","tag-energia-renovavel","tag-portugal","tag-redes-eletricas"],"yoast_head":"<!-- This site is optimized with the Yoast SEO plugin v27.2 - https:\/\/yoast.com\/product\/yoast-seo-wordpress\/ -->\n<title>Peritos europeus recomendam refor\u00e7ar regras e coordena\u00e7\u00e3o do sistema el\u00e9trico - Portal Tela Portugal<\/title>\n<meta name=\"robots\" content=\"index, follow, max-snippet:-1, max-image-preview:large, max-video-preview:-1\" \/>\n<meta property=\"og:locale\" content=\"pt_PT\" \/>\n<meta property=\"og:type\" content=\"article\" \/>\n<meta property=\"og:title\" content=\"Peritos europeus recomendam refor\u00e7ar regras e coordena\u00e7\u00e3o do sistema el\u00e9trico - Portal Tela Portugal\" \/>\n<meta property=\"og:description\" content=\"Peritos europeus conclu\u00edram que o apag\u00e3o ib\u00e9rico de 28 de abril de 2025 foi provocado por falhas em cascata, associadas a oscila\u00e7\u00f5es, lacunas no controlo de tens\u00e3o e pot\u00eancia reativa, diferen\u00e7as nas pr\u00e1ticas de regula\u00e7\u00e3o de tens\u00e3o, redu\u00e7\u00f5es r\u00e1pidas de produ\u00e7\u00e3o e desligamentos de geradores em Espanha, levando ao colapso de produ\u00e7\u00e3o renov\u00e1vel. O relat\u00f3rio recomenda refor\u00e7ar os quadros regulat\u00f3rios e melhorar a coordena\u00e7\u00e3o entre operadores de rede, grandes produtores e consumidores para prevenir urg\u00eancias semelhantes. A recupera\u00e7\u00e3o foi r\u00e1pida: Portugal reconectou a rede em 12 horas e Espanha em 16 horas. Entre as medidas sugeridas est\u00e3o o refor\u00e7o das pr\u00e1ticas operacionais, a melhoria da monitoriza\u00e7\u00e3o do comportamento do sistema e uma coordena\u00e7\u00e3o e partilha de dados mais estreitas entre os intervenientes. A monitoriza\u00e7\u00e3o da implementa\u00e7\u00e3o das recomenda\u00e7\u00f5es n\u00e3o \u00e9 compet\u00eancia do painel; cabe aos destinat\u00e1rios decidir sobre a an\u00e1lise, acompanhamento e execu\u00e7\u00e3o, e as recomenda\u00e7\u00f5es implicam adapta\u00e7\u00e3o regulat\u00f3ria conforme evolu\u00e7\u00e3o do sistema.\" \/>\n<meta property=\"og:url\" content=\"https:\/\/portaltela.pt\/noticias\/2026\/03\/20\/peritos-europeus-recomendam-reforcar-regras-e-coordenacao-do-sistema-eletrico\/\" \/>\n<meta property=\"og:site_name\" content=\"Portal Tela Portugal\" \/>\n<meta property=\"article:published_time\" content=\"2026-03-20T09:09:00+00:00\" \/>\n<meta name=\"author\" content=\"Telinha\" \/>\n<meta name=\"twitter:card\" content=\"summary_large_image\" \/>\n<meta name=\"twitter:label1\" content=\"Escrito por\" \/>\n\t<meta name=\"twitter:data1\" content=\"Telinha\" \/>\n\t<meta name=\"twitter:label2\" content=\"Tempo estimado de leitura\" \/>\n\t<meta name=\"twitter:data2\" content=\"2 minutos\" \/>\n<script type=\"application\/ld+json\" class=\"yoast-schema-graph\">{\"@context\":\"https:\/\/schema.org\",\"@graph\":[{\"@type\":\"Article\",\"@id\":\"https:\/\/portaltela.pt\/noticias\/2026\/03\/20\/peritos-europeus-recomendam-reforcar-regras-e-coordenacao-do-sistema-eletrico\/#article\",\"isPartOf\":{\"@id\":\"https:\/\/portaltela.pt\/noticias\/2026\/03\/20\/peritos-europeus-recomendam-reforcar-regras-e-coordenacao-do-sistema-eletrico\/\"},\"author\":{\"name\":\"Telinha\",\"@id\":\"https:\/\/portaltela.pt\/#\/schema\/person\/c4278d4a6028830caff9ee44b42d32ed\"},\"headline\":\"Peritos europeus recomendam refor\u00e7ar regras e coordena\u00e7\u00e3o do sistema el\u00e9trico\",\"datePublished\":\"2026-03-20T09:09:00+00:00\",\"mainEntityOfPage\":{\"@id\":\"https:\/\/portaltela.pt\/noticias\/2026\/03\/20\/peritos-europeus-recomendam-reforcar-regras-e-coordenacao-do-sistema-eletrico\/\"},\"wordCount\":364,\"image\":{\"@id\":\"https:\/\/portaltela.pt\/noticias\/2026\/03\/20\/peritos-europeus-recomendam-reforcar-regras-e-coordenacao-do-sistema-eletrico\/#primaryimage\"},\"thumbnailUrl\":\"https:\/\/portaltela.pt\/s.01k8rhncp4jt1\/2026\/03\/img_1280x721uu2025-04-29-10-56-13-2205602.jpg\",\"keywords\":[\"coopera\u00e7\u00e3o internacional\",\"E-Redes\",\"energia\",\"energia renov\u00e1vel\",\"Portugal\",\"redes el\u00e9tricas\"],\"articleSection\":[\"Energia\",\"Not\u00edcias\"],\"inLanguage\":\"pt-PT\"},{\"@type\":\"WebPage\",\"@id\":\"https:\/\/portaltela.pt\/noticias\/2026\/03\/20\/peritos-europeus-recomendam-reforcar-regras-e-coordenacao-do-sistema-eletrico\/\",\"url\":\"https:\/\/portaltela.pt\/noticias\/2026\/03\/20\/peritos-europeus-recomendam-reforcar-regras-e-coordenacao-do-sistema-eletrico\/\",\"name\":\"Peritos europeus recomendam refor\u00e7ar regras e coordena\u00e7\u00e3o do sistema el\u00e9trico - Portal Tela Portugal\",\"isPartOf\":{\"@id\":\"https:\/\/portaltela.pt\/#website\"},\"primaryImageOfPage\":{\"@id\":\"https:\/\/portaltela.pt\/noticias\/2026\/03\/20\/peritos-europeus-recomendam-reforcar-regras-e-coordenacao-do-sistema-eletrico\/#primaryimage\"},\"image\":{\"@id\":\"https:\/\/portaltela.pt\/noticias\/2026\/03\/20\/peritos-europeus-recomendam-reforcar-regras-e-coordenacao-do-sistema-eletrico\/#primaryimage\"},\"thumbnailUrl\":\"https:\/\/portaltela.pt\/s.01k8rhncp4jt1\/2026\/03\/img_1280x721uu2025-04-29-10-56-13-2205602.jpg\",\"datePublished\":\"2026-03-20T09:09:00+00:00\",\"author\":{\"@id\":\"https:\/\/portaltela.pt\/#\/schema\/person\/c4278d4a6028830caff9ee44b42d32ed\"},\"breadcrumb\":{\"@id\":\"https:\/\/portaltela.pt\/noticias\/2026\/03\/20\/peritos-europeus-recomendam-reforcar-regras-e-coordenacao-do-sistema-eletrico\/#breadcrumb\"},\"inLanguage\":\"pt-PT\",\"potentialAction\":[{\"@type\":\"ReadAction\",\"target\":[\"https:\/\/portaltela.pt\/noticias\/2026\/03\/20\/peritos-europeus-recomendam-reforcar-regras-e-coordenacao-do-sistema-eletrico\/\"]}]},{\"@type\":\"ImageObject\",\"inLanguage\":\"pt-PT\",\"@id\":\"https:\/\/portaltela.pt\/noticias\/2026\/03\/20\/peritos-europeus-recomendam-reforcar-regras-e-coordenacao-do-sistema-eletrico\/#primaryimage\",\"url\":\"https:\/\/portaltela.pt\/s.01k8rhncp4jt1\/2026\/03\/img_1280x721uu2025-04-29-10-56-13-2205602.jpg\",\"contentUrl\":\"https:\/\/portaltela.pt\/s.01k8rhncp4jt1\/2026\/03\/img_1280x721uu2025-04-29-10-56-13-2205602.jpg\",\"width\":796,\"height\":448,\"caption\":\"Apag\u00e3o em Lisboa\"},{\"@type\":\"BreadcrumbList\",\"@id\":\"https:\/\/portaltela.pt\/noticias\/2026\/03\/20\/peritos-europeus-recomendam-reforcar-regras-e-coordenacao-do-sistema-eletrico\/#breadcrumb\",\"itemListElement\":[{\"@type\":\"ListItem\",\"position\":1,\"name\":\"In\u00edcio\",\"item\":\"https:\/\/portaltela.pt\/\"},{\"@type\":\"ListItem\",\"position\":2,\"name\":\"Peritos europeus recomendam refor\u00e7ar regras e coordena\u00e7\u00e3o do sistema el\u00e9trico\"}]},{\"@type\":\"WebSite\",\"@id\":\"https:\/\/portaltela.pt\/#website\",\"url\":\"https:\/\/portaltela.pt\/\",\"name\":\"Portal Tela Portugal\",\"description\":\"\",\"potentialAction\":[{\"@type\":\"SearchAction\",\"target\":{\"@type\":\"EntryPoint\",\"urlTemplate\":\"https:\/\/portaltela.pt\/?s={search_term_string}\"},\"query-input\":{\"@type\":\"PropertyValueSpecification\",\"valueRequired\":true,\"valueName\":\"search_term_string\"}}],\"inLanguage\":\"pt-PT\"},{\"@type\":\"Person\",\"@id\":\"https:\/\/portaltela.pt\/#\/schema\/person\/c4278d4a6028830caff9ee44b42d32ed\",\"name\":\"Telinha\",\"image\":{\"@type\":\"ImageObject\",\"inLanguage\":\"pt-PT\",\"@id\":\"https:\/\/portaltela.pt\/s.01k8rhncp4jt1\/2025\/11\/talking-bot-125x125.png\",\"url\":\"https:\/\/portaltela.pt\/s.01k8rhncp4jt1\/2025\/11\/talking-bot-125x125.png\",\"contentUrl\":\"https:\/\/portaltela.pt\/s.01k8rhncp4jt1\/2025\/11\/talking-bot-125x125.png\",\"caption\":\"Telinha\"},\"sameAs\":[\"https:\/\/portaltela.pt\/\"],\"url\":\"https:\/\/portaltela.pt\/por\/367410592786\/\"}]}<\/script>\n<!-- \/ Yoast SEO plugin. -->","yoast_head_json":{"title":"Peritos europeus recomendam refor\u00e7ar regras e coordena\u00e7\u00e3o do sistema el\u00e9trico - Portal Tela Portugal","robots":{"index":"index","follow":"follow","max-snippet":"max-snippet:-1","max-image-preview":"max-image-preview:large","max-video-preview":"max-video-preview:-1"},"og_locale":"pt_PT","og_type":"article","og_title":"Peritos europeus recomendam refor\u00e7ar regras e coordena\u00e7\u00e3o do sistema el\u00e9trico - Portal Tela Portugal","og_description":"Peritos europeus conclu\u00edram que o apag\u00e3o ib\u00e9rico de 28 de abril de 2025 foi provocado por falhas em cascata, associadas a oscila\u00e7\u00f5es, lacunas no controlo de tens\u00e3o e pot\u00eancia reativa, diferen\u00e7as nas pr\u00e1ticas de regula\u00e7\u00e3o de tens\u00e3o, redu\u00e7\u00f5es r\u00e1pidas de produ\u00e7\u00e3o e desligamentos de geradores em Espanha, levando ao colapso de produ\u00e7\u00e3o renov\u00e1vel. O relat\u00f3rio recomenda refor\u00e7ar os quadros regulat\u00f3rios e melhorar a coordena\u00e7\u00e3o entre operadores de rede, grandes produtores e consumidores para prevenir urg\u00eancias semelhantes. A recupera\u00e7\u00e3o foi r\u00e1pida: Portugal reconectou a rede em 12 horas e Espanha em 16 horas. Entre as medidas sugeridas est\u00e3o o refor\u00e7o das pr\u00e1ticas operacionais, a melhoria da monitoriza\u00e7\u00e3o do comportamento do sistema e uma coordena\u00e7\u00e3o e partilha de dados mais estreitas entre os intervenientes. A monitoriza\u00e7\u00e3o da implementa\u00e7\u00e3o das recomenda\u00e7\u00f5es n\u00e3o \u00e9 compet\u00eancia do painel; cabe aos destinat\u00e1rios decidir sobre a an\u00e1lise, acompanhamento e execu\u00e7\u00e3o, e as recomenda\u00e7\u00f5es implicam adapta\u00e7\u00e3o regulat\u00f3ria conforme evolu\u00e7\u00e3o do sistema.","og_url":"https:\/\/portaltela.pt\/noticias\/2026\/03\/20\/peritos-europeus-recomendam-reforcar-regras-e-coordenacao-do-sistema-eletrico\/","og_site_name":"Portal Tela Portugal","article_published_time":"2026-03-20T09:09:00+00:00","author":"Telinha","twitter_card":"summary_large_image","twitter_misc":{"Escrito por":"Telinha","Tempo estimado de leitura":"2 minutos"},"schema":{"@context":"https:\/\/schema.org","@graph":[{"@type":"Article","@id":"https:\/\/portaltela.pt\/noticias\/2026\/03\/20\/peritos-europeus-recomendam-reforcar-regras-e-coordenacao-do-sistema-eletrico\/#article","isPartOf":{"@id":"https:\/\/portaltela.pt\/noticias\/2026\/03\/20\/peritos-europeus-recomendam-reforcar-regras-e-coordenacao-do-sistema-eletrico\/"},"author":{"name":"Telinha","@id":"https:\/\/portaltela.pt\/#\/schema\/person\/c4278d4a6028830caff9ee44b42d32ed"},"headline":"Peritos europeus recomendam refor\u00e7ar regras e coordena\u00e7\u00e3o do sistema el\u00e9trico","datePublished":"2026-03-20T09:09:00+00:00","mainEntityOfPage":{"@id":"https:\/\/portaltela.pt\/noticias\/2026\/03\/20\/peritos-europeus-recomendam-reforcar-regras-e-coordenacao-do-sistema-eletrico\/"},"wordCount":364,"image":{"@id":"https:\/\/portaltela.pt\/noticias\/2026\/03\/20\/peritos-europeus-recomendam-reforcar-regras-e-coordenacao-do-sistema-eletrico\/#primaryimage"},"thumbnailUrl":"https:\/\/portaltela.pt\/s.01k8rhncp4jt1\/2026\/03\/img_1280x721uu2025-04-29-10-56-13-2205602.jpg","keywords":["coopera\u00e7\u00e3o internacional","E-Redes","energia","energia renov\u00e1vel","Portugal","redes el\u00e9tricas"],"articleSection":["Energia","Not\u00edcias"],"inLanguage":"pt-PT"},{"@type":"WebPage","@id":"https:\/\/portaltela.pt\/noticias\/2026\/03\/20\/peritos-europeus-recomendam-reforcar-regras-e-coordenacao-do-sistema-eletrico\/","url":"https:\/\/portaltela.pt\/noticias\/2026\/03\/20\/peritos-europeus-recomendam-reforcar-regras-e-coordenacao-do-sistema-eletrico\/","name":"Peritos europeus recomendam refor\u00e7ar regras e coordena\u00e7\u00e3o do sistema el\u00e9trico - Portal Tela Portugal","isPartOf":{"@id":"https:\/\/portaltela.pt\/#website"},"primaryImageOfPage":{"@id":"https:\/\/portaltela.pt\/noticias\/2026\/03\/20\/peritos-europeus-recomendam-reforcar-regras-e-coordenacao-do-sistema-eletrico\/#primaryimage"},"image":{"@id":"https:\/\/portaltela.pt\/noticias\/2026\/03\/20\/peritos-europeus-recomendam-reforcar-regras-e-coordenacao-do-sistema-eletrico\/#primaryimage"},"thumbnailUrl":"https:\/\/portaltela.pt\/s.01k8rhncp4jt1\/2026\/03\/img_1280x721uu2025-04-29-10-56-13-2205602.jpg","datePublished":"2026-03-20T09:09:00+00:00","author":{"@id":"https:\/\/portaltela.pt\/#\/schema\/person\/c4278d4a6028830caff9ee44b42d32ed"},"breadcrumb":{"@id":"https:\/\/portaltela.pt\/noticias\/2026\/03\/20\/peritos-europeus-recomendam-reforcar-regras-e-coordenacao-do-sistema-eletrico\/#breadcrumb"},"inLanguage":"pt-PT","potentialAction":[{"@type":"ReadAction","target":["https:\/\/portaltela.pt\/noticias\/2026\/03\/20\/peritos-europeus-recomendam-reforcar-regras-e-coordenacao-do-sistema-eletrico\/"]}]},{"@type":"ImageObject","inLanguage":"pt-PT","@id":"https:\/\/portaltela.pt\/noticias\/2026\/03\/20\/peritos-europeus-recomendam-reforcar-regras-e-coordenacao-do-sistema-eletrico\/#primaryimage","url":"https:\/\/portaltela.pt\/s.01k8rhncp4jt1\/2026\/03\/img_1280x721uu2025-04-29-10-56-13-2205602.jpg","contentUrl":"https:\/\/portaltela.pt\/s.01k8rhncp4jt1\/2026\/03\/img_1280x721uu2025-04-29-10-56-13-2205602.jpg","width":796,"height":448,"caption":"Apag\u00e3o em Lisboa"},{"@type":"BreadcrumbList","@id":"https:\/\/portaltela.pt\/noticias\/2026\/03\/20\/peritos-europeus-recomendam-reforcar-regras-e-coordenacao-do-sistema-eletrico\/#breadcrumb","itemListElement":[{"@type":"ListItem","position":1,"name":"In\u00edcio","item":"https:\/\/portaltela.pt\/"},{"@type":"ListItem","position":2,"name":"Peritos europeus recomendam refor\u00e7ar regras e coordena\u00e7\u00e3o do sistema el\u00e9trico"}]},{"@type":"WebSite","@id":"https:\/\/portaltela.pt\/#website","url":"https:\/\/portaltela.pt\/","name":"Portal Tela Portugal","description":"","potentialAction":[{"@type":"SearchAction","target":{"@type":"EntryPoint","urlTemplate":"https:\/\/portaltela.pt\/?s={search_term_string}"},"query-input":{"@type":"PropertyValueSpecification","valueRequired":true,"valueName":"search_term_string"}}],"inLanguage":"pt-PT"},{"@type":"Person","@id":"https:\/\/portaltela.pt\/#\/schema\/person\/c4278d4a6028830caff9ee44b42d32ed","name":"Telinha","image":{"@type":"ImageObject","inLanguage":"pt-PT","@id":"https:\/\/portaltela.pt\/s.01k8rhncp4jt1\/2025\/11\/talking-bot-125x125.png","url":"https:\/\/portaltela.pt\/s.01k8rhncp4jt1\/2025\/11\/talking-bot-125x125.png","contentUrl":"https:\/\/portaltela.pt\/s.01k8rhncp4jt1\/2025\/11\/talking-bot-125x125.png","caption":"Telinha"},"sameAs":["https:\/\/portaltela.pt\/"],"url":"https:\/\/portaltela.pt\/por\/367410592786\/"}]}},"_links":{"self":[{"href":"https:\/\/portaltela.pt\/api\/wp\/v2\/posts\/417008","targetHints":{"allow":["GET"]}}],"collection":[{"href":"https:\/\/portaltela.pt\/api\/wp\/v2\/posts"}],"about":[{"href":"https:\/\/portaltela.pt\/api\/wp\/v2\/types\/post"}],"author":[{"embeddable":true,"href":"https:\/\/portaltela.pt\/api\/wp\/v2\/users\/2"}],"replies":[{"embeddable":true,"href":"https:\/\/portaltela.pt\/api\/wp\/v2\/comments?post=417008"}],"version-history":[{"count":0,"href":"https:\/\/portaltela.pt\/api\/wp\/v2\/posts\/417008\/revisions"}],"wp:featuredmedia":[{"embeddable":true,"href":"https:\/\/portaltela.pt\/api\/wp\/v2\/media\/417015"}],"wp:attachment":[{"href":"https:\/\/portaltela.pt\/api\/wp\/v2\/media?parent=417008"}],"wp:term":[{"taxonomy":"category","embeddable":true,"href":"https:\/\/portaltela.pt\/api\/wp\/v2\/categories?post=417008"},{"taxonomy":"post_tag","embeddable":true,"href":"https:\/\/portaltela.pt\/api\/wp\/v2\/tags?post=417008"}],"curies":[{"name":"wp","href":"https:\/\/api.w.org\/{rel}","templated":true}]}}