{"id":417004,"date":"2026-03-20T06:01:00","date_gmt":"2026-03-20T09:01:00","guid":{"rendered":"https:\/\/portaltela.pt\/noticias\/2026\/03\/20\/jovem-com-trissomia-21-enfrenta-preconceito-no-trabalho-desporto-e-vida-social\/"},"modified":"2026-03-20T06:01:00","modified_gmt":"2026-03-20T09:01:00","slug":"jovem-com-trissomia-21-enfrenta-preconceito-no-trabalho-desporto-e-vida-social","status":"publish","type":"post","link":"https:\/\/portaltela.pt\/desporto\/futebol\/2026\/03\/20\/jovem-com-trissomia-21-enfrenta-preconceito-no-trabalho-desporto-e-vida-social\/","title":{"rendered":"Jovem com trissomia 21 enfrenta preconceito no trabalho, desporto e vida social"},"content":{"rendered":"<p>Francisco Montes, 24 anos, surfa a linha entre o desporto de alto n\u00edvel e a inclus\u00e3o no quotidiano. Vice-campe\u00e3o mundial de nata\u00e7\u00e3o, o jovem com trissomia 21 trabalha numa pizzaria na Foz do Douro, Porto, onde demonstra autonomia e desafia estere\u00f3tipos sobre a defici\u00eancia. O desenrolar da sua rotina mostra-se numa conflu\u00eancia entre trabalho, desporto e vida social.<\/p>\n<p>A par da aposta desportiva, Francisco integra uma equipa de trabalho que lhe permite conciliar treinos e competi\u00e7\u00e3o com as responsabilidades profissionais. O est\u00e1gio surgiu no \u00e2mbito de um Plano Individual de Transi\u00e7\u00e3o, evoluindo para contrato de trabalho est\u00e1vel na pizzaria Peco, gerida por Idalina Ferreira.<\/p>\n<h3>A entrada no mercado de trabalho<\/h3>\n<p>O turno come\u00e7a \u00e0s 11 horas, no Mercado da Foz, antes de o jovem entrar no restaurante. Entre organiza\u00e7\u00e3o de garrafeira, limpeza, prepara\u00e7\u00e3o de caf\u00e9s e tarefas de cozinha, ele demonstra m\u00e9todo e aten\u00e7\u00e3o. A propriet\u00e1ria sublinha a proatividade e a constante evolu\u00e7\u00e3o do colaborador.<\/p>\n<p>A contrata\u00e7\u00e3o surgiu com o objetivo de potenciar o talento de Francisco al\u00e9m do que j\u00e1 era reconhecido. A propriet\u00e1ria acrescenta a import\u00e2ncia de equilibrar o trabalho com a pr\u00e1tica desportiva, um aspeto que o pr\u00f3prio esfor\u00e7o tamb\u00e9m evidencia.<\/p>\n<h3>Integra\u00e7\u00e3o no desporto e na comunidade<\/h3>\n<p>O clube e a fam\u00edlia destacam a capacidade de Francisco para adaptar hor\u00e1rios, mantendo a competi\u00e7\u00e3o de alta performance. O treinador, que acompanha o atleta h\u00e1 mais de uma d\u00e9cada, afirma que o sucesso atual resulta do trabalho, da dedica\u00e7\u00e3o e do compromisso.<\/p>\n<p>A fam\u00edlia descreve uma rede de apoio que envolve escola, treinadores e local de trabalho. A professora de educa\u00e7\u00e3o especial sublinha que o percurso de Francisco \u00e9 exemplar, com progressos em autonomia e integra\u00e7\u00e3o laboral, resultados pouco comuns entre pessoas com trissomia 21.<\/p>\n<h3>Conclus\u00f5es de percurso e perspetivas futuras<\/h3>\n<p>Ao longo do dia, a rotina do atleta inclui ainda desloca\u00e7\u00f5es independentes para a rotina de autocarro, com paragens numa florista habitual para presentes familiares. O treino de nata\u00e7\u00e3o, realizado quatro vezes por semana, continua a exigir uma prepara\u00e7\u00e3o f\u00edsica elevada.<\/p>\n<p>O treinador aponta a necessidade de maior enquadramento competitivo e de apoios para atletas com trissomia 21, destacando que n\u00e3o existem programas paral\u00edmpicos espec\u00edficos. Quanto ao futuro, Francisco ambiciona manter a dedica\u00e7\u00e3o desportiva e planeia ingressar no mercado de trabalho a tempo inteiro, com planos pessoais para 2028.<\/p>\n","protected":false},"excerpt":{"rendered":"<ul>\n<li>Francisco Montes, 24 anos, jovem com trissomia 21 e vice-campe\u00e3o mundial de nata\u00e7\u00e3o, trabalha na pizzaria Peco, na Foz do Douro, Porto.<\/li>\n<li>No turno das 11 horas, organiza a garrafeira, lava pratos, prepara caixas e pizas, identificando vinhos pelo cheiro.<\/li>\n<li>Chegou ao Peco atrav\u00e9s de um Plano Individual de Transi\u00e7\u00e3o, do Agrupamento de Escolas Garcia de Orta; o est\u00e1gio evoluiu para contrato de trabalho.<\/li>\n<li>Consegue conciliar o emprego com a nata\u00e7\u00e3o de alta competi\u00e7\u00e3o, treinando quatro vezes por semana; a equipa destaca a proatividade e evolu\u00e7\u00e3o dele.<\/li>\n<li>O treinador aponta falta de enquadramento paral\u00edmpico para atletas com trissomia 21; Francisco tra\u00e7a como meta, para 2028, deixar a nata\u00e7\u00e3o, trabalhar em tempo inteiro e casar-se.<\/li>\n<\/ul>\n","protected":false},"author":2,"featured_media":417013,"comment_status":"closed","ping_status":"closed","sticky":false,"template":"","format":"standard","meta":{"footnotes":""},"categories":[21,24],"tags":[152,1296,209,2737,982,2201],"class_list":["post-417004","post","type-post","status-publish","format-standard","has-post-thumbnail","hentry","category-desporto","category-futebol","tag-desporto","tag-educacao-especial","tag-natacao","tag-pessoas-com-deficiencia","tag-porto","tag-trabalho"],"yoast_head":"<!-- This site is optimized with the Yoast SEO plugin v27.2 - https:\/\/yoast.com\/product\/yoast-seo-wordpress\/ -->\n<title>Jovem com trissomia 21 enfrenta preconceito no trabalho, desporto e vida social - Portal Tela Portugal<\/title>\n<meta name=\"robots\" content=\"index, follow, max-snippet:-1, max-image-preview:large, max-video-preview:-1\" \/>\n<meta property=\"og:locale\" content=\"pt_PT\" \/>\n<meta property=\"og:type\" content=\"article\" \/>\n<meta property=\"og:title\" content=\"Jovem com trissomia 21 enfrenta preconceito no trabalho, desporto e vida social - Portal Tela Portugal\" \/>\n<meta property=\"og:description\" content=\"Francisco Montes, 24 anos, jovem com trissomia 21 e vice-campe\u00e3o mundial de nata\u00e7\u00e3o, trabalha na pizzaria Peco, na Foz do Douro, Porto. No turno das 11 horas, organiza a garrafeira, lava pratos, prepara caixas e pizas, identificando vinhos pelo cheiro. Chegou ao Peco atrav\u00e9s de um Plano Individual de Transi\u00e7\u00e3o, do Agrupamento de Escolas Garcia de Orta; o est\u00e1gio evoluiu para contrato de trabalho. Consegue conciliar o emprego com a nata\u00e7\u00e3o de alta competi\u00e7\u00e3o, treinando quatro vezes por semana; a equipa destaca a proatividade e evolu\u00e7\u00e3o dele. O treinador aponta falta de enquadramento paral\u00edmpico para atletas com trissomia 21; Francisco tra\u00e7a como meta, para 2028, deixar a nata\u00e7\u00e3o, trabalhar em tempo inteiro e casar-se.\" \/>\n<meta property=\"og:url\" content=\"https:\/\/portaltela.pt\/noticias\/2026\/03\/20\/jovem-com-trissomia-21-enfrenta-preconceito-no-trabalho-desporto-e-vida-social\/\" \/>\n<meta property=\"og:site_name\" content=\"Portal Tela Portugal\" \/>\n<meta property=\"article:published_time\" content=\"2026-03-20T09:01:00+00:00\" \/>\n<meta name=\"author\" content=\"Telinha\" \/>\n<meta name=\"twitter:card\" content=\"summary_large_image\" \/>\n<meta name=\"twitter:label1\" content=\"Escrito por\" \/>\n\t<meta name=\"twitter:data1\" content=\"Telinha\" \/>\n\t<meta name=\"twitter:label2\" content=\"Tempo estimado de leitura\" \/>\n\t<meta name=\"twitter:data2\" content=\"2 minutos\" \/>\n<script type=\"application\/ld+json\" class=\"yoast-schema-graph\">{\"@context\":\"https:\/\/schema.org\",\"@graph\":[{\"@type\":\"Article\",\"@id\":\"https:\/\/portaltela.pt\/noticias\/2026\/03\/20\/jovem-com-trissomia-21-enfrenta-preconceito-no-trabalho-desporto-e-vida-social\/#article\",\"isPartOf\":{\"@id\":\"https:\/\/portaltela.pt\/noticias\/2026\/03\/20\/jovem-com-trissomia-21-enfrenta-preconceito-no-trabalho-desporto-e-vida-social\/\"},\"author\":{\"name\":\"Telinha\",\"@id\":\"https:\/\/portaltela.pt\/#\/schema\/person\/c4278d4a6028830caff9ee44b42d32ed\"},\"headline\":\"Jovem com trissomia 21 enfrenta preconceito no trabalho, desporto e vida social\",\"datePublished\":\"2026-03-20T09:01:00+00:00\",\"mainEntityOfPage\":{\"@id\":\"https:\/\/portaltela.pt\/noticias\/2026\/03\/20\/jovem-com-trissomia-21-enfrenta-preconceito-no-trabalho-desporto-e-vida-social\/\"},\"wordCount\":430,\"image\":{\"@id\":\"https:\/\/portaltela.pt\/noticias\/2026\/03\/20\/jovem-com-trissomia-21-enfrenta-preconceito-no-trabalho-desporto-e-vida-social\/#primaryimage\"},\"thumbnailUrl\":\"https:\/\/portaltela.pt\/s.01k8rhncp4jt1\/2026\/03\/image-1325.jpg\",\"keywords\":[\"desporto\",\"Educa\u00e7\u00e3o Especial\",\"nata\u00e7\u00e3o\",\"pessoas com defici\u00eancia\",\"Porto\",\"trabalho\"],\"articleSection\":[\"Desporto\",\"Futebol\"],\"inLanguage\":\"pt-PT\"},{\"@type\":\"WebPage\",\"@id\":\"https:\/\/portaltela.pt\/noticias\/2026\/03\/20\/jovem-com-trissomia-21-enfrenta-preconceito-no-trabalho-desporto-e-vida-social\/\",\"url\":\"https:\/\/portaltela.pt\/noticias\/2026\/03\/20\/jovem-com-trissomia-21-enfrenta-preconceito-no-trabalho-desporto-e-vida-social\/\",\"name\":\"Jovem com trissomia 21 enfrenta preconceito no trabalho, desporto e vida social - Portal Tela Portugal\",\"isPartOf\":{\"@id\":\"https:\/\/portaltela.pt\/#website\"},\"primaryImageOfPage\":{\"@id\":\"https:\/\/portaltela.pt\/noticias\/2026\/03\/20\/jovem-com-trissomia-21-enfrenta-preconceito-no-trabalho-desporto-e-vida-social\/#primaryimage\"},\"image\":{\"@id\":\"https:\/\/portaltela.pt\/noticias\/2026\/03\/20\/jovem-com-trissomia-21-enfrenta-preconceito-no-trabalho-desporto-e-vida-social\/#primaryimage\"},\"thumbnailUrl\":\"https:\/\/portaltela.pt\/s.01k8rhncp4jt1\/2026\/03\/image-1325.jpg\",\"datePublished\":\"2026-03-20T09:01:00+00:00\",\"author\":{\"@id\":\"https:\/\/portaltela.pt\/#\/schema\/person\/c4278d4a6028830caff9ee44b42d32ed\"},\"breadcrumb\":{\"@id\":\"https:\/\/portaltela.pt\/noticias\/2026\/03\/20\/jovem-com-trissomia-21-enfrenta-preconceito-no-trabalho-desporto-e-vida-social\/#breadcrumb\"},\"inLanguage\":\"pt-PT\",\"potentialAction\":[{\"@type\":\"ReadAction\",\"target\":[\"https:\/\/portaltela.pt\/noticias\/2026\/03\/20\/jovem-com-trissomia-21-enfrenta-preconceito-no-trabalho-desporto-e-vida-social\/\"]}]},{\"@type\":\"ImageObject\",\"inLanguage\":\"pt-PT\",\"@id\":\"https:\/\/portaltela.pt\/noticias\/2026\/03\/20\/jovem-com-trissomia-21-enfrenta-preconceito-no-trabalho-desporto-e-vida-social\/#primaryimage\",\"url\":\"https:\/\/portaltela.pt\/s.01k8rhncp4jt1\/2026\/03\/image-1325.jpg\",\"contentUrl\":\"https:\/\/portaltela.pt\/s.01k8rhncp4jt1\/2026\/03\/image-1325.jpg\",\"width\":796,\"height\":448,\"caption\":\"Vice-campe\u00e3o do mundo de nata\u00e7\u00e3o, Francisco Montes trabalha numa pizaria na Foz do Douro\"},{\"@type\":\"BreadcrumbList\",\"@id\":\"https:\/\/portaltela.pt\/noticias\/2026\/03\/20\/jovem-com-trissomia-21-enfrenta-preconceito-no-trabalho-desporto-e-vida-social\/#breadcrumb\",\"itemListElement\":[{\"@type\":\"ListItem\",\"position\":1,\"name\":\"In\u00edcio\",\"item\":\"https:\/\/portaltela.pt\/\"},{\"@type\":\"ListItem\",\"position\":2,\"name\":\"Jovem com trissomia 21 enfrenta preconceito no trabalho, desporto e vida social\"}]},{\"@type\":\"WebSite\",\"@id\":\"https:\/\/portaltela.pt\/#website\",\"url\":\"https:\/\/portaltela.pt\/\",\"name\":\"Portal Tela Portugal\",\"description\":\"\",\"potentialAction\":[{\"@type\":\"SearchAction\",\"target\":{\"@type\":\"EntryPoint\",\"urlTemplate\":\"https:\/\/portaltela.pt\/?s={search_term_string}\"},\"query-input\":{\"@type\":\"PropertyValueSpecification\",\"valueRequired\":true,\"valueName\":\"search_term_string\"}}],\"inLanguage\":\"pt-PT\"},{\"@type\":\"Person\",\"@id\":\"https:\/\/portaltela.pt\/#\/schema\/person\/c4278d4a6028830caff9ee44b42d32ed\",\"name\":\"Telinha\",\"image\":{\"@type\":\"ImageObject\",\"inLanguage\":\"pt-PT\",\"@id\":\"https:\/\/portaltela.pt\/s.01k8rhncp4jt1\/2025\/11\/talking-bot-125x125.png\",\"url\":\"https:\/\/portaltela.pt\/s.01k8rhncp4jt1\/2025\/11\/talking-bot-125x125.png\",\"contentUrl\":\"https:\/\/portaltela.pt\/s.01k8rhncp4jt1\/2025\/11\/talking-bot-125x125.png\",\"caption\":\"Telinha\"},\"sameAs\":[\"https:\/\/portaltela.pt\/\"],\"url\":\"https:\/\/portaltela.pt\/por\/367410592786\/\"}]}<\/script>\n<!-- \/ Yoast SEO plugin. -->","yoast_head_json":{"title":"Jovem com trissomia 21 enfrenta preconceito no trabalho, desporto e vida social - Portal Tela Portugal","robots":{"index":"index","follow":"follow","max-snippet":"max-snippet:-1","max-image-preview":"max-image-preview:large","max-video-preview":"max-video-preview:-1"},"og_locale":"pt_PT","og_type":"article","og_title":"Jovem com trissomia 21 enfrenta preconceito no trabalho, desporto e vida social - Portal Tela Portugal","og_description":"Francisco Montes, 24 anos, jovem com trissomia 21 e vice-campe\u00e3o mundial de nata\u00e7\u00e3o, trabalha na pizzaria Peco, na Foz do Douro, Porto. No turno das 11 horas, organiza a garrafeira, lava pratos, prepara caixas e pizas, identificando vinhos pelo cheiro. Chegou ao Peco atrav\u00e9s de um Plano Individual de Transi\u00e7\u00e3o, do Agrupamento de Escolas Garcia de Orta; o est\u00e1gio evoluiu para contrato de trabalho. Consegue conciliar o emprego com a nata\u00e7\u00e3o de alta competi\u00e7\u00e3o, treinando quatro vezes por semana; a equipa destaca a proatividade e evolu\u00e7\u00e3o dele. O treinador aponta falta de enquadramento paral\u00edmpico para atletas com trissomia 21; Francisco tra\u00e7a como meta, para 2028, deixar a nata\u00e7\u00e3o, trabalhar em tempo inteiro e casar-se.","og_url":"https:\/\/portaltela.pt\/noticias\/2026\/03\/20\/jovem-com-trissomia-21-enfrenta-preconceito-no-trabalho-desporto-e-vida-social\/","og_site_name":"Portal Tela Portugal","article_published_time":"2026-03-20T09:01:00+00:00","author":"Telinha","twitter_card":"summary_large_image","twitter_misc":{"Escrito por":"Telinha","Tempo estimado de leitura":"2 minutos"},"schema":{"@context":"https:\/\/schema.org","@graph":[{"@type":"Article","@id":"https:\/\/portaltela.pt\/noticias\/2026\/03\/20\/jovem-com-trissomia-21-enfrenta-preconceito-no-trabalho-desporto-e-vida-social\/#article","isPartOf":{"@id":"https:\/\/portaltela.pt\/noticias\/2026\/03\/20\/jovem-com-trissomia-21-enfrenta-preconceito-no-trabalho-desporto-e-vida-social\/"},"author":{"name":"Telinha","@id":"https:\/\/portaltela.pt\/#\/schema\/person\/c4278d4a6028830caff9ee44b42d32ed"},"headline":"Jovem com trissomia 21 enfrenta preconceito no trabalho, desporto e vida social","datePublished":"2026-03-20T09:01:00+00:00","mainEntityOfPage":{"@id":"https:\/\/portaltela.pt\/noticias\/2026\/03\/20\/jovem-com-trissomia-21-enfrenta-preconceito-no-trabalho-desporto-e-vida-social\/"},"wordCount":430,"image":{"@id":"https:\/\/portaltela.pt\/noticias\/2026\/03\/20\/jovem-com-trissomia-21-enfrenta-preconceito-no-trabalho-desporto-e-vida-social\/#primaryimage"},"thumbnailUrl":"https:\/\/portaltela.pt\/s.01k8rhncp4jt1\/2026\/03\/image-1325.jpg","keywords":["desporto","Educa\u00e7\u00e3o Especial","nata\u00e7\u00e3o","pessoas com defici\u00eancia","Porto","trabalho"],"articleSection":["Desporto","Futebol"],"inLanguage":"pt-PT"},{"@type":"WebPage","@id":"https:\/\/portaltela.pt\/noticias\/2026\/03\/20\/jovem-com-trissomia-21-enfrenta-preconceito-no-trabalho-desporto-e-vida-social\/","url":"https:\/\/portaltela.pt\/noticias\/2026\/03\/20\/jovem-com-trissomia-21-enfrenta-preconceito-no-trabalho-desporto-e-vida-social\/","name":"Jovem com trissomia 21 enfrenta preconceito no trabalho, desporto e vida social - Portal Tela Portugal","isPartOf":{"@id":"https:\/\/portaltela.pt\/#website"},"primaryImageOfPage":{"@id":"https:\/\/portaltela.pt\/noticias\/2026\/03\/20\/jovem-com-trissomia-21-enfrenta-preconceito-no-trabalho-desporto-e-vida-social\/#primaryimage"},"image":{"@id":"https:\/\/portaltela.pt\/noticias\/2026\/03\/20\/jovem-com-trissomia-21-enfrenta-preconceito-no-trabalho-desporto-e-vida-social\/#primaryimage"},"thumbnailUrl":"https:\/\/portaltela.pt\/s.01k8rhncp4jt1\/2026\/03\/image-1325.jpg","datePublished":"2026-03-20T09:01:00+00:00","author":{"@id":"https:\/\/portaltela.pt\/#\/schema\/person\/c4278d4a6028830caff9ee44b42d32ed"},"breadcrumb":{"@id":"https:\/\/portaltela.pt\/noticias\/2026\/03\/20\/jovem-com-trissomia-21-enfrenta-preconceito-no-trabalho-desporto-e-vida-social\/#breadcrumb"},"inLanguage":"pt-PT","potentialAction":[{"@type":"ReadAction","target":["https:\/\/portaltela.pt\/noticias\/2026\/03\/20\/jovem-com-trissomia-21-enfrenta-preconceito-no-trabalho-desporto-e-vida-social\/"]}]},{"@type":"ImageObject","inLanguage":"pt-PT","@id":"https:\/\/portaltela.pt\/noticias\/2026\/03\/20\/jovem-com-trissomia-21-enfrenta-preconceito-no-trabalho-desporto-e-vida-social\/#primaryimage","url":"https:\/\/portaltela.pt\/s.01k8rhncp4jt1\/2026\/03\/image-1325.jpg","contentUrl":"https:\/\/portaltela.pt\/s.01k8rhncp4jt1\/2026\/03\/image-1325.jpg","width":796,"height":448,"caption":"Vice-campe\u00e3o do mundo de nata\u00e7\u00e3o, Francisco Montes trabalha numa pizaria na Foz do Douro"},{"@type":"BreadcrumbList","@id":"https:\/\/portaltela.pt\/noticias\/2026\/03\/20\/jovem-com-trissomia-21-enfrenta-preconceito-no-trabalho-desporto-e-vida-social\/#breadcrumb","itemListElement":[{"@type":"ListItem","position":1,"name":"In\u00edcio","item":"https:\/\/portaltela.pt\/"},{"@type":"ListItem","position":2,"name":"Jovem com trissomia 21 enfrenta preconceito no trabalho, desporto e vida social"}]},{"@type":"WebSite","@id":"https:\/\/portaltela.pt\/#website","url":"https:\/\/portaltela.pt\/","name":"Portal Tela Portugal","description":"","potentialAction":[{"@type":"SearchAction","target":{"@type":"EntryPoint","urlTemplate":"https:\/\/portaltela.pt\/?s={search_term_string}"},"query-input":{"@type":"PropertyValueSpecification","valueRequired":true,"valueName":"search_term_string"}}],"inLanguage":"pt-PT"},{"@type":"Person","@id":"https:\/\/portaltela.pt\/#\/schema\/person\/c4278d4a6028830caff9ee44b42d32ed","name":"Telinha","image":{"@type":"ImageObject","inLanguage":"pt-PT","@id":"https:\/\/portaltela.pt\/s.01k8rhncp4jt1\/2025\/11\/talking-bot-125x125.png","url":"https:\/\/portaltela.pt\/s.01k8rhncp4jt1\/2025\/11\/talking-bot-125x125.png","contentUrl":"https:\/\/portaltela.pt\/s.01k8rhncp4jt1\/2025\/11\/talking-bot-125x125.png","caption":"Telinha"},"sameAs":["https:\/\/portaltela.pt\/"],"url":"https:\/\/portaltela.pt\/por\/367410592786\/"}]}},"_links":{"self":[{"href":"https:\/\/portaltela.pt\/api\/wp\/v2\/posts\/417004","targetHints":{"allow":["GET"]}}],"collection":[{"href":"https:\/\/portaltela.pt\/api\/wp\/v2\/posts"}],"about":[{"href":"https:\/\/portaltela.pt\/api\/wp\/v2\/types\/post"}],"author":[{"embeddable":true,"href":"https:\/\/portaltela.pt\/api\/wp\/v2\/users\/2"}],"replies":[{"embeddable":true,"href":"https:\/\/portaltela.pt\/api\/wp\/v2\/comments?post=417004"}],"version-history":[{"count":0,"href":"https:\/\/portaltela.pt\/api\/wp\/v2\/posts\/417004\/revisions"}],"wp:featuredmedia":[{"embeddable":true,"href":"https:\/\/portaltela.pt\/api\/wp\/v2\/media\/417013"}],"wp:attachment":[{"href":"https:\/\/portaltela.pt\/api\/wp\/v2\/media?parent=417004"}],"wp:term":[{"taxonomy":"category","embeddable":true,"href":"https:\/\/portaltela.pt\/api\/wp\/v2\/categories?post=417004"},{"taxonomy":"post_tag","embeddable":true,"href":"https:\/\/portaltela.pt\/api\/wp\/v2\/tags?post=417004"}],"curies":[{"name":"wp","href":"https:\/\/api.w.org\/{rel}","templated":true}]}}