{"id":417001,"date":"2026-03-20T05:00:00","date_gmt":"2026-03-20T08:00:00","guid":{"rendered":"https:\/\/portaltela.pt\/noticias\/2026\/03\/20\/quercus-ofereceu-17-milhoes-de-arvores-em-15-anos\/"},"modified":"2026-03-20T05:00:00","modified_gmt":"2026-03-20T08:00:00","slug":"quercus-ofereceu-17-milhoes-de-arvores-em-15-anos","status":"publish","type":"post","link":"https:\/\/portaltela.pt\/meio-ambiente\/2026\/03\/20\/quercus-ofereceu-17-milhoes-de-arvores-em-15-anos\/","title":{"rendered":"Quercus ofereceu 1,7 milh\u00f5es de \u00e1rvores em 15 anos"},"content":{"rendered":"<p>A associa\u00e7\u00e3o ambientalista <strong>Quercus<\/strong> anunciou que, nos \u00faltimos 15 anos, ofereceu 1,7 milh\u00f5es de \u00e1rvores. A iniciativa insere-se no \u00e2mbito do projeto <strong>Floresta Comum<\/strong>, criado para promover refloresta\u00e7\u00e3o e mitiga\u00e7\u00e3o de impactos ambientais.<\/p>\n<p>A a\u00e7\u00e3o tem vindo a apoiar v\u00e1rias regi\u00f5es ao longo dos anos e, recentemente, passou a colaborar tamb\u00e9m com munic\u00edpios afetados por tempestades. O objetivo \u00e9 acelerar a recupera\u00e7\u00e3o de espa\u00e7os devastados e fortalecer resili\u00eancia local frente a fen\u00f3menos meteorol\u00f3gicos extremos.<\/p>\n<h3>Expans\u00e3o de atua\u00e7\u00e3o para territ\u00f3rios afetados<\/h3>\n<p>A organiza\u00e7\u00e3o detalha que o apoio ao licenciamento, \u00e0 planta\u00e7\u00e3o e ao acompanhamento de \u00e1rvores prossegue, com foco em \u00e1reas vulner\u00e1veis. A colabora\u00e7\u00e3o com autoridades locais visa facilitar a\u00e7\u00f5es de refloresta\u00e7\u00e3o integrada com outras medidas de recupera\u00e7\u00e3o.<\/p>\n<h3>Quem participa e em que moldes<\/h3>\n<p>Participam munic\u00edpios afetados pelas tempestades, bem como comunidades locais. A iniciativa mant\u00e9m o formato de apoio t\u00e9cnico e log\u00edstico da Quercus, sem descrever custos ou processos de candidatura de forma p\u00fablica.<\/p>\n","protected":false},"excerpt":{"rendered":"<ul>\n<li>A associa\u00e7\u00e3o ambientalista Quercus ofereceu nos \u00faltimos 15 anos 1,7 milh\u00f5es de \u00e1rvores atrav\u00e9s do Projeto Floresta Comum.<\/li>\n<li>A iniciativa visa promover reflorestamento e conserva\u00e7\u00e3o em territ\u00f3rios abrangidos pelo projeto.<\/li>\n<li>O projeto passa a apoiar tamb\u00e9m munic\u00edpios afetados pelas tempestades recentes.<\/li>\n<li>A atua\u00e7\u00e3o amplia o \u00e2mbito de atua\u00e7\u00e3o para al\u00e9m do plantio, incluindo ajuda aos len\u00e7\u00f3is urbanos e zonas vulner\u00e1veis.<\/li>\n<\/ul>\n","protected":false},"author":2,"featured_media":417007,"comment_status":"closed","ping_status":"closed","sticky":false,"template":"","format":"standard","meta":{"footnotes":""},"categories":[6725],"tags":[3100,167,7423,4576,45,6694],"class_list":["post-417001","post","type-post","status-publish","format-standard","has-post-thumbnail","hentry","category-meio-ambiente","tag-ambiental","tag-ambiente","tag-floresta","tag-florestal","tag-meio-ambiente","tag-reflorestacao"],"yoast_head":"<!-- This site is optimized with the Yoast SEO plugin v27.2 - https:\/\/yoast.com\/product\/yoast-seo-wordpress\/ -->\n<title>Quercus ofereceu 1,7 milh\u00f5es de \u00e1rvores em 15 anos - Portal Tela Portugal<\/title>\n<meta name=\"robots\" content=\"index, follow, max-snippet:-1, max-image-preview:large, max-video-preview:-1\" \/>\n<meta property=\"og:locale\" content=\"pt_PT\" \/>\n<meta property=\"og:type\" content=\"article\" \/>\n<meta property=\"og:title\" content=\"Quercus ofereceu 1,7 milh\u00f5es de \u00e1rvores em 15 anos - Portal Tela Portugal\" \/>\n<meta property=\"og:description\" content=\"A associa\u00e7\u00e3o ambientalista Quercus ofereceu nos \u00faltimos 15 anos 1,7 milh\u00f5es de \u00e1rvores atrav\u00e9s do Projeto Floresta Comum. A iniciativa visa promover reflorestamento e conserva\u00e7\u00e3o em territ\u00f3rios abrangidos pelo projeto. O projeto passa a apoiar tamb\u00e9m munic\u00edpios afetados pelas tempestades recentes. A atua\u00e7\u00e3o amplia o \u00e2mbito de atua\u00e7\u00e3o para al\u00e9m do plantio, incluindo ajuda aos len\u00e7\u00f3is urbanos e zonas vulner\u00e1veis.\" \/>\n<meta property=\"og:url\" content=\"https:\/\/portaltela.pt\/noticias\/2026\/03\/20\/quercus-ofereceu-17-milhoes-de-arvores-em-15-anos\/\" \/>\n<meta property=\"og:site_name\" content=\"Portal Tela Portugal\" \/>\n<meta property=\"article:published_time\" content=\"2026-03-20T08:00:00+00:00\" \/>\n<meta name=\"author\" content=\"Telinha\" \/>\n<meta name=\"twitter:card\" content=\"summary_large_image\" \/>\n<meta name=\"twitter:label1\" content=\"Escrito por\" \/>\n\t<meta name=\"twitter:data1\" content=\"Telinha\" \/>\n\t<meta name=\"twitter:label2\" content=\"Tempo estimado de leitura\" \/>\n\t<meta name=\"twitter:data2\" content=\"1 minuto\" \/>\n<script type=\"application\/ld+json\" class=\"yoast-schema-graph\">{\"@context\":\"https:\/\/schema.org\",\"@graph\":[{\"@type\":\"Article\",\"@id\":\"https:\/\/portaltela.pt\/noticias\/2026\/03\/20\/quercus-ofereceu-17-milhoes-de-arvores-em-15-anos\/#article\",\"isPartOf\":{\"@id\":\"https:\/\/portaltela.pt\/noticias\/2026\/03\/20\/quercus-ofereceu-17-milhoes-de-arvores-em-15-anos\/\"},\"author\":{\"name\":\"Telinha\",\"@id\":\"https:\/\/portaltela.pt\/#\/schema\/person\/c4278d4a6028830caff9ee44b42d32ed\"},\"headline\":\"Quercus ofereceu 1,7 milh\u00f5es de \u00e1rvores em 15 anos\",\"datePublished\":\"2026-03-20T08:00:00+00:00\",\"mainEntityOfPage\":{\"@id\":\"https:\/\/portaltela.pt\/noticias\/2026\/03\/20\/quercus-ofereceu-17-milhoes-de-arvores-em-15-anos\/\"},\"wordCount\":187,\"image\":{\"@id\":\"https:\/\/portaltela.pt\/noticias\/2026\/03\/20\/quercus-ofereceu-17-milhoes-de-arvores-em-15-anos\/#primaryimage\"},\"thumbnailUrl\":\"https:\/\/portaltela.pt\/s.01k8rhncp4jt1\/2026\/03\/CACHE_780X1200_ANALOG_WATERMARKED_21415718_2939716_06032019071522.jpg\",\"keywords\":[\"ambiental\",\"ambiente\",\"floresta\",\"florestal\",\"meio-ambiente\",\"refloresta\u00e7\u00e3o\"],\"articleSection\":[\"Meio Ambiente\"],\"inLanguage\":\"pt-PT\"},{\"@type\":\"WebPage\",\"@id\":\"https:\/\/portaltela.pt\/noticias\/2026\/03\/20\/quercus-ofereceu-17-milhoes-de-arvores-em-15-anos\/\",\"url\":\"https:\/\/portaltela.pt\/noticias\/2026\/03\/20\/quercus-ofereceu-17-milhoes-de-arvores-em-15-anos\/\",\"name\":\"Quercus ofereceu 1,7 milh\u00f5es de \u00e1rvores em 15 anos - Portal Tela Portugal\",\"isPartOf\":{\"@id\":\"https:\/\/portaltela.pt\/#website\"},\"primaryImageOfPage\":{\"@id\":\"https:\/\/portaltela.pt\/noticias\/2026\/03\/20\/quercus-ofereceu-17-milhoes-de-arvores-em-15-anos\/#primaryimage\"},\"image\":{\"@id\":\"https:\/\/portaltela.pt\/noticias\/2026\/03\/20\/quercus-ofereceu-17-milhoes-de-arvores-em-15-anos\/#primaryimage\"},\"thumbnailUrl\":\"https:\/\/portaltela.pt\/s.01k8rhncp4jt1\/2026\/03\/CACHE_780X1200_ANALOG_WATERMARKED_21415718_2939716_06032019071522.jpg\",\"datePublished\":\"2026-03-20T08:00:00+00:00\",\"author\":{\"@id\":\"https:\/\/portaltela.pt\/#\/schema\/person\/c4278d4a6028830caff9ee44b42d32ed\"},\"breadcrumb\":{\"@id\":\"https:\/\/portaltela.pt\/noticias\/2026\/03\/20\/quercus-ofereceu-17-milhoes-de-arvores-em-15-anos\/#breadcrumb\"},\"inLanguage\":\"pt-PT\",\"potentialAction\":[{\"@type\":\"ReadAction\",\"target\":[\"https:\/\/portaltela.pt\/noticias\/2026\/03\/20\/quercus-ofereceu-17-milhoes-de-arvores-em-15-anos\/\"]}]},{\"@type\":\"ImageObject\",\"inLanguage\":\"pt-PT\",\"@id\":\"https:\/\/portaltela.pt\/noticias\/2026\/03\/20\/quercus-ofereceu-17-milhoes-de-arvores-em-15-anos\/#primaryimage\",\"url\":\"https:\/\/portaltela.pt\/s.01k8rhncp4jt1\/2026\/03\/CACHE_780X1200_ANALOG_WATERMARKED_21415718_2939716_06032019071522.jpg\",\"contentUrl\":\"https:\/\/portaltela.pt\/s.01k8rhncp4jt1\/2026\/03\/CACHE_780X1200_ANALOG_WATERMARKED_21415718_2939716_06032019071522.jpg\",\"width\":796,\"height\":448,\"caption\":\"Associa\u00e7\u00e3o ambientalista Quercus ofereceu 1,7 milh\u00f5es de \u00e1rvores em 15 anos\"},{\"@type\":\"BreadcrumbList\",\"@id\":\"https:\/\/portaltela.pt\/noticias\/2026\/03\/20\/quercus-ofereceu-17-milhoes-de-arvores-em-15-anos\/#breadcrumb\",\"itemListElement\":[{\"@type\":\"ListItem\",\"position\":1,\"name\":\"In\u00edcio\",\"item\":\"https:\/\/portaltela.pt\/\"},{\"@type\":\"ListItem\",\"position\":2,\"name\":\"Quercus ofereceu 1,7 milh\u00f5es de \u00e1rvores em 15 anos\"}]},{\"@type\":\"WebSite\",\"@id\":\"https:\/\/portaltela.pt\/#website\",\"url\":\"https:\/\/portaltela.pt\/\",\"name\":\"Portal Tela Portugal\",\"description\":\"\",\"potentialAction\":[{\"@type\":\"SearchAction\",\"target\":{\"@type\":\"EntryPoint\",\"urlTemplate\":\"https:\/\/portaltela.pt\/?s={search_term_string}\"},\"query-input\":{\"@type\":\"PropertyValueSpecification\",\"valueRequired\":true,\"valueName\":\"search_term_string\"}}],\"inLanguage\":\"pt-PT\"},{\"@type\":\"Person\",\"@id\":\"https:\/\/portaltela.pt\/#\/schema\/person\/c4278d4a6028830caff9ee44b42d32ed\",\"name\":\"Telinha\",\"image\":{\"@type\":\"ImageObject\",\"inLanguage\":\"pt-PT\",\"@id\":\"https:\/\/portaltela.pt\/s.01k8rhncp4jt1\/2025\/11\/talking-bot-125x125.png\",\"url\":\"https:\/\/portaltela.pt\/s.01k8rhncp4jt1\/2025\/11\/talking-bot-125x125.png\",\"contentUrl\":\"https:\/\/portaltela.pt\/s.01k8rhncp4jt1\/2025\/11\/talking-bot-125x125.png\",\"caption\":\"Telinha\"},\"sameAs\":[\"https:\/\/portaltela.pt\/\"],\"url\":\"https:\/\/portaltela.pt\/por\/367410592786\/\"}]}<\/script>\n<!-- \/ Yoast SEO plugin. -->","yoast_head_json":{"title":"Quercus ofereceu 1,7 milh\u00f5es de \u00e1rvores em 15 anos - Portal Tela Portugal","robots":{"index":"index","follow":"follow","max-snippet":"max-snippet:-1","max-image-preview":"max-image-preview:large","max-video-preview":"max-video-preview:-1"},"og_locale":"pt_PT","og_type":"article","og_title":"Quercus ofereceu 1,7 milh\u00f5es de \u00e1rvores em 15 anos - Portal Tela Portugal","og_description":"A associa\u00e7\u00e3o ambientalista Quercus ofereceu nos \u00faltimos 15 anos 1,7 milh\u00f5es de \u00e1rvores atrav\u00e9s do Projeto Floresta Comum. A iniciativa visa promover reflorestamento e conserva\u00e7\u00e3o em territ\u00f3rios abrangidos pelo projeto. O projeto passa a apoiar tamb\u00e9m munic\u00edpios afetados pelas tempestades recentes. A atua\u00e7\u00e3o amplia o \u00e2mbito de atua\u00e7\u00e3o para al\u00e9m do plantio, incluindo ajuda aos len\u00e7\u00f3is urbanos e zonas vulner\u00e1veis.","og_url":"https:\/\/portaltela.pt\/noticias\/2026\/03\/20\/quercus-ofereceu-17-milhoes-de-arvores-em-15-anos\/","og_site_name":"Portal Tela Portugal","article_published_time":"2026-03-20T08:00:00+00:00","author":"Telinha","twitter_card":"summary_large_image","twitter_misc":{"Escrito por":"Telinha","Tempo estimado de leitura":"1 minuto"},"schema":{"@context":"https:\/\/schema.org","@graph":[{"@type":"Article","@id":"https:\/\/portaltela.pt\/noticias\/2026\/03\/20\/quercus-ofereceu-17-milhoes-de-arvores-em-15-anos\/#article","isPartOf":{"@id":"https:\/\/portaltela.pt\/noticias\/2026\/03\/20\/quercus-ofereceu-17-milhoes-de-arvores-em-15-anos\/"},"author":{"name":"Telinha","@id":"https:\/\/portaltela.pt\/#\/schema\/person\/c4278d4a6028830caff9ee44b42d32ed"},"headline":"Quercus ofereceu 1,7 milh\u00f5es de \u00e1rvores em 15 anos","datePublished":"2026-03-20T08:00:00+00:00","mainEntityOfPage":{"@id":"https:\/\/portaltela.pt\/noticias\/2026\/03\/20\/quercus-ofereceu-17-milhoes-de-arvores-em-15-anos\/"},"wordCount":187,"image":{"@id":"https:\/\/portaltela.pt\/noticias\/2026\/03\/20\/quercus-ofereceu-17-milhoes-de-arvores-em-15-anos\/#primaryimage"},"thumbnailUrl":"https:\/\/portaltela.pt\/s.01k8rhncp4jt1\/2026\/03\/CACHE_780X1200_ANALOG_WATERMARKED_21415718_2939716_06032019071522.jpg","keywords":["ambiental","ambiente","floresta","florestal","meio-ambiente","refloresta\u00e7\u00e3o"],"articleSection":["Meio Ambiente"],"inLanguage":"pt-PT"},{"@type":"WebPage","@id":"https:\/\/portaltela.pt\/noticias\/2026\/03\/20\/quercus-ofereceu-17-milhoes-de-arvores-em-15-anos\/","url":"https:\/\/portaltela.pt\/noticias\/2026\/03\/20\/quercus-ofereceu-17-milhoes-de-arvores-em-15-anos\/","name":"Quercus ofereceu 1,7 milh\u00f5es de \u00e1rvores em 15 anos - Portal Tela Portugal","isPartOf":{"@id":"https:\/\/portaltela.pt\/#website"},"primaryImageOfPage":{"@id":"https:\/\/portaltela.pt\/noticias\/2026\/03\/20\/quercus-ofereceu-17-milhoes-de-arvores-em-15-anos\/#primaryimage"},"image":{"@id":"https:\/\/portaltela.pt\/noticias\/2026\/03\/20\/quercus-ofereceu-17-milhoes-de-arvores-em-15-anos\/#primaryimage"},"thumbnailUrl":"https:\/\/portaltela.pt\/s.01k8rhncp4jt1\/2026\/03\/CACHE_780X1200_ANALOG_WATERMARKED_21415718_2939716_06032019071522.jpg","datePublished":"2026-03-20T08:00:00+00:00","author":{"@id":"https:\/\/portaltela.pt\/#\/schema\/person\/c4278d4a6028830caff9ee44b42d32ed"},"breadcrumb":{"@id":"https:\/\/portaltela.pt\/noticias\/2026\/03\/20\/quercus-ofereceu-17-milhoes-de-arvores-em-15-anos\/#breadcrumb"},"inLanguage":"pt-PT","potentialAction":[{"@type":"ReadAction","target":["https:\/\/portaltela.pt\/noticias\/2026\/03\/20\/quercus-ofereceu-17-milhoes-de-arvores-em-15-anos\/"]}]},{"@type":"ImageObject","inLanguage":"pt-PT","@id":"https:\/\/portaltela.pt\/noticias\/2026\/03\/20\/quercus-ofereceu-17-milhoes-de-arvores-em-15-anos\/#primaryimage","url":"https:\/\/portaltela.pt\/s.01k8rhncp4jt1\/2026\/03\/CACHE_780X1200_ANALOG_WATERMARKED_21415718_2939716_06032019071522.jpg","contentUrl":"https:\/\/portaltela.pt\/s.01k8rhncp4jt1\/2026\/03\/CACHE_780X1200_ANALOG_WATERMARKED_21415718_2939716_06032019071522.jpg","width":796,"height":448,"caption":"Associa\u00e7\u00e3o ambientalista Quercus ofereceu 1,7 milh\u00f5es de \u00e1rvores em 15 anos"},{"@type":"BreadcrumbList","@id":"https:\/\/portaltela.pt\/noticias\/2026\/03\/20\/quercus-ofereceu-17-milhoes-de-arvores-em-15-anos\/#breadcrumb","itemListElement":[{"@type":"ListItem","position":1,"name":"In\u00edcio","item":"https:\/\/portaltela.pt\/"},{"@type":"ListItem","position":2,"name":"Quercus ofereceu 1,7 milh\u00f5es de \u00e1rvores em 15 anos"}]},{"@type":"WebSite","@id":"https:\/\/portaltela.pt\/#website","url":"https:\/\/portaltela.pt\/","name":"Portal Tela Portugal","description":"","potentialAction":[{"@type":"SearchAction","target":{"@type":"EntryPoint","urlTemplate":"https:\/\/portaltela.pt\/?s={search_term_string}"},"query-input":{"@type":"PropertyValueSpecification","valueRequired":true,"valueName":"search_term_string"}}],"inLanguage":"pt-PT"},{"@type":"Person","@id":"https:\/\/portaltela.pt\/#\/schema\/person\/c4278d4a6028830caff9ee44b42d32ed","name":"Telinha","image":{"@type":"ImageObject","inLanguage":"pt-PT","@id":"https:\/\/portaltela.pt\/s.01k8rhncp4jt1\/2025\/11\/talking-bot-125x125.png","url":"https:\/\/portaltela.pt\/s.01k8rhncp4jt1\/2025\/11\/talking-bot-125x125.png","contentUrl":"https:\/\/portaltela.pt\/s.01k8rhncp4jt1\/2025\/11\/talking-bot-125x125.png","caption":"Telinha"},"sameAs":["https:\/\/portaltela.pt\/"],"url":"https:\/\/portaltela.pt\/por\/367410592786\/"}]}},"_links":{"self":[{"href":"https:\/\/portaltela.pt\/api\/wp\/v2\/posts\/417001","targetHints":{"allow":["GET"]}}],"collection":[{"href":"https:\/\/portaltela.pt\/api\/wp\/v2\/posts"}],"about":[{"href":"https:\/\/portaltela.pt\/api\/wp\/v2\/types\/post"}],"author":[{"embeddable":true,"href":"https:\/\/portaltela.pt\/api\/wp\/v2\/users\/2"}],"replies":[{"embeddable":true,"href":"https:\/\/portaltela.pt\/api\/wp\/v2\/comments?post=417001"}],"version-history":[{"count":0,"href":"https:\/\/portaltela.pt\/api\/wp\/v2\/posts\/417001\/revisions"}],"wp:featuredmedia":[{"embeddable":true,"href":"https:\/\/portaltela.pt\/api\/wp\/v2\/media\/417007"}],"wp:attachment":[{"href":"https:\/\/portaltela.pt\/api\/wp\/v2\/media?parent=417001"}],"wp:term":[{"taxonomy":"category","embeddable":true,"href":"https:\/\/portaltela.pt\/api\/wp\/v2\/categories?post=417001"},{"taxonomy":"post_tag","embeddable":true,"href":"https:\/\/portaltela.pt\/api\/wp\/v2\/tags?post=417001"}],"curies":[{"name":"wp","href":"https:\/\/api.w.org\/{rel}","templated":true}]}}