{"id":416993,"date":"2026-03-20T06:06:58","date_gmt":"2026-03-20T09:06:58","guid":{"rendered":"https:\/\/portaltela.pt\/noticias\/2026\/03\/20\/cafu-afirma-que-neymar-e-superior-a-messi-e-ronaldo\/"},"modified":"2026-03-20T06:06:58","modified_gmt":"2026-03-20T09:06:58","slug":"cafu-afirma-que-neymar-e-superior-a-messi-e-ronaldo","status":"publish","type":"post","link":"https:\/\/portaltela.pt\/desporto\/futebol\/2026\/03\/20\/cafu-afirma-que-neymar-e-superior-a-messi-e-ronaldo\/","title":{"rendered":"Cafu afirma que Neymar \u00e9 superior a Messi e Ronaldo"},"content":{"rendered":"<p>O ex-futebolista Cafu participou do podcast Podpah, gravado recentemente, onde falou sobre Neymar, a influ\u00eancia do jogador na sele\u00e7\u00e3o brasileira e a carreira do craque.<\/p>\n<p>Durante o epis\u00f3dio, Cafu proferiu uma opini\u00e3o que gerou debate: na sua perspetiva, Neymar \u00e9 superior a Messi e Ronaldo, segundo o nosso entendimento.<\/p>\n<p>A afirma\u00e7\u00e3o j\u00e1 suscitou reac\u00e7\u00f5es entre f\u00e3s e comentadores no Brasil e al\u00e9m, com pedidos de contextualiza\u00e7\u00e3o sobre o que fundamenta a compara\u00e7\u00e3o entre carreiras.<\/p>\n<p>O Podpah \u00e9 a plataforma onde a entrevista foi partilhada online, abordando ainda outros temas do percurso de Neymar e o impacto do jogador no panorama atual do futebol.<\/p>\n","protected":false},"excerpt":{"rendered":"<ul>\n<li>O ex-internacional brasileiro Cafu participou no podcast Podpah, onde comentou a influ\u00eancia de Neymar na sele\u00e7\u00e3o.<\/li>\n<li>Durante a conversa, Cafu abordou a carreira de Neymar e deixou uma afirma\u00e7\u00e3o que tem gerado debate.<\/li>\n<li>Cafu disse: \u201cNo meu ponto de vista, Neymar \u00e9 maior do que Messi e Cristiano Ronaldo\u201d.<\/li>\n<li>A declara\u00e7\u00e3o gerou discuss\u00e3o no Brasil e em outros pa\u00edses, segundo a publica\u00e7\u00e3o.<\/li>\n<li>O v\u00eddeo do Podpah com as declara\u00e7\u00f5es est\u00e1 dispon\u00edvel para audi\u00e7\u00e3o.<\/li>\n<\/ul>\n","protected":false},"author":2,"featured_media":417010,"comment_status":"closed","ping_status":"closed","sticky":false,"template":"","format":"standard","meta":{"footnotes":""},"categories":[21,24],"tags":[1947,32,242,3550,3552,2057],"class_list":["post-416993","post","type-post","status-publish","format-standard","has-post-thumbnail","hentry","category-desporto","category-futebol","tag-cristiano-ronaldo","tag-futebol","tag-jogadores","tag-messi","tag-neymar","tag-selecao-nacional"],"yoast_head":"<!-- This site is optimized with the Yoast SEO plugin v27.2 - https:\/\/yoast.com\/product\/yoast-seo-wordpress\/ -->\n<title>Cafu afirma que Neymar \u00e9 superior a Messi e Ronaldo - Portal Tela Portugal<\/title>\n<meta name=\"robots\" content=\"index, follow, max-snippet:-1, max-image-preview:large, max-video-preview:-1\" \/>\n<meta property=\"og:locale\" content=\"pt_PT\" \/>\n<meta property=\"og:type\" content=\"article\" \/>\n<meta property=\"og:title\" content=\"Cafu afirma que Neymar \u00e9 superior a Messi e Ronaldo - Portal Tela Portugal\" \/>\n<meta property=\"og:description\" content=\"O ex-internacional brasileiro Cafu participou no podcast Podpah, onde comentou a influ\u00eancia de Neymar na sele\u00e7\u00e3o. Durante a conversa, Cafu abordou a carreira de Neymar e deixou uma afirma\u00e7\u00e3o que tem gerado debate. Cafu disse: \u201cNo meu ponto de vista, Neymar \u00e9 maior do que Messi e Cristiano Ronaldo\u201d. A declara\u00e7\u00e3o gerou discuss\u00e3o no Brasil e em outros pa\u00edses, segundo a publica\u00e7\u00e3o. O v\u00eddeo do Podpah com as declara\u00e7\u00f5es est\u00e1 dispon\u00edvel para audi\u00e7\u00e3o.\" \/>\n<meta property=\"og:url\" content=\"https:\/\/portaltela.pt\/noticias\/2026\/03\/20\/cafu-afirma-que-neymar-e-superior-a-messi-e-ronaldo\/\" \/>\n<meta property=\"og:site_name\" content=\"Portal Tela Portugal\" \/>\n<meta property=\"article:published_time\" content=\"2026-03-20T09:06:58+00:00\" \/>\n<meta name=\"author\" content=\"Telinha\" \/>\n<meta name=\"twitter:card\" content=\"summary_large_image\" \/>\n<meta name=\"twitter:label1\" content=\"Escrito por\" \/>\n\t<meta name=\"twitter:data1\" content=\"Telinha\" \/>\n\t<meta name=\"twitter:label2\" content=\"Tempo estimado de leitura\" \/>\n\t<meta name=\"twitter:data2\" content=\"1 minuto\" \/>\n<script type=\"application\/ld+json\" class=\"yoast-schema-graph\">{\"@context\":\"https:\/\/schema.org\",\"@graph\":[{\"@type\":\"Article\",\"@id\":\"https:\/\/portaltela.pt\/noticias\/2026\/03\/20\/cafu-afirma-que-neymar-e-superior-a-messi-e-ronaldo\/#article\",\"isPartOf\":{\"@id\":\"https:\/\/portaltela.pt\/noticias\/2026\/03\/20\/cafu-afirma-que-neymar-e-superior-a-messi-e-ronaldo\/\"},\"author\":{\"name\":\"Telinha\",\"@id\":\"https:\/\/portaltela.pt\/#\/schema\/person\/c4278d4a6028830caff9ee44b42d32ed\"},\"headline\":\"Cafu afirma que Neymar \u00e9 superior a Messi e Ronaldo\",\"datePublished\":\"2026-03-20T09:06:58+00:00\",\"mainEntityOfPage\":{\"@id\":\"https:\/\/portaltela.pt\/noticias\/2026\/03\/20\/cafu-afirma-que-neymar-e-superior-a-messi-e-ronaldo\/\"},\"wordCount\":120,\"image\":{\"@id\":\"https:\/\/portaltela.pt\/noticias\/2026\/03\/20\/cafu-afirma-que-neymar-e-superior-a-messi-e-ronaldo\/#primaryimage\"},\"thumbnailUrl\":\"https:\/\/portaltela.pt\/s.01k8rhncp4jt1\/2026\/03\/img_1200x721uu2026-03-20-09-05-33-2428265.jpg\",\"keywords\":[\"Cristiano Ronaldo\",\"futebol\",\"jogadores\",\"Messi\",\"Neymar\",\"Sele\u00e7\u00e3o Nacional\"],\"articleSection\":[\"Desporto\",\"Futebol\"],\"inLanguage\":\"pt-PT\"},{\"@type\":\"WebPage\",\"@id\":\"https:\/\/portaltela.pt\/noticias\/2026\/03\/20\/cafu-afirma-que-neymar-e-superior-a-messi-e-ronaldo\/\",\"url\":\"https:\/\/portaltela.pt\/noticias\/2026\/03\/20\/cafu-afirma-que-neymar-e-superior-a-messi-e-ronaldo\/\",\"name\":\"Cafu afirma que Neymar \u00e9 superior a Messi e Ronaldo - Portal Tela Portugal\",\"isPartOf\":{\"@id\":\"https:\/\/portaltela.pt\/#website\"},\"primaryImageOfPage\":{\"@id\":\"https:\/\/portaltela.pt\/noticias\/2026\/03\/20\/cafu-afirma-que-neymar-e-superior-a-messi-e-ronaldo\/#primaryimage\"},\"image\":{\"@id\":\"https:\/\/portaltela.pt\/noticias\/2026\/03\/20\/cafu-afirma-que-neymar-e-superior-a-messi-e-ronaldo\/#primaryimage\"},\"thumbnailUrl\":\"https:\/\/portaltela.pt\/s.01k8rhncp4jt1\/2026\/03\/img_1200x721uu2026-03-20-09-05-33-2428265.jpg\",\"datePublished\":\"2026-03-20T09:06:58+00:00\",\"author\":{\"@id\":\"https:\/\/portaltela.pt\/#\/schema\/person\/c4278d4a6028830caff9ee44b42d32ed\"},\"breadcrumb\":{\"@id\":\"https:\/\/portaltela.pt\/noticias\/2026\/03\/20\/cafu-afirma-que-neymar-e-superior-a-messi-e-ronaldo\/#breadcrumb\"},\"inLanguage\":\"pt-PT\",\"potentialAction\":[{\"@type\":\"ReadAction\",\"target\":[\"https:\/\/portaltela.pt\/noticias\/2026\/03\/20\/cafu-afirma-que-neymar-e-superior-a-messi-e-ronaldo\/\"]}]},{\"@type\":\"ImageObject\",\"inLanguage\":\"pt-PT\",\"@id\":\"https:\/\/portaltela.pt\/noticias\/2026\/03\/20\/cafu-afirma-que-neymar-e-superior-a-messi-e-ronaldo\/#primaryimage\",\"url\":\"https:\/\/portaltela.pt\/s.01k8rhncp4jt1\/2026\/03\/img_1200x721uu2026-03-20-09-05-33-2428265.jpg\",\"contentUrl\":\"https:\/\/portaltela.pt\/s.01k8rhncp4jt1\/2026\/03\/img_1200x721uu2026-03-20-09-05-33-2428265.jpg\",\"width\":796,\"height\":448,\"caption\":\"A frase de Cafu que gera pol\u00e9mica: \u00abNo meu ponto de vista, Neymar \u00e9 maior do que Messi e Cristiano Ronaldo\u00bb\"},{\"@type\":\"BreadcrumbList\",\"@id\":\"https:\/\/portaltela.pt\/noticias\/2026\/03\/20\/cafu-afirma-que-neymar-e-superior-a-messi-e-ronaldo\/#breadcrumb\",\"itemListElement\":[{\"@type\":\"ListItem\",\"position\":1,\"name\":\"In\u00edcio\",\"item\":\"https:\/\/portaltela.pt\/\"},{\"@type\":\"ListItem\",\"position\":2,\"name\":\"Cafu afirma que Neymar \u00e9 superior a Messi e Ronaldo\"}]},{\"@type\":\"WebSite\",\"@id\":\"https:\/\/portaltela.pt\/#website\",\"url\":\"https:\/\/portaltela.pt\/\",\"name\":\"Portal Tela Portugal\",\"description\":\"\",\"potentialAction\":[{\"@type\":\"SearchAction\",\"target\":{\"@type\":\"EntryPoint\",\"urlTemplate\":\"https:\/\/portaltela.pt\/?s={search_term_string}\"},\"query-input\":{\"@type\":\"PropertyValueSpecification\",\"valueRequired\":true,\"valueName\":\"search_term_string\"}}],\"inLanguage\":\"pt-PT\"},{\"@type\":\"Person\",\"@id\":\"https:\/\/portaltela.pt\/#\/schema\/person\/c4278d4a6028830caff9ee44b42d32ed\",\"name\":\"Telinha\",\"image\":{\"@type\":\"ImageObject\",\"inLanguage\":\"pt-PT\",\"@id\":\"https:\/\/portaltela.pt\/s.01k8rhncp4jt1\/2025\/11\/talking-bot-125x125.png\",\"url\":\"https:\/\/portaltela.pt\/s.01k8rhncp4jt1\/2025\/11\/talking-bot-125x125.png\",\"contentUrl\":\"https:\/\/portaltela.pt\/s.01k8rhncp4jt1\/2025\/11\/talking-bot-125x125.png\",\"caption\":\"Telinha\"},\"sameAs\":[\"https:\/\/portaltela.pt\/\"],\"url\":\"https:\/\/portaltela.pt\/por\/367410592786\/\"}]}<\/script>\n<!-- \/ Yoast SEO plugin. -->","yoast_head_json":{"title":"Cafu afirma que Neymar \u00e9 superior a Messi e Ronaldo - Portal Tela Portugal","robots":{"index":"index","follow":"follow","max-snippet":"max-snippet:-1","max-image-preview":"max-image-preview:large","max-video-preview":"max-video-preview:-1"},"og_locale":"pt_PT","og_type":"article","og_title":"Cafu afirma que Neymar \u00e9 superior a Messi e Ronaldo - Portal Tela Portugal","og_description":"O ex-internacional brasileiro Cafu participou no podcast Podpah, onde comentou a influ\u00eancia de Neymar na sele\u00e7\u00e3o. Durante a conversa, Cafu abordou a carreira de Neymar e deixou uma afirma\u00e7\u00e3o que tem gerado debate. Cafu disse: \u201cNo meu ponto de vista, Neymar \u00e9 maior do que Messi e Cristiano Ronaldo\u201d. A declara\u00e7\u00e3o gerou discuss\u00e3o no Brasil e em outros pa\u00edses, segundo a publica\u00e7\u00e3o. O v\u00eddeo do Podpah com as declara\u00e7\u00f5es est\u00e1 dispon\u00edvel para audi\u00e7\u00e3o.","og_url":"https:\/\/portaltela.pt\/noticias\/2026\/03\/20\/cafu-afirma-que-neymar-e-superior-a-messi-e-ronaldo\/","og_site_name":"Portal Tela Portugal","article_published_time":"2026-03-20T09:06:58+00:00","author":"Telinha","twitter_card":"summary_large_image","twitter_misc":{"Escrito por":"Telinha","Tempo estimado de leitura":"1 minuto"},"schema":{"@context":"https:\/\/schema.org","@graph":[{"@type":"Article","@id":"https:\/\/portaltela.pt\/noticias\/2026\/03\/20\/cafu-afirma-que-neymar-e-superior-a-messi-e-ronaldo\/#article","isPartOf":{"@id":"https:\/\/portaltela.pt\/noticias\/2026\/03\/20\/cafu-afirma-que-neymar-e-superior-a-messi-e-ronaldo\/"},"author":{"name":"Telinha","@id":"https:\/\/portaltela.pt\/#\/schema\/person\/c4278d4a6028830caff9ee44b42d32ed"},"headline":"Cafu afirma que Neymar \u00e9 superior a Messi e Ronaldo","datePublished":"2026-03-20T09:06:58+00:00","mainEntityOfPage":{"@id":"https:\/\/portaltela.pt\/noticias\/2026\/03\/20\/cafu-afirma-que-neymar-e-superior-a-messi-e-ronaldo\/"},"wordCount":120,"image":{"@id":"https:\/\/portaltela.pt\/noticias\/2026\/03\/20\/cafu-afirma-que-neymar-e-superior-a-messi-e-ronaldo\/#primaryimage"},"thumbnailUrl":"https:\/\/portaltela.pt\/s.01k8rhncp4jt1\/2026\/03\/img_1200x721uu2026-03-20-09-05-33-2428265.jpg","keywords":["Cristiano Ronaldo","futebol","jogadores","Messi","Neymar","Sele\u00e7\u00e3o Nacional"],"articleSection":["Desporto","Futebol"],"inLanguage":"pt-PT"},{"@type":"WebPage","@id":"https:\/\/portaltela.pt\/noticias\/2026\/03\/20\/cafu-afirma-que-neymar-e-superior-a-messi-e-ronaldo\/","url":"https:\/\/portaltela.pt\/noticias\/2026\/03\/20\/cafu-afirma-que-neymar-e-superior-a-messi-e-ronaldo\/","name":"Cafu afirma que Neymar \u00e9 superior a Messi e Ronaldo - Portal Tela Portugal","isPartOf":{"@id":"https:\/\/portaltela.pt\/#website"},"primaryImageOfPage":{"@id":"https:\/\/portaltela.pt\/noticias\/2026\/03\/20\/cafu-afirma-que-neymar-e-superior-a-messi-e-ronaldo\/#primaryimage"},"image":{"@id":"https:\/\/portaltela.pt\/noticias\/2026\/03\/20\/cafu-afirma-que-neymar-e-superior-a-messi-e-ronaldo\/#primaryimage"},"thumbnailUrl":"https:\/\/portaltela.pt\/s.01k8rhncp4jt1\/2026\/03\/img_1200x721uu2026-03-20-09-05-33-2428265.jpg","datePublished":"2026-03-20T09:06:58+00:00","author":{"@id":"https:\/\/portaltela.pt\/#\/schema\/person\/c4278d4a6028830caff9ee44b42d32ed"},"breadcrumb":{"@id":"https:\/\/portaltela.pt\/noticias\/2026\/03\/20\/cafu-afirma-que-neymar-e-superior-a-messi-e-ronaldo\/#breadcrumb"},"inLanguage":"pt-PT","potentialAction":[{"@type":"ReadAction","target":["https:\/\/portaltela.pt\/noticias\/2026\/03\/20\/cafu-afirma-que-neymar-e-superior-a-messi-e-ronaldo\/"]}]},{"@type":"ImageObject","inLanguage":"pt-PT","@id":"https:\/\/portaltela.pt\/noticias\/2026\/03\/20\/cafu-afirma-que-neymar-e-superior-a-messi-e-ronaldo\/#primaryimage","url":"https:\/\/portaltela.pt\/s.01k8rhncp4jt1\/2026\/03\/img_1200x721uu2026-03-20-09-05-33-2428265.jpg","contentUrl":"https:\/\/portaltela.pt\/s.01k8rhncp4jt1\/2026\/03\/img_1200x721uu2026-03-20-09-05-33-2428265.jpg","width":796,"height":448,"caption":"A frase de Cafu que gera pol\u00e9mica: \u00abNo meu ponto de vista, Neymar \u00e9 maior do que Messi e Cristiano Ronaldo\u00bb"},{"@type":"BreadcrumbList","@id":"https:\/\/portaltela.pt\/noticias\/2026\/03\/20\/cafu-afirma-que-neymar-e-superior-a-messi-e-ronaldo\/#breadcrumb","itemListElement":[{"@type":"ListItem","position":1,"name":"In\u00edcio","item":"https:\/\/portaltela.pt\/"},{"@type":"ListItem","position":2,"name":"Cafu afirma que Neymar \u00e9 superior a Messi e Ronaldo"}]},{"@type":"WebSite","@id":"https:\/\/portaltela.pt\/#website","url":"https:\/\/portaltela.pt\/","name":"Portal Tela Portugal","description":"","potentialAction":[{"@type":"SearchAction","target":{"@type":"EntryPoint","urlTemplate":"https:\/\/portaltela.pt\/?s={search_term_string}"},"query-input":{"@type":"PropertyValueSpecification","valueRequired":true,"valueName":"search_term_string"}}],"inLanguage":"pt-PT"},{"@type":"Person","@id":"https:\/\/portaltela.pt\/#\/schema\/person\/c4278d4a6028830caff9ee44b42d32ed","name":"Telinha","image":{"@type":"ImageObject","inLanguage":"pt-PT","@id":"https:\/\/portaltela.pt\/s.01k8rhncp4jt1\/2025\/11\/talking-bot-125x125.png","url":"https:\/\/portaltela.pt\/s.01k8rhncp4jt1\/2025\/11\/talking-bot-125x125.png","contentUrl":"https:\/\/portaltela.pt\/s.01k8rhncp4jt1\/2025\/11\/talking-bot-125x125.png","caption":"Telinha"},"sameAs":["https:\/\/portaltela.pt\/"],"url":"https:\/\/portaltela.pt\/por\/367410592786\/"}]}},"_links":{"self":[{"href":"https:\/\/portaltela.pt\/api\/wp\/v2\/posts\/416993","targetHints":{"allow":["GET"]}}],"collection":[{"href":"https:\/\/portaltela.pt\/api\/wp\/v2\/posts"}],"about":[{"href":"https:\/\/portaltela.pt\/api\/wp\/v2\/types\/post"}],"author":[{"embeddable":true,"href":"https:\/\/portaltela.pt\/api\/wp\/v2\/users\/2"}],"replies":[{"embeddable":true,"href":"https:\/\/portaltela.pt\/api\/wp\/v2\/comments?post=416993"}],"version-history":[{"count":0,"href":"https:\/\/portaltela.pt\/api\/wp\/v2\/posts\/416993\/revisions"}],"wp:featuredmedia":[{"embeddable":true,"href":"https:\/\/portaltela.pt\/api\/wp\/v2\/media\/417010"}],"wp:attachment":[{"href":"https:\/\/portaltela.pt\/api\/wp\/v2\/media?parent=416993"}],"wp:term":[{"taxonomy":"category","embeddable":true,"href":"https:\/\/portaltela.pt\/api\/wp\/v2\/categories?post=416993"},{"taxonomy":"post_tag","embeddable":true,"href":"https:\/\/portaltela.pt\/api\/wp\/v2\/tags?post=416993"}],"curies":[{"name":"wp","href":"https:\/\/api.w.org\/{rel}","templated":true}]}}