{"id":416987,"date":"2026-03-20T05:46:00","date_gmt":"2026-03-20T08:46:00","guid":{"rendered":"https:\/\/portaltela.pt\/noticias\/2026\/03\/20\/professores-entregam-milhares-de-postais-na-residencia-do-primeiro-ministro\/"},"modified":"2026-03-20T05:46:00","modified_gmt":"2026-03-20T08:46:00","slug":"professores-entregam-milhares-de-postais-na-residencia-do-primeiro-ministro","status":"publish","type":"post","link":"https:\/\/portaltela.pt\/sociedade\/2026\/03\/20\/professores-entregam-milhares-de-postais-na-residencia-do-primeiro-ministro\/","title":{"rendered":"Professores entregam milhares de postais na resid\u00eancia do primeiro-ministro"},"content":{"rendered":"<p>Professores entregaram milhares de postais na resid\u00eancia oficial do primeiro-ministro, em Lisboa, ap\u00f3s percorrerem cerca de 300 metros a p\u00e9, em cord\u00e3o humano, partindo do Jardim da Estrela. A a\u00e7\u00e3o come\u00e7ou com o objetivo de chamar aten\u00e7\u00e3o para a valoriza\u00e7\u00e3o da carreira docente.<\/p>\n<p>A Fenprof sublinha que o agravamento das dificuldades de recrutamento, o envelhecimento da profiss\u00e3o e a degrada\u00e7\u00e3o das condi\u00e7\u00f5es de trabalho exigem medidas estruturais. A federa\u00e7\u00e3o destaca a necessidade de debate pol\u00edtico para tornar a profiss\u00e3o atrativa e garantir o futuro da escola p\u00fablica.<\/p>\n<p>Os postais recolhidos entre 19 de fevereiro e 4 de mar\u00e7o integram a caravana nacional da Fenprof, com o mote Somos Professores. Durante duas semanas, a organiza\u00e7\u00e3o visitou escolas por todo o pa\u00eds para discutir os principais problemas do sector.<\/p>\n<h3>Contexto<\/h3>\n<p>Nos documentos entregues hoje, os docentes solicitam medidas concretas para valorizar a carreira docente e refor\u00e7ar o investimento na escola p\u00fablica. A Fenprof afirma que estas a\u00e7\u00f5es s\u00e3o centrais para enfrentar a falta de professores em institui\u00e7\u00f5es p\u00fablicas.<\/p>\n","protected":false},"excerpt":{"rendered":"<ul>\n<li>Professores v\u00e3o caminhar cerca de trezentos metros a p\u00e9, em cord\u00e3o humano, do Jardim da Estrela at\u00e9 \u00e0 resid\u00eancia oficial do primeiro-ministro, em Lisboa.<\/li>\n<li>Fenprof recolheu milhares de postais entre 19 de fevereiro e 4 de mar\u00e7o, no \u00e2mbito de uma caravana nacional.<\/li>\n<li>A caravana tem o lema &#8220;Somos Professores. Damos rosto ao futuro! Exigimos valoriza\u00e7\u00e3o, j\u00e1!&#8221;.<\/li>\n<li>A federa\u00e7\u00e3o aponta agravamento de recrutamento e fixa\u00e7\u00e3o de docentes, envelhecimento da profiss\u00e3o e degrada\u00e7\u00e3o de condi\u00e7\u00f5es de trabalho como raz\u00f5es para debater medidas estruturais.<\/li>\n<li>Nos postais entregue hoje, os docentes solicitam ao primeiro-ministro medidas concretas de valoriza\u00e7\u00e3o da carreira e de refor\u00e7o do investimento na escola p\u00fablica.<\/li>\n<\/ul>\n","protected":false},"author":2,"featured_media":416989,"comment_status":"closed","ping_status":"closed","sticky":false,"template":"","format":"standard","meta":{"footnotes":""},"categories":[1,6871],"tags":[235,163,2443,981,2832,97],"class_list":["post-416987","post","type-post","status-publish","format-standard","has-post-thumbnail","hentry","category-noticias","category-sociedade","tag-carreira","tag-educacao","tag-educacao-publica","tag-lisboa","tag-politica","tag-professores"],"yoast_head":"<!-- This site is optimized with the Yoast SEO plugin v27.2 - https:\/\/yoast.com\/product\/yoast-seo-wordpress\/ -->\n<title>Professores entregam milhares de postais na resid\u00eancia do primeiro-ministro - Portal Tela Portugal<\/title>\n<meta name=\"robots\" content=\"index, follow, max-snippet:-1, max-image-preview:large, max-video-preview:-1\" \/>\n<meta property=\"og:locale\" content=\"pt_PT\" \/>\n<meta property=\"og:type\" content=\"article\" \/>\n<meta property=\"og:title\" content=\"Professores entregam milhares de postais na resid\u00eancia do primeiro-ministro - Portal Tela Portugal\" \/>\n<meta property=\"og:description\" content=\"Professores v\u00e3o caminhar cerca de trezentos metros a p\u00e9, em cord\u00e3o humano, do Jardim da Estrela at\u00e9 \u00e0 resid\u00eancia oficial do primeiro-ministro, em Lisboa. Fenprof recolheu milhares de postais entre 19 de fevereiro e 4 de mar\u00e7o, no \u00e2mbito de uma caravana nacional. A caravana tem o lema &quot;Somos Professores. Damos rosto ao futuro! Exigimos valoriza\u00e7\u00e3o, j\u00e1!&quot;. A federa\u00e7\u00e3o aponta agravamento de recrutamento e fixa\u00e7\u00e3o de docentes, envelhecimento da profiss\u00e3o e degrada\u00e7\u00e3o de condi\u00e7\u00f5es de trabalho como raz\u00f5es para debater medidas estruturais. Nos postais entregue hoje, os docentes solicitam ao primeiro-ministro medidas concretas de valoriza\u00e7\u00e3o da carreira e de refor\u00e7o do investimento na escola p\u00fablica.\" \/>\n<meta property=\"og:url\" content=\"https:\/\/portaltela.pt\/noticias\/2026\/03\/20\/professores-entregam-milhares-de-postais-na-residencia-do-primeiro-ministro\/\" \/>\n<meta property=\"og:site_name\" content=\"Portal Tela Portugal\" \/>\n<meta property=\"article:published_time\" content=\"2026-03-20T08:46:00+00:00\" \/>\n<meta name=\"author\" content=\"Telinha\" \/>\n<meta name=\"twitter:card\" content=\"summary_large_image\" \/>\n<meta name=\"twitter:label1\" content=\"Escrito por\" \/>\n\t<meta name=\"twitter:data1\" content=\"Telinha\" \/>\n\t<meta name=\"twitter:label2\" content=\"Tempo estimado de leitura\" \/>\n\t<meta name=\"twitter:data2\" content=\"1 minuto\" \/>\n<script type=\"application\/ld+json\" class=\"yoast-schema-graph\">{\"@context\":\"https:\/\/schema.org\",\"@graph\":[{\"@type\":\"Article\",\"@id\":\"https:\/\/portaltela.pt\/noticias\/2026\/03\/20\/professores-entregam-milhares-de-postais-na-residencia-do-primeiro-ministro\/#article\",\"isPartOf\":{\"@id\":\"https:\/\/portaltela.pt\/noticias\/2026\/03\/20\/professores-entregam-milhares-de-postais-na-residencia-do-primeiro-ministro\/\"},\"author\":{\"name\":\"Telinha\",\"@id\":\"https:\/\/portaltela.pt\/#\/schema\/person\/c4278d4a6028830caff9ee44b42d32ed\"},\"headline\":\"Professores entregam milhares de postais na resid\u00eancia do primeiro-ministro\",\"datePublished\":\"2026-03-20T08:46:00+00:00\",\"mainEntityOfPage\":{\"@id\":\"https:\/\/portaltela.pt\/noticias\/2026\/03\/20\/professores-entregam-milhares-de-postais-na-residencia-do-primeiro-ministro\/\"},\"wordCount\":196,\"image\":{\"@id\":\"https:\/\/portaltela.pt\/noticias\/2026\/03\/20\/professores-entregam-milhares-de-postais-na-residencia-do-primeiro-ministro\/#primaryimage\"},\"thumbnailUrl\":\"https:\/\/portaltela.pt\/s.01k8rhncp4jt1\/2026\/03\/image-1322.jpg\",\"keywords\":[\"Carreira\",\"educa\u00e7\u00e3o\",\"educa\u00e7\u00e3o p\u00fablica\",\"Lisboa\",\"pol\u00edtica\",\"professores\"],\"articleSection\":[\"Not\u00edcias\",\"Sociedade\"],\"inLanguage\":\"pt-PT\"},{\"@type\":\"WebPage\",\"@id\":\"https:\/\/portaltela.pt\/noticias\/2026\/03\/20\/professores-entregam-milhares-de-postais-na-residencia-do-primeiro-ministro\/\",\"url\":\"https:\/\/portaltela.pt\/noticias\/2026\/03\/20\/professores-entregam-milhares-de-postais-na-residencia-do-primeiro-ministro\/\",\"name\":\"Professores entregam milhares de postais na resid\u00eancia do primeiro-ministro - Portal Tela Portugal\",\"isPartOf\":{\"@id\":\"https:\/\/portaltela.pt\/#website\"},\"primaryImageOfPage\":{\"@id\":\"https:\/\/portaltela.pt\/noticias\/2026\/03\/20\/professores-entregam-milhares-de-postais-na-residencia-do-primeiro-ministro\/#primaryimage\"},\"image\":{\"@id\":\"https:\/\/portaltela.pt\/noticias\/2026\/03\/20\/professores-entregam-milhares-de-postais-na-residencia-do-primeiro-ministro\/#primaryimage\"},\"thumbnailUrl\":\"https:\/\/portaltela.pt\/s.01k8rhncp4jt1\/2026\/03\/image-1322.jpg\",\"datePublished\":\"2026-03-20T08:46:00+00:00\",\"author\":{\"@id\":\"https:\/\/portaltela.pt\/#\/schema\/person\/c4278d4a6028830caff9ee44b42d32ed\"},\"breadcrumb\":{\"@id\":\"https:\/\/portaltela.pt\/noticias\/2026\/03\/20\/professores-entregam-milhares-de-postais-na-residencia-do-primeiro-ministro\/#breadcrumb\"},\"inLanguage\":\"pt-PT\",\"potentialAction\":[{\"@type\":\"ReadAction\",\"target\":[\"https:\/\/portaltela.pt\/noticias\/2026\/03\/20\/professores-entregam-milhares-de-postais-na-residencia-do-primeiro-ministro\/\"]}]},{\"@type\":\"ImageObject\",\"inLanguage\":\"pt-PT\",\"@id\":\"https:\/\/portaltela.pt\/noticias\/2026\/03\/20\/professores-entregam-milhares-de-postais-na-residencia-do-primeiro-ministro\/#primaryimage\",\"url\":\"https:\/\/portaltela.pt\/s.01k8rhncp4jt1\/2026\/03\/image-1322.jpg\",\"contentUrl\":\"https:\/\/portaltela.pt\/s.01k8rhncp4jt1\/2026\/03\/image-1322.jpg\",\"width\":796,\"height\":448,\"caption\":\"Professores exigem a valoriza\u00e7\u00e3o da carreira\"},{\"@type\":\"BreadcrumbList\",\"@id\":\"https:\/\/portaltela.pt\/noticias\/2026\/03\/20\/professores-entregam-milhares-de-postais-na-residencia-do-primeiro-ministro\/#breadcrumb\",\"itemListElement\":[{\"@type\":\"ListItem\",\"position\":1,\"name\":\"In\u00edcio\",\"item\":\"https:\/\/portaltela.pt\/\"},{\"@type\":\"ListItem\",\"position\":2,\"name\":\"Professores entregam milhares de postais na resid\u00eancia do primeiro-ministro\"}]},{\"@type\":\"WebSite\",\"@id\":\"https:\/\/portaltela.pt\/#website\",\"url\":\"https:\/\/portaltela.pt\/\",\"name\":\"Portal Tela Portugal\",\"description\":\"\",\"potentialAction\":[{\"@type\":\"SearchAction\",\"target\":{\"@type\":\"EntryPoint\",\"urlTemplate\":\"https:\/\/portaltela.pt\/?s={search_term_string}\"},\"query-input\":{\"@type\":\"PropertyValueSpecification\",\"valueRequired\":true,\"valueName\":\"search_term_string\"}}],\"inLanguage\":\"pt-PT\"},{\"@type\":\"Person\",\"@id\":\"https:\/\/portaltela.pt\/#\/schema\/person\/c4278d4a6028830caff9ee44b42d32ed\",\"name\":\"Telinha\",\"image\":{\"@type\":\"ImageObject\",\"inLanguage\":\"pt-PT\",\"@id\":\"https:\/\/portaltela.pt\/s.01k8rhncp4jt1\/2025\/11\/talking-bot-125x125.png\",\"url\":\"https:\/\/portaltela.pt\/s.01k8rhncp4jt1\/2025\/11\/talking-bot-125x125.png\",\"contentUrl\":\"https:\/\/portaltela.pt\/s.01k8rhncp4jt1\/2025\/11\/talking-bot-125x125.png\",\"caption\":\"Telinha\"},\"sameAs\":[\"https:\/\/portaltela.pt\/\"],\"url\":\"https:\/\/portaltela.pt\/por\/367410592786\/\"}]}<\/script>\n<!-- \/ Yoast SEO plugin. -->","yoast_head_json":{"title":"Professores entregam milhares de postais na resid\u00eancia do primeiro-ministro - Portal Tela Portugal","robots":{"index":"index","follow":"follow","max-snippet":"max-snippet:-1","max-image-preview":"max-image-preview:large","max-video-preview":"max-video-preview:-1"},"og_locale":"pt_PT","og_type":"article","og_title":"Professores entregam milhares de postais na resid\u00eancia do primeiro-ministro - Portal Tela Portugal","og_description":"Professores v\u00e3o caminhar cerca de trezentos metros a p\u00e9, em cord\u00e3o humano, do Jardim da Estrela at\u00e9 \u00e0 resid\u00eancia oficial do primeiro-ministro, em Lisboa. Fenprof recolheu milhares de postais entre 19 de fevereiro e 4 de mar\u00e7o, no \u00e2mbito de uma caravana nacional. A caravana tem o lema \"Somos Professores. Damos rosto ao futuro! Exigimos valoriza\u00e7\u00e3o, j\u00e1!\". A federa\u00e7\u00e3o aponta agravamento de recrutamento e fixa\u00e7\u00e3o de docentes, envelhecimento da profiss\u00e3o e degrada\u00e7\u00e3o de condi\u00e7\u00f5es de trabalho como raz\u00f5es para debater medidas estruturais. Nos postais entregue hoje, os docentes solicitam ao primeiro-ministro medidas concretas de valoriza\u00e7\u00e3o da carreira e de refor\u00e7o do investimento na escola p\u00fablica.","og_url":"https:\/\/portaltela.pt\/noticias\/2026\/03\/20\/professores-entregam-milhares-de-postais-na-residencia-do-primeiro-ministro\/","og_site_name":"Portal Tela Portugal","article_published_time":"2026-03-20T08:46:00+00:00","author":"Telinha","twitter_card":"summary_large_image","twitter_misc":{"Escrito por":"Telinha","Tempo estimado de leitura":"1 minuto"},"schema":{"@context":"https:\/\/schema.org","@graph":[{"@type":"Article","@id":"https:\/\/portaltela.pt\/noticias\/2026\/03\/20\/professores-entregam-milhares-de-postais-na-residencia-do-primeiro-ministro\/#article","isPartOf":{"@id":"https:\/\/portaltela.pt\/noticias\/2026\/03\/20\/professores-entregam-milhares-de-postais-na-residencia-do-primeiro-ministro\/"},"author":{"name":"Telinha","@id":"https:\/\/portaltela.pt\/#\/schema\/person\/c4278d4a6028830caff9ee44b42d32ed"},"headline":"Professores entregam milhares de postais na resid\u00eancia do primeiro-ministro","datePublished":"2026-03-20T08:46:00+00:00","mainEntityOfPage":{"@id":"https:\/\/portaltela.pt\/noticias\/2026\/03\/20\/professores-entregam-milhares-de-postais-na-residencia-do-primeiro-ministro\/"},"wordCount":196,"image":{"@id":"https:\/\/portaltela.pt\/noticias\/2026\/03\/20\/professores-entregam-milhares-de-postais-na-residencia-do-primeiro-ministro\/#primaryimage"},"thumbnailUrl":"https:\/\/portaltela.pt\/s.01k8rhncp4jt1\/2026\/03\/image-1322.jpg","keywords":["Carreira","educa\u00e7\u00e3o","educa\u00e7\u00e3o p\u00fablica","Lisboa","pol\u00edtica","professores"],"articleSection":["Not\u00edcias","Sociedade"],"inLanguage":"pt-PT"},{"@type":"WebPage","@id":"https:\/\/portaltela.pt\/noticias\/2026\/03\/20\/professores-entregam-milhares-de-postais-na-residencia-do-primeiro-ministro\/","url":"https:\/\/portaltela.pt\/noticias\/2026\/03\/20\/professores-entregam-milhares-de-postais-na-residencia-do-primeiro-ministro\/","name":"Professores entregam milhares de postais na resid\u00eancia do primeiro-ministro - Portal Tela Portugal","isPartOf":{"@id":"https:\/\/portaltela.pt\/#website"},"primaryImageOfPage":{"@id":"https:\/\/portaltela.pt\/noticias\/2026\/03\/20\/professores-entregam-milhares-de-postais-na-residencia-do-primeiro-ministro\/#primaryimage"},"image":{"@id":"https:\/\/portaltela.pt\/noticias\/2026\/03\/20\/professores-entregam-milhares-de-postais-na-residencia-do-primeiro-ministro\/#primaryimage"},"thumbnailUrl":"https:\/\/portaltela.pt\/s.01k8rhncp4jt1\/2026\/03\/image-1322.jpg","datePublished":"2026-03-20T08:46:00+00:00","author":{"@id":"https:\/\/portaltela.pt\/#\/schema\/person\/c4278d4a6028830caff9ee44b42d32ed"},"breadcrumb":{"@id":"https:\/\/portaltela.pt\/noticias\/2026\/03\/20\/professores-entregam-milhares-de-postais-na-residencia-do-primeiro-ministro\/#breadcrumb"},"inLanguage":"pt-PT","potentialAction":[{"@type":"ReadAction","target":["https:\/\/portaltela.pt\/noticias\/2026\/03\/20\/professores-entregam-milhares-de-postais-na-residencia-do-primeiro-ministro\/"]}]},{"@type":"ImageObject","inLanguage":"pt-PT","@id":"https:\/\/portaltela.pt\/noticias\/2026\/03\/20\/professores-entregam-milhares-de-postais-na-residencia-do-primeiro-ministro\/#primaryimage","url":"https:\/\/portaltela.pt\/s.01k8rhncp4jt1\/2026\/03\/image-1322.jpg","contentUrl":"https:\/\/portaltela.pt\/s.01k8rhncp4jt1\/2026\/03\/image-1322.jpg","width":796,"height":448,"caption":"Professores exigem a valoriza\u00e7\u00e3o da carreira"},{"@type":"BreadcrumbList","@id":"https:\/\/portaltela.pt\/noticias\/2026\/03\/20\/professores-entregam-milhares-de-postais-na-residencia-do-primeiro-ministro\/#breadcrumb","itemListElement":[{"@type":"ListItem","position":1,"name":"In\u00edcio","item":"https:\/\/portaltela.pt\/"},{"@type":"ListItem","position":2,"name":"Professores entregam milhares de postais na resid\u00eancia do primeiro-ministro"}]},{"@type":"WebSite","@id":"https:\/\/portaltela.pt\/#website","url":"https:\/\/portaltela.pt\/","name":"Portal Tela Portugal","description":"","potentialAction":[{"@type":"SearchAction","target":{"@type":"EntryPoint","urlTemplate":"https:\/\/portaltela.pt\/?s={search_term_string}"},"query-input":{"@type":"PropertyValueSpecification","valueRequired":true,"valueName":"search_term_string"}}],"inLanguage":"pt-PT"},{"@type":"Person","@id":"https:\/\/portaltela.pt\/#\/schema\/person\/c4278d4a6028830caff9ee44b42d32ed","name":"Telinha","image":{"@type":"ImageObject","inLanguage":"pt-PT","@id":"https:\/\/portaltela.pt\/s.01k8rhncp4jt1\/2025\/11\/talking-bot-125x125.png","url":"https:\/\/portaltela.pt\/s.01k8rhncp4jt1\/2025\/11\/talking-bot-125x125.png","contentUrl":"https:\/\/portaltela.pt\/s.01k8rhncp4jt1\/2025\/11\/talking-bot-125x125.png","caption":"Telinha"},"sameAs":["https:\/\/portaltela.pt\/"],"url":"https:\/\/portaltela.pt\/por\/367410592786\/"}]}},"_links":{"self":[{"href":"https:\/\/portaltela.pt\/api\/wp\/v2\/posts\/416987","targetHints":{"allow":["GET"]}}],"collection":[{"href":"https:\/\/portaltela.pt\/api\/wp\/v2\/posts"}],"about":[{"href":"https:\/\/portaltela.pt\/api\/wp\/v2\/types\/post"}],"author":[{"embeddable":true,"href":"https:\/\/portaltela.pt\/api\/wp\/v2\/users\/2"}],"replies":[{"embeddable":true,"href":"https:\/\/portaltela.pt\/api\/wp\/v2\/comments?post=416987"}],"version-history":[{"count":0,"href":"https:\/\/portaltela.pt\/api\/wp\/v2\/posts\/416987\/revisions"}],"wp:featuredmedia":[{"embeddable":true,"href":"https:\/\/portaltela.pt\/api\/wp\/v2\/media\/416989"}],"wp:attachment":[{"href":"https:\/\/portaltela.pt\/api\/wp\/v2\/media?parent=416987"}],"wp:term":[{"taxonomy":"category","embeddable":true,"href":"https:\/\/portaltela.pt\/api\/wp\/v2\/categories?post=416987"},{"taxonomy":"post_tag","embeddable":true,"href":"https:\/\/portaltela.pt\/api\/wp\/v2\/tags?post=416987"}],"curies":[{"name":"wp","href":"https:\/\/api.w.org\/{rel}","templated":true}]}}