{"id":416980,"date":"2026-03-20T05:36:37","date_gmt":"2026-03-20T08:36:37","guid":{"rendered":"https:\/\/portaltela.pt\/noticias\/2026\/03\/20\/associacao-zero-aponta-falta-de-estrategia-para-fixar-jovens-agricultores\/"},"modified":"2026-03-20T05:36:37","modified_gmt":"2026-03-20T08:36:37","slug":"associacao-zero-aponta-falta-de-estrategia-para-fixar-jovens-agricultores","status":"publish","type":"post","link":"https:\/\/portaltela.pt\/meio-ambiente\/2026\/03\/20\/associacao-zero-aponta-falta-de-estrategia-para-fixar-jovens-agricultores\/","title":{"rendered":"Associa\u00e7\u00e3o Zero aponta falta de estrat\u00e9gia para fixar jovens agricultores"},"content":{"rendered":"<p>A associa\u00e7\u00e3o ambientalista Zero alertou, esta sexta-feira, para a falta de uma estrat\u00e9gia de fixa\u00e7\u00e3o de jovens agricultores. O aviso surge a prop\u00f3sito do Dia Internacional das Florestas, que se celebra este s\u00e1bado, e aponta para um ritmo de sa\u00edda da atividade supostamente alarmante. A organiza\u00e7\u00e3o sustenta que sem incentivos p\u00fablicos persiste um mosaico agroflorestal vulner\u00e1vel a inc\u00eandios.<\/p>\n<p>Zero afirma que o pa\u00eds permanece sem uma estrat\u00e9gia que mobilize jovens para reativar a gest\u00e3o de \u00e1reas agroflorestais abandonadas. O objetivo seria tamb\u00e9m manter um servi\u00e7o ambiental contratado e evitar ficar sem pessoas at\u00e9 ao fim da d\u00e9cada. O Dia Internacional das Florestas visa sublinhar o papel econ\u00f3mico e social das florestas.<\/p>\n<h3>Desafios na fixa\u00e7\u00e3o de jovens agricultores<\/h3>\n<p>A Zero real\u00e7a que, no \u00e2mbito da prote\u00e7\u00e3o da floresta contra inc\u00eandios, h\u00e1 uma portaria de pastoreio intensivo com 22,5 milh\u00f5es de euros, mas que exige um n\u00famero m\u00ednimo de cabe\u00e7as de gado. Observa ainda que um ter\u00e7o das freguesias vulner\u00e1veis fica exclu\u00eddo do apoio.<\/p>\n<p>Dados do estudo indicam que, em muitas freguesias, o pastoreio \u00e9 residual ou inexistente. Em 5,6% das freguesias n\u00e3o existem animais e em 30% existem menos animais do que o suficiente para reduzir a carga de combust\u00edvel. O programa concentra-se, assim, nos produtores que j\u00e1 resistem nos territ\u00f3rios de risco.<\/p>\n<h3>Impacto e perspetivas<\/h3>\n<p>Entre 2020 e 2023, os pagamentos aos agricultores das 1.279 freguesias vulner\u00e1veis aumentaram 285 milh\u00f5es de euros (+22%), mas a gest\u00e3o ativa do territ\u00f3rio tem vindo a diminuir, segundo a Zero. Em tr\u00eas anos, cerca de 800 mil hectares de \u00e1reas agr\u00edcolas declaradas desapareceram.<\/p>\n<p>Em 2020 havia 14 agricultores seniores para cada jovem ativo nas freguesias vulner\u00e1veis. Em 2023 esse r\u00e1cio subiu para 19 seniores por cada jovem. A Zero prop\u00f5e novas formas de apoio para atrair jovens para a produ\u00e7\u00e3o pecu\u00e1ria intensiva nesses territ\u00f3rios.<\/p>\n<h3>Contexto e contexto institucional<\/h3>\n<p>O setor florestal gera milh\u00f5es de empregos e envolve produtos que estimulam a economia global. Al\u00e9m disso, as florestas fornecem \u00e1gua pot\u00e1vel, regulam o clima, protegem solos e ajudam na captura de carbono, complementando setores como energia, ecoturismo e sa\u00fade.<\/p>\n<p>O Dia Internacional das Florestas coincide com o Dia Mundial da \u00c1rvore. Em Portugal, a data celebra-se num momento em que a Primavera inicia-se nesta sexta-feira.<\/p>\n","protected":false},"excerpt":{"rendered":"<ul>\n<li>A associa\u00e7\u00e3o Zero alerta para a falta de uma estrat\u00e9gia de fixa\u00e7\u00e3o de jovens agricultores, o que pode levar a um abandono r\u00e1pido e comprometer a paisagem agroflorestal resistente a inc\u00eandios.<\/li>\n<li>No Dia Internacional das Florestas, a Zero refor\u00e7a que a aus\u00eancia de incentivos p\u00fablicos pode comprometer o mosaico agroflorestal e a gest\u00e3o do territ\u00f3rio.<\/li>\n<li>A portaria de pastoreio intensivo, de 22,5 milh\u00f5es de euros, exige um n\u00famero m\u00ednimo de cabe\u00e7as de gado; um ter\u00e7o das freguesias vulner\u00e1veis fica exclu\u00eddo do apoio.<\/li>\n<li>Dados oficiais indicam que, entre 2020 e 2023, foram acrescentados 285 milh\u00f5es de euros nos pagamentos aos agricultores nessas freguesias, mas a gest\u00e3o ativa do territ\u00f3rio est\u00e1 a desaparecer e j\u00e1 desapareceram cerca de 800 mil hectares de \u00e1reas agr\u00edcolas declaradas.<\/li>\n<li>A Zero prop\u00f5e apoiar a pecu\u00e1ria intensiva em territ\u00f3rios vulner\u00e1veis e fixar os \u00faltimos 2.542 pastores jovens; em 2020 existiam quatorze agricultores seniores por cada jovem, e em 2023 eram de dezoito por cada jovem.<\/li>\n<\/ul>\n","protected":false},"author":2,"featured_media":416981,"comment_status":"closed","ping_status":"closed","sticky":false,"template":"","format":"standard","meta":{"footnotes":""},"categories":[6725],"tags":[4914,6201,6813,28,4576,251],"class_list":["post-416980","post","type-post","status-publish","format-standard","has-post-thumbnail","hentry","category-meio-ambiente","tag-a-agricultura","tag-a-floresta","tag-desenvolvimento-rural","tag-economia","tag-florestal","tag-juventude"],"yoast_head":"<!-- This site is optimized with the Yoast SEO plugin v27.2 - https:\/\/yoast.com\/product\/yoast-seo-wordpress\/ -->\n<title>Associa\u00e7\u00e3o Zero aponta falta de estrat\u00e9gia para fixar jovens agricultores - Portal Tela Portugal<\/title>\n<meta name=\"robots\" content=\"index, follow, max-snippet:-1, max-image-preview:large, max-video-preview:-1\" \/>\n<meta property=\"og:locale\" content=\"pt_PT\" \/>\n<meta property=\"og:type\" content=\"article\" \/>\n<meta property=\"og:title\" content=\"Associa\u00e7\u00e3o Zero aponta falta de estrat\u00e9gia para fixar jovens agricultores - Portal Tela Portugal\" \/>\n<meta property=\"og:description\" content=\"A associa\u00e7\u00e3o Zero alerta para a falta de uma estrat\u00e9gia de fixa\u00e7\u00e3o de jovens agricultores, o que pode levar a um abandono r\u00e1pido e comprometer a paisagem agroflorestal resistente a inc\u00eandios. No Dia Internacional das Florestas, a Zero refor\u00e7a que a aus\u00eancia de incentivos p\u00fablicos pode comprometer o mosaico agroflorestal e a gest\u00e3o do territ\u00f3rio. A portaria de pastoreio intensivo, de 22,5 milh\u00f5es de euros, exige um n\u00famero m\u00ednimo de cabe\u00e7as de gado; um ter\u00e7o das freguesias vulner\u00e1veis fica exclu\u00eddo do apoio. Dados oficiais indicam que, entre 2020 e 2023, foram acrescentados 285 milh\u00f5es de euros nos pagamentos aos agricultores nessas freguesias, mas a gest\u00e3o ativa do territ\u00f3rio est\u00e1 a desaparecer e j\u00e1 desapareceram cerca de 800 mil hectares de \u00e1reas agr\u00edcolas declaradas. A Zero prop\u00f5e apoiar a pecu\u00e1ria intensiva em territ\u00f3rios vulner\u00e1veis e fixar os \u00faltimos 2.542 pastores jovens; em 2020 existiam quatorze agricultores seniores por cada jovem, e em 2023 eram de dezoito por cada jovem.\" \/>\n<meta property=\"og:url\" content=\"https:\/\/portaltela.pt\/noticias\/2026\/03\/20\/associacao-zero-aponta-falta-de-estrategia-para-fixar-jovens-agricultores\/\" \/>\n<meta property=\"og:site_name\" content=\"Portal Tela Portugal\" \/>\n<meta property=\"article:published_time\" content=\"2026-03-20T08:36:37+00:00\" \/>\n<meta name=\"author\" content=\"Telinha\" \/>\n<meta name=\"twitter:card\" content=\"summary_large_image\" \/>\n<meta name=\"twitter:label1\" content=\"Escrito por\" \/>\n\t<meta name=\"twitter:data1\" content=\"Telinha\" \/>\n\t<meta name=\"twitter:label2\" content=\"Tempo estimado de leitura\" \/>\n\t<meta name=\"twitter:data2\" content=\"2 minutos\" \/>\n<script type=\"application\/ld+json\" class=\"yoast-schema-graph\">{\"@context\":\"https:\/\/schema.org\",\"@graph\":[{\"@type\":\"Article\",\"@id\":\"https:\/\/portaltela.pt\/noticias\/2026\/03\/20\/associacao-zero-aponta-falta-de-estrategia-para-fixar-jovens-agricultores\/#article\",\"isPartOf\":{\"@id\":\"https:\/\/portaltela.pt\/noticias\/2026\/03\/20\/associacao-zero-aponta-falta-de-estrategia-para-fixar-jovens-agricultores\/\"},\"author\":{\"name\":\"Telinha\",\"@id\":\"https:\/\/portaltela.pt\/#\/schema\/person\/c4278d4a6028830caff9ee44b42d32ed\"},\"headline\":\"Associa\u00e7\u00e3o Zero aponta falta de estrat\u00e9gia para fixar jovens agricultores\",\"datePublished\":\"2026-03-20T08:36:37+00:00\",\"mainEntityOfPage\":{\"@id\":\"https:\/\/portaltela.pt\/noticias\/2026\/03\/20\/associacao-zero-aponta-falta-de-estrategia-para-fixar-jovens-agricultores\/\"},\"wordCount\":415,\"image\":{\"@id\":\"https:\/\/portaltela.pt\/noticias\/2026\/03\/20\/associacao-zero-aponta-falta-de-estrategia-para-fixar-jovens-agricultores\/#primaryimage\"},\"thumbnailUrl\":\"https:\/\/portaltela.pt\/s.01k8rhncp4jt1\/2026\/03\/img_1500x1000uu2024-02-02-10-42-47-1559828.jpg\",\"keywords\":[\"A agricultura\",\"a floresta\",\"desenvolvimento rural\",\"economia\",\"florestal\",\"juventude\"],\"articleSection\":[\"Meio Ambiente\"],\"inLanguage\":\"pt-PT\"},{\"@type\":\"WebPage\",\"@id\":\"https:\/\/portaltela.pt\/noticias\/2026\/03\/20\/associacao-zero-aponta-falta-de-estrategia-para-fixar-jovens-agricultores\/\",\"url\":\"https:\/\/portaltela.pt\/noticias\/2026\/03\/20\/associacao-zero-aponta-falta-de-estrategia-para-fixar-jovens-agricultores\/\",\"name\":\"Associa\u00e7\u00e3o Zero aponta falta de estrat\u00e9gia para fixar jovens agricultores - Portal Tela Portugal\",\"isPartOf\":{\"@id\":\"https:\/\/portaltela.pt\/#website\"},\"primaryImageOfPage\":{\"@id\":\"https:\/\/portaltela.pt\/noticias\/2026\/03\/20\/associacao-zero-aponta-falta-de-estrategia-para-fixar-jovens-agricultores\/#primaryimage\"},\"image\":{\"@id\":\"https:\/\/portaltela.pt\/noticias\/2026\/03\/20\/associacao-zero-aponta-falta-de-estrategia-para-fixar-jovens-agricultores\/#primaryimage\"},\"thumbnailUrl\":\"https:\/\/portaltela.pt\/s.01k8rhncp4jt1\/2026\/03\/img_1500x1000uu2024-02-02-10-42-47-1559828.jpg\",\"datePublished\":\"2026-03-20T08:36:37+00:00\",\"author\":{\"@id\":\"https:\/\/portaltela.pt\/#\/schema\/person\/c4278d4a6028830caff9ee44b42d32ed\"},\"breadcrumb\":{\"@id\":\"https:\/\/portaltela.pt\/noticias\/2026\/03\/20\/associacao-zero-aponta-falta-de-estrategia-para-fixar-jovens-agricultores\/#breadcrumb\"},\"inLanguage\":\"pt-PT\",\"potentialAction\":[{\"@type\":\"ReadAction\",\"target\":[\"https:\/\/portaltela.pt\/noticias\/2026\/03\/20\/associacao-zero-aponta-falta-de-estrategia-para-fixar-jovens-agricultores\/\"]}]},{\"@type\":\"ImageObject\",\"inLanguage\":\"pt-PT\",\"@id\":\"https:\/\/portaltela.pt\/noticias\/2026\/03\/20\/associacao-zero-aponta-falta-de-estrategia-para-fixar-jovens-agricultores\/#primaryimage\",\"url\":\"https:\/\/portaltela.pt\/s.01k8rhncp4jt1\/2026\/03\/img_1500x1000uu2024-02-02-10-42-47-1559828.jpg\",\"contentUrl\":\"https:\/\/portaltela.pt\/s.01k8rhncp4jt1\/2026\/03\/img_1500x1000uu2024-02-02-10-42-47-1559828.jpg\",\"width\":1500,\"height\":1000,\"caption\":\"Agricultores\"},{\"@type\":\"BreadcrumbList\",\"@id\":\"https:\/\/portaltela.pt\/noticias\/2026\/03\/20\/associacao-zero-aponta-falta-de-estrategia-para-fixar-jovens-agricultores\/#breadcrumb\",\"itemListElement\":[{\"@type\":\"ListItem\",\"position\":1,\"name\":\"In\u00edcio\",\"item\":\"https:\/\/portaltela.pt\/\"},{\"@type\":\"ListItem\",\"position\":2,\"name\":\"Associa\u00e7\u00e3o Zero aponta falta de estrat\u00e9gia para fixar jovens agricultores\"}]},{\"@type\":\"WebSite\",\"@id\":\"https:\/\/portaltela.pt\/#website\",\"url\":\"https:\/\/portaltela.pt\/\",\"name\":\"Portal Tela Portugal\",\"description\":\"\",\"potentialAction\":[{\"@type\":\"SearchAction\",\"target\":{\"@type\":\"EntryPoint\",\"urlTemplate\":\"https:\/\/portaltela.pt\/?s={search_term_string}\"},\"query-input\":{\"@type\":\"PropertyValueSpecification\",\"valueRequired\":true,\"valueName\":\"search_term_string\"}}],\"inLanguage\":\"pt-PT\"},{\"@type\":\"Person\",\"@id\":\"https:\/\/portaltela.pt\/#\/schema\/person\/c4278d4a6028830caff9ee44b42d32ed\",\"name\":\"Telinha\",\"image\":{\"@type\":\"ImageObject\",\"inLanguage\":\"pt-PT\",\"@id\":\"https:\/\/portaltela.pt\/s.01k8rhncp4jt1\/2025\/11\/talking-bot-125x125.png\",\"url\":\"https:\/\/portaltela.pt\/s.01k8rhncp4jt1\/2025\/11\/talking-bot-125x125.png\",\"contentUrl\":\"https:\/\/portaltela.pt\/s.01k8rhncp4jt1\/2025\/11\/talking-bot-125x125.png\",\"caption\":\"Telinha\"},\"sameAs\":[\"https:\/\/portaltela.pt\/\"],\"url\":\"https:\/\/portaltela.pt\/por\/367410592786\/\"}]}<\/script>\n<!-- \/ Yoast SEO plugin. -->","yoast_head_json":{"title":"Associa\u00e7\u00e3o Zero aponta falta de estrat\u00e9gia para fixar jovens agricultores - Portal Tela Portugal","robots":{"index":"index","follow":"follow","max-snippet":"max-snippet:-1","max-image-preview":"max-image-preview:large","max-video-preview":"max-video-preview:-1"},"og_locale":"pt_PT","og_type":"article","og_title":"Associa\u00e7\u00e3o Zero aponta falta de estrat\u00e9gia para fixar jovens agricultores - Portal Tela Portugal","og_description":"A associa\u00e7\u00e3o Zero alerta para a falta de uma estrat\u00e9gia de fixa\u00e7\u00e3o de jovens agricultores, o que pode levar a um abandono r\u00e1pido e comprometer a paisagem agroflorestal resistente a inc\u00eandios. No Dia Internacional das Florestas, a Zero refor\u00e7a que a aus\u00eancia de incentivos p\u00fablicos pode comprometer o mosaico agroflorestal e a gest\u00e3o do territ\u00f3rio. A portaria de pastoreio intensivo, de 22,5 milh\u00f5es de euros, exige um n\u00famero m\u00ednimo de cabe\u00e7as de gado; um ter\u00e7o das freguesias vulner\u00e1veis fica exclu\u00eddo do apoio. Dados oficiais indicam que, entre 2020 e 2023, foram acrescentados 285 milh\u00f5es de euros nos pagamentos aos agricultores nessas freguesias, mas a gest\u00e3o ativa do territ\u00f3rio est\u00e1 a desaparecer e j\u00e1 desapareceram cerca de 800 mil hectares de \u00e1reas agr\u00edcolas declaradas. A Zero prop\u00f5e apoiar a pecu\u00e1ria intensiva em territ\u00f3rios vulner\u00e1veis e fixar os \u00faltimos 2.542 pastores jovens; em 2020 existiam quatorze agricultores seniores por cada jovem, e em 2023 eram de dezoito por cada jovem.","og_url":"https:\/\/portaltela.pt\/noticias\/2026\/03\/20\/associacao-zero-aponta-falta-de-estrategia-para-fixar-jovens-agricultores\/","og_site_name":"Portal Tela Portugal","article_published_time":"2026-03-20T08:36:37+00:00","author":"Telinha","twitter_card":"summary_large_image","twitter_misc":{"Escrito por":"Telinha","Tempo estimado de leitura":"2 minutos"},"schema":{"@context":"https:\/\/schema.org","@graph":[{"@type":"Article","@id":"https:\/\/portaltela.pt\/noticias\/2026\/03\/20\/associacao-zero-aponta-falta-de-estrategia-para-fixar-jovens-agricultores\/#article","isPartOf":{"@id":"https:\/\/portaltela.pt\/noticias\/2026\/03\/20\/associacao-zero-aponta-falta-de-estrategia-para-fixar-jovens-agricultores\/"},"author":{"name":"Telinha","@id":"https:\/\/portaltela.pt\/#\/schema\/person\/c4278d4a6028830caff9ee44b42d32ed"},"headline":"Associa\u00e7\u00e3o Zero aponta falta de estrat\u00e9gia para fixar jovens agricultores","datePublished":"2026-03-20T08:36:37+00:00","mainEntityOfPage":{"@id":"https:\/\/portaltela.pt\/noticias\/2026\/03\/20\/associacao-zero-aponta-falta-de-estrategia-para-fixar-jovens-agricultores\/"},"wordCount":415,"image":{"@id":"https:\/\/portaltela.pt\/noticias\/2026\/03\/20\/associacao-zero-aponta-falta-de-estrategia-para-fixar-jovens-agricultores\/#primaryimage"},"thumbnailUrl":"https:\/\/portaltela.pt\/s.01k8rhncp4jt1\/2026\/03\/img_1500x1000uu2024-02-02-10-42-47-1559828.jpg","keywords":["A agricultura","a floresta","desenvolvimento rural","economia","florestal","juventude"],"articleSection":["Meio Ambiente"],"inLanguage":"pt-PT"},{"@type":"WebPage","@id":"https:\/\/portaltela.pt\/noticias\/2026\/03\/20\/associacao-zero-aponta-falta-de-estrategia-para-fixar-jovens-agricultores\/","url":"https:\/\/portaltela.pt\/noticias\/2026\/03\/20\/associacao-zero-aponta-falta-de-estrategia-para-fixar-jovens-agricultores\/","name":"Associa\u00e7\u00e3o Zero aponta falta de estrat\u00e9gia para fixar jovens agricultores - Portal Tela Portugal","isPartOf":{"@id":"https:\/\/portaltela.pt\/#website"},"primaryImageOfPage":{"@id":"https:\/\/portaltela.pt\/noticias\/2026\/03\/20\/associacao-zero-aponta-falta-de-estrategia-para-fixar-jovens-agricultores\/#primaryimage"},"image":{"@id":"https:\/\/portaltela.pt\/noticias\/2026\/03\/20\/associacao-zero-aponta-falta-de-estrategia-para-fixar-jovens-agricultores\/#primaryimage"},"thumbnailUrl":"https:\/\/portaltela.pt\/s.01k8rhncp4jt1\/2026\/03\/img_1500x1000uu2024-02-02-10-42-47-1559828.jpg","datePublished":"2026-03-20T08:36:37+00:00","author":{"@id":"https:\/\/portaltela.pt\/#\/schema\/person\/c4278d4a6028830caff9ee44b42d32ed"},"breadcrumb":{"@id":"https:\/\/portaltela.pt\/noticias\/2026\/03\/20\/associacao-zero-aponta-falta-de-estrategia-para-fixar-jovens-agricultores\/#breadcrumb"},"inLanguage":"pt-PT","potentialAction":[{"@type":"ReadAction","target":["https:\/\/portaltela.pt\/noticias\/2026\/03\/20\/associacao-zero-aponta-falta-de-estrategia-para-fixar-jovens-agricultores\/"]}]},{"@type":"ImageObject","inLanguage":"pt-PT","@id":"https:\/\/portaltela.pt\/noticias\/2026\/03\/20\/associacao-zero-aponta-falta-de-estrategia-para-fixar-jovens-agricultores\/#primaryimage","url":"https:\/\/portaltela.pt\/s.01k8rhncp4jt1\/2026\/03\/img_1500x1000uu2024-02-02-10-42-47-1559828.jpg","contentUrl":"https:\/\/portaltela.pt\/s.01k8rhncp4jt1\/2026\/03\/img_1500x1000uu2024-02-02-10-42-47-1559828.jpg","width":1500,"height":1000,"caption":"Agricultores"},{"@type":"BreadcrumbList","@id":"https:\/\/portaltela.pt\/noticias\/2026\/03\/20\/associacao-zero-aponta-falta-de-estrategia-para-fixar-jovens-agricultores\/#breadcrumb","itemListElement":[{"@type":"ListItem","position":1,"name":"In\u00edcio","item":"https:\/\/portaltela.pt\/"},{"@type":"ListItem","position":2,"name":"Associa\u00e7\u00e3o Zero aponta falta de estrat\u00e9gia para fixar jovens agricultores"}]},{"@type":"WebSite","@id":"https:\/\/portaltela.pt\/#website","url":"https:\/\/portaltela.pt\/","name":"Portal Tela Portugal","description":"","potentialAction":[{"@type":"SearchAction","target":{"@type":"EntryPoint","urlTemplate":"https:\/\/portaltela.pt\/?s={search_term_string}"},"query-input":{"@type":"PropertyValueSpecification","valueRequired":true,"valueName":"search_term_string"}}],"inLanguage":"pt-PT"},{"@type":"Person","@id":"https:\/\/portaltela.pt\/#\/schema\/person\/c4278d4a6028830caff9ee44b42d32ed","name":"Telinha","image":{"@type":"ImageObject","inLanguage":"pt-PT","@id":"https:\/\/portaltela.pt\/s.01k8rhncp4jt1\/2025\/11\/talking-bot-125x125.png","url":"https:\/\/portaltela.pt\/s.01k8rhncp4jt1\/2025\/11\/talking-bot-125x125.png","contentUrl":"https:\/\/portaltela.pt\/s.01k8rhncp4jt1\/2025\/11\/talking-bot-125x125.png","caption":"Telinha"},"sameAs":["https:\/\/portaltela.pt\/"],"url":"https:\/\/portaltela.pt\/por\/367410592786\/"}]}},"_links":{"self":[{"href":"https:\/\/portaltela.pt\/api\/wp\/v2\/posts\/416980","targetHints":{"allow":["GET"]}}],"collection":[{"href":"https:\/\/portaltela.pt\/api\/wp\/v2\/posts"}],"about":[{"href":"https:\/\/portaltela.pt\/api\/wp\/v2\/types\/post"}],"author":[{"embeddable":true,"href":"https:\/\/portaltela.pt\/api\/wp\/v2\/users\/2"}],"replies":[{"embeddable":true,"href":"https:\/\/portaltela.pt\/api\/wp\/v2\/comments?post=416980"}],"version-history":[{"count":0,"href":"https:\/\/portaltela.pt\/api\/wp\/v2\/posts\/416980\/revisions"}],"wp:featuredmedia":[{"embeddable":true,"href":"https:\/\/portaltela.pt\/api\/wp\/v2\/media\/416981"}],"wp:attachment":[{"href":"https:\/\/portaltela.pt\/api\/wp\/v2\/media?parent=416980"}],"wp:term":[{"taxonomy":"category","embeddable":true,"href":"https:\/\/portaltela.pt\/api\/wp\/v2\/categories?post=416980"},{"taxonomy":"post_tag","embeddable":true,"href":"https:\/\/portaltela.pt\/api\/wp\/v2\/tags?post=416980"}],"curies":[{"name":"wp","href":"https:\/\/api.w.org\/{rel}","templated":true}]}}