{"id":416974,"date":"2026-03-20T05:40:00","date_gmt":"2026-03-20T08:40:00","guid":{"rendered":"https:\/\/portaltela.pt\/noticias\/2026\/03\/20\/ps-acusa-moedas-de-manter-secretario-geral-no-cargo-ilegalmente-desde-2024\/"},"modified":"2026-03-20T05:40:00","modified_gmt":"2026-03-20T08:40:00","slug":"ps-acusa-moedas-de-manter-secretario-geral-no-cargo-ilegalmente-desde-2024","status":"publish","type":"post","link":"https:\/\/portaltela.pt\/noticias\/politica\/2026\/03\/20\/ps-acusa-moedas-de-manter-secretario-geral-no-cargo-ilegalmente-desde-2024\/","title":{"rendered":"PS acusa Moedas de manter secret\u00e1rio-geral no cargo ilegalmente desde 2024"},"content":{"rendered":"<p>O PS de Lisboa acusa o presidente da C\u00e2mara, Carlos Moedas, de manter Alberto Laplaine Guimar\u00e3es no cargo de secret\u00e1rio-geral ilegalmente desde 2024, altura em que deveria ter havido concurso para a substitui\u00e7\u00e3o. A den\u00fancia foi feita pela vereadora Alexandra Leit\u00e3o.<\/p>\n<p>Segundo a vereadora, a Lei n.\u00ba 49\/2012 estabelece prazos m\u00e1ximos para comiss\u00f5es de servi\u00e7o em cargos de dire\u00e7\u00e3o superior. A contagem de 10 anos terminaria em 2024, devendo haver mudan\u00e7a de dirigente. Moedas \u00e9 apontado como respons\u00e1vel pol\u00edtico.<\/p>\n<p>Laplaine Guimar\u00e3es foi nomeado em maio de 2011 para um mandato de tr\u00eas anos, na altura de Ant\u00f3nio Costa, o que comp\u00f5e o hist\u00f3rico de tempo no cargo. O PS sustenta que a norma impede prolongamentos sem concurso ap\u00f3s 10 anos.<\/p>\n<h3>Processo interno e investiga\u00e7\u00e3o<\/h3>\n<p>Nesta perspetiva, Moedas autorizou a abertura de um inqu\u00e9rito interno \u00e0 Secretaria-Geral da C\u00e2mara, com foco no Protocolo de Colabora\u00e7\u00e3o para as Ilumina\u00e7\u00f5es de Natal, a ser conduzido pela Dire\u00e7\u00e3o Municipal de Recursos Humanos e pelo Departamento da Transpar\u00eancia.<\/p>\n<p>Alexandra Leit\u00e3o considera o despacho insuficiente e pede esclarecimentos aos lisboetas sobre o que correu na Secretaria-Geral. A vereadora tamb\u00e9m aponta aus\u00eancia de Moedas numa reuni\u00e3o ap\u00f3s buscas da PJ.<\/p>\n<h3>Contexto e outras pol\u00e9micas<\/h3>\n<p>A socialista cita um padr\u00e3o de comportamento, comparando com epis\u00f3dios anteriores envolvendo o Elevador da Gl\u00f3ria e mudan\u00e7as em dire\u00e7\u00f5es de institui\u00e7\u00f5es culturais. O objetivo \u00e9 perceber que a\u00e7\u00f5es est\u00e3o a ser tomadas para evitar situa\u00e7\u00f5es similares.<\/p>\n<p>O PS questiona se houve queixas formais no departamento de preven\u00e7\u00e3o de corrup\u00e7\u00e3o ou no canal de den\u00fancias, e se foi lan\u00e7ado concurso para substituir o secret\u00e1rio-geral. A verea\u00e7\u00e3o pretende ainda informa\u00e7\u00f5es sobre a atua\u00e7\u00e3o dos servi\u00e7os municipais.<\/p>\n","protected":false},"excerpt":{"rendered":"<ul>\n<li>O PS em Lisboa acusa o presidente da C\u00e2mara, Carlos Moedas, de manter Alberto Laplaine Guimar\u00e3es no cargo de secret\u00e1rio-geral desde 2024, alegando viola\u00e7\u00e3o da lei que prev\u00ea concurso de substitui\u00e7\u00e3o a cada dez anos de comiss\u00e3o de servi\u00e7o.<\/li>\n<li>A vereadora Alexandra Leit\u00e3o explica que a legisla\u00e7\u00e3o vigente permite apenas cinco anos por mandato, com renova\u00e7\u00e3o por mais cinco, totalizando no m\u00e1ximo dez anos consecutivos, ap\u00f3s os quais n\u00e3o pode haver nova nomea\u00e7\u00e3o no mesmo posto por cinco anos.<\/li>\n<li>Laplaine Guimar\u00e3es foi nomeado em maio de 2011 para um mandato de tr\u00eas anos; segundo o PS, o d\u00e9cimo ano de comiss\u00e3o seria atingido em 2024, devendo ocorrer substitui\u00e7\u00e3o.<\/li>\n<li>Moedas abriu, via despacho, um inqu\u00e9rito interno \u00e0 Secretaria-Geral sobre o Protocolo de Colabora\u00e7\u00e3o para as ilumina\u00e7\u00f5es de Natal, com cr\u00edticas de Leit\u00e3o \u00e0 sua abrang\u00eancia e conte\u00fado.<\/li>\n<li>O PS questiona medidas de preven\u00e7\u00e3o de corrup\u00e7\u00e3o e o registo de queixas, e aponta outras decis\u00f5es do executivo municipal como indicativas de um \u201cpadr\u00e3o de comportamento\u201d de Moedas, solicitando esclarecimentos \u00e0 c\u00e2mara.<\/li>\n<\/ul>\n","protected":false},"author":2,"featured_media":416978,"comment_status":"closed","ping_status":"closed","sticky":false,"template":"","format":"standard","meta":{"footnotes":""},"categories":[1,5],"tags":[3948,83,981,2832,2144,5708],"class_list":["post-416974","post","type-post","status-publish","format-standard","has-post-thumbnail","hentry","category-noticias","category-politica","tag-carlos-moedas","tag-corrupcao","tag-lisboa","tag-politica","tag-ps","tag-transparencia-publica"],"yoast_head":"<!-- This site is optimized with the Yoast SEO plugin v27.2 - https:\/\/yoast.com\/product\/yoast-seo-wordpress\/ -->\n<title>PS acusa Moedas de manter secret\u00e1rio-geral no cargo ilegalmente desde 2024 - Portal Tela Portugal<\/title>\n<meta name=\"robots\" content=\"index, follow, max-snippet:-1, max-image-preview:large, max-video-preview:-1\" \/>\n<meta property=\"og:locale\" content=\"pt_PT\" \/>\n<meta property=\"og:type\" content=\"article\" \/>\n<meta property=\"og:title\" content=\"PS acusa Moedas de manter secret\u00e1rio-geral no cargo ilegalmente desde 2024 - Portal Tela Portugal\" \/>\n<meta property=\"og:description\" content=\"O PS em Lisboa acusa o presidente da C\u00e2mara, Carlos Moedas, de manter Alberto Laplaine Guimar\u00e3es no cargo de secret\u00e1rio-geral desde 2024, alegando viola\u00e7\u00e3o da lei que prev\u00ea concurso de substitui\u00e7\u00e3o a cada dez anos de comiss\u00e3o de servi\u00e7o. A vereadora Alexandra Leit\u00e3o explica que a legisla\u00e7\u00e3o vigente permite apenas cinco anos por mandato, com renova\u00e7\u00e3o por mais cinco, totalizando no m\u00e1ximo dez anos consecutivos, ap\u00f3s os quais n\u00e3o pode haver nova nomea\u00e7\u00e3o no mesmo posto por cinco anos. Laplaine Guimar\u00e3es foi nomeado em maio de 2011 para um mandato de tr\u00eas anos; segundo o PS, o d\u00e9cimo ano de comiss\u00e3o seria atingido em 2024, devendo ocorrer substitui\u00e7\u00e3o. Moedas abriu, via despacho, um inqu\u00e9rito interno \u00e0 Secretaria-Geral sobre o Protocolo de Colabora\u00e7\u00e3o para as ilumina\u00e7\u00f5es de Natal, com cr\u00edticas de Leit\u00e3o \u00e0 sua abrang\u00eancia e conte\u00fado. O PS questiona medidas de preven\u00e7\u00e3o de corrup\u00e7\u00e3o e o registo de queixas, e aponta outras decis\u00f5es do executivo municipal como indicativas de um \u201cpadr\u00e3o de comportamento\u201d de Moedas, solicitando esclarecimentos \u00e0 c\u00e2mara.\" \/>\n<meta property=\"og:url\" content=\"https:\/\/portaltela.pt\/noticias\/2026\/03\/20\/ps-acusa-moedas-de-manter-secretario-geral-no-cargo-ilegalmente-desde-2024\/\" \/>\n<meta property=\"og:site_name\" content=\"Portal Tela Portugal\" \/>\n<meta property=\"article:published_time\" content=\"2026-03-20T08:40:00+00:00\" \/>\n<meta name=\"author\" content=\"Telinha\" \/>\n<meta name=\"twitter:card\" content=\"summary_large_image\" \/>\n<meta name=\"twitter:label1\" content=\"Escrito por\" \/>\n\t<meta name=\"twitter:data1\" content=\"Telinha\" \/>\n\t<meta name=\"twitter:label2\" content=\"Tempo estimado de leitura\" \/>\n\t<meta name=\"twitter:data2\" content=\"2 minutos\" \/>\n<script type=\"application\/ld+json\" class=\"yoast-schema-graph\">{\"@context\":\"https:\/\/schema.org\",\"@graph\":[{\"@type\":\"Article\",\"@id\":\"https:\/\/portaltela.pt\/noticias\/2026\/03\/20\/ps-acusa-moedas-de-manter-secretario-geral-no-cargo-ilegalmente-desde-2024\/#article\",\"isPartOf\":{\"@id\":\"https:\/\/portaltela.pt\/noticias\/2026\/03\/20\/ps-acusa-moedas-de-manter-secretario-geral-no-cargo-ilegalmente-desde-2024\/\"},\"author\":{\"name\":\"Telinha\",\"@id\":\"https:\/\/portaltela.pt\/#\/schema\/person\/c4278d4a6028830caff9ee44b42d32ed\"},\"headline\":\"PS acusa Moedas de manter secret\u00e1rio-geral no cargo ilegalmente desde 2024\",\"datePublished\":\"2026-03-20T08:40:00+00:00\",\"mainEntityOfPage\":{\"@id\":\"https:\/\/portaltela.pt\/noticias\/2026\/03\/20\/ps-acusa-moedas-de-manter-secretario-geral-no-cargo-ilegalmente-desde-2024\/\"},\"wordCount\":324,\"image\":{\"@id\":\"https:\/\/portaltela.pt\/noticias\/2026\/03\/20\/ps-acusa-moedas-de-manter-secretario-geral-no-cargo-ilegalmente-desde-2024\/#primaryimage\"},\"thumbnailUrl\":\"https:\/\/portaltela.pt\/s.01k8rhncp4jt1\/2026\/03\/image-1321.jpg\",\"keywords\":[\"Carlos Moedas\",\"corrup\u00e7\u00e3o\",\"Lisboa\",\"pol\u00edtica\",\"PS\",\"transpar\u00eancia p\u00fablica\"],\"articleSection\":[\"Not\u00edcias\",\"Pol\u00edtica\"],\"inLanguage\":\"pt-PT\"},{\"@type\":\"WebPage\",\"@id\":\"https:\/\/portaltela.pt\/noticias\/2026\/03\/20\/ps-acusa-moedas-de-manter-secretario-geral-no-cargo-ilegalmente-desde-2024\/\",\"url\":\"https:\/\/portaltela.pt\/noticias\/2026\/03\/20\/ps-acusa-moedas-de-manter-secretario-geral-no-cargo-ilegalmente-desde-2024\/\",\"name\":\"PS acusa Moedas de manter secret\u00e1rio-geral no cargo ilegalmente desde 2024 - Portal Tela Portugal\",\"isPartOf\":{\"@id\":\"https:\/\/portaltela.pt\/#website\"},\"primaryImageOfPage\":{\"@id\":\"https:\/\/portaltela.pt\/noticias\/2026\/03\/20\/ps-acusa-moedas-de-manter-secretario-geral-no-cargo-ilegalmente-desde-2024\/#primaryimage\"},\"image\":{\"@id\":\"https:\/\/portaltela.pt\/noticias\/2026\/03\/20\/ps-acusa-moedas-de-manter-secretario-geral-no-cargo-ilegalmente-desde-2024\/#primaryimage\"},\"thumbnailUrl\":\"https:\/\/portaltela.pt\/s.01k8rhncp4jt1\/2026\/03\/image-1321.jpg\",\"datePublished\":\"2026-03-20T08:40:00+00:00\",\"author\":{\"@id\":\"https:\/\/portaltela.pt\/#\/schema\/person\/c4278d4a6028830caff9ee44b42d32ed\"},\"breadcrumb\":{\"@id\":\"https:\/\/portaltela.pt\/noticias\/2026\/03\/20\/ps-acusa-moedas-de-manter-secretario-geral-no-cargo-ilegalmente-desde-2024\/#breadcrumb\"},\"inLanguage\":\"pt-PT\",\"potentialAction\":[{\"@type\":\"ReadAction\",\"target\":[\"https:\/\/portaltela.pt\/noticias\/2026\/03\/20\/ps-acusa-moedas-de-manter-secretario-geral-no-cargo-ilegalmente-desde-2024\/\"]}]},{\"@type\":\"ImageObject\",\"inLanguage\":\"pt-PT\",\"@id\":\"https:\/\/portaltela.pt\/noticias\/2026\/03\/20\/ps-acusa-moedas-de-manter-secretario-geral-no-cargo-ilegalmente-desde-2024\/#primaryimage\",\"url\":\"https:\/\/portaltela.pt\/s.01k8rhncp4jt1\/2026\/03\/image-1321.jpg\",\"contentUrl\":\"https:\/\/portaltela.pt\/s.01k8rhncp4jt1\/2026\/03\/image-1321.jpg\",\"width\":796,\"height\":448,\"caption\":\"Alberto Laplaine Guimar\u00e3es foi nomeado para o cargo de secret\u00e1rio-geral do munic\u00edpio em maio de 2011\"},{\"@type\":\"BreadcrumbList\",\"@id\":\"https:\/\/portaltela.pt\/noticias\/2026\/03\/20\/ps-acusa-moedas-de-manter-secretario-geral-no-cargo-ilegalmente-desde-2024\/#breadcrumb\",\"itemListElement\":[{\"@type\":\"ListItem\",\"position\":1,\"name\":\"In\u00edcio\",\"item\":\"https:\/\/portaltela.pt\/\"},{\"@type\":\"ListItem\",\"position\":2,\"name\":\"PS acusa Moedas de manter secret\u00e1rio-geral no cargo ilegalmente desde 2024\"}]},{\"@type\":\"WebSite\",\"@id\":\"https:\/\/portaltela.pt\/#website\",\"url\":\"https:\/\/portaltela.pt\/\",\"name\":\"Portal Tela Portugal\",\"description\":\"\",\"potentialAction\":[{\"@type\":\"SearchAction\",\"target\":{\"@type\":\"EntryPoint\",\"urlTemplate\":\"https:\/\/portaltela.pt\/?s={search_term_string}\"},\"query-input\":{\"@type\":\"PropertyValueSpecification\",\"valueRequired\":true,\"valueName\":\"search_term_string\"}}],\"inLanguage\":\"pt-PT\"},{\"@type\":\"Person\",\"@id\":\"https:\/\/portaltela.pt\/#\/schema\/person\/c4278d4a6028830caff9ee44b42d32ed\",\"name\":\"Telinha\",\"image\":{\"@type\":\"ImageObject\",\"inLanguage\":\"pt-PT\",\"@id\":\"https:\/\/portaltela.pt\/s.01k8rhncp4jt1\/2025\/11\/talking-bot-125x125.png\",\"url\":\"https:\/\/portaltela.pt\/s.01k8rhncp4jt1\/2025\/11\/talking-bot-125x125.png\",\"contentUrl\":\"https:\/\/portaltela.pt\/s.01k8rhncp4jt1\/2025\/11\/talking-bot-125x125.png\",\"caption\":\"Telinha\"},\"sameAs\":[\"https:\/\/portaltela.pt\/\"],\"url\":\"https:\/\/portaltela.pt\/por\/367410592786\/\"}]}<\/script>\n<!-- \/ Yoast SEO plugin. -->","yoast_head_json":{"title":"PS acusa Moedas de manter secret\u00e1rio-geral no cargo ilegalmente desde 2024 - Portal Tela Portugal","robots":{"index":"index","follow":"follow","max-snippet":"max-snippet:-1","max-image-preview":"max-image-preview:large","max-video-preview":"max-video-preview:-1"},"og_locale":"pt_PT","og_type":"article","og_title":"PS acusa Moedas de manter secret\u00e1rio-geral no cargo ilegalmente desde 2024 - Portal Tela Portugal","og_description":"O PS em Lisboa acusa o presidente da C\u00e2mara, Carlos Moedas, de manter Alberto Laplaine Guimar\u00e3es no cargo de secret\u00e1rio-geral desde 2024, alegando viola\u00e7\u00e3o da lei que prev\u00ea concurso de substitui\u00e7\u00e3o a cada dez anos de comiss\u00e3o de servi\u00e7o. A vereadora Alexandra Leit\u00e3o explica que a legisla\u00e7\u00e3o vigente permite apenas cinco anos por mandato, com renova\u00e7\u00e3o por mais cinco, totalizando no m\u00e1ximo dez anos consecutivos, ap\u00f3s os quais n\u00e3o pode haver nova nomea\u00e7\u00e3o no mesmo posto por cinco anos. Laplaine Guimar\u00e3es foi nomeado em maio de 2011 para um mandato de tr\u00eas anos; segundo o PS, o d\u00e9cimo ano de comiss\u00e3o seria atingido em 2024, devendo ocorrer substitui\u00e7\u00e3o. Moedas abriu, via despacho, um inqu\u00e9rito interno \u00e0 Secretaria-Geral sobre o Protocolo de Colabora\u00e7\u00e3o para as ilumina\u00e7\u00f5es de Natal, com cr\u00edticas de Leit\u00e3o \u00e0 sua abrang\u00eancia e conte\u00fado. O PS questiona medidas de preven\u00e7\u00e3o de corrup\u00e7\u00e3o e o registo de queixas, e aponta outras decis\u00f5es do executivo municipal como indicativas de um \u201cpadr\u00e3o de comportamento\u201d de Moedas, solicitando esclarecimentos \u00e0 c\u00e2mara.","og_url":"https:\/\/portaltela.pt\/noticias\/2026\/03\/20\/ps-acusa-moedas-de-manter-secretario-geral-no-cargo-ilegalmente-desde-2024\/","og_site_name":"Portal Tela Portugal","article_published_time":"2026-03-20T08:40:00+00:00","author":"Telinha","twitter_card":"summary_large_image","twitter_misc":{"Escrito por":"Telinha","Tempo estimado de leitura":"2 minutos"},"schema":{"@context":"https:\/\/schema.org","@graph":[{"@type":"Article","@id":"https:\/\/portaltela.pt\/noticias\/2026\/03\/20\/ps-acusa-moedas-de-manter-secretario-geral-no-cargo-ilegalmente-desde-2024\/#article","isPartOf":{"@id":"https:\/\/portaltela.pt\/noticias\/2026\/03\/20\/ps-acusa-moedas-de-manter-secretario-geral-no-cargo-ilegalmente-desde-2024\/"},"author":{"name":"Telinha","@id":"https:\/\/portaltela.pt\/#\/schema\/person\/c4278d4a6028830caff9ee44b42d32ed"},"headline":"PS acusa Moedas de manter secret\u00e1rio-geral no cargo ilegalmente desde 2024","datePublished":"2026-03-20T08:40:00+00:00","mainEntityOfPage":{"@id":"https:\/\/portaltela.pt\/noticias\/2026\/03\/20\/ps-acusa-moedas-de-manter-secretario-geral-no-cargo-ilegalmente-desde-2024\/"},"wordCount":324,"image":{"@id":"https:\/\/portaltela.pt\/noticias\/2026\/03\/20\/ps-acusa-moedas-de-manter-secretario-geral-no-cargo-ilegalmente-desde-2024\/#primaryimage"},"thumbnailUrl":"https:\/\/portaltela.pt\/s.01k8rhncp4jt1\/2026\/03\/image-1321.jpg","keywords":["Carlos Moedas","corrup\u00e7\u00e3o","Lisboa","pol\u00edtica","PS","transpar\u00eancia p\u00fablica"],"articleSection":["Not\u00edcias","Pol\u00edtica"],"inLanguage":"pt-PT"},{"@type":"WebPage","@id":"https:\/\/portaltela.pt\/noticias\/2026\/03\/20\/ps-acusa-moedas-de-manter-secretario-geral-no-cargo-ilegalmente-desde-2024\/","url":"https:\/\/portaltela.pt\/noticias\/2026\/03\/20\/ps-acusa-moedas-de-manter-secretario-geral-no-cargo-ilegalmente-desde-2024\/","name":"PS acusa Moedas de manter secret\u00e1rio-geral no cargo ilegalmente desde 2024 - Portal Tela Portugal","isPartOf":{"@id":"https:\/\/portaltela.pt\/#website"},"primaryImageOfPage":{"@id":"https:\/\/portaltela.pt\/noticias\/2026\/03\/20\/ps-acusa-moedas-de-manter-secretario-geral-no-cargo-ilegalmente-desde-2024\/#primaryimage"},"image":{"@id":"https:\/\/portaltela.pt\/noticias\/2026\/03\/20\/ps-acusa-moedas-de-manter-secretario-geral-no-cargo-ilegalmente-desde-2024\/#primaryimage"},"thumbnailUrl":"https:\/\/portaltela.pt\/s.01k8rhncp4jt1\/2026\/03\/image-1321.jpg","datePublished":"2026-03-20T08:40:00+00:00","author":{"@id":"https:\/\/portaltela.pt\/#\/schema\/person\/c4278d4a6028830caff9ee44b42d32ed"},"breadcrumb":{"@id":"https:\/\/portaltela.pt\/noticias\/2026\/03\/20\/ps-acusa-moedas-de-manter-secretario-geral-no-cargo-ilegalmente-desde-2024\/#breadcrumb"},"inLanguage":"pt-PT","potentialAction":[{"@type":"ReadAction","target":["https:\/\/portaltela.pt\/noticias\/2026\/03\/20\/ps-acusa-moedas-de-manter-secretario-geral-no-cargo-ilegalmente-desde-2024\/"]}]},{"@type":"ImageObject","inLanguage":"pt-PT","@id":"https:\/\/portaltela.pt\/noticias\/2026\/03\/20\/ps-acusa-moedas-de-manter-secretario-geral-no-cargo-ilegalmente-desde-2024\/#primaryimage","url":"https:\/\/portaltela.pt\/s.01k8rhncp4jt1\/2026\/03\/image-1321.jpg","contentUrl":"https:\/\/portaltela.pt\/s.01k8rhncp4jt1\/2026\/03\/image-1321.jpg","width":796,"height":448,"caption":"Alberto Laplaine Guimar\u00e3es foi nomeado para o cargo de secret\u00e1rio-geral do munic\u00edpio em maio de 2011"},{"@type":"BreadcrumbList","@id":"https:\/\/portaltela.pt\/noticias\/2026\/03\/20\/ps-acusa-moedas-de-manter-secretario-geral-no-cargo-ilegalmente-desde-2024\/#breadcrumb","itemListElement":[{"@type":"ListItem","position":1,"name":"In\u00edcio","item":"https:\/\/portaltela.pt\/"},{"@type":"ListItem","position":2,"name":"PS acusa Moedas de manter secret\u00e1rio-geral no cargo ilegalmente desde 2024"}]},{"@type":"WebSite","@id":"https:\/\/portaltela.pt\/#website","url":"https:\/\/portaltela.pt\/","name":"Portal Tela Portugal","description":"","potentialAction":[{"@type":"SearchAction","target":{"@type":"EntryPoint","urlTemplate":"https:\/\/portaltela.pt\/?s={search_term_string}"},"query-input":{"@type":"PropertyValueSpecification","valueRequired":true,"valueName":"search_term_string"}}],"inLanguage":"pt-PT"},{"@type":"Person","@id":"https:\/\/portaltela.pt\/#\/schema\/person\/c4278d4a6028830caff9ee44b42d32ed","name":"Telinha","image":{"@type":"ImageObject","inLanguage":"pt-PT","@id":"https:\/\/portaltela.pt\/s.01k8rhncp4jt1\/2025\/11\/talking-bot-125x125.png","url":"https:\/\/portaltela.pt\/s.01k8rhncp4jt1\/2025\/11\/talking-bot-125x125.png","contentUrl":"https:\/\/portaltela.pt\/s.01k8rhncp4jt1\/2025\/11\/talking-bot-125x125.png","caption":"Telinha"},"sameAs":["https:\/\/portaltela.pt\/"],"url":"https:\/\/portaltela.pt\/por\/367410592786\/"}]}},"_links":{"self":[{"href":"https:\/\/portaltela.pt\/api\/wp\/v2\/posts\/416974","targetHints":{"allow":["GET"]}}],"collection":[{"href":"https:\/\/portaltela.pt\/api\/wp\/v2\/posts"}],"about":[{"href":"https:\/\/portaltela.pt\/api\/wp\/v2\/types\/post"}],"author":[{"embeddable":true,"href":"https:\/\/portaltela.pt\/api\/wp\/v2\/users\/2"}],"replies":[{"embeddable":true,"href":"https:\/\/portaltela.pt\/api\/wp\/v2\/comments?post=416974"}],"version-history":[{"count":0,"href":"https:\/\/portaltela.pt\/api\/wp\/v2\/posts\/416974\/revisions"}],"wp:featuredmedia":[{"embeddable":true,"href":"https:\/\/portaltela.pt\/api\/wp\/v2\/media\/416978"}],"wp:attachment":[{"href":"https:\/\/portaltela.pt\/api\/wp\/v2\/media?parent=416974"}],"wp:term":[{"taxonomy":"category","embeddable":true,"href":"https:\/\/portaltela.pt\/api\/wp\/v2\/categories?post=416974"},{"taxonomy":"post_tag","embeddable":true,"href":"https:\/\/portaltela.pt\/api\/wp\/v2\/tags?post=416974"}],"curies":[{"name":"wp","href":"https:\/\/api.w.org\/{rel}","templated":true}]}}