{"id":416972,"date":"2026-03-20T05:46:59","date_gmt":"2026-03-20T08:46:59","guid":{"rendered":"https:\/\/portaltela.pt\/noticias\/2026\/03\/20\/primeiro-ministro-bulgaro-recua-na-participacao-no-conselho-da-paz-de-trump\/"},"modified":"2026-03-20T05:46:59","modified_gmt":"2026-03-20T08:46:59","slug":"primeiro-ministro-bulgaro-recua-na-participacao-no-conselho-da-paz-de-trump","status":"publish","type":"post","link":"https:\/\/portaltela.pt\/noticias\/2026\/03\/20\/primeiro-ministro-bulgaro-recua-na-participacao-no-conselho-da-paz-de-trump\/","title":{"rendered":"Primeiro-ministro b\u00falgaro recua na participa\u00e7\u00e3o no Conselho da Paz de Trump"},"content":{"rendered":"<p>O primeiro-ministro interino da Bulg\u00e1ria, Andrey Gyurov, afirma que a ades\u00e3o ao Conselho da Paz, liderado pelo presidente dos EUA, Donald Trump, resulta de uma manobra de um oligarca e n\u00e3o reflete o consenso pol\u00edtico no pa\u00eds. A decis\u00e3o, tomada sem aprova\u00e7\u00e3o parlamentar, \u00e9 contestada pelo governo de gest\u00e3o.<\/p>\n<p>Gyurov disse \u00e0 Euronews que a assinatura do tratado est\u00e1 associada \u00e0 retirada de uma san\u00e7\u00e3o de um oligarca, sem mencionar nomes. A entrevista aponta para a poss\u00edvel influ\u00eancia de Delyan Peevski, figura influente na pol\u00edtica b\u00falgara, sancionado por EUA e Reino Unido.<\/p>\n<p>A Bulg\u00e1ria aderiu ao Conselho da Paz lan\u00e7ado por Trump em janeiro, num movimento que provocou cr\u00edticas em v\u00e1rios Estados-Membros da UE. O apoio veio numa altura de instabilidade pol\u00edtica no pa\u00eds, com o governo de gest\u00e3o a enfrentar vota\u00e7\u00e3o prevista para 19 de abril.<\/p>\n<p>O parlamento ainda n\u00e3o ratificou a ades\u00e3o, e a ades\u00e3o pode ser remetida ao Tribunal Constitucional. Na pr\u00e1tica, a maioria dos estados membros considera que a iniciativa viola a Carta das Na\u00e7\u00f5es Unidas, o que complica a participa\u00e7\u00e3o b\u00falgara.<\/p>\n<h3>Contexto jur\u00eddico e pol\u00edtico<\/h3>\n<p>A posi\u00e7\u00e3o de Gyurov sustenta que o Conselho da Paz tem de ser analisado sob a perspetiva de uma solu\u00e7\u00e3o para Gaza e de um mandato ampliado. A an\u00e1lise jur\u00eddica europeia levanta d\u00favidas sobre o alcance e o tempo de vig\u00eancia do Conselho.<\/p>\n<p>Apesar da d\u00favida legal, Gyurov afirma que manter boas rela\u00e7\u00f5es com os EUA continua a ser uma prioridade diplom\u00e1tica. O governante sublinha a import\u00e2ncia de parcerias duradouras entre Washington e Budapeste, bem como uma Europa forte.<\/p>\n<p>O primeiro-ministro acrescenta que a Bulg\u00e1ria pretende manter o apoio a um plano mais amplo de paz em Gaza, sem associar a posi\u00e7\u00e3o a uma mudan\u00e7a de pol\u00edtica externa radical. A situa\u00e7\u00e3o segue em desenvolvimento, com decis\u00f5es pendentes no parlamento e no Tribunal Constitucional.<\/p>\n","protected":false},"excerpt":{"rendered":"<ul>\n<li>O primeiro-ministro interino da Bulg\u00e1ria, Andrey Gyurov, afirmou que a ades\u00e3o ao Conselho da Paz de Trump n\u00e3o reflete o consenso parlamentar, sendo descrita como resultado da decis\u00e3o de um oligarca.<\/li>\n<li>Gyurov disse que a assinatura est\u00e1 ligada \u00e0 retirada da lista de san\u00e7\u00f5es de esse oligarca, apontando Delyan Peevski como a figura influente envolvida.<\/li>\n<li>O parlamento ainda n\u00e3o ratificou a ades\u00e3o, e mesmo que seja aprovada pode ser submetida ao Tribunal Constitucional.<\/li>\n<li>A ades\u00e3o da Bulg\u00e1ria ao Conselho tem gerado resist\u00eancia na Uni\u00e3o Europeia, com a maioria dos Estados-Membros a considerar violar a Carta das Na\u00e7\u00f5es Unidas.<\/li>\n<li>Gyurov afirmou que a Bulg\u00e1ria apoia um plano alargado para a paz em Gaza, destacando a import\u00e2ncia de manter boas rela\u00e7\u00f5es com os Estados Unidos e uma Europa forte.<\/li>\n<\/ul>\n","protected":false},"author":2,"featured_media":416975,"comment_status":"closed","ping_status":"closed","sticky":false,"template":"","format":"standard","meta":{"footnotes":""},"categories":[6912,1],"tags":[1487,1600,2832,5698,27,2055],"class_list":["post-416972","post","type-post","status-publish","format-standard","has-post-thumbnail","hentry","category-internacionais","category-noticias","tag-bulgaria","tag-estados-unidos","tag-politica","tag-politica-internacional","tag-relacoes-internacionais","tag-uniao-europeia"],"yoast_head":"<!-- This site is optimized with the Yoast SEO plugin v27.2 - https:\/\/yoast.com\/product\/yoast-seo-wordpress\/ -->\n<title>Primeiro-ministro b\u00falgaro recua na participa\u00e7\u00e3o no Conselho da Paz de Trump - Portal Tela Portugal<\/title>\n<meta name=\"robots\" content=\"index, follow, max-snippet:-1, max-image-preview:large, max-video-preview:-1\" \/>\n<meta property=\"og:locale\" content=\"pt_PT\" \/>\n<meta property=\"og:type\" content=\"article\" \/>\n<meta property=\"og:title\" content=\"Primeiro-ministro b\u00falgaro recua na participa\u00e7\u00e3o no Conselho da Paz de Trump - Portal Tela Portugal\" \/>\n<meta property=\"og:description\" content=\"O primeiro-ministro interino da Bulg\u00e1ria, Andrey Gyurov, afirmou que a ades\u00e3o ao Conselho da Paz de Trump n\u00e3o reflete o consenso parlamentar, sendo descrita como resultado da decis\u00e3o de um oligarca. Gyurov disse que a assinatura est\u00e1 ligada \u00e0 retirada da lista de san\u00e7\u00f5es de esse oligarca, apontando Delyan Peevski como a figura influente envolvida. O parlamento ainda n\u00e3o ratificou a ades\u00e3o, e mesmo que seja aprovada pode ser submetida ao Tribunal Constitucional. A ades\u00e3o da Bulg\u00e1ria ao Conselho tem gerado resist\u00eancia na Uni\u00e3o Europeia, com a maioria dos Estados-Membros a considerar violar a Carta das Na\u00e7\u00f5es Unidas. Gyurov afirmou que a Bulg\u00e1ria apoia um plano alargado para a paz em Gaza, destacando a import\u00e2ncia de manter boas rela\u00e7\u00f5es com os Estados Unidos e uma Europa forte.\" \/>\n<meta property=\"og:url\" content=\"https:\/\/portaltela.pt\/noticias\/2026\/03\/20\/primeiro-ministro-bulgaro-recua-na-participacao-no-conselho-da-paz-de-trump\/\" \/>\n<meta property=\"og:site_name\" content=\"Portal Tela Portugal\" \/>\n<meta property=\"article:published_time\" content=\"2026-03-20T08:46:59+00:00\" \/>\n<meta name=\"author\" content=\"Telinha\" \/>\n<meta name=\"twitter:card\" content=\"summary_large_image\" \/>\n<meta name=\"twitter:label1\" content=\"Escrito por\" \/>\n\t<meta name=\"twitter:data1\" content=\"Telinha\" \/>\n\t<meta name=\"twitter:label2\" content=\"Tempo estimado de leitura\" \/>\n\t<meta name=\"twitter:data2\" content=\"2 minutos\" \/>\n<script type=\"application\/ld+json\" class=\"yoast-schema-graph\">{\"@context\":\"https:\/\/schema.org\",\"@graph\":[{\"@type\":\"Article\",\"@id\":\"https:\/\/portaltela.pt\/noticias\/2026\/03\/20\/primeiro-ministro-bulgaro-recua-na-participacao-no-conselho-da-paz-de-trump\/#article\",\"isPartOf\":{\"@id\":\"https:\/\/portaltela.pt\/noticias\/2026\/03\/20\/primeiro-ministro-bulgaro-recua-na-participacao-no-conselho-da-paz-de-trump\/\"},\"author\":{\"name\":\"Telinha\",\"@id\":\"https:\/\/portaltela.pt\/#\/schema\/person\/c4278d4a6028830caff9ee44b42d32ed\"},\"headline\":\"Primeiro-ministro b\u00falgaro recua na participa\u00e7\u00e3o no Conselho da Paz de Trump\",\"datePublished\":\"2026-03-20T08:46:59+00:00\",\"mainEntityOfPage\":{\"@id\":\"https:\/\/portaltela.pt\/noticias\/2026\/03\/20\/primeiro-ministro-bulgaro-recua-na-participacao-no-conselho-da-paz-de-trump\/\"},\"wordCount\":358,\"image\":{\"@id\":\"https:\/\/portaltela.pt\/noticias\/2026\/03\/20\/primeiro-ministro-bulgaro-recua-na-participacao-no-conselho-da-paz-de-trump\/#primaryimage\"},\"thumbnailUrl\":\"https:\/\/portaltela.pt\/s.01k8rhncp4jt1\/2026\/03\/1536x864_cmsv2_5e58bb03-1ad0-516a-a346-23c4fa69cfcb-9691389.jpg\",\"keywords\":[\"Bulg\u00e1ria\",\"Estados Unidos\",\"pol\u00edtica\",\"pol\u00edtica internacional\",\"rela\u00e7\u00f5es internacionais\",\"Uni\u00e3o Europeia\"],\"articleSection\":[\"Internacionais\",\"Not\u00edcias\"],\"inLanguage\":\"pt-PT\"},{\"@type\":\"WebPage\",\"@id\":\"https:\/\/portaltela.pt\/noticias\/2026\/03\/20\/primeiro-ministro-bulgaro-recua-na-participacao-no-conselho-da-paz-de-trump\/\",\"url\":\"https:\/\/portaltela.pt\/noticias\/2026\/03\/20\/primeiro-ministro-bulgaro-recua-na-participacao-no-conselho-da-paz-de-trump\/\",\"name\":\"Primeiro-ministro b\u00falgaro recua na participa\u00e7\u00e3o no Conselho da Paz de Trump - Portal Tela Portugal\",\"isPartOf\":{\"@id\":\"https:\/\/portaltela.pt\/#website\"},\"primaryImageOfPage\":{\"@id\":\"https:\/\/portaltela.pt\/noticias\/2026\/03\/20\/primeiro-ministro-bulgaro-recua-na-participacao-no-conselho-da-paz-de-trump\/#primaryimage\"},\"image\":{\"@id\":\"https:\/\/portaltela.pt\/noticias\/2026\/03\/20\/primeiro-ministro-bulgaro-recua-na-participacao-no-conselho-da-paz-de-trump\/#primaryimage\"},\"thumbnailUrl\":\"https:\/\/portaltela.pt\/s.01k8rhncp4jt1\/2026\/03\/1536x864_cmsv2_5e58bb03-1ad0-516a-a346-23c4fa69cfcb-9691389.jpg\",\"datePublished\":\"2026-03-20T08:46:59+00:00\",\"author\":{\"@id\":\"https:\/\/portaltela.pt\/#\/schema\/person\/c4278d4a6028830caff9ee44b42d32ed\"},\"breadcrumb\":{\"@id\":\"https:\/\/portaltela.pt\/noticias\/2026\/03\/20\/primeiro-ministro-bulgaro-recua-na-participacao-no-conselho-da-paz-de-trump\/#breadcrumb\"},\"inLanguage\":\"pt-PT\",\"potentialAction\":[{\"@type\":\"ReadAction\",\"target\":[\"https:\/\/portaltela.pt\/noticias\/2026\/03\/20\/primeiro-ministro-bulgaro-recua-na-participacao-no-conselho-da-paz-de-trump\/\"]}]},{\"@type\":\"ImageObject\",\"inLanguage\":\"pt-PT\",\"@id\":\"https:\/\/portaltela.pt\/noticias\/2026\/03\/20\/primeiro-ministro-bulgaro-recua-na-participacao-no-conselho-da-paz-de-trump\/#primaryimage\",\"url\":\"https:\/\/portaltela.pt\/s.01k8rhncp4jt1\/2026\/03\/1536x864_cmsv2_5e58bb03-1ad0-516a-a346-23c4fa69cfcb-9691389.jpg\",\"contentUrl\":\"https:\/\/portaltela.pt\/s.01k8rhncp4jt1\/2026\/03\/1536x864_cmsv2_5e58bb03-1ad0-516a-a346-23c4fa69cfcb-9691389.jpg\",\"width\":796,\"height\":448,\"caption\":\"O primeiro-ministro b\u00falgaro Andrey Gyurov, terceiro \u00e0 esquerda, toma o seu lugar antes de uma fotografia de grupo na cimeira da UE em Bruxelas, quinta-feira, 19 de mar\u00e7o de 2026.\"},{\"@type\":\"BreadcrumbList\",\"@id\":\"https:\/\/portaltela.pt\/noticias\/2026\/03\/20\/primeiro-ministro-bulgaro-recua-na-participacao-no-conselho-da-paz-de-trump\/#breadcrumb\",\"itemListElement\":[{\"@type\":\"ListItem\",\"position\":1,\"name\":\"In\u00edcio\",\"item\":\"https:\/\/portaltela.pt\/\"},{\"@type\":\"ListItem\",\"position\":2,\"name\":\"Primeiro-ministro b\u00falgaro recua na participa\u00e7\u00e3o no Conselho da Paz de Trump\"}]},{\"@type\":\"WebSite\",\"@id\":\"https:\/\/portaltela.pt\/#website\",\"url\":\"https:\/\/portaltela.pt\/\",\"name\":\"Portal Tela Portugal\",\"description\":\"\",\"potentialAction\":[{\"@type\":\"SearchAction\",\"target\":{\"@type\":\"EntryPoint\",\"urlTemplate\":\"https:\/\/portaltela.pt\/?s={search_term_string}\"},\"query-input\":{\"@type\":\"PropertyValueSpecification\",\"valueRequired\":true,\"valueName\":\"search_term_string\"}}],\"inLanguage\":\"pt-PT\"},{\"@type\":\"Person\",\"@id\":\"https:\/\/portaltela.pt\/#\/schema\/person\/c4278d4a6028830caff9ee44b42d32ed\",\"name\":\"Telinha\",\"image\":{\"@type\":\"ImageObject\",\"inLanguage\":\"pt-PT\",\"@id\":\"https:\/\/portaltela.pt\/s.01k8rhncp4jt1\/2025\/11\/talking-bot-125x125.png\",\"url\":\"https:\/\/portaltela.pt\/s.01k8rhncp4jt1\/2025\/11\/talking-bot-125x125.png\",\"contentUrl\":\"https:\/\/portaltela.pt\/s.01k8rhncp4jt1\/2025\/11\/talking-bot-125x125.png\",\"caption\":\"Telinha\"},\"sameAs\":[\"https:\/\/portaltela.pt\/\"],\"url\":\"https:\/\/portaltela.pt\/por\/367410592786\/\"}]}<\/script>\n<!-- \/ Yoast SEO plugin. -->","yoast_head_json":{"title":"Primeiro-ministro b\u00falgaro recua na participa\u00e7\u00e3o no Conselho da Paz de Trump - Portal Tela Portugal","robots":{"index":"index","follow":"follow","max-snippet":"max-snippet:-1","max-image-preview":"max-image-preview:large","max-video-preview":"max-video-preview:-1"},"og_locale":"pt_PT","og_type":"article","og_title":"Primeiro-ministro b\u00falgaro recua na participa\u00e7\u00e3o no Conselho da Paz de Trump - Portal Tela Portugal","og_description":"O primeiro-ministro interino da Bulg\u00e1ria, Andrey Gyurov, afirmou que a ades\u00e3o ao Conselho da Paz de Trump n\u00e3o reflete o consenso parlamentar, sendo descrita como resultado da decis\u00e3o de um oligarca. Gyurov disse que a assinatura est\u00e1 ligada \u00e0 retirada da lista de san\u00e7\u00f5es de esse oligarca, apontando Delyan Peevski como a figura influente envolvida. O parlamento ainda n\u00e3o ratificou a ades\u00e3o, e mesmo que seja aprovada pode ser submetida ao Tribunal Constitucional. A ades\u00e3o da Bulg\u00e1ria ao Conselho tem gerado resist\u00eancia na Uni\u00e3o Europeia, com a maioria dos Estados-Membros a considerar violar a Carta das Na\u00e7\u00f5es Unidas. Gyurov afirmou que a Bulg\u00e1ria apoia um plano alargado para a paz em Gaza, destacando a import\u00e2ncia de manter boas rela\u00e7\u00f5es com os Estados Unidos e uma Europa forte.","og_url":"https:\/\/portaltela.pt\/noticias\/2026\/03\/20\/primeiro-ministro-bulgaro-recua-na-participacao-no-conselho-da-paz-de-trump\/","og_site_name":"Portal Tela Portugal","article_published_time":"2026-03-20T08:46:59+00:00","author":"Telinha","twitter_card":"summary_large_image","twitter_misc":{"Escrito por":"Telinha","Tempo estimado de leitura":"2 minutos"},"schema":{"@context":"https:\/\/schema.org","@graph":[{"@type":"Article","@id":"https:\/\/portaltela.pt\/noticias\/2026\/03\/20\/primeiro-ministro-bulgaro-recua-na-participacao-no-conselho-da-paz-de-trump\/#article","isPartOf":{"@id":"https:\/\/portaltela.pt\/noticias\/2026\/03\/20\/primeiro-ministro-bulgaro-recua-na-participacao-no-conselho-da-paz-de-trump\/"},"author":{"name":"Telinha","@id":"https:\/\/portaltela.pt\/#\/schema\/person\/c4278d4a6028830caff9ee44b42d32ed"},"headline":"Primeiro-ministro b\u00falgaro recua na participa\u00e7\u00e3o no Conselho da Paz de Trump","datePublished":"2026-03-20T08:46:59+00:00","mainEntityOfPage":{"@id":"https:\/\/portaltela.pt\/noticias\/2026\/03\/20\/primeiro-ministro-bulgaro-recua-na-participacao-no-conselho-da-paz-de-trump\/"},"wordCount":358,"image":{"@id":"https:\/\/portaltela.pt\/noticias\/2026\/03\/20\/primeiro-ministro-bulgaro-recua-na-participacao-no-conselho-da-paz-de-trump\/#primaryimage"},"thumbnailUrl":"https:\/\/portaltela.pt\/s.01k8rhncp4jt1\/2026\/03\/1536x864_cmsv2_5e58bb03-1ad0-516a-a346-23c4fa69cfcb-9691389.jpg","keywords":["Bulg\u00e1ria","Estados Unidos","pol\u00edtica","pol\u00edtica internacional","rela\u00e7\u00f5es internacionais","Uni\u00e3o Europeia"],"articleSection":["Internacionais","Not\u00edcias"],"inLanguage":"pt-PT"},{"@type":"WebPage","@id":"https:\/\/portaltela.pt\/noticias\/2026\/03\/20\/primeiro-ministro-bulgaro-recua-na-participacao-no-conselho-da-paz-de-trump\/","url":"https:\/\/portaltela.pt\/noticias\/2026\/03\/20\/primeiro-ministro-bulgaro-recua-na-participacao-no-conselho-da-paz-de-trump\/","name":"Primeiro-ministro b\u00falgaro recua na participa\u00e7\u00e3o no Conselho da Paz de Trump - Portal Tela Portugal","isPartOf":{"@id":"https:\/\/portaltela.pt\/#website"},"primaryImageOfPage":{"@id":"https:\/\/portaltela.pt\/noticias\/2026\/03\/20\/primeiro-ministro-bulgaro-recua-na-participacao-no-conselho-da-paz-de-trump\/#primaryimage"},"image":{"@id":"https:\/\/portaltela.pt\/noticias\/2026\/03\/20\/primeiro-ministro-bulgaro-recua-na-participacao-no-conselho-da-paz-de-trump\/#primaryimage"},"thumbnailUrl":"https:\/\/portaltela.pt\/s.01k8rhncp4jt1\/2026\/03\/1536x864_cmsv2_5e58bb03-1ad0-516a-a346-23c4fa69cfcb-9691389.jpg","datePublished":"2026-03-20T08:46:59+00:00","author":{"@id":"https:\/\/portaltela.pt\/#\/schema\/person\/c4278d4a6028830caff9ee44b42d32ed"},"breadcrumb":{"@id":"https:\/\/portaltela.pt\/noticias\/2026\/03\/20\/primeiro-ministro-bulgaro-recua-na-participacao-no-conselho-da-paz-de-trump\/#breadcrumb"},"inLanguage":"pt-PT","potentialAction":[{"@type":"ReadAction","target":["https:\/\/portaltela.pt\/noticias\/2026\/03\/20\/primeiro-ministro-bulgaro-recua-na-participacao-no-conselho-da-paz-de-trump\/"]}]},{"@type":"ImageObject","inLanguage":"pt-PT","@id":"https:\/\/portaltela.pt\/noticias\/2026\/03\/20\/primeiro-ministro-bulgaro-recua-na-participacao-no-conselho-da-paz-de-trump\/#primaryimage","url":"https:\/\/portaltela.pt\/s.01k8rhncp4jt1\/2026\/03\/1536x864_cmsv2_5e58bb03-1ad0-516a-a346-23c4fa69cfcb-9691389.jpg","contentUrl":"https:\/\/portaltela.pt\/s.01k8rhncp4jt1\/2026\/03\/1536x864_cmsv2_5e58bb03-1ad0-516a-a346-23c4fa69cfcb-9691389.jpg","width":796,"height":448,"caption":"O primeiro-ministro b\u00falgaro Andrey Gyurov, terceiro \u00e0 esquerda, toma o seu lugar antes de uma fotografia de grupo na cimeira da UE em Bruxelas, quinta-feira, 19 de mar\u00e7o de 2026."},{"@type":"BreadcrumbList","@id":"https:\/\/portaltela.pt\/noticias\/2026\/03\/20\/primeiro-ministro-bulgaro-recua-na-participacao-no-conselho-da-paz-de-trump\/#breadcrumb","itemListElement":[{"@type":"ListItem","position":1,"name":"In\u00edcio","item":"https:\/\/portaltela.pt\/"},{"@type":"ListItem","position":2,"name":"Primeiro-ministro b\u00falgaro recua na participa\u00e7\u00e3o no Conselho da Paz de Trump"}]},{"@type":"WebSite","@id":"https:\/\/portaltela.pt\/#website","url":"https:\/\/portaltela.pt\/","name":"Portal Tela Portugal","description":"","potentialAction":[{"@type":"SearchAction","target":{"@type":"EntryPoint","urlTemplate":"https:\/\/portaltela.pt\/?s={search_term_string}"},"query-input":{"@type":"PropertyValueSpecification","valueRequired":true,"valueName":"search_term_string"}}],"inLanguage":"pt-PT"},{"@type":"Person","@id":"https:\/\/portaltela.pt\/#\/schema\/person\/c4278d4a6028830caff9ee44b42d32ed","name":"Telinha","image":{"@type":"ImageObject","inLanguage":"pt-PT","@id":"https:\/\/portaltela.pt\/s.01k8rhncp4jt1\/2025\/11\/talking-bot-125x125.png","url":"https:\/\/portaltela.pt\/s.01k8rhncp4jt1\/2025\/11\/talking-bot-125x125.png","contentUrl":"https:\/\/portaltela.pt\/s.01k8rhncp4jt1\/2025\/11\/talking-bot-125x125.png","caption":"Telinha"},"sameAs":["https:\/\/portaltela.pt\/"],"url":"https:\/\/portaltela.pt\/por\/367410592786\/"}]}},"_links":{"self":[{"href":"https:\/\/portaltela.pt\/api\/wp\/v2\/posts\/416972","targetHints":{"allow":["GET"]}}],"collection":[{"href":"https:\/\/portaltela.pt\/api\/wp\/v2\/posts"}],"about":[{"href":"https:\/\/portaltela.pt\/api\/wp\/v2\/types\/post"}],"author":[{"embeddable":true,"href":"https:\/\/portaltela.pt\/api\/wp\/v2\/users\/2"}],"replies":[{"embeddable":true,"href":"https:\/\/portaltela.pt\/api\/wp\/v2\/comments?post=416972"}],"version-history":[{"count":0,"href":"https:\/\/portaltela.pt\/api\/wp\/v2\/posts\/416972\/revisions"}],"wp:featuredmedia":[{"embeddable":true,"href":"https:\/\/portaltela.pt\/api\/wp\/v2\/media\/416975"}],"wp:attachment":[{"href":"https:\/\/portaltela.pt\/api\/wp\/v2\/media?parent=416972"}],"wp:term":[{"taxonomy":"category","embeddable":true,"href":"https:\/\/portaltela.pt\/api\/wp\/v2\/categories?post=416972"},{"taxonomy":"post_tag","embeddable":true,"href":"https:\/\/portaltela.pt\/api\/wp\/v2\/tags?post=416972"}],"curies":[{"name":"wp","href":"https:\/\/api.w.org\/{rel}","templated":true}]}}