{"id":416962,"date":"2026-03-20T05:46:43","date_gmt":"2026-03-20T08:46:43","guid":{"rendered":"https:\/\/portaltela.pt\/noticias\/2026\/03\/20\/accor-nega-acusacoes-de-trafico-e-exploracao-sexual-de-menores-na-ucrania\/"},"modified":"2026-03-20T05:46:43","modified_gmt":"2026-03-20T08:46:43","slug":"accor-nega-acusacoes-de-trafico-e-exploracao-sexual-de-menores-na-ucrania","status":"publish","type":"post","link":"https:\/\/portaltela.pt\/noticias\/2026\/03\/20\/accor-nega-acusacoes-de-trafico-e-exploracao-sexual-de-menores-na-ucrania\/","title":{"rendered":"Accor nega acusa\u00e7\u00f5es de tr\u00e1fico e explora\u00e7\u00e3o sexual de menores na Ucr\u00e2nia"},"content":{"rendered":"<p>A Accor, grupo hoteleiro franc\u00eas, negou envolvimento no tr\u00e1fico de pessoas e de crian\u00e7as para fins de explora\u00e7\u00e3o na Ucr\u00e2nia. A empresa disse ter iniciado uma investiga\u00e7\u00e3o interna aprofundada e contratado uma firma externa para analisar as alega\u00e7\u00f5es veiculadas por um relat\u00f3rio de Grizzly Research. As a\u00e7\u00f5es da empresa chegaram a recuar na pra\u00e7a de Paris ap\u00f3s a publica\u00e7\u00e3o.<\/p>\n<p>Segundo o relat\u00f3rio, mais de 20 hot\u00e9is da Accor teriam aceitado alojar crian\u00e7as ucranianas a caminho de uma presumida deporta\u00e7\u00e3o ilegal para a R\u00fassia. O documento afirma que alguns hot\u00e9is russos teriam recusado partilhar informa\u00e7\u00f5es confidenciais com a sede na Fran\u00e7a. A Grizzly Research sustenta ainda haver ind\u00edcios de abuso sexual de menores nas reservas.<\/p>\n<p>A Accor vem desde a invas\u00e3o da Ucr\u00e2nia pela R\u00fassia suspendendo a abertura de novos hot\u00e9is na R\u00fassia, mas mantendo opera\u00e7\u00f5es em mais de 50 estabelecimentos. A empresa justifica a atua\u00e7\u00e3o cont\u00ednua pela necessidade de apoiar os seus trabalhadores. Todos os hot\u00e9is Alegadamente envolvidos teriam abrang\u00eancia internacional.<\/p>\n<p>Desde fevereiro de 2026, investigadores teriam enviado pedidos de reserva para mais de 200 hot\u00e9is da Accor, com reservas aceites por hot\u00e9is em cerca de 20 pa\u00edses, segundo o relat\u00f3rio. A Grizzly Research tamb\u00e9m menciona, noutras regi\u00f5es, que alguns hot\u00e9is teriam acolhido prostitutas. No documento, \u00e9 discutida uma liga\u00e7\u00e3o entre o CEO S\u00e9bastien Bazin e Jeffrey Epstein.<\/p>\n<p>A Accor afirma que treina regularmente a sua equipa para identificar sinais de tr\u00e1fico de seres humanos e que realiza auditorias internas cont\u00ednuas. O grupo disse ainda que, se as alega\u00e7\u00f5es se verificarem, tomar\u00e1 medidas legais contra todos os envolvidos. A veracidade das acusa\u00e7\u00f5es permanece por confirmar at\u00e9 ao momento.<\/p>\n<p>Contexto internacional e decis\u00f5es legais<\/p>\n<p>A organiza\u00e7\u00e3o internacional destaca que a deporta\u00e7\u00e3o e explora\u00e7\u00e3o de crian\u00e7as pode configurar crimes de guerra e contra a humanidade. Em mar\u00e7o de 2023, o Tribunal Penal Internacional emitiu mandados de captura relacionados com a situa\u00e7\u00e3o na Ucr\u00e2nia, envolvendo figuras de responsabilidade estatal. As autoridades n\u00e3o comentaram novas informa\u00e7\u00f5es oficiais at\u00e9 o fecho deste texto.<\/p>\n","protected":false},"excerpt":{"rendered":"<ul>\n<li>O grupo hoteleiro Accor negou qualquer envolvimento no tr\u00e1fico ou explora\u00e7\u00e3o sexual de menores na Ucr\u00e2nia, dizendo ter iniciado uma investiga\u00e7\u00e3o interna aprofundada e contratado uma firma externa para analisar as alega\u00e7\u00f5es.<\/li>\n<li>O relat\u00f3rio da Grizzly Research afirma que mais de vinte hot\u00e9is Accor em cerca de vinte pa\u00edses teriam alojado crian\u00e7as ucranianas destinadas a ado\u00e7\u00e3o ilegal na R\u00fassia, alega\u00e7\u00f5es ainda por verificar.<\/li>\n<li>Ap\u00f3s a publica\u00e7\u00e3o, as a\u00e7\u00f5es da Accor perderam mais de oito por cento na bolsa de Paris.<\/li>\n<li>A Grizzly Research sustenta que hot\u00e9is russos teriam ocultado informa\u00e7\u00f5es \u00e0 sede da Accor em Fran\u00e7a; a Accor suspendeu a abertura de novos hot\u00e9is na R\u00fassia em 2022, mas continuou a operar em mais de cinquenta estabelecimentos.<\/li>\n<li>A organiza\u00e7\u00e3o utiliza o contexto de deporta\u00e7\u00e3o de crian\u00e7as ucranianas para ado\u00e7\u00e3o na R\u00fassia em crimes de guerra; tribunais internacionais j\u00e1 emitiram mandados relacionados a estas quest\u00f5es.<\/li>\n<\/ul>\n","protected":false},"author":2,"featured_media":416963,"comment_status":"closed","ping_status":"closed","sticky":false,"template":"","format":"standard","meta":{"footnotes":""},"categories":[7386,1],"tags":[6210,2633,5194,6056,1705,2134],"class_list":["post-416962","post","type-post","status-publish","format-standard","has-post-thumbnail","hentry","category-crimes-contra-a-pessoa","category-noticias","tag-crimes-contra-menores","tag-direitos-humanos","tag-exploracao-de-menores","tag-menores","tag-trafico-de-menores","tag-ucrania"],"yoast_head":"<!-- This site is optimized with the Yoast SEO plugin v27.2 - https:\/\/yoast.com\/product\/yoast-seo-wordpress\/ -->\n<title>Accor nega acusa\u00e7\u00f5es de tr\u00e1fico e explora\u00e7\u00e3o sexual de menores na Ucr\u00e2nia - Portal Tela Portugal<\/title>\n<meta name=\"robots\" content=\"index, follow, max-snippet:-1, max-image-preview:large, max-video-preview:-1\" \/>\n<meta property=\"og:locale\" content=\"pt_PT\" \/>\n<meta property=\"og:type\" content=\"article\" \/>\n<meta property=\"og:title\" content=\"Accor nega acusa\u00e7\u00f5es de tr\u00e1fico e explora\u00e7\u00e3o sexual de menores na Ucr\u00e2nia - Portal Tela Portugal\" \/>\n<meta property=\"og:description\" content=\"O grupo hoteleiro Accor negou qualquer envolvimento no tr\u00e1fico ou explora\u00e7\u00e3o sexual de menores na Ucr\u00e2nia, dizendo ter iniciado uma investiga\u00e7\u00e3o interna aprofundada e contratado uma firma externa para analisar as alega\u00e7\u00f5es. O relat\u00f3rio da Grizzly Research afirma que mais de vinte hot\u00e9is Accor em cerca de vinte pa\u00edses teriam alojado crian\u00e7as ucranianas destinadas a ado\u00e7\u00e3o ilegal na R\u00fassia, alega\u00e7\u00f5es ainda por verificar. Ap\u00f3s a publica\u00e7\u00e3o, as a\u00e7\u00f5es da Accor perderam mais de oito por cento na bolsa de Paris. A Grizzly Research sustenta que hot\u00e9is russos teriam ocultado informa\u00e7\u00f5es \u00e0 sede da Accor em Fran\u00e7a; a Accor suspendeu a abertura de novos hot\u00e9is na R\u00fassia em 2022, mas continuou a operar em mais de cinquenta estabelecimentos. A organiza\u00e7\u00e3o utiliza o contexto de deporta\u00e7\u00e3o de crian\u00e7as ucranianas para ado\u00e7\u00e3o na R\u00fassia em crimes de guerra; tribunais internacionais j\u00e1 emitiram mandados relacionados a estas quest\u00f5es.\" \/>\n<meta property=\"og:url\" content=\"https:\/\/portaltela.pt\/noticias\/2026\/03\/20\/accor-nega-acusacoes-de-trafico-e-exploracao-sexual-de-menores-na-ucrania\/\" \/>\n<meta property=\"og:site_name\" content=\"Portal Tela Portugal\" \/>\n<meta property=\"article:published_time\" content=\"2026-03-20T08:46:43+00:00\" \/>\n<meta name=\"author\" content=\"Telinha\" \/>\n<meta name=\"twitter:card\" content=\"summary_large_image\" \/>\n<meta name=\"twitter:label1\" content=\"Escrito por\" \/>\n\t<meta name=\"twitter:data1\" content=\"Telinha\" \/>\n\t<meta name=\"twitter:label2\" content=\"Tempo estimado de leitura\" \/>\n\t<meta name=\"twitter:data2\" content=\"2 minutos\" \/>\n<script type=\"application\/ld+json\" class=\"yoast-schema-graph\">{\"@context\":\"https:\/\/schema.org\",\"@graph\":[{\"@type\":\"Article\",\"@id\":\"https:\/\/portaltela.pt\/noticias\/2026\/03\/20\/accor-nega-acusacoes-de-trafico-e-exploracao-sexual-de-menores-na-ucrania\/#article\",\"isPartOf\":{\"@id\":\"https:\/\/portaltela.pt\/noticias\/2026\/03\/20\/accor-nega-acusacoes-de-trafico-e-exploracao-sexual-de-menores-na-ucrania\/\"},\"author\":{\"name\":\"Telinha\",\"@id\":\"https:\/\/portaltela.pt\/#\/schema\/person\/c4278d4a6028830caff9ee44b42d32ed\"},\"headline\":\"Accor nega acusa\u00e7\u00f5es de tr\u00e1fico e explora\u00e7\u00e3o sexual de menores na Ucr\u00e2nia\",\"datePublished\":\"2026-03-20T08:46:43+00:00\",\"mainEntityOfPage\":{\"@id\":\"https:\/\/portaltela.pt\/noticias\/2026\/03\/20\/accor-nega-acusacoes-de-trafico-e-exploracao-sexual-de-menores-na-ucrania\/\"},\"wordCount\":391,\"image\":{\"@id\":\"https:\/\/portaltela.pt\/noticias\/2026\/03\/20\/accor-nega-acusacoes-de-trafico-e-exploracao-sexual-de-menores-na-ucrania\/#primaryimage\"},\"thumbnailUrl\":\"https:\/\/portaltela.pt\/s.01k8rhncp4jt1\/2026\/03\/1536x864_cmsv2_150b39a2-f481-5664-b340-71d12482ea21-9692175.jpg\",\"keywords\":[\"crimes contra menores\",\"direitos humanos\",\"explora\u00e7\u00e3o de menores\",\"menores\",\"tr\u00e1fico de menores\",\"Ucr\u00e2nia\"],\"articleSection\":[\"Crimes contra a pessoa\",\"Not\u00edcias\"],\"inLanguage\":\"pt-PT\"},{\"@type\":\"WebPage\",\"@id\":\"https:\/\/portaltela.pt\/noticias\/2026\/03\/20\/accor-nega-acusacoes-de-trafico-e-exploracao-sexual-de-menores-na-ucrania\/\",\"url\":\"https:\/\/portaltela.pt\/noticias\/2026\/03\/20\/accor-nega-acusacoes-de-trafico-e-exploracao-sexual-de-menores-na-ucrania\/\",\"name\":\"Accor nega acusa\u00e7\u00f5es de tr\u00e1fico e explora\u00e7\u00e3o sexual de menores na Ucr\u00e2nia - Portal Tela Portugal\",\"isPartOf\":{\"@id\":\"https:\/\/portaltela.pt\/#website\"},\"primaryImageOfPage\":{\"@id\":\"https:\/\/portaltela.pt\/noticias\/2026\/03\/20\/accor-nega-acusacoes-de-trafico-e-exploracao-sexual-de-menores-na-ucrania\/#primaryimage\"},\"image\":{\"@id\":\"https:\/\/portaltela.pt\/noticias\/2026\/03\/20\/accor-nega-acusacoes-de-trafico-e-exploracao-sexual-de-menores-na-ucrania\/#primaryimage\"},\"thumbnailUrl\":\"https:\/\/portaltela.pt\/s.01k8rhncp4jt1\/2026\/03\/1536x864_cmsv2_150b39a2-f481-5664-b340-71d12482ea21-9692175.jpg\",\"datePublished\":\"2026-03-20T08:46:43+00:00\",\"author\":{\"@id\":\"https:\/\/portaltela.pt\/#\/schema\/person\/c4278d4a6028830caff9ee44b42d32ed\"},\"breadcrumb\":{\"@id\":\"https:\/\/portaltela.pt\/noticias\/2026\/03\/20\/accor-nega-acusacoes-de-trafico-e-exploracao-sexual-de-menores-na-ucrania\/#breadcrumb\"},\"inLanguage\":\"pt-PT\",\"potentialAction\":[{\"@type\":\"ReadAction\",\"target\":[\"https:\/\/portaltela.pt\/noticias\/2026\/03\/20\/accor-nega-acusacoes-de-trafico-e-exploracao-sexual-de-menores-na-ucrania\/\"]}]},{\"@type\":\"ImageObject\",\"inLanguage\":\"pt-PT\",\"@id\":\"https:\/\/portaltela.pt\/noticias\/2026\/03\/20\/accor-nega-acusacoes-de-trafico-e-exploracao-sexual-de-menores-na-ucrania\/#primaryimage\",\"url\":\"https:\/\/portaltela.pt\/s.01k8rhncp4jt1\/2026\/03\/1536x864_cmsv2_150b39a2-f481-5664-b340-71d12482ea21-9692175.jpg\",\"contentUrl\":\"https:\/\/portaltela.pt\/s.01k8rhncp4jt1\/2026\/03\/1536x864_cmsv2_150b39a2-f481-5664-b340-71d12482ea21-9692175.jpg\",\"width\":1536,\"height\":864,\"caption\":\"Log\u00f3tipo da Accor Hotels\"},{\"@type\":\"BreadcrumbList\",\"@id\":\"https:\/\/portaltela.pt\/noticias\/2026\/03\/20\/accor-nega-acusacoes-de-trafico-e-exploracao-sexual-de-menores-na-ucrania\/#breadcrumb\",\"itemListElement\":[{\"@type\":\"ListItem\",\"position\":1,\"name\":\"In\u00edcio\",\"item\":\"https:\/\/portaltela.pt\/\"},{\"@type\":\"ListItem\",\"position\":2,\"name\":\"Accor nega acusa\u00e7\u00f5es de tr\u00e1fico e explora\u00e7\u00e3o sexual de menores na Ucr\u00e2nia\"}]},{\"@type\":\"WebSite\",\"@id\":\"https:\/\/portaltela.pt\/#website\",\"url\":\"https:\/\/portaltela.pt\/\",\"name\":\"Portal Tela Portugal\",\"description\":\"\",\"potentialAction\":[{\"@type\":\"SearchAction\",\"target\":{\"@type\":\"EntryPoint\",\"urlTemplate\":\"https:\/\/portaltela.pt\/?s={search_term_string}\"},\"query-input\":{\"@type\":\"PropertyValueSpecification\",\"valueRequired\":true,\"valueName\":\"search_term_string\"}}],\"inLanguage\":\"pt-PT\"},{\"@type\":\"Person\",\"@id\":\"https:\/\/portaltela.pt\/#\/schema\/person\/c4278d4a6028830caff9ee44b42d32ed\",\"name\":\"Telinha\",\"image\":{\"@type\":\"ImageObject\",\"inLanguage\":\"pt-PT\",\"@id\":\"https:\/\/portaltela.pt\/s.01k8rhncp4jt1\/2025\/11\/talking-bot-125x125.png\",\"url\":\"https:\/\/portaltela.pt\/s.01k8rhncp4jt1\/2025\/11\/talking-bot-125x125.png\",\"contentUrl\":\"https:\/\/portaltela.pt\/s.01k8rhncp4jt1\/2025\/11\/talking-bot-125x125.png\",\"caption\":\"Telinha\"},\"sameAs\":[\"https:\/\/portaltela.pt\/\"],\"url\":\"https:\/\/portaltela.pt\/por\/367410592786\/\"}]}<\/script>\n<!-- \/ Yoast SEO plugin. -->","yoast_head_json":{"title":"Accor nega acusa\u00e7\u00f5es de tr\u00e1fico e explora\u00e7\u00e3o sexual de menores na Ucr\u00e2nia - Portal Tela Portugal","robots":{"index":"index","follow":"follow","max-snippet":"max-snippet:-1","max-image-preview":"max-image-preview:large","max-video-preview":"max-video-preview:-1"},"og_locale":"pt_PT","og_type":"article","og_title":"Accor nega acusa\u00e7\u00f5es de tr\u00e1fico e explora\u00e7\u00e3o sexual de menores na Ucr\u00e2nia - Portal Tela Portugal","og_description":"O grupo hoteleiro Accor negou qualquer envolvimento no tr\u00e1fico ou explora\u00e7\u00e3o sexual de menores na Ucr\u00e2nia, dizendo ter iniciado uma investiga\u00e7\u00e3o interna aprofundada e contratado uma firma externa para analisar as alega\u00e7\u00f5es. O relat\u00f3rio da Grizzly Research afirma que mais de vinte hot\u00e9is Accor em cerca de vinte pa\u00edses teriam alojado crian\u00e7as ucranianas destinadas a ado\u00e7\u00e3o ilegal na R\u00fassia, alega\u00e7\u00f5es ainda por verificar. Ap\u00f3s a publica\u00e7\u00e3o, as a\u00e7\u00f5es da Accor perderam mais de oito por cento na bolsa de Paris. A Grizzly Research sustenta que hot\u00e9is russos teriam ocultado informa\u00e7\u00f5es \u00e0 sede da Accor em Fran\u00e7a; a Accor suspendeu a abertura de novos hot\u00e9is na R\u00fassia em 2022, mas continuou a operar em mais de cinquenta estabelecimentos. A organiza\u00e7\u00e3o utiliza o contexto de deporta\u00e7\u00e3o de crian\u00e7as ucranianas para ado\u00e7\u00e3o na R\u00fassia em crimes de guerra; tribunais internacionais j\u00e1 emitiram mandados relacionados a estas quest\u00f5es.","og_url":"https:\/\/portaltela.pt\/noticias\/2026\/03\/20\/accor-nega-acusacoes-de-trafico-e-exploracao-sexual-de-menores-na-ucrania\/","og_site_name":"Portal Tela Portugal","article_published_time":"2026-03-20T08:46:43+00:00","author":"Telinha","twitter_card":"summary_large_image","twitter_misc":{"Escrito por":"Telinha","Tempo estimado de leitura":"2 minutos"},"schema":{"@context":"https:\/\/schema.org","@graph":[{"@type":"Article","@id":"https:\/\/portaltela.pt\/noticias\/2026\/03\/20\/accor-nega-acusacoes-de-trafico-e-exploracao-sexual-de-menores-na-ucrania\/#article","isPartOf":{"@id":"https:\/\/portaltela.pt\/noticias\/2026\/03\/20\/accor-nega-acusacoes-de-trafico-e-exploracao-sexual-de-menores-na-ucrania\/"},"author":{"name":"Telinha","@id":"https:\/\/portaltela.pt\/#\/schema\/person\/c4278d4a6028830caff9ee44b42d32ed"},"headline":"Accor nega acusa\u00e7\u00f5es de tr\u00e1fico e explora\u00e7\u00e3o sexual de menores na Ucr\u00e2nia","datePublished":"2026-03-20T08:46:43+00:00","mainEntityOfPage":{"@id":"https:\/\/portaltela.pt\/noticias\/2026\/03\/20\/accor-nega-acusacoes-de-trafico-e-exploracao-sexual-de-menores-na-ucrania\/"},"wordCount":391,"image":{"@id":"https:\/\/portaltela.pt\/noticias\/2026\/03\/20\/accor-nega-acusacoes-de-trafico-e-exploracao-sexual-de-menores-na-ucrania\/#primaryimage"},"thumbnailUrl":"https:\/\/portaltela.pt\/s.01k8rhncp4jt1\/2026\/03\/1536x864_cmsv2_150b39a2-f481-5664-b340-71d12482ea21-9692175.jpg","keywords":["crimes contra menores","direitos humanos","explora\u00e7\u00e3o de menores","menores","tr\u00e1fico de menores","Ucr\u00e2nia"],"articleSection":["Crimes contra a pessoa","Not\u00edcias"],"inLanguage":"pt-PT"},{"@type":"WebPage","@id":"https:\/\/portaltela.pt\/noticias\/2026\/03\/20\/accor-nega-acusacoes-de-trafico-e-exploracao-sexual-de-menores-na-ucrania\/","url":"https:\/\/portaltela.pt\/noticias\/2026\/03\/20\/accor-nega-acusacoes-de-trafico-e-exploracao-sexual-de-menores-na-ucrania\/","name":"Accor nega acusa\u00e7\u00f5es de tr\u00e1fico e explora\u00e7\u00e3o sexual de menores na Ucr\u00e2nia - Portal Tela Portugal","isPartOf":{"@id":"https:\/\/portaltela.pt\/#website"},"primaryImageOfPage":{"@id":"https:\/\/portaltela.pt\/noticias\/2026\/03\/20\/accor-nega-acusacoes-de-trafico-e-exploracao-sexual-de-menores-na-ucrania\/#primaryimage"},"image":{"@id":"https:\/\/portaltela.pt\/noticias\/2026\/03\/20\/accor-nega-acusacoes-de-trafico-e-exploracao-sexual-de-menores-na-ucrania\/#primaryimage"},"thumbnailUrl":"https:\/\/portaltela.pt\/s.01k8rhncp4jt1\/2026\/03\/1536x864_cmsv2_150b39a2-f481-5664-b340-71d12482ea21-9692175.jpg","datePublished":"2026-03-20T08:46:43+00:00","author":{"@id":"https:\/\/portaltela.pt\/#\/schema\/person\/c4278d4a6028830caff9ee44b42d32ed"},"breadcrumb":{"@id":"https:\/\/portaltela.pt\/noticias\/2026\/03\/20\/accor-nega-acusacoes-de-trafico-e-exploracao-sexual-de-menores-na-ucrania\/#breadcrumb"},"inLanguage":"pt-PT","potentialAction":[{"@type":"ReadAction","target":["https:\/\/portaltela.pt\/noticias\/2026\/03\/20\/accor-nega-acusacoes-de-trafico-e-exploracao-sexual-de-menores-na-ucrania\/"]}]},{"@type":"ImageObject","inLanguage":"pt-PT","@id":"https:\/\/portaltela.pt\/noticias\/2026\/03\/20\/accor-nega-acusacoes-de-trafico-e-exploracao-sexual-de-menores-na-ucrania\/#primaryimage","url":"https:\/\/portaltela.pt\/s.01k8rhncp4jt1\/2026\/03\/1536x864_cmsv2_150b39a2-f481-5664-b340-71d12482ea21-9692175.jpg","contentUrl":"https:\/\/portaltela.pt\/s.01k8rhncp4jt1\/2026\/03\/1536x864_cmsv2_150b39a2-f481-5664-b340-71d12482ea21-9692175.jpg","width":1536,"height":864,"caption":"Log\u00f3tipo da Accor Hotels"},{"@type":"BreadcrumbList","@id":"https:\/\/portaltela.pt\/noticias\/2026\/03\/20\/accor-nega-acusacoes-de-trafico-e-exploracao-sexual-de-menores-na-ucrania\/#breadcrumb","itemListElement":[{"@type":"ListItem","position":1,"name":"In\u00edcio","item":"https:\/\/portaltela.pt\/"},{"@type":"ListItem","position":2,"name":"Accor nega acusa\u00e7\u00f5es de tr\u00e1fico e explora\u00e7\u00e3o sexual de menores na Ucr\u00e2nia"}]},{"@type":"WebSite","@id":"https:\/\/portaltela.pt\/#website","url":"https:\/\/portaltela.pt\/","name":"Portal Tela Portugal","description":"","potentialAction":[{"@type":"SearchAction","target":{"@type":"EntryPoint","urlTemplate":"https:\/\/portaltela.pt\/?s={search_term_string}"},"query-input":{"@type":"PropertyValueSpecification","valueRequired":true,"valueName":"search_term_string"}}],"inLanguage":"pt-PT"},{"@type":"Person","@id":"https:\/\/portaltela.pt\/#\/schema\/person\/c4278d4a6028830caff9ee44b42d32ed","name":"Telinha","image":{"@type":"ImageObject","inLanguage":"pt-PT","@id":"https:\/\/portaltela.pt\/s.01k8rhncp4jt1\/2025\/11\/talking-bot-125x125.png","url":"https:\/\/portaltela.pt\/s.01k8rhncp4jt1\/2025\/11\/talking-bot-125x125.png","contentUrl":"https:\/\/portaltela.pt\/s.01k8rhncp4jt1\/2025\/11\/talking-bot-125x125.png","caption":"Telinha"},"sameAs":["https:\/\/portaltela.pt\/"],"url":"https:\/\/portaltela.pt\/por\/367410592786\/"}]}},"_links":{"self":[{"href":"https:\/\/portaltela.pt\/api\/wp\/v2\/posts\/416962","targetHints":{"allow":["GET"]}}],"collection":[{"href":"https:\/\/portaltela.pt\/api\/wp\/v2\/posts"}],"about":[{"href":"https:\/\/portaltela.pt\/api\/wp\/v2\/types\/post"}],"author":[{"embeddable":true,"href":"https:\/\/portaltela.pt\/api\/wp\/v2\/users\/2"}],"replies":[{"embeddable":true,"href":"https:\/\/portaltela.pt\/api\/wp\/v2\/comments?post=416962"}],"version-history":[{"count":0,"href":"https:\/\/portaltela.pt\/api\/wp\/v2\/posts\/416962\/revisions"}],"wp:featuredmedia":[{"embeddable":true,"href":"https:\/\/portaltela.pt\/api\/wp\/v2\/media\/416963"}],"wp:attachment":[{"href":"https:\/\/portaltela.pt\/api\/wp\/v2\/media?parent=416962"}],"wp:term":[{"taxonomy":"category","embeddable":true,"href":"https:\/\/portaltela.pt\/api\/wp\/v2\/categories?post=416962"},{"taxonomy":"post_tag","embeddable":true,"href":"https:\/\/portaltela.pt\/api\/wp\/v2\/tags?post=416962"}],"curies":[{"name":"wp","href":"https:\/\/api.w.org\/{rel}","templated":true}]}}