{"id":416949,"date":"2026-03-20T05:32:02","date_gmt":"2026-03-20T08:32:02","guid":{"rendered":"https:\/\/portaltela.pt\/noticias\/2026\/03\/20\/lideres-criticam-veto-de-orban-e-dizem-que-ninguem-pode-chantagear\/"},"modified":"2026-03-20T05:32:02","modified_gmt":"2026-03-20T08:32:02","slug":"lideres-criticam-veto-de-orban-e-dizem-que-ninguem-pode-chantagear","status":"publish","type":"post","link":"https:\/\/portaltela.pt\/noticias\/politica\/2026\/03\/20\/lideres-criticam-veto-de-orban-e-dizem-que-ninguem-pode-chantagear\/","title":{"rendered":"L\u00edderes criticam veto de Orb\u00e1n e dizem que ningu\u00e9m pode chantagear"},"content":{"rendered":"<p>Numa reuni\u00e3o de gest\u00e3o da Uni\u00e3o Europeia em Bruxelas, Viktor Orb\u00e1n manteve o veto ao empr\u00e9stimo de 90 mil milh\u00f5es de euros \u00e0 Ucr\u00e2nia, aprovando assim um quebra de acordo com as autoridades comunit\u00e1rias. A decis\u00e3o manteve-se mesmo diante das cr\u00edticas mais fortes j\u00e1 ouvidas aos chamados de financiamento externo.<\/p>\n<p>L\u00edderes europeus reagiram de forma unida, denunciando o veto como inaceit\u00e1vel face ao compromisso assumido em dezembro. Ant\u00f3nio Costa, presidente do Conselho Europeu, ganhou destaque ao afirmar que ningu\u00e9m pode chantagear as institui\u00e7\u00f5es da UE e que o empr\u00e9stimo dever\u00e1 ser pago conforme o acordo.<\/p>\n<p>Costa refor\u00e7ou que a credibilidade das institui\u00e7\u00f5es est\u00e1 em jogo, ao mesmo tempo que reconheceu press\u00e3o sobre o Gasoduto Druzhba. A diplomacia procurou desviar a ret\u00f3rica para evitar que o conflito eleitoral em Budapeste contamine a coordena\u00e7\u00e3o europeia.<\/p>\n<h3>Rea\u00e7\u00f5es no audit\u00f3rio europeu<\/h3>\n<p>Durante o encontro, pol\u00edticas de v\u00e1rios pa\u00edses criticaram a posi\u00e7\u00e3o de Orb\u00e1n, com o chanceler alem\u00e3o, o presidente franc\u00eas e outros l\u00edderes a exigir que se honre o acordo de dezembro. Bruxelas confirmou que a inspe\u00e7\u00e3o externa ao Druzhba foi autorizada pela Ucr\u00e2nia, com apoio financeiro da UE para reparos.<\/p>\n<p>O veto levanta quest\u00f5es sobre a seguran\u00e7a energ\u00e9tica na regi\u00e3o, j\u00e1 que a R\u00fassia continua a bombardear infraestruturas cr\u00edticas. Ucr\u00e2nia, por sua vez, mant\u00e9m a perce\u00e7\u00e3o de que as alega\u00e7\u00f5es h\u00fangaras n\u00e3o t\u00eam fundamento, enquanto Zelenskyy n\u00e3o alterou a posi\u00e7\u00e3o p\u00fablica sobre o tema.<\/p>\n<h3>Situa\u00e7\u00e3o no Druzhba e implica\u00e7\u00f5es<\/h3>\n<p>O debate envolveu ainda a interven\u00e7\u00e3o para inspecionar o gasoduto e a promessa de financiamento pela UE para os reparos. Orb\u00e1n, por sua vez, afirmou que a Hungria n\u00e3o concede financiamento sem garantias de tr\u00e2nsito seguro, repetindo acusa\u00e7\u00f5es sobre sabotagem ucraniana.<\/p>\n<p>A tens\u00e3o cresceu com a aproxima\u00e7\u00e3o das elei\u00e7\u00f5es h\u00fangaras, que intensificam a ret\u00f3rica do governo no sentido de explorar a crise energ\u00e9tica para influenciar o voto. Outros l\u00edderes sugeriram que mudan\u00e7as de governo na Hungria n\u00e3o devem ser tratadas como objetivo de pol\u00edtica externa da UE.<\/p>\n<h3>Perspectivas e pr\u00f3ximos passos<\/h3>\n<p>A cimeira manteve o foco na coopera\u00e7\u00e3o entre Estados-Membros e na necessidade de cumprir acordos, independentemente de press\u00f5es pol\u00edticas internas. A UE reiterou o compromisso com a aplica\u00e7\u00e3o do financiamento acordado, enquanto trabalha para manter a unidade diante de obst\u00e1culos diplom\u00e1ticos.<\/p>\n<p>Ant\u00f3nio Costa reiterou, em an\u00e1lise de bastidores, que as condi\u00e7\u00f5es do veto dificilmente se alinham com a pr\u00e1tica da Uni\u00e3o. A comunidade internacional observa de perto a evolu\u00e7\u00e3o, dado o impacto potencial no apoio \u00e0 Ucr\u00e2nia e na estrat\u00e9gia energ\u00e9tica europeia.<\/p>\n","protected":false},"excerpt":{"rendered":"<ul>\n<li>Viktor Orb\u00e1n vetou o empr\u00e9stimo de 90 mil milh\u00f5es de euros da Uni\u00e3o Europeia \u00e0 Ucr\u00e2nia, levando l\u00edderes a condenarem o gesto como inaceit\u00e1vel e a Costa a reiterar que ningu\u00e9m pode chantagear o Conselho Europeu.<\/li>\n<li>Costa afirmou que o empr\u00e9stimo ser\u00e1 pago conforme acordado em dezembro, mesmo com o veto mantido por Orb\u00e1n, enquanto a cimeira procurava manter a posi\u00e7\u00e3o comum da UE.<\/li>\n<li>Alergias sobre o oleoduto Druzhba: a Ucr\u00e2nia trabalha para reparar o gasoduto com uma inspe\u00e7\u00e3o da UE, ap\u00f3s a Hungria e a Eslov\u00e1quia terem exigido garantias de seguran\u00e7a, apesar das reservas de Zelenskyy sobre o restabelecimento do tr\u00e2nsito de petr\u00f3leo russo.<\/li>\n<li>Obvios atritos entre lideran\u00e7as: Merkel, Macron e outros chefes de governo criticaram Orb\u00e1n, chamando a ret\u00f3rica de explora\u00e7\u00e3o eleitoral; von der Leyen confirmou o acordo de dezembro, enquanto o veto persiste.<\/li>\n<li>O epis\u00f3dio coloca em risco a credibilidade das institui\u00e7\u00f5es da UE e a lideran\u00e7a de topo, com Costa a sublinhar que a situa\u00e7\u00e3o amea\u00e7a a autoridade dos dirigentes e o funcionamento da UE, especialmente num momento de elei\u00e7\u00f5es na Hungria.<\/li>\n<\/ul>\n","protected":false},"author":2,"featured_media":416956,"comment_status":"closed","ping_status":"closed","sticky":false,"template":"","format":"standard","meta":{"footnotes":""},"categories":[6912,5],"tags":[2198,2502,174,5698,2134,2055],"class_list":["post-416949","post","type-post","status-publish","format-standard","has-post-thumbnail","hentry","category-internacionais","category-politica","tag-conflitos-internacionais","tag-conselho-europeu","tag-energia","tag-politica-internacional","tag-ucrania","tag-uniao-europeia"],"yoast_head":"<!-- This site is optimized with the Yoast SEO plugin v27.2 - https:\/\/yoast.com\/product\/yoast-seo-wordpress\/ -->\n<title>L\u00edderes criticam veto de Orb\u00e1n e dizem que ningu\u00e9m pode chantagear - Portal Tela Portugal<\/title>\n<meta name=\"robots\" content=\"index, follow, max-snippet:-1, max-image-preview:large, max-video-preview:-1\" \/>\n<meta property=\"og:locale\" content=\"pt_PT\" \/>\n<meta property=\"og:type\" content=\"article\" \/>\n<meta property=\"og:title\" content=\"L\u00edderes criticam veto de Orb\u00e1n e dizem que ningu\u00e9m pode chantagear - Portal Tela Portugal\" \/>\n<meta property=\"og:description\" content=\"Viktor Orb\u00e1n vetou o empr\u00e9stimo de 90 mil milh\u00f5es de euros da Uni\u00e3o Europeia \u00e0 Ucr\u00e2nia, levando l\u00edderes a condenarem o gesto como inaceit\u00e1vel e a Costa a reiterar que ningu\u00e9m pode chantagear o Conselho Europeu. Costa afirmou que o empr\u00e9stimo ser\u00e1 pago conforme acordado em dezembro, mesmo com o veto mantido por Orb\u00e1n, enquanto a cimeira procurava manter a posi\u00e7\u00e3o comum da UE. Alergias sobre o oleoduto Druzhba: a Ucr\u00e2nia trabalha para reparar o gasoduto com uma inspe\u00e7\u00e3o da UE, ap\u00f3s a Hungria e a Eslov\u00e1quia terem exigido garantias de seguran\u00e7a, apesar das reservas de Zelenskyy sobre o restabelecimento do tr\u00e2nsito de petr\u00f3leo russo. Obvios atritos entre lideran\u00e7as: Merkel, Macron e outros chefes de governo criticaram Orb\u00e1n, chamando a ret\u00f3rica de explora\u00e7\u00e3o eleitoral; von der Leyen confirmou o acordo de dezembro, enquanto o veto persiste. O epis\u00f3dio coloca em risco a credibilidade das institui\u00e7\u00f5es da UE e a lideran\u00e7a de topo, com Costa a sublinhar que a situa\u00e7\u00e3o amea\u00e7a a autoridade dos dirigentes e o funcionamento da UE, especialmente num momento de elei\u00e7\u00f5es na Hungria.\" \/>\n<meta property=\"og:url\" content=\"https:\/\/portaltela.pt\/noticias\/2026\/03\/20\/lideres-criticam-veto-de-orban-e-dizem-que-ninguem-pode-chantagear\/\" \/>\n<meta property=\"og:site_name\" content=\"Portal Tela Portugal\" \/>\n<meta property=\"article:published_time\" content=\"2026-03-20T08:32:02+00:00\" \/>\n<meta name=\"author\" content=\"Telinha\" \/>\n<meta name=\"twitter:card\" content=\"summary_large_image\" \/>\n<meta name=\"twitter:label1\" content=\"Escrito por\" \/>\n\t<meta name=\"twitter:data1\" content=\"Telinha\" \/>\n\t<meta name=\"twitter:label2\" content=\"Tempo estimado de leitura\" \/>\n\t<meta name=\"twitter:data2\" content=\"2 minutos\" \/>\n<script type=\"application\/ld+json\" class=\"yoast-schema-graph\">{\"@context\":\"https:\/\/schema.org\",\"@graph\":[{\"@type\":\"Article\",\"@id\":\"https:\/\/portaltela.pt\/noticias\/2026\/03\/20\/lideres-criticam-veto-de-orban-e-dizem-que-ninguem-pode-chantagear\/#article\",\"isPartOf\":{\"@id\":\"https:\/\/portaltela.pt\/noticias\/2026\/03\/20\/lideres-criticam-veto-de-orban-e-dizem-que-ninguem-pode-chantagear\/\"},\"author\":{\"name\":\"Telinha\",\"@id\":\"https:\/\/portaltela.pt\/#\/schema\/person\/c4278d4a6028830caff9ee44b42d32ed\"},\"headline\":\"L\u00edderes criticam veto de Orb\u00e1n e dizem que ningu\u00e9m pode chantagear\",\"datePublished\":\"2026-03-20T08:32:02+00:00\",\"mainEntityOfPage\":{\"@id\":\"https:\/\/portaltela.pt\/noticias\/2026\/03\/20\/lideres-criticam-veto-de-orban-e-dizem-que-ninguem-pode-chantagear\/\"},\"wordCount\":502,\"image\":{\"@id\":\"https:\/\/portaltela.pt\/noticias\/2026\/03\/20\/lideres-criticam-veto-de-orban-e-dizem-que-ninguem-pode-chantagear\/#primaryimage\"},\"thumbnailUrl\":\"https:\/\/portaltela.pt\/s.01k8rhncp4jt1\/2026\/03\/1536x864_cmsv2_dc0ed30b-8c03-5f04-b741-f3d7ee8ce20d-9691853.jpg\",\"keywords\":[\"conflitos internacionais\",\"Conselho Europeu\",\"energia\",\"pol\u00edtica internacional\",\"Ucr\u00e2nia\",\"Uni\u00e3o Europeia\"],\"articleSection\":[\"Internacionais\",\"Pol\u00edtica\"],\"inLanguage\":\"pt-PT\"},{\"@type\":\"WebPage\",\"@id\":\"https:\/\/portaltela.pt\/noticias\/2026\/03\/20\/lideres-criticam-veto-de-orban-e-dizem-que-ninguem-pode-chantagear\/\",\"url\":\"https:\/\/portaltela.pt\/noticias\/2026\/03\/20\/lideres-criticam-veto-de-orban-e-dizem-que-ninguem-pode-chantagear\/\",\"name\":\"L\u00edderes criticam veto de Orb\u00e1n e dizem que ningu\u00e9m pode chantagear - Portal Tela Portugal\",\"isPartOf\":{\"@id\":\"https:\/\/portaltela.pt\/#website\"},\"primaryImageOfPage\":{\"@id\":\"https:\/\/portaltela.pt\/noticias\/2026\/03\/20\/lideres-criticam-veto-de-orban-e-dizem-que-ninguem-pode-chantagear\/#primaryimage\"},\"image\":{\"@id\":\"https:\/\/portaltela.pt\/noticias\/2026\/03\/20\/lideres-criticam-veto-de-orban-e-dizem-que-ninguem-pode-chantagear\/#primaryimage\"},\"thumbnailUrl\":\"https:\/\/portaltela.pt\/s.01k8rhncp4jt1\/2026\/03\/1536x864_cmsv2_dc0ed30b-8c03-5f04-b741-f3d7ee8ce20d-9691853.jpg\",\"datePublished\":\"2026-03-20T08:32:02+00:00\",\"author\":{\"@id\":\"https:\/\/portaltela.pt\/#\/schema\/person\/c4278d4a6028830caff9ee44b42d32ed\"},\"breadcrumb\":{\"@id\":\"https:\/\/portaltela.pt\/noticias\/2026\/03\/20\/lideres-criticam-veto-de-orban-e-dizem-que-ninguem-pode-chantagear\/#breadcrumb\"},\"inLanguage\":\"pt-PT\",\"potentialAction\":[{\"@type\":\"ReadAction\",\"target\":[\"https:\/\/portaltela.pt\/noticias\/2026\/03\/20\/lideres-criticam-veto-de-orban-e-dizem-que-ninguem-pode-chantagear\/\"]}]},{\"@type\":\"ImageObject\",\"inLanguage\":\"pt-PT\",\"@id\":\"https:\/\/portaltela.pt\/noticias\/2026\/03\/20\/lideres-criticam-veto-de-orban-e-dizem-que-ninguem-pode-chantagear\/#primaryimage\",\"url\":\"https:\/\/portaltela.pt\/s.01k8rhncp4jt1\/2026\/03\/1536x864_cmsv2_dc0ed30b-8c03-5f04-b741-f3d7ee8ce20d-9691853.jpg\",\"contentUrl\":\"https:\/\/portaltela.pt\/s.01k8rhncp4jt1\/2026\/03\/1536x864_cmsv2_dc0ed30b-8c03-5f04-b741-f3d7ee8ce20d-9691853.jpg\",\"width\":796,\"height\":448,\"caption\":\"Viktor Orban na Cimeira da UE.\"},{\"@type\":\"BreadcrumbList\",\"@id\":\"https:\/\/portaltela.pt\/noticias\/2026\/03\/20\/lideres-criticam-veto-de-orban-e-dizem-que-ninguem-pode-chantagear\/#breadcrumb\",\"itemListElement\":[{\"@type\":\"ListItem\",\"position\":1,\"name\":\"In\u00edcio\",\"item\":\"https:\/\/portaltela.pt\/\"},{\"@type\":\"ListItem\",\"position\":2,\"name\":\"L\u00edderes criticam veto de Orb\u00e1n e dizem que ningu\u00e9m pode chantagear\"}]},{\"@type\":\"WebSite\",\"@id\":\"https:\/\/portaltela.pt\/#website\",\"url\":\"https:\/\/portaltela.pt\/\",\"name\":\"Portal Tela Portugal\",\"description\":\"\",\"potentialAction\":[{\"@type\":\"SearchAction\",\"target\":{\"@type\":\"EntryPoint\",\"urlTemplate\":\"https:\/\/portaltela.pt\/?s={search_term_string}\"},\"query-input\":{\"@type\":\"PropertyValueSpecification\",\"valueRequired\":true,\"valueName\":\"search_term_string\"}}],\"inLanguage\":\"pt-PT\"},{\"@type\":\"Person\",\"@id\":\"https:\/\/portaltela.pt\/#\/schema\/person\/c4278d4a6028830caff9ee44b42d32ed\",\"name\":\"Telinha\",\"image\":{\"@type\":\"ImageObject\",\"inLanguage\":\"pt-PT\",\"@id\":\"https:\/\/portaltela.pt\/s.01k8rhncp4jt1\/2025\/11\/talking-bot-125x125.png\",\"url\":\"https:\/\/portaltela.pt\/s.01k8rhncp4jt1\/2025\/11\/talking-bot-125x125.png\",\"contentUrl\":\"https:\/\/portaltela.pt\/s.01k8rhncp4jt1\/2025\/11\/talking-bot-125x125.png\",\"caption\":\"Telinha\"},\"sameAs\":[\"https:\/\/portaltela.pt\/\"],\"url\":\"https:\/\/portaltela.pt\/por\/367410592786\/\"}]}<\/script>\n<!-- \/ Yoast SEO plugin. -->","yoast_head_json":{"title":"L\u00edderes criticam veto de Orb\u00e1n e dizem que ningu\u00e9m pode chantagear - Portal Tela Portugal","robots":{"index":"index","follow":"follow","max-snippet":"max-snippet:-1","max-image-preview":"max-image-preview:large","max-video-preview":"max-video-preview:-1"},"og_locale":"pt_PT","og_type":"article","og_title":"L\u00edderes criticam veto de Orb\u00e1n e dizem que ningu\u00e9m pode chantagear - Portal Tela Portugal","og_description":"Viktor Orb\u00e1n vetou o empr\u00e9stimo de 90 mil milh\u00f5es de euros da Uni\u00e3o Europeia \u00e0 Ucr\u00e2nia, levando l\u00edderes a condenarem o gesto como inaceit\u00e1vel e a Costa a reiterar que ningu\u00e9m pode chantagear o Conselho Europeu. Costa afirmou que o empr\u00e9stimo ser\u00e1 pago conforme acordado em dezembro, mesmo com o veto mantido por Orb\u00e1n, enquanto a cimeira procurava manter a posi\u00e7\u00e3o comum da UE. Alergias sobre o oleoduto Druzhba: a Ucr\u00e2nia trabalha para reparar o gasoduto com uma inspe\u00e7\u00e3o da UE, ap\u00f3s a Hungria e a Eslov\u00e1quia terem exigido garantias de seguran\u00e7a, apesar das reservas de Zelenskyy sobre o restabelecimento do tr\u00e2nsito de petr\u00f3leo russo. Obvios atritos entre lideran\u00e7as: Merkel, Macron e outros chefes de governo criticaram Orb\u00e1n, chamando a ret\u00f3rica de explora\u00e7\u00e3o eleitoral; von der Leyen confirmou o acordo de dezembro, enquanto o veto persiste. O epis\u00f3dio coloca em risco a credibilidade das institui\u00e7\u00f5es da UE e a lideran\u00e7a de topo, com Costa a sublinhar que a situa\u00e7\u00e3o amea\u00e7a a autoridade dos dirigentes e o funcionamento da UE, especialmente num momento de elei\u00e7\u00f5es na Hungria.","og_url":"https:\/\/portaltela.pt\/noticias\/2026\/03\/20\/lideres-criticam-veto-de-orban-e-dizem-que-ninguem-pode-chantagear\/","og_site_name":"Portal Tela Portugal","article_published_time":"2026-03-20T08:32:02+00:00","author":"Telinha","twitter_card":"summary_large_image","twitter_misc":{"Escrito por":"Telinha","Tempo estimado de leitura":"2 minutos"},"schema":{"@context":"https:\/\/schema.org","@graph":[{"@type":"Article","@id":"https:\/\/portaltela.pt\/noticias\/2026\/03\/20\/lideres-criticam-veto-de-orban-e-dizem-que-ninguem-pode-chantagear\/#article","isPartOf":{"@id":"https:\/\/portaltela.pt\/noticias\/2026\/03\/20\/lideres-criticam-veto-de-orban-e-dizem-que-ninguem-pode-chantagear\/"},"author":{"name":"Telinha","@id":"https:\/\/portaltela.pt\/#\/schema\/person\/c4278d4a6028830caff9ee44b42d32ed"},"headline":"L\u00edderes criticam veto de Orb\u00e1n e dizem que ningu\u00e9m pode chantagear","datePublished":"2026-03-20T08:32:02+00:00","mainEntityOfPage":{"@id":"https:\/\/portaltela.pt\/noticias\/2026\/03\/20\/lideres-criticam-veto-de-orban-e-dizem-que-ninguem-pode-chantagear\/"},"wordCount":502,"image":{"@id":"https:\/\/portaltela.pt\/noticias\/2026\/03\/20\/lideres-criticam-veto-de-orban-e-dizem-que-ninguem-pode-chantagear\/#primaryimage"},"thumbnailUrl":"https:\/\/portaltela.pt\/s.01k8rhncp4jt1\/2026\/03\/1536x864_cmsv2_dc0ed30b-8c03-5f04-b741-f3d7ee8ce20d-9691853.jpg","keywords":["conflitos internacionais","Conselho Europeu","energia","pol\u00edtica internacional","Ucr\u00e2nia","Uni\u00e3o Europeia"],"articleSection":["Internacionais","Pol\u00edtica"],"inLanguage":"pt-PT"},{"@type":"WebPage","@id":"https:\/\/portaltela.pt\/noticias\/2026\/03\/20\/lideres-criticam-veto-de-orban-e-dizem-que-ninguem-pode-chantagear\/","url":"https:\/\/portaltela.pt\/noticias\/2026\/03\/20\/lideres-criticam-veto-de-orban-e-dizem-que-ninguem-pode-chantagear\/","name":"L\u00edderes criticam veto de Orb\u00e1n e dizem que ningu\u00e9m pode chantagear - Portal Tela Portugal","isPartOf":{"@id":"https:\/\/portaltela.pt\/#website"},"primaryImageOfPage":{"@id":"https:\/\/portaltela.pt\/noticias\/2026\/03\/20\/lideres-criticam-veto-de-orban-e-dizem-que-ninguem-pode-chantagear\/#primaryimage"},"image":{"@id":"https:\/\/portaltela.pt\/noticias\/2026\/03\/20\/lideres-criticam-veto-de-orban-e-dizem-que-ninguem-pode-chantagear\/#primaryimage"},"thumbnailUrl":"https:\/\/portaltela.pt\/s.01k8rhncp4jt1\/2026\/03\/1536x864_cmsv2_dc0ed30b-8c03-5f04-b741-f3d7ee8ce20d-9691853.jpg","datePublished":"2026-03-20T08:32:02+00:00","author":{"@id":"https:\/\/portaltela.pt\/#\/schema\/person\/c4278d4a6028830caff9ee44b42d32ed"},"breadcrumb":{"@id":"https:\/\/portaltela.pt\/noticias\/2026\/03\/20\/lideres-criticam-veto-de-orban-e-dizem-que-ninguem-pode-chantagear\/#breadcrumb"},"inLanguage":"pt-PT","potentialAction":[{"@type":"ReadAction","target":["https:\/\/portaltela.pt\/noticias\/2026\/03\/20\/lideres-criticam-veto-de-orban-e-dizem-que-ninguem-pode-chantagear\/"]}]},{"@type":"ImageObject","inLanguage":"pt-PT","@id":"https:\/\/portaltela.pt\/noticias\/2026\/03\/20\/lideres-criticam-veto-de-orban-e-dizem-que-ninguem-pode-chantagear\/#primaryimage","url":"https:\/\/portaltela.pt\/s.01k8rhncp4jt1\/2026\/03\/1536x864_cmsv2_dc0ed30b-8c03-5f04-b741-f3d7ee8ce20d-9691853.jpg","contentUrl":"https:\/\/portaltela.pt\/s.01k8rhncp4jt1\/2026\/03\/1536x864_cmsv2_dc0ed30b-8c03-5f04-b741-f3d7ee8ce20d-9691853.jpg","width":796,"height":448,"caption":"Viktor Orban na Cimeira da UE."},{"@type":"BreadcrumbList","@id":"https:\/\/portaltela.pt\/noticias\/2026\/03\/20\/lideres-criticam-veto-de-orban-e-dizem-que-ninguem-pode-chantagear\/#breadcrumb","itemListElement":[{"@type":"ListItem","position":1,"name":"In\u00edcio","item":"https:\/\/portaltela.pt\/"},{"@type":"ListItem","position":2,"name":"L\u00edderes criticam veto de Orb\u00e1n e dizem que ningu\u00e9m pode chantagear"}]},{"@type":"WebSite","@id":"https:\/\/portaltela.pt\/#website","url":"https:\/\/portaltela.pt\/","name":"Portal Tela Portugal","description":"","potentialAction":[{"@type":"SearchAction","target":{"@type":"EntryPoint","urlTemplate":"https:\/\/portaltela.pt\/?s={search_term_string}"},"query-input":{"@type":"PropertyValueSpecification","valueRequired":true,"valueName":"search_term_string"}}],"inLanguage":"pt-PT"},{"@type":"Person","@id":"https:\/\/portaltela.pt\/#\/schema\/person\/c4278d4a6028830caff9ee44b42d32ed","name":"Telinha","image":{"@type":"ImageObject","inLanguage":"pt-PT","@id":"https:\/\/portaltela.pt\/s.01k8rhncp4jt1\/2025\/11\/talking-bot-125x125.png","url":"https:\/\/portaltela.pt\/s.01k8rhncp4jt1\/2025\/11\/talking-bot-125x125.png","contentUrl":"https:\/\/portaltela.pt\/s.01k8rhncp4jt1\/2025\/11\/talking-bot-125x125.png","caption":"Telinha"},"sameAs":["https:\/\/portaltela.pt\/"],"url":"https:\/\/portaltela.pt\/por\/367410592786\/"}]}},"_links":{"self":[{"href":"https:\/\/portaltela.pt\/api\/wp\/v2\/posts\/416949","targetHints":{"allow":["GET"]}}],"collection":[{"href":"https:\/\/portaltela.pt\/api\/wp\/v2\/posts"}],"about":[{"href":"https:\/\/portaltela.pt\/api\/wp\/v2\/types\/post"}],"author":[{"embeddable":true,"href":"https:\/\/portaltela.pt\/api\/wp\/v2\/users\/2"}],"replies":[{"embeddable":true,"href":"https:\/\/portaltela.pt\/api\/wp\/v2\/comments?post=416949"}],"version-history":[{"count":0,"href":"https:\/\/portaltela.pt\/api\/wp\/v2\/posts\/416949\/revisions"}],"wp:featuredmedia":[{"embeddable":true,"href":"https:\/\/portaltela.pt\/api\/wp\/v2\/media\/416956"}],"wp:attachment":[{"href":"https:\/\/portaltela.pt\/api\/wp\/v2\/media?parent=416949"}],"wp:term":[{"taxonomy":"category","embeddable":true,"href":"https:\/\/portaltela.pt\/api\/wp\/v2\/categories?post=416949"},{"taxonomy":"post_tag","embeddable":true,"href":"https:\/\/portaltela.pt\/api\/wp\/v2\/tags?post=416949"}],"curies":[{"name":"wp","href":"https:\/\/api.w.org\/{rel}","templated":true}]}}