{"id":416932,"date":"2026-03-20T05:19:00","date_gmt":"2026-03-20T08:19:00","guid":{"rendered":"https:\/\/portaltela.pt\/noticias\/2026\/03\/20\/primavera-inicia-hoje-com-chuva-forte-e-trovoadas\/"},"modified":"2026-03-20T05:19:00","modified_gmt":"2026-03-20T08:19:00","slug":"primavera-inicia-hoje-com-chuva-forte-e-trovoadas","status":"publish","type":"post","link":"https:\/\/portaltela.pt\/tempo\/2026\/03\/20\/primavera-inicia-hoje-com-chuva-forte-e-trovoadas\/","title":{"rendered":"Primavera inicia hoje com chuva forte e trovoadas"},"content":{"rendered":"<p>A primavera inicia hoje com chuva em grande parte do territ\u00f3rio, incluindo o arquip\u00e9lago da Madeira e o continente, com trovoadas associadas. A ocorr\u00eancia est\u00e1 ligada \u00e0 depress\u00e3o Therese, segundo a meteorologista \u00c2ngela Louren\u00e7o, do IPMA.<\/p>\n<p>A depress\u00e3o encontra-se a noroeste do Madeira e move-se lentamente para sul, mantendo a influ\u00eancia no tempo nestas regi\u00f5es. Arranca o dia com precipita\u00e7\u00e3o e aguarda-se continua\u00e7\u00e3o ao longo do fim de semana, com varia\u00e7\u00f5es entre norte e sul.<\/p>\n<p>O vento intensifica-se no arquip\u00e9lago da Madeira, soprando sobretudo do quadrante leste. No litoral norte h\u00e1 agita\u00e7\u00e3o mar\u00edtima com ondas de noroeste; no Algarve, as ondas s\u00e3o de sueste, entre 2 e 2,5 metros. A situa\u00e7\u00e3o dever\u00e1 acalmar gradualmente.<\/p>\n<h3>Situa\u00e7\u00e3o atual<\/h3>\n<p>O IPMA emitiu avisos para hoje para o arquip\u00e9lago da Madeira e para o distrito de Faro quanto a agita\u00e7\u00e3o mar\u00edtima e precipita\u00e7\u00e3o. As m\u00ednimas situam-se entre 4\/5 \u00b0C e 13 \u00b0C, com m\u00e1ximas por volta dos 20 \u00b0C.<\/p>\n<p>Na Madeira prev\u00ea-se descida de temperaturas, com \u00e1reas altas a manter valores baixos. Espera-se que os gr\u00e1ficos t\u00e9rmicos se aproximem gradualmente dos valores sazonais, ap\u00f3s o pico de frio inicial.<\/p>\n<h3>Previs\u00e3o para o fim de semana<\/h3>\n<p>Para o fim de semana persiste a chuva, com abertas pontuais na regi\u00e3o Norte. A melhoria \u00e9 gradual do Norte para o Sul, com precipita\u00e7\u00e3o mais forte no sul e possibilidade de trovoadas.<\/p>\n<p>No domingo espera-se melhoria, com abertas, mas ainda chuva em \u00e1reas do sul. As temperaturas devem manter-se est\u00e1veis, sem grandes oscila\u00e7\u00f5es entre as regi\u00f5es.<\/p>\n<h3>Perspetivas para a semana seguinte<\/h3>\n<p>Para o come\u00e7o da semana h\u00e1 indica\u00e7\u00e3o de interrup\u00e7\u00e3o da chuva tempor\u00e1ria. As m\u00e1ximas devem subir, com poss\u00edvel arrefecimento noturno acentuado. Em meados da semana pode regressar precipita\u00e7\u00e3o.<\/p>\n","protected":false},"excerpt":{"rendered":"<ul>\n<li>A primavera come\u00e7a hoje com chuva, por vezes forte, e trovoadas no arquip\u00e9lago da Madeira e em Portugal continental, devido \u00e0 depress\u00e3o Therese.<\/li>\n<li>A depress\u00e3o est\u00e1 a noroeste da Madeira e desloca-se lentamente para sul, mantendo influ\u00eancia no tempo at\u00e9 ao fim de semana nessas regi\u00f5es.<\/li>\n<li>Vento mais intenso na Madeira, com predom\u00ednio de leste; agita\u00e7\u00e3o forte com ondas de noroeste na costa norte (Madeira e Porto Santo) e ondas de sueste no Algarve, entre dois e dois e meio metros; situa\u00e7\u00e3o deve terminar na pr\u00f3xima noite.<\/li>\n<li>O IPMA emitiu avisos de agita\u00e7\u00e3o mar\u00edtima e precipita\u00e7\u00e3o para a Madeira e para o distrito de Faro.<\/li>\n<li>As temperaturas devem ficar entre quatro\/cinco e treze graus, com m\u00e1ximas at\u00e9 perto de vinte graus; fim de semana com chuva, melhoria gradual de norte a sul, domingo com abertas e poss\u00edvel aguaceiro mais para o sul, e in\u00edcio da pr\u00f3xima semana com previs\u00e3o de sem chuva, com possibilidade de mudan\u00e7a para chuva a meio da semana.<\/li>\n<\/ul>\n","protected":false},"author":2,"featured_media":416934,"comment_status":"closed","ping_status":"closed","sticky":false,"template":"","format":"standard","meta":{"footnotes":""},"categories":[7365],"tags":[928,5159,5329,859,2765,4961],"class_list":["post-416932","post","type-post","status-publish","format-standard","has-post-thumbnail","hentry","category-tempo","tag-algarve","tag-aviso-de-mau-tempo","tag-chuva","tag-madeira","tag-norte","tag-trovoadas"],"yoast_head":"<!-- This site is optimized with the Yoast SEO plugin v27.2 - https:\/\/yoast.com\/product\/yoast-seo-wordpress\/ -->\n<title>Primavera inicia hoje com chuva forte e trovoadas - Portal Tela Portugal<\/title>\n<meta name=\"robots\" content=\"index, follow, max-snippet:-1, max-image-preview:large, max-video-preview:-1\" \/>\n<meta property=\"og:locale\" content=\"pt_PT\" \/>\n<meta property=\"og:type\" content=\"article\" \/>\n<meta property=\"og:title\" content=\"Primavera inicia hoje com chuva forte e trovoadas - Portal Tela Portugal\" \/>\n<meta property=\"og:description\" content=\"A primavera come\u00e7a hoje com chuva, por vezes forte, e trovoadas no arquip\u00e9lago da Madeira e em Portugal continental, devido \u00e0 depress\u00e3o Therese. A depress\u00e3o est\u00e1 a noroeste da Madeira e desloca-se lentamente para sul, mantendo influ\u00eancia no tempo at\u00e9 ao fim de semana nessas regi\u00f5es. Vento mais intenso na Madeira, com predom\u00ednio de leste; agita\u00e7\u00e3o forte com ondas de noroeste na costa norte (Madeira e Porto Santo) e ondas de sueste no Algarve, entre dois e dois e meio metros; situa\u00e7\u00e3o deve terminar na pr\u00f3xima noite. O IPMA emitiu avisos de agita\u00e7\u00e3o mar\u00edtima e precipita\u00e7\u00e3o para a Madeira e para o distrito de Faro. As temperaturas devem ficar entre quatro\/cinco e treze graus, com m\u00e1ximas at\u00e9 perto de vinte graus; fim de semana com chuva, melhoria gradual de norte a sul, domingo com abertas e poss\u00edvel aguaceiro mais para o sul, e in\u00edcio da pr\u00f3xima semana com previs\u00e3o de sem chuva, com possibilidade de mudan\u00e7a para chuva a meio da semana.\" \/>\n<meta property=\"og:url\" content=\"https:\/\/portaltela.pt\/noticias\/2026\/03\/20\/primavera-inicia-hoje-com-chuva-forte-e-trovoadas\/\" \/>\n<meta property=\"og:site_name\" content=\"Portal Tela Portugal\" \/>\n<meta property=\"article:published_time\" content=\"2026-03-20T08:19:00+00:00\" \/>\n<meta name=\"author\" content=\"Telinha\" \/>\n<meta name=\"twitter:card\" content=\"summary_large_image\" \/>\n<meta name=\"twitter:label1\" content=\"Escrito por\" \/>\n\t<meta name=\"twitter:data1\" content=\"Telinha\" \/>\n\t<meta name=\"twitter:label2\" content=\"Tempo estimado de leitura\" \/>\n\t<meta name=\"twitter:data2\" content=\"2 minutos\" \/>\n<script type=\"application\/ld+json\" class=\"yoast-schema-graph\">{\"@context\":\"https:\/\/schema.org\",\"@graph\":[{\"@type\":\"Article\",\"@id\":\"https:\/\/portaltela.pt\/noticias\/2026\/03\/20\/primavera-inicia-hoje-com-chuva-forte-e-trovoadas\/#article\",\"isPartOf\":{\"@id\":\"https:\/\/portaltela.pt\/noticias\/2026\/03\/20\/primavera-inicia-hoje-com-chuva-forte-e-trovoadas\/\"},\"author\":{\"name\":\"Telinha\",\"@id\":\"https:\/\/portaltela.pt\/#\/schema\/person\/c4278d4a6028830caff9ee44b42d32ed\"},\"headline\":\"Primavera inicia hoje com chuva forte e trovoadas\",\"datePublished\":\"2026-03-20T08:19:00+00:00\",\"mainEntityOfPage\":{\"@id\":\"https:\/\/portaltela.pt\/noticias\/2026\/03\/20\/primavera-inicia-hoje-com-chuva-forte-e-trovoadas\/\"},\"wordCount\":322,\"image\":{\"@id\":\"https:\/\/portaltela.pt\/noticias\/2026\/03\/20\/primavera-inicia-hoje-com-chuva-forte-e-trovoadas\/#primaryimage\"},\"thumbnailUrl\":\"https:\/\/portaltela.pt\/s.01k8rhncp4jt1\/2026\/03\/40fe1bb5-0441-49bd-a96b-bfd7d87602c8_1200x675.jpg\",\"keywords\":[\"Algarve\",\"aviso de mau tempo\",\"chuva\",\"Madeira\",\"Norte\",\"trovoadas\"],\"articleSection\":[\"Tempo\"],\"inLanguage\":\"pt-PT\"},{\"@type\":\"WebPage\",\"@id\":\"https:\/\/portaltela.pt\/noticias\/2026\/03\/20\/primavera-inicia-hoje-com-chuva-forte-e-trovoadas\/\",\"url\":\"https:\/\/portaltela.pt\/noticias\/2026\/03\/20\/primavera-inicia-hoje-com-chuva-forte-e-trovoadas\/\",\"name\":\"Primavera inicia hoje com chuva forte e trovoadas - Portal Tela Portugal\",\"isPartOf\":{\"@id\":\"https:\/\/portaltela.pt\/#website\"},\"primaryImageOfPage\":{\"@id\":\"https:\/\/portaltela.pt\/noticias\/2026\/03\/20\/primavera-inicia-hoje-com-chuva-forte-e-trovoadas\/#primaryimage\"},\"image\":{\"@id\":\"https:\/\/portaltela.pt\/noticias\/2026\/03\/20\/primavera-inicia-hoje-com-chuva-forte-e-trovoadas\/#primaryimage\"},\"thumbnailUrl\":\"https:\/\/portaltela.pt\/s.01k8rhncp4jt1\/2026\/03\/40fe1bb5-0441-49bd-a96b-bfd7d87602c8_1200x675.jpg\",\"datePublished\":\"2026-03-20T08:19:00+00:00\",\"author\":{\"@id\":\"https:\/\/portaltela.pt\/#\/schema\/person\/c4278d4a6028830caff9ee44b42d32ed\"},\"breadcrumb\":{\"@id\":\"https:\/\/portaltela.pt\/noticias\/2026\/03\/20\/primavera-inicia-hoje-com-chuva-forte-e-trovoadas\/#breadcrumb\"},\"inLanguage\":\"pt-PT\",\"potentialAction\":[{\"@type\":\"ReadAction\",\"target\":[\"https:\/\/portaltela.pt\/noticias\/2026\/03\/20\/primavera-inicia-hoje-com-chuva-forte-e-trovoadas\/\"]}]},{\"@type\":\"ImageObject\",\"inLanguage\":\"pt-PT\",\"@id\":\"https:\/\/portaltela.pt\/noticias\/2026\/03\/20\/primavera-inicia-hoje-com-chuva-forte-e-trovoadas\/#primaryimage\",\"url\":\"https:\/\/portaltela.pt\/s.01k8rhncp4jt1\/2026\/03\/40fe1bb5-0441-49bd-a96b-bfd7d87602c8_1200x675.jpg\",\"contentUrl\":\"https:\/\/portaltela.pt\/s.01k8rhncp4jt1\/2026\/03\/40fe1bb5-0441-49bd-a96b-bfd7d87602c8_1200x675.jpg\",\"width\":796,\"height\":448,\"caption\":\"Para o fim de semana, a previs\u00e3o do IPMA aponta para a continua\u00e7\u00e3o de chuva\"},{\"@type\":\"BreadcrumbList\",\"@id\":\"https:\/\/portaltela.pt\/noticias\/2026\/03\/20\/primavera-inicia-hoje-com-chuva-forte-e-trovoadas\/#breadcrumb\",\"itemListElement\":[{\"@type\":\"ListItem\",\"position\":1,\"name\":\"In\u00edcio\",\"item\":\"https:\/\/portaltela.pt\/\"},{\"@type\":\"ListItem\",\"position\":2,\"name\":\"Primavera inicia hoje com chuva forte e trovoadas\"}]},{\"@type\":\"WebSite\",\"@id\":\"https:\/\/portaltela.pt\/#website\",\"url\":\"https:\/\/portaltela.pt\/\",\"name\":\"Portal Tela Portugal\",\"description\":\"\",\"potentialAction\":[{\"@type\":\"SearchAction\",\"target\":{\"@type\":\"EntryPoint\",\"urlTemplate\":\"https:\/\/portaltela.pt\/?s={search_term_string}\"},\"query-input\":{\"@type\":\"PropertyValueSpecification\",\"valueRequired\":true,\"valueName\":\"search_term_string\"}}],\"inLanguage\":\"pt-PT\"},{\"@type\":\"Person\",\"@id\":\"https:\/\/portaltela.pt\/#\/schema\/person\/c4278d4a6028830caff9ee44b42d32ed\",\"name\":\"Telinha\",\"image\":{\"@type\":\"ImageObject\",\"inLanguage\":\"pt-PT\",\"@id\":\"https:\/\/portaltela.pt\/s.01k8rhncp4jt1\/2025\/11\/talking-bot-125x125.png\",\"url\":\"https:\/\/portaltela.pt\/s.01k8rhncp4jt1\/2025\/11\/talking-bot-125x125.png\",\"contentUrl\":\"https:\/\/portaltela.pt\/s.01k8rhncp4jt1\/2025\/11\/talking-bot-125x125.png\",\"caption\":\"Telinha\"},\"sameAs\":[\"https:\/\/portaltela.pt\/\"],\"url\":\"https:\/\/portaltela.pt\/por\/367410592786\/\"}]}<\/script>\n<!-- \/ Yoast SEO plugin. -->","yoast_head_json":{"title":"Primavera inicia hoje com chuva forte e trovoadas - Portal Tela Portugal","robots":{"index":"index","follow":"follow","max-snippet":"max-snippet:-1","max-image-preview":"max-image-preview:large","max-video-preview":"max-video-preview:-1"},"og_locale":"pt_PT","og_type":"article","og_title":"Primavera inicia hoje com chuva forte e trovoadas - Portal Tela Portugal","og_description":"A primavera come\u00e7a hoje com chuva, por vezes forte, e trovoadas no arquip\u00e9lago da Madeira e em Portugal continental, devido \u00e0 depress\u00e3o Therese. A depress\u00e3o est\u00e1 a noroeste da Madeira e desloca-se lentamente para sul, mantendo influ\u00eancia no tempo at\u00e9 ao fim de semana nessas regi\u00f5es. Vento mais intenso na Madeira, com predom\u00ednio de leste; agita\u00e7\u00e3o forte com ondas de noroeste na costa norte (Madeira e Porto Santo) e ondas de sueste no Algarve, entre dois e dois e meio metros; situa\u00e7\u00e3o deve terminar na pr\u00f3xima noite. O IPMA emitiu avisos de agita\u00e7\u00e3o mar\u00edtima e precipita\u00e7\u00e3o para a Madeira e para o distrito de Faro. As temperaturas devem ficar entre quatro\/cinco e treze graus, com m\u00e1ximas at\u00e9 perto de vinte graus; fim de semana com chuva, melhoria gradual de norte a sul, domingo com abertas e poss\u00edvel aguaceiro mais para o sul, e in\u00edcio da pr\u00f3xima semana com previs\u00e3o de sem chuva, com possibilidade de mudan\u00e7a para chuva a meio da semana.","og_url":"https:\/\/portaltela.pt\/noticias\/2026\/03\/20\/primavera-inicia-hoje-com-chuva-forte-e-trovoadas\/","og_site_name":"Portal Tela Portugal","article_published_time":"2026-03-20T08:19:00+00:00","author":"Telinha","twitter_card":"summary_large_image","twitter_misc":{"Escrito por":"Telinha","Tempo estimado de leitura":"2 minutos"},"schema":{"@context":"https:\/\/schema.org","@graph":[{"@type":"Article","@id":"https:\/\/portaltela.pt\/noticias\/2026\/03\/20\/primavera-inicia-hoje-com-chuva-forte-e-trovoadas\/#article","isPartOf":{"@id":"https:\/\/portaltela.pt\/noticias\/2026\/03\/20\/primavera-inicia-hoje-com-chuva-forte-e-trovoadas\/"},"author":{"name":"Telinha","@id":"https:\/\/portaltela.pt\/#\/schema\/person\/c4278d4a6028830caff9ee44b42d32ed"},"headline":"Primavera inicia hoje com chuva forte e trovoadas","datePublished":"2026-03-20T08:19:00+00:00","mainEntityOfPage":{"@id":"https:\/\/portaltela.pt\/noticias\/2026\/03\/20\/primavera-inicia-hoje-com-chuva-forte-e-trovoadas\/"},"wordCount":322,"image":{"@id":"https:\/\/portaltela.pt\/noticias\/2026\/03\/20\/primavera-inicia-hoje-com-chuva-forte-e-trovoadas\/#primaryimage"},"thumbnailUrl":"https:\/\/portaltela.pt\/s.01k8rhncp4jt1\/2026\/03\/40fe1bb5-0441-49bd-a96b-bfd7d87602c8_1200x675.jpg","keywords":["Algarve","aviso de mau tempo","chuva","Madeira","Norte","trovoadas"],"articleSection":["Tempo"],"inLanguage":"pt-PT"},{"@type":"WebPage","@id":"https:\/\/portaltela.pt\/noticias\/2026\/03\/20\/primavera-inicia-hoje-com-chuva-forte-e-trovoadas\/","url":"https:\/\/portaltela.pt\/noticias\/2026\/03\/20\/primavera-inicia-hoje-com-chuva-forte-e-trovoadas\/","name":"Primavera inicia hoje com chuva forte e trovoadas - Portal Tela Portugal","isPartOf":{"@id":"https:\/\/portaltela.pt\/#website"},"primaryImageOfPage":{"@id":"https:\/\/portaltela.pt\/noticias\/2026\/03\/20\/primavera-inicia-hoje-com-chuva-forte-e-trovoadas\/#primaryimage"},"image":{"@id":"https:\/\/portaltela.pt\/noticias\/2026\/03\/20\/primavera-inicia-hoje-com-chuva-forte-e-trovoadas\/#primaryimage"},"thumbnailUrl":"https:\/\/portaltela.pt\/s.01k8rhncp4jt1\/2026\/03\/40fe1bb5-0441-49bd-a96b-bfd7d87602c8_1200x675.jpg","datePublished":"2026-03-20T08:19:00+00:00","author":{"@id":"https:\/\/portaltela.pt\/#\/schema\/person\/c4278d4a6028830caff9ee44b42d32ed"},"breadcrumb":{"@id":"https:\/\/portaltela.pt\/noticias\/2026\/03\/20\/primavera-inicia-hoje-com-chuva-forte-e-trovoadas\/#breadcrumb"},"inLanguage":"pt-PT","potentialAction":[{"@type":"ReadAction","target":["https:\/\/portaltela.pt\/noticias\/2026\/03\/20\/primavera-inicia-hoje-com-chuva-forte-e-trovoadas\/"]}]},{"@type":"ImageObject","inLanguage":"pt-PT","@id":"https:\/\/portaltela.pt\/noticias\/2026\/03\/20\/primavera-inicia-hoje-com-chuva-forte-e-trovoadas\/#primaryimage","url":"https:\/\/portaltela.pt\/s.01k8rhncp4jt1\/2026\/03\/40fe1bb5-0441-49bd-a96b-bfd7d87602c8_1200x675.jpg","contentUrl":"https:\/\/portaltela.pt\/s.01k8rhncp4jt1\/2026\/03\/40fe1bb5-0441-49bd-a96b-bfd7d87602c8_1200x675.jpg","width":796,"height":448,"caption":"Para o fim de semana, a previs\u00e3o do IPMA aponta para a continua\u00e7\u00e3o de chuva"},{"@type":"BreadcrumbList","@id":"https:\/\/portaltela.pt\/noticias\/2026\/03\/20\/primavera-inicia-hoje-com-chuva-forte-e-trovoadas\/#breadcrumb","itemListElement":[{"@type":"ListItem","position":1,"name":"In\u00edcio","item":"https:\/\/portaltela.pt\/"},{"@type":"ListItem","position":2,"name":"Primavera inicia hoje com chuva forte e trovoadas"}]},{"@type":"WebSite","@id":"https:\/\/portaltela.pt\/#website","url":"https:\/\/portaltela.pt\/","name":"Portal Tela Portugal","description":"","potentialAction":[{"@type":"SearchAction","target":{"@type":"EntryPoint","urlTemplate":"https:\/\/portaltela.pt\/?s={search_term_string}"},"query-input":{"@type":"PropertyValueSpecification","valueRequired":true,"valueName":"search_term_string"}}],"inLanguage":"pt-PT"},{"@type":"Person","@id":"https:\/\/portaltela.pt\/#\/schema\/person\/c4278d4a6028830caff9ee44b42d32ed","name":"Telinha","image":{"@type":"ImageObject","inLanguage":"pt-PT","@id":"https:\/\/portaltela.pt\/s.01k8rhncp4jt1\/2025\/11\/talking-bot-125x125.png","url":"https:\/\/portaltela.pt\/s.01k8rhncp4jt1\/2025\/11\/talking-bot-125x125.png","contentUrl":"https:\/\/portaltela.pt\/s.01k8rhncp4jt1\/2025\/11\/talking-bot-125x125.png","caption":"Telinha"},"sameAs":["https:\/\/portaltela.pt\/"],"url":"https:\/\/portaltela.pt\/por\/367410592786\/"}]}},"_links":{"self":[{"href":"https:\/\/portaltela.pt\/api\/wp\/v2\/posts\/416932","targetHints":{"allow":["GET"]}}],"collection":[{"href":"https:\/\/portaltela.pt\/api\/wp\/v2\/posts"}],"about":[{"href":"https:\/\/portaltela.pt\/api\/wp\/v2\/types\/post"}],"author":[{"embeddable":true,"href":"https:\/\/portaltela.pt\/api\/wp\/v2\/users\/2"}],"replies":[{"embeddable":true,"href":"https:\/\/portaltela.pt\/api\/wp\/v2\/comments?post=416932"}],"version-history":[{"count":0,"href":"https:\/\/portaltela.pt\/api\/wp\/v2\/posts\/416932\/revisions"}],"wp:featuredmedia":[{"embeddable":true,"href":"https:\/\/portaltela.pt\/api\/wp\/v2\/media\/416934"}],"wp:attachment":[{"href":"https:\/\/portaltela.pt\/api\/wp\/v2\/media?parent=416932"}],"wp:term":[{"taxonomy":"category","embeddable":true,"href":"https:\/\/portaltela.pt\/api\/wp\/v2\/categories?post=416932"},{"taxonomy":"post_tag","embeddable":true,"href":"https:\/\/portaltela.pt\/api\/wp\/v2\/tags?post=416932"}],"curies":[{"name":"wp","href":"https:\/\/api.w.org\/{rel}","templated":true}]}}