{"id":416918,"date":"2026-03-20T05:03:58","date_gmt":"2026-03-20T08:03:58","guid":{"rendered":"https:\/\/portaltela.pt\/noticias\/2026\/03\/20\/estugarda-admite-nao-ser-equipa-da-dimensao-do-bodo-glimt\/"},"modified":"2026-03-20T05:03:58","modified_gmt":"2026-03-20T08:03:58","slug":"estugarda-admite-nao-ser-equipa-da-dimensao-do-bodo-glimt","status":"publish","type":"post","link":"https:\/\/portaltela.pt\/desporto\/futebol\/2026\/03\/20\/estugarda-admite-nao-ser-equipa-da-dimensao-do-bodo-glimt\/","title":{"rendered":"Estugarda admite n\u00e3o ser equipa da dimens\u00e3o do Bod\u00f8\/Glimt"},"content":{"rendered":"<p>Nuno Encarna\u00e7\u00e3o analisou a vit\u00f3ria do FC Porto na Liga Europa, afirmando que o Estugarda n\u00e3o tem a dimens\u00e3o de clubes como o Bodo\/Glimt. A avalia\u00e7\u00e3o foca no desempenho recente da equipa portista.<\/p>\n<p>O comentador sublinha que o Estugarda ainda est\u00e1 a construir a sua identidade e n\u00e3o pode ser comparado a clubes com mais hist\u00f3ria e express\u00e3o europeia, como o Bodo\/Glimt, que tem surpreendido.<\/p>\n<p>Encarna\u00e7\u00e3o real\u00e7a que o Porto realizou uma boa exibi\u00e7\u00e3o, com controlo de jogo e aproveitamento das oportunidades, o que foi suficiente para avan\u00e7ar na competi\u00e7\u00e3o.<\/p>\n<p>Porto \u00e9 descrito como uma equipa forte, com jogador(es) experientes e uma estrutura s\u00f3lida, capaz de manter um percurso interessante nesta Liga Europa.<\/p>\n<h3>An\u00e1lise sobre o Estugarda e o FC Porto<\/h3>\n<p>O comentador avisa que o futebol \u00e9 imprevis\u00edvel e que o Porto precisa manter o foco, a humildade e a consist\u00eancia para continuar a somar resultados positivos.<\/p>\n","protected":false},"excerpt":{"rendered":"<ul>\n<li>Nuno Encarna\u00e7\u00e3o disse que o Estugarda n\u00e3o \u00e9 da dimens\u00e3o do Bodo\/Glimt, na an\u00e1lise \u00e0 vit\u00f3ria do FC Porto na Liga Europa.<\/li>\n<li>A an\u00e1lise refere que o Estugarda ainda constr\u00f3i a sua identidade e n\u00e3o se pode comparar com clubes maiores como o Bodo\/Glimt.<\/li>\n<li>Encarna\u00e7\u00e3o destacou que o FC Porto fez uma boa exibi\u00e7\u00e3o, controlou o jogo e aproveitou as oportunidades para vencer e avan\u00e7ar na competi\u00e7\u00e3o.<\/li>\n<li>O comentador refor\u00e7ou que o Porto tem uma equipa forte, com jogadores experientes e estrutura s\u00f3lida, capaz de fazer um percurso interessante na Liga Europa.<\/li>\n<li>Por fim, deixou uma mensagem de cautela, lembrando que o futebol \u00e9 imprevis\u00edvel e que o Porto deve manter foco e humildade para continuar a somar resultados.<\/li>\n<\/ul>\n","protected":false},"author":2,"featured_media":416920,"comment_status":"closed","ping_status":"closed","sticky":false,"template":"","format":"standard","meta":{"footnotes":""},"categories":[21,24],"tags":[152,1229,5544,2028,32,982],"class_list":["post-416918","post","type-post","status-publish","format-standard","has-post-thumbnail","hentry","category-desporto","category-futebol","tag-desporto","tag-estugarda","tag-europa-league","tag-fc-porto","tag-futebol","tag-porto"],"yoast_head":"<!-- This site is optimized with the Yoast SEO plugin v27.2 - https:\/\/yoast.com\/product\/yoast-seo-wordpress\/ -->\n<title>Estugarda admite n\u00e3o ser equipa da dimens\u00e3o do Bod\u00f8\/Glimt - Portal Tela Portugal<\/title>\n<meta name=\"robots\" content=\"index, follow, max-snippet:-1, max-image-preview:large, max-video-preview:-1\" \/>\n<meta property=\"og:locale\" content=\"pt_PT\" \/>\n<meta property=\"og:type\" content=\"article\" \/>\n<meta property=\"og:title\" content=\"Estugarda admite n\u00e3o ser equipa da dimens\u00e3o do Bod\u00f8\/Glimt - Portal Tela Portugal\" \/>\n<meta property=\"og:description\" content=\"Nuno Encarna\u00e7\u00e3o disse que o Estugarda n\u00e3o \u00e9 da dimens\u00e3o do Bodo\/Glimt, na an\u00e1lise \u00e0 vit\u00f3ria do FC Porto na Liga Europa. A an\u00e1lise refere que o Estugarda ainda constr\u00f3i a sua identidade e n\u00e3o se pode comparar com clubes maiores como o Bodo\/Glimt. Encarna\u00e7\u00e3o destacou que o FC Porto fez uma boa exibi\u00e7\u00e3o, controlou o jogo e aproveitou as oportunidades para vencer e avan\u00e7ar na competi\u00e7\u00e3o. O comentador refor\u00e7ou que o Porto tem uma equipa forte, com jogadores experientes e estrutura s\u00f3lida, capaz de fazer um percurso interessante na Liga Europa. Por fim, deixou uma mensagem de cautela, lembrando que o futebol \u00e9 imprevis\u00edvel e que o Porto deve manter foco e humildade para continuar a somar resultados.\" \/>\n<meta property=\"og:url\" content=\"https:\/\/portaltela.pt\/noticias\/2026\/03\/20\/estugarda-admite-nao-ser-equipa-da-dimensao-do-bodo-glimt\/\" \/>\n<meta property=\"og:site_name\" content=\"Portal Tela Portugal\" \/>\n<meta property=\"article:published_time\" content=\"2026-03-20T08:03:58+00:00\" \/>\n<meta name=\"author\" content=\"Telinha\" \/>\n<meta name=\"twitter:card\" content=\"summary_large_image\" \/>\n<meta name=\"twitter:label1\" content=\"Escrito por\" \/>\n\t<meta name=\"twitter:data1\" content=\"Telinha\" \/>\n\t<meta name=\"twitter:label2\" content=\"Tempo estimado de leitura\" \/>\n\t<meta name=\"twitter:data2\" content=\"1 minuto\" \/>\n<script type=\"application\/ld+json\" class=\"yoast-schema-graph\">{\"@context\":\"https:\/\/schema.org\",\"@graph\":[{\"@type\":\"Article\",\"@id\":\"https:\/\/portaltela.pt\/noticias\/2026\/03\/20\/estugarda-admite-nao-ser-equipa-da-dimensao-do-bodo-glimt\/#article\",\"isPartOf\":{\"@id\":\"https:\/\/portaltela.pt\/noticias\/2026\/03\/20\/estugarda-admite-nao-ser-equipa-da-dimensao-do-bodo-glimt\/\"},\"author\":{\"name\":\"Telinha\",\"@id\":\"https:\/\/portaltela.pt\/#\/schema\/person\/c4278d4a6028830caff9ee44b42d32ed\"},\"headline\":\"Estugarda admite n\u00e3o ser equipa da dimens\u00e3o do Bod\u00f8\/Glimt\",\"datePublished\":\"2026-03-20T08:03:58+00:00\",\"mainEntityOfPage\":{\"@id\":\"https:\/\/portaltela.pt\/noticias\/2026\/03\/20\/estugarda-admite-nao-ser-equipa-da-dimensao-do-bodo-glimt\/\"},\"wordCount\":178,\"image\":{\"@id\":\"https:\/\/portaltela.pt\/noticias\/2026\/03\/20\/estugarda-admite-nao-ser-equipa-da-dimensao-do-bodo-glimt\/#primaryimage\"},\"thumbnailUrl\":\"https:\/\/portaltela.pt\/s.01k8rhncp4jt1\/2026\/03\/img_1280x722uu2026-03-20-08-03-41-2273599.jpg\",\"keywords\":[\"desporto\",\"Estugarda\",\"Europa League\",\"FC Porto\",\"futebol\",\"Porto\"],\"articleSection\":[\"Desporto\",\"Futebol\"],\"inLanguage\":\"pt-PT\"},{\"@type\":\"WebPage\",\"@id\":\"https:\/\/portaltela.pt\/noticias\/2026\/03\/20\/estugarda-admite-nao-ser-equipa-da-dimensao-do-bodo-glimt\/\",\"url\":\"https:\/\/portaltela.pt\/noticias\/2026\/03\/20\/estugarda-admite-nao-ser-equipa-da-dimensao-do-bodo-glimt\/\",\"name\":\"Estugarda admite n\u00e3o ser equipa da dimens\u00e3o do Bod\u00f8\/Glimt - Portal Tela Portugal\",\"isPartOf\":{\"@id\":\"https:\/\/portaltela.pt\/#website\"},\"primaryImageOfPage\":{\"@id\":\"https:\/\/portaltela.pt\/noticias\/2026\/03\/20\/estugarda-admite-nao-ser-equipa-da-dimensao-do-bodo-glimt\/#primaryimage\"},\"image\":{\"@id\":\"https:\/\/portaltela.pt\/noticias\/2026\/03\/20\/estugarda-admite-nao-ser-equipa-da-dimensao-do-bodo-glimt\/#primaryimage\"},\"thumbnailUrl\":\"https:\/\/portaltela.pt\/s.01k8rhncp4jt1\/2026\/03\/img_1280x722uu2026-03-20-08-03-41-2273599.jpg\",\"datePublished\":\"2026-03-20T08:03:58+00:00\",\"author\":{\"@id\":\"https:\/\/portaltela.pt\/#\/schema\/person\/c4278d4a6028830caff9ee44b42d32ed\"},\"breadcrumb\":{\"@id\":\"https:\/\/portaltela.pt\/noticias\/2026\/03\/20\/estugarda-admite-nao-ser-equipa-da-dimensao-do-bodo-glimt\/#breadcrumb\"},\"inLanguage\":\"pt-PT\",\"potentialAction\":[{\"@type\":\"ReadAction\",\"target\":[\"https:\/\/portaltela.pt\/noticias\/2026\/03\/20\/estugarda-admite-nao-ser-equipa-da-dimensao-do-bodo-glimt\/\"]}]},{\"@type\":\"ImageObject\",\"inLanguage\":\"pt-PT\",\"@id\":\"https:\/\/portaltela.pt\/noticias\/2026\/03\/20\/estugarda-admite-nao-ser-equipa-da-dimensao-do-bodo-glimt\/#primaryimage\",\"url\":\"https:\/\/portaltela.pt\/s.01k8rhncp4jt1\/2026\/03\/img_1280x722uu2026-03-20-08-03-41-2273599.jpg\",\"contentUrl\":\"https:\/\/portaltela.pt\/s.01k8rhncp4jt1\/2026\/03\/img_1280x722uu2026-03-20-08-03-41-2273599.jpg\",\"width\":796,\"height\":448,\"caption\":\"Photo\"},{\"@type\":\"BreadcrumbList\",\"@id\":\"https:\/\/portaltela.pt\/noticias\/2026\/03\/20\/estugarda-admite-nao-ser-equipa-da-dimensao-do-bodo-glimt\/#breadcrumb\",\"itemListElement\":[{\"@type\":\"ListItem\",\"position\":1,\"name\":\"In\u00edcio\",\"item\":\"https:\/\/portaltela.pt\/\"},{\"@type\":\"ListItem\",\"position\":2,\"name\":\"Estugarda admite n\u00e3o ser equipa da dimens\u00e3o do Bod\u00f8\/Glimt\"}]},{\"@type\":\"WebSite\",\"@id\":\"https:\/\/portaltela.pt\/#website\",\"url\":\"https:\/\/portaltela.pt\/\",\"name\":\"Portal Tela Portugal\",\"description\":\"\",\"potentialAction\":[{\"@type\":\"SearchAction\",\"target\":{\"@type\":\"EntryPoint\",\"urlTemplate\":\"https:\/\/portaltela.pt\/?s={search_term_string}\"},\"query-input\":{\"@type\":\"PropertyValueSpecification\",\"valueRequired\":true,\"valueName\":\"search_term_string\"}}],\"inLanguage\":\"pt-PT\"},{\"@type\":\"Person\",\"@id\":\"https:\/\/portaltela.pt\/#\/schema\/person\/c4278d4a6028830caff9ee44b42d32ed\",\"name\":\"Telinha\",\"image\":{\"@type\":\"ImageObject\",\"inLanguage\":\"pt-PT\",\"@id\":\"https:\/\/portaltela.pt\/s.01k8rhncp4jt1\/2025\/11\/talking-bot-125x125.png\",\"url\":\"https:\/\/portaltela.pt\/s.01k8rhncp4jt1\/2025\/11\/talking-bot-125x125.png\",\"contentUrl\":\"https:\/\/portaltela.pt\/s.01k8rhncp4jt1\/2025\/11\/talking-bot-125x125.png\",\"caption\":\"Telinha\"},\"sameAs\":[\"https:\/\/portaltela.pt\/\"],\"url\":\"https:\/\/portaltela.pt\/por\/367410592786\/\"}]}<\/script>\n<!-- \/ Yoast SEO plugin. -->","yoast_head_json":{"title":"Estugarda admite n\u00e3o ser equipa da dimens\u00e3o do Bod\u00f8\/Glimt - Portal Tela Portugal","robots":{"index":"index","follow":"follow","max-snippet":"max-snippet:-1","max-image-preview":"max-image-preview:large","max-video-preview":"max-video-preview:-1"},"og_locale":"pt_PT","og_type":"article","og_title":"Estugarda admite n\u00e3o ser equipa da dimens\u00e3o do Bod\u00f8\/Glimt - Portal Tela Portugal","og_description":"Nuno Encarna\u00e7\u00e3o disse que o Estugarda n\u00e3o \u00e9 da dimens\u00e3o do Bodo\/Glimt, na an\u00e1lise \u00e0 vit\u00f3ria do FC Porto na Liga Europa. A an\u00e1lise refere que o Estugarda ainda constr\u00f3i a sua identidade e n\u00e3o se pode comparar com clubes maiores como o Bodo\/Glimt. Encarna\u00e7\u00e3o destacou que o FC Porto fez uma boa exibi\u00e7\u00e3o, controlou o jogo e aproveitou as oportunidades para vencer e avan\u00e7ar na competi\u00e7\u00e3o. O comentador refor\u00e7ou que o Porto tem uma equipa forte, com jogadores experientes e estrutura s\u00f3lida, capaz de fazer um percurso interessante na Liga Europa. Por fim, deixou uma mensagem de cautela, lembrando que o futebol \u00e9 imprevis\u00edvel e que o Porto deve manter foco e humildade para continuar a somar resultados.","og_url":"https:\/\/portaltela.pt\/noticias\/2026\/03\/20\/estugarda-admite-nao-ser-equipa-da-dimensao-do-bodo-glimt\/","og_site_name":"Portal Tela Portugal","article_published_time":"2026-03-20T08:03:58+00:00","author":"Telinha","twitter_card":"summary_large_image","twitter_misc":{"Escrito por":"Telinha","Tempo estimado de leitura":"1 minuto"},"schema":{"@context":"https:\/\/schema.org","@graph":[{"@type":"Article","@id":"https:\/\/portaltela.pt\/noticias\/2026\/03\/20\/estugarda-admite-nao-ser-equipa-da-dimensao-do-bodo-glimt\/#article","isPartOf":{"@id":"https:\/\/portaltela.pt\/noticias\/2026\/03\/20\/estugarda-admite-nao-ser-equipa-da-dimensao-do-bodo-glimt\/"},"author":{"name":"Telinha","@id":"https:\/\/portaltela.pt\/#\/schema\/person\/c4278d4a6028830caff9ee44b42d32ed"},"headline":"Estugarda admite n\u00e3o ser equipa da dimens\u00e3o do Bod\u00f8\/Glimt","datePublished":"2026-03-20T08:03:58+00:00","mainEntityOfPage":{"@id":"https:\/\/portaltela.pt\/noticias\/2026\/03\/20\/estugarda-admite-nao-ser-equipa-da-dimensao-do-bodo-glimt\/"},"wordCount":178,"image":{"@id":"https:\/\/portaltela.pt\/noticias\/2026\/03\/20\/estugarda-admite-nao-ser-equipa-da-dimensao-do-bodo-glimt\/#primaryimage"},"thumbnailUrl":"https:\/\/portaltela.pt\/s.01k8rhncp4jt1\/2026\/03\/img_1280x722uu2026-03-20-08-03-41-2273599.jpg","keywords":["desporto","Estugarda","Europa League","FC Porto","futebol","Porto"],"articleSection":["Desporto","Futebol"],"inLanguage":"pt-PT"},{"@type":"WebPage","@id":"https:\/\/portaltela.pt\/noticias\/2026\/03\/20\/estugarda-admite-nao-ser-equipa-da-dimensao-do-bodo-glimt\/","url":"https:\/\/portaltela.pt\/noticias\/2026\/03\/20\/estugarda-admite-nao-ser-equipa-da-dimensao-do-bodo-glimt\/","name":"Estugarda admite n\u00e3o ser equipa da dimens\u00e3o do Bod\u00f8\/Glimt - Portal Tela Portugal","isPartOf":{"@id":"https:\/\/portaltela.pt\/#website"},"primaryImageOfPage":{"@id":"https:\/\/portaltela.pt\/noticias\/2026\/03\/20\/estugarda-admite-nao-ser-equipa-da-dimensao-do-bodo-glimt\/#primaryimage"},"image":{"@id":"https:\/\/portaltela.pt\/noticias\/2026\/03\/20\/estugarda-admite-nao-ser-equipa-da-dimensao-do-bodo-glimt\/#primaryimage"},"thumbnailUrl":"https:\/\/portaltela.pt\/s.01k8rhncp4jt1\/2026\/03\/img_1280x722uu2026-03-20-08-03-41-2273599.jpg","datePublished":"2026-03-20T08:03:58+00:00","author":{"@id":"https:\/\/portaltela.pt\/#\/schema\/person\/c4278d4a6028830caff9ee44b42d32ed"},"breadcrumb":{"@id":"https:\/\/portaltela.pt\/noticias\/2026\/03\/20\/estugarda-admite-nao-ser-equipa-da-dimensao-do-bodo-glimt\/#breadcrumb"},"inLanguage":"pt-PT","potentialAction":[{"@type":"ReadAction","target":["https:\/\/portaltela.pt\/noticias\/2026\/03\/20\/estugarda-admite-nao-ser-equipa-da-dimensao-do-bodo-glimt\/"]}]},{"@type":"ImageObject","inLanguage":"pt-PT","@id":"https:\/\/portaltela.pt\/noticias\/2026\/03\/20\/estugarda-admite-nao-ser-equipa-da-dimensao-do-bodo-glimt\/#primaryimage","url":"https:\/\/portaltela.pt\/s.01k8rhncp4jt1\/2026\/03\/img_1280x722uu2026-03-20-08-03-41-2273599.jpg","contentUrl":"https:\/\/portaltela.pt\/s.01k8rhncp4jt1\/2026\/03\/img_1280x722uu2026-03-20-08-03-41-2273599.jpg","width":796,"height":448,"caption":"Photo"},{"@type":"BreadcrumbList","@id":"https:\/\/portaltela.pt\/noticias\/2026\/03\/20\/estugarda-admite-nao-ser-equipa-da-dimensao-do-bodo-glimt\/#breadcrumb","itemListElement":[{"@type":"ListItem","position":1,"name":"In\u00edcio","item":"https:\/\/portaltela.pt\/"},{"@type":"ListItem","position":2,"name":"Estugarda admite n\u00e3o ser equipa da dimens\u00e3o do Bod\u00f8\/Glimt"}]},{"@type":"WebSite","@id":"https:\/\/portaltela.pt\/#website","url":"https:\/\/portaltela.pt\/","name":"Portal Tela Portugal","description":"","potentialAction":[{"@type":"SearchAction","target":{"@type":"EntryPoint","urlTemplate":"https:\/\/portaltela.pt\/?s={search_term_string}"},"query-input":{"@type":"PropertyValueSpecification","valueRequired":true,"valueName":"search_term_string"}}],"inLanguage":"pt-PT"},{"@type":"Person","@id":"https:\/\/portaltela.pt\/#\/schema\/person\/c4278d4a6028830caff9ee44b42d32ed","name":"Telinha","image":{"@type":"ImageObject","inLanguage":"pt-PT","@id":"https:\/\/portaltela.pt\/s.01k8rhncp4jt1\/2025\/11\/talking-bot-125x125.png","url":"https:\/\/portaltela.pt\/s.01k8rhncp4jt1\/2025\/11\/talking-bot-125x125.png","contentUrl":"https:\/\/portaltela.pt\/s.01k8rhncp4jt1\/2025\/11\/talking-bot-125x125.png","caption":"Telinha"},"sameAs":["https:\/\/portaltela.pt\/"],"url":"https:\/\/portaltela.pt\/por\/367410592786\/"}]}},"_links":{"self":[{"href":"https:\/\/portaltela.pt\/api\/wp\/v2\/posts\/416918","targetHints":{"allow":["GET"]}}],"collection":[{"href":"https:\/\/portaltela.pt\/api\/wp\/v2\/posts"}],"about":[{"href":"https:\/\/portaltela.pt\/api\/wp\/v2\/types\/post"}],"author":[{"embeddable":true,"href":"https:\/\/portaltela.pt\/api\/wp\/v2\/users\/2"}],"replies":[{"embeddable":true,"href":"https:\/\/portaltela.pt\/api\/wp\/v2\/comments?post=416918"}],"version-history":[{"count":0,"href":"https:\/\/portaltela.pt\/api\/wp\/v2\/posts\/416918\/revisions"}],"wp:featuredmedia":[{"embeddable":true,"href":"https:\/\/portaltela.pt\/api\/wp\/v2\/media\/416920"}],"wp:attachment":[{"href":"https:\/\/portaltela.pt\/api\/wp\/v2\/media?parent=416918"}],"wp:term":[{"taxonomy":"category","embeddable":true,"href":"https:\/\/portaltela.pt\/api\/wp\/v2\/categories?post=416918"},{"taxonomy":"post_tag","embeddable":true,"href":"https:\/\/portaltela.pt\/api\/wp\/v2\/tags?post=416918"}],"curies":[{"name":"wp","href":"https:\/\/api.w.org\/{rel}","templated":true}]}}