{"id":416895,"date":"2026-03-20T03:00:00","date_gmt":"2026-03-20T06:00:00","guid":{"rendered":"https:\/\/portaltela.pt\/noticias\/2026\/03\/20\/ps-em-lisboa-acusa-moedas-de-manter-secretario-geral-no-cargo-desde-2024\/"},"modified":"2026-03-20T03:00:00","modified_gmt":"2026-03-20T06:00:00","slug":"ps-em-lisboa-acusa-moedas-de-manter-secretario-geral-no-cargo-desde-2024","status":"publish","type":"post","link":"https:\/\/portaltela.pt\/noticias\/politica\/2026\/03\/20\/ps-em-lisboa-acusa-moedas-de-manter-secretario-geral-no-cargo-desde-2024\/","title":{"rendered":"PS em Lisboa acusa Moedas de manter secret\u00e1rio-geral no cargo desde 2024"},"content":{"rendered":"<p>O PS de Lisboa acusa o presidente da C\u00e2mara, Carlos Moedas, de manter ilegalmente Alberto Laplaine Guimar\u00e3es no cargo de secret\u00e1rio-geral do munic\u00edpio desde 2024, altura em que se deveria ter aberto concurso para a substitui\u00e7\u00e3o. A den\u00fancia foi feita pela vereadora socialista Alexandra Leit\u00e3o.<\/p>\n<p>Segundo o que foi tornando p\u00fablico, a gest\u00e3o municipal n\u00e3o ter\u00e1 levado a cabo o processo de substitui\u00e7\u00e3o previsto por lei. A acusa\u00e7\u00e3o sustenta que o nome em fun\u00e7\u00f5es n\u00e3o estaria em conformidade com os procedimentos administrativos.<\/p>\n<p>Alegadamente, o cargo de secret\u00e1rio-geral permanece ocupado desde 2024 sem concurso, o que, segundo o PS, viola os prazos legais e as regras de nomea\u00e7\u00e3o. N\u00e3o foram avan\u00e7ados elementos adicionais que comprovem irregularidades espec\u00edficas.<\/p>\n<h3>Alega\u00e7\u00e3o e contexto<\/h3>\n<p>A l\u00edder do PS na C\u00e2mara de Lisboa, Alexandra Leit\u00e3o, afirma que houve incumprimento de etapas formais na substitui\u00e7\u00e3o do secret\u00e1rio-geral. A not\u00edcia ocorre num contexto de discuss\u00e3o sobre gest\u00e3o municipal e procedimentos administrativos.<\/p>\n<p>A posi\u00e7\u00e3o do presidente Carlos Moedas ainda n\u00e3o foi detalhadamente publicada pela C\u00e2mara. O PS exige esclarecimentos sobre o enquadramento legal do atual v\u00ednculo de Laplaine Guimar\u00e3es e os prazos aplic\u00e1veis.<\/p>\n<p>Enquanto n\u00e3o houver resposta oficial, a situa\u00e7\u00e3o mant\u00e9m-se em an\u00e1lise jur\u00eddica e administrativa, com foco na regulariza\u00e7\u00e3o do procedimento de sucess\u00e3o e na transpar\u00eancia do processo p\u00fablico.<\/p>\n","protected":false},"excerpt":{"rendered":"<ul>\n<li>O PS em Lisboa acusa o presidente, Carlos Moedas, de manter ilegalmente no cargo o secret\u00e1rio-geral do munic\u00edpio desde 2024.<\/li>\n<li>A vereadora do PS Alexandra Leit\u00e3o afirma que, em 2024, devia ter sido aberto um concurso para substituir o secret\u00e1rio-geral.<\/li>\n<li>O alvo da acusa\u00e7\u00e3o \u00e9 Alberto Laplaine Guimar\u00e3es, que ocupa o cargo desde o ano referido.<\/li>\n<li>Segundo o PS, o concurso para a substitui\u00e7\u00e3o n\u00e3o foi realizado, o que viola o procedimento previsto.<\/li>\n<\/ul>\n","protected":false},"author":2,"featured_media":416899,"comment_status":"closed","ping_status":"closed","sticky":false,"template":"","format":"standard","meta":{"footnotes":""},"categories":[1,5],"tags":[5449,3948,164,981,4523,2832],"class_list":["post-416895","post","type-post","status-publish","format-standard","has-post-thumbnail","hentry","category-noticias","category-politica","tag-camara-municipal","tag-carlos-moedas","tag-concurso","tag-lisboa","tag-nomeacoes","tag-politica"],"yoast_head":"<!-- This site is optimized with the Yoast SEO plugin v27.2 - https:\/\/yoast.com\/product\/yoast-seo-wordpress\/ -->\n<title>PS em Lisboa acusa Moedas de manter secret\u00e1rio-geral no cargo desde 2024 - Portal Tela Portugal<\/title>\n<meta name=\"robots\" content=\"index, follow, max-snippet:-1, max-image-preview:large, max-video-preview:-1\" \/>\n<meta property=\"og:locale\" content=\"pt_PT\" \/>\n<meta property=\"og:type\" content=\"article\" \/>\n<meta property=\"og:title\" content=\"PS em Lisboa acusa Moedas de manter secret\u00e1rio-geral no cargo desde 2024 - Portal Tela Portugal\" \/>\n<meta property=\"og:description\" content=\"O PS em Lisboa acusa o presidente, Carlos Moedas, de manter ilegalmente no cargo o secret\u00e1rio-geral do munic\u00edpio desde 2024. A vereadora do PS Alexandra Leit\u00e3o afirma que, em 2024, devia ter sido aberto um concurso para substituir o secret\u00e1rio-geral. O alvo da acusa\u00e7\u00e3o \u00e9 Alberto Laplaine Guimar\u00e3es, que ocupa o cargo desde o ano referido. Segundo o PS, o concurso para a substitui\u00e7\u00e3o n\u00e3o foi realizado, o que viola o procedimento previsto.\" \/>\n<meta property=\"og:url\" content=\"https:\/\/portaltela.pt\/noticias\/2026\/03\/20\/ps-em-lisboa-acusa-moedas-de-manter-secretario-geral-no-cargo-desde-2024\/\" \/>\n<meta property=\"og:site_name\" content=\"Portal Tela Portugal\" \/>\n<meta property=\"article:published_time\" content=\"2026-03-20T06:00:00+00:00\" \/>\n<meta name=\"author\" content=\"Telinha\" \/>\n<meta name=\"twitter:card\" content=\"summary_large_image\" \/>\n<meta name=\"twitter:label1\" content=\"Escrito por\" \/>\n\t<meta name=\"twitter:data1\" content=\"Telinha\" \/>\n\t<meta name=\"twitter:label2\" content=\"Tempo estimado de leitura\" \/>\n\t<meta name=\"twitter:data2\" content=\"1 minuto\" \/>\n<script type=\"application\/ld+json\" class=\"yoast-schema-graph\">{\"@context\":\"https:\/\/schema.org\",\"@graph\":[{\"@type\":\"Article\",\"@id\":\"https:\/\/portaltela.pt\/noticias\/2026\/03\/20\/ps-em-lisboa-acusa-moedas-de-manter-secretario-geral-no-cargo-desde-2024\/#article\",\"isPartOf\":{\"@id\":\"https:\/\/portaltela.pt\/noticias\/2026\/03\/20\/ps-em-lisboa-acusa-moedas-de-manter-secretario-geral-no-cargo-desde-2024\/\"},\"author\":{\"name\":\"Telinha\",\"@id\":\"https:\/\/portaltela.pt\/#\/schema\/person\/c4278d4a6028830caff9ee44b42d32ed\"},\"headline\":\"PS em Lisboa acusa Moedas de manter secret\u00e1rio-geral no cargo desde 2024\",\"datePublished\":\"2026-03-20T06:00:00+00:00\",\"mainEntityOfPage\":{\"@id\":\"https:\/\/portaltela.pt\/noticias\/2026\/03\/20\/ps-em-lisboa-acusa-moedas-de-manter-secretario-geral-no-cargo-desde-2024\/\"},\"wordCount\":264,\"image\":{\"@id\":\"https:\/\/portaltela.pt\/noticias\/2026\/03\/20\/ps-em-lisboa-acusa-moedas-de-manter-secretario-geral-no-cargo-desde-2024\/#primaryimage\"},\"thumbnailUrl\":\"https:\/\/portaltela.pt\/s.01k8rhncp4jt1\/2026\/03\/CACHE_780X1200_ANALOG_WATERMARKED_46292665_3768646_04012026073910.jpg\",\"keywords\":[\"C\u00e2mara Municipal\",\"Carlos Moedas\",\"concurso\",\"Lisboa\",\"nomea\u00e7\u00f5es\",\"pol\u00edtica\"],\"articleSection\":[\"Not\u00edcias\",\"Pol\u00edtica\"],\"inLanguage\":\"pt-PT\"},{\"@type\":\"WebPage\",\"@id\":\"https:\/\/portaltela.pt\/noticias\/2026\/03\/20\/ps-em-lisboa-acusa-moedas-de-manter-secretario-geral-no-cargo-desde-2024\/\",\"url\":\"https:\/\/portaltela.pt\/noticias\/2026\/03\/20\/ps-em-lisboa-acusa-moedas-de-manter-secretario-geral-no-cargo-desde-2024\/\",\"name\":\"PS em Lisboa acusa Moedas de manter secret\u00e1rio-geral no cargo desde 2024 - Portal Tela Portugal\",\"isPartOf\":{\"@id\":\"https:\/\/portaltela.pt\/#website\"},\"primaryImageOfPage\":{\"@id\":\"https:\/\/portaltela.pt\/noticias\/2026\/03\/20\/ps-em-lisboa-acusa-moedas-de-manter-secretario-geral-no-cargo-desde-2024\/#primaryimage\"},\"image\":{\"@id\":\"https:\/\/portaltela.pt\/noticias\/2026\/03\/20\/ps-em-lisboa-acusa-moedas-de-manter-secretario-geral-no-cargo-desde-2024\/#primaryimage\"},\"thumbnailUrl\":\"https:\/\/portaltela.pt\/s.01k8rhncp4jt1\/2026\/03\/CACHE_780X1200_ANALOG_WATERMARKED_46292665_3768646_04012026073910.jpg\",\"datePublished\":\"2026-03-20T06:00:00+00:00\",\"author\":{\"@id\":\"https:\/\/portaltela.pt\/#\/schema\/person\/c4278d4a6028830caff9ee44b42d32ed\"},\"breadcrumb\":{\"@id\":\"https:\/\/portaltela.pt\/noticias\/2026\/03\/20\/ps-em-lisboa-acusa-moedas-de-manter-secretario-geral-no-cargo-desde-2024\/#breadcrumb\"},\"inLanguage\":\"pt-PT\",\"potentialAction\":[{\"@type\":\"ReadAction\",\"target\":[\"https:\/\/portaltela.pt\/noticias\/2026\/03\/20\/ps-em-lisboa-acusa-moedas-de-manter-secretario-geral-no-cargo-desde-2024\/\"]}]},{\"@type\":\"ImageObject\",\"inLanguage\":\"pt-PT\",\"@id\":\"https:\/\/portaltela.pt\/noticias\/2026\/03\/20\/ps-em-lisboa-acusa-moedas-de-manter-secretario-geral-no-cargo-desde-2024\/#primaryimage\",\"url\":\"https:\/\/portaltela.pt\/s.01k8rhncp4jt1\/2026\/03\/CACHE_780X1200_ANALOG_WATERMARKED_46292665_3768646_04012026073910.jpg\",\"contentUrl\":\"https:\/\/portaltela.pt\/s.01k8rhncp4jt1\/2026\/03\/CACHE_780X1200_ANALOG_WATERMARKED_46292665_3768646_04012026073910.jpg\",\"width\":796,\"height\":448,\"caption\":\"PS em Lisboa acusa Moedas de manter secret\u00e1rio-geral ilegalmente no cargo desde 2024\"},{\"@type\":\"BreadcrumbList\",\"@id\":\"https:\/\/portaltela.pt\/noticias\/2026\/03\/20\/ps-em-lisboa-acusa-moedas-de-manter-secretario-geral-no-cargo-desde-2024\/#breadcrumb\",\"itemListElement\":[{\"@type\":\"ListItem\",\"position\":1,\"name\":\"In\u00edcio\",\"item\":\"https:\/\/portaltela.pt\/\"},{\"@type\":\"ListItem\",\"position\":2,\"name\":\"PS em Lisboa acusa Moedas de manter secret\u00e1rio-geral no cargo desde 2024\"}]},{\"@type\":\"WebSite\",\"@id\":\"https:\/\/portaltela.pt\/#website\",\"url\":\"https:\/\/portaltela.pt\/\",\"name\":\"Portal Tela Portugal\",\"description\":\"\",\"potentialAction\":[{\"@type\":\"SearchAction\",\"target\":{\"@type\":\"EntryPoint\",\"urlTemplate\":\"https:\/\/portaltela.pt\/?s={search_term_string}\"},\"query-input\":{\"@type\":\"PropertyValueSpecification\",\"valueRequired\":true,\"valueName\":\"search_term_string\"}}],\"inLanguage\":\"pt-PT\"},{\"@type\":\"Person\",\"@id\":\"https:\/\/portaltela.pt\/#\/schema\/person\/c4278d4a6028830caff9ee44b42d32ed\",\"name\":\"Telinha\",\"image\":{\"@type\":\"ImageObject\",\"inLanguage\":\"pt-PT\",\"@id\":\"https:\/\/portaltela.pt\/s.01k8rhncp4jt1\/2025\/11\/talking-bot-125x125.png\",\"url\":\"https:\/\/portaltela.pt\/s.01k8rhncp4jt1\/2025\/11\/talking-bot-125x125.png\",\"contentUrl\":\"https:\/\/portaltela.pt\/s.01k8rhncp4jt1\/2025\/11\/talking-bot-125x125.png\",\"caption\":\"Telinha\"},\"sameAs\":[\"https:\/\/portaltela.pt\/\"],\"url\":\"https:\/\/portaltela.pt\/por\/367410592786\/\"}]}<\/script>\n<!-- \/ Yoast SEO plugin. -->","yoast_head_json":{"title":"PS em Lisboa acusa Moedas de manter secret\u00e1rio-geral no cargo desde 2024 - Portal Tela Portugal","robots":{"index":"index","follow":"follow","max-snippet":"max-snippet:-1","max-image-preview":"max-image-preview:large","max-video-preview":"max-video-preview:-1"},"og_locale":"pt_PT","og_type":"article","og_title":"PS em Lisboa acusa Moedas de manter secret\u00e1rio-geral no cargo desde 2024 - Portal Tela Portugal","og_description":"O PS em Lisboa acusa o presidente, Carlos Moedas, de manter ilegalmente no cargo o secret\u00e1rio-geral do munic\u00edpio desde 2024. A vereadora do PS Alexandra Leit\u00e3o afirma que, em 2024, devia ter sido aberto um concurso para substituir o secret\u00e1rio-geral. O alvo da acusa\u00e7\u00e3o \u00e9 Alberto Laplaine Guimar\u00e3es, que ocupa o cargo desde o ano referido. Segundo o PS, o concurso para a substitui\u00e7\u00e3o n\u00e3o foi realizado, o que viola o procedimento previsto.","og_url":"https:\/\/portaltela.pt\/noticias\/2026\/03\/20\/ps-em-lisboa-acusa-moedas-de-manter-secretario-geral-no-cargo-desde-2024\/","og_site_name":"Portal Tela Portugal","article_published_time":"2026-03-20T06:00:00+00:00","author":"Telinha","twitter_card":"summary_large_image","twitter_misc":{"Escrito por":"Telinha","Tempo estimado de leitura":"1 minuto"},"schema":{"@context":"https:\/\/schema.org","@graph":[{"@type":"Article","@id":"https:\/\/portaltela.pt\/noticias\/2026\/03\/20\/ps-em-lisboa-acusa-moedas-de-manter-secretario-geral-no-cargo-desde-2024\/#article","isPartOf":{"@id":"https:\/\/portaltela.pt\/noticias\/2026\/03\/20\/ps-em-lisboa-acusa-moedas-de-manter-secretario-geral-no-cargo-desde-2024\/"},"author":{"name":"Telinha","@id":"https:\/\/portaltela.pt\/#\/schema\/person\/c4278d4a6028830caff9ee44b42d32ed"},"headline":"PS em Lisboa acusa Moedas de manter secret\u00e1rio-geral no cargo desde 2024","datePublished":"2026-03-20T06:00:00+00:00","mainEntityOfPage":{"@id":"https:\/\/portaltela.pt\/noticias\/2026\/03\/20\/ps-em-lisboa-acusa-moedas-de-manter-secretario-geral-no-cargo-desde-2024\/"},"wordCount":264,"image":{"@id":"https:\/\/portaltela.pt\/noticias\/2026\/03\/20\/ps-em-lisboa-acusa-moedas-de-manter-secretario-geral-no-cargo-desde-2024\/#primaryimage"},"thumbnailUrl":"https:\/\/portaltela.pt\/s.01k8rhncp4jt1\/2026\/03\/CACHE_780X1200_ANALOG_WATERMARKED_46292665_3768646_04012026073910.jpg","keywords":["C\u00e2mara Municipal","Carlos Moedas","concurso","Lisboa","nomea\u00e7\u00f5es","pol\u00edtica"],"articleSection":["Not\u00edcias","Pol\u00edtica"],"inLanguage":"pt-PT"},{"@type":"WebPage","@id":"https:\/\/portaltela.pt\/noticias\/2026\/03\/20\/ps-em-lisboa-acusa-moedas-de-manter-secretario-geral-no-cargo-desde-2024\/","url":"https:\/\/portaltela.pt\/noticias\/2026\/03\/20\/ps-em-lisboa-acusa-moedas-de-manter-secretario-geral-no-cargo-desde-2024\/","name":"PS em Lisboa acusa Moedas de manter secret\u00e1rio-geral no cargo desde 2024 - Portal Tela Portugal","isPartOf":{"@id":"https:\/\/portaltela.pt\/#website"},"primaryImageOfPage":{"@id":"https:\/\/portaltela.pt\/noticias\/2026\/03\/20\/ps-em-lisboa-acusa-moedas-de-manter-secretario-geral-no-cargo-desde-2024\/#primaryimage"},"image":{"@id":"https:\/\/portaltela.pt\/noticias\/2026\/03\/20\/ps-em-lisboa-acusa-moedas-de-manter-secretario-geral-no-cargo-desde-2024\/#primaryimage"},"thumbnailUrl":"https:\/\/portaltela.pt\/s.01k8rhncp4jt1\/2026\/03\/CACHE_780X1200_ANALOG_WATERMARKED_46292665_3768646_04012026073910.jpg","datePublished":"2026-03-20T06:00:00+00:00","author":{"@id":"https:\/\/portaltela.pt\/#\/schema\/person\/c4278d4a6028830caff9ee44b42d32ed"},"breadcrumb":{"@id":"https:\/\/portaltela.pt\/noticias\/2026\/03\/20\/ps-em-lisboa-acusa-moedas-de-manter-secretario-geral-no-cargo-desde-2024\/#breadcrumb"},"inLanguage":"pt-PT","potentialAction":[{"@type":"ReadAction","target":["https:\/\/portaltela.pt\/noticias\/2026\/03\/20\/ps-em-lisboa-acusa-moedas-de-manter-secretario-geral-no-cargo-desde-2024\/"]}]},{"@type":"ImageObject","inLanguage":"pt-PT","@id":"https:\/\/portaltela.pt\/noticias\/2026\/03\/20\/ps-em-lisboa-acusa-moedas-de-manter-secretario-geral-no-cargo-desde-2024\/#primaryimage","url":"https:\/\/portaltela.pt\/s.01k8rhncp4jt1\/2026\/03\/CACHE_780X1200_ANALOG_WATERMARKED_46292665_3768646_04012026073910.jpg","contentUrl":"https:\/\/portaltela.pt\/s.01k8rhncp4jt1\/2026\/03\/CACHE_780X1200_ANALOG_WATERMARKED_46292665_3768646_04012026073910.jpg","width":796,"height":448,"caption":"PS em Lisboa acusa Moedas de manter secret\u00e1rio-geral ilegalmente no cargo desde 2024"},{"@type":"BreadcrumbList","@id":"https:\/\/portaltela.pt\/noticias\/2026\/03\/20\/ps-em-lisboa-acusa-moedas-de-manter-secretario-geral-no-cargo-desde-2024\/#breadcrumb","itemListElement":[{"@type":"ListItem","position":1,"name":"In\u00edcio","item":"https:\/\/portaltela.pt\/"},{"@type":"ListItem","position":2,"name":"PS em Lisboa acusa Moedas de manter secret\u00e1rio-geral no cargo desde 2024"}]},{"@type":"WebSite","@id":"https:\/\/portaltela.pt\/#website","url":"https:\/\/portaltela.pt\/","name":"Portal Tela Portugal","description":"","potentialAction":[{"@type":"SearchAction","target":{"@type":"EntryPoint","urlTemplate":"https:\/\/portaltela.pt\/?s={search_term_string}"},"query-input":{"@type":"PropertyValueSpecification","valueRequired":true,"valueName":"search_term_string"}}],"inLanguage":"pt-PT"},{"@type":"Person","@id":"https:\/\/portaltela.pt\/#\/schema\/person\/c4278d4a6028830caff9ee44b42d32ed","name":"Telinha","image":{"@type":"ImageObject","inLanguage":"pt-PT","@id":"https:\/\/portaltela.pt\/s.01k8rhncp4jt1\/2025\/11\/talking-bot-125x125.png","url":"https:\/\/portaltela.pt\/s.01k8rhncp4jt1\/2025\/11\/talking-bot-125x125.png","contentUrl":"https:\/\/portaltela.pt\/s.01k8rhncp4jt1\/2025\/11\/talking-bot-125x125.png","caption":"Telinha"},"sameAs":["https:\/\/portaltela.pt\/"],"url":"https:\/\/portaltela.pt\/por\/367410592786\/"}]}},"_links":{"self":[{"href":"https:\/\/portaltela.pt\/api\/wp\/v2\/posts\/416895","targetHints":{"allow":["GET"]}}],"collection":[{"href":"https:\/\/portaltela.pt\/api\/wp\/v2\/posts"}],"about":[{"href":"https:\/\/portaltela.pt\/api\/wp\/v2\/types\/post"}],"author":[{"embeddable":true,"href":"https:\/\/portaltela.pt\/api\/wp\/v2\/users\/2"}],"replies":[{"embeddable":true,"href":"https:\/\/portaltela.pt\/api\/wp\/v2\/comments?post=416895"}],"version-history":[{"count":0,"href":"https:\/\/portaltela.pt\/api\/wp\/v2\/posts\/416895\/revisions"}],"wp:featuredmedia":[{"embeddable":true,"href":"https:\/\/portaltela.pt\/api\/wp\/v2\/media\/416899"}],"wp:attachment":[{"href":"https:\/\/portaltela.pt\/api\/wp\/v2\/media?parent=416895"}],"wp:term":[{"taxonomy":"category","embeddable":true,"href":"https:\/\/portaltela.pt\/api\/wp\/v2\/categories?post=416895"},{"taxonomy":"post_tag","embeddable":true,"href":"https:\/\/portaltela.pt\/api\/wp\/v2\/tags?post=416895"}],"curies":[{"name":"wp","href":"https:\/\/api.w.org\/{rel}","templated":true}]}}