{"id":416876,"date":"2026-03-20T04:28:45","date_gmt":"2026-03-20T07:28:45","guid":{"rendered":"https:\/\/portaltela.pt\/noticias\/2026\/03\/20\/livre-propoe-alargar-apoios-a-todos-os-fenomenos-naturais-extremos\/"},"modified":"2026-03-20T04:28:45","modified_gmt":"2026-03-20T07:28:45","slug":"livre-propoe-alargar-apoios-a-todos-os-fenomenos-naturais-extremos","status":"publish","type":"post","link":"https:\/\/portaltela.pt\/sociedade\/2026\/03\/20\/livre-propoe-alargar-apoios-a-todos-os-fenomenos-naturais-extremos\/","title":{"rendered":"Livre prop\u00f5e alargar apoios a todos os fen\u00f3menos naturais extremos"},"content":{"rendered":"<p>O partido Livre vai levar a debate no Parlamento uma proposta para estender o regime de apoios j\u00e1 existente aos inc\u00eandios a outros fen\u00f3menos naturais extremos, como tempestades. A iniciativa foi anunciada para esta sexta-feira, em Lisboa. A ideia \u00e9 evitar que a resposta do Estado dependa de diplomas ad hoc em cada evento, promovendo uma atua\u00e7\u00e3o pr\u00e9via e mais preparada.<\/p>\n<p>Atualmente, o regime jur\u00eddico criado por um decreto-lei de agosto do ano passado regula medidas de apoio e mitiga\u00e7\u00e3o de impactos de inc\u00eandios rurais. O diploma prev\u00ea apoios em habita\u00e7\u00e3o, sa\u00fade, a\u00e7\u00f5es sociais de car\u00e1ter excecional e apoio a atividades econ\u00f3micas, bem como contrata\u00e7\u00e3o p\u00fablica, loca\u00e7\u00e3o ou aquisi\u00e7\u00e3o de bens e servi\u00e7os. A aplica\u00e7\u00e3o concreta depende de resolu\u00e7\u00f5es do Conselho de Ministros, conforme a evolu\u00e7\u00e3o de cada situa\u00e7\u00e3o.<\/p>\n<h3>Objetivo e alcance<\/h3>\n<p>O Livre defende que o regime seja alargado a eventos extremos como sismos e fen\u00f3menos meteorol\u00f3gicos com aviso laranja ou vermelho do IPMA. O partido sustenta que o atual quadro limita a resposta do Estado aos inc\u00eandios, deixando territ\u00f3rios vulner\u00e1veis. Prop\u00f5e um regime \u00fanico e vers\u00e1til, aplicado por resolu\u00e7\u00e3o do Conselho de Ministros para qualquer desastre grave, visando equidade entre v\u00edtimas e resili\u00eancia clim\u00e1tica.<\/p>\n<h3>Implementa\u00e7\u00e3o e efeitos esperados<\/h3>\n<p>Segundo o partido, a extens\u00e3o reduziria a necessidade de diplomas espec\u00edficos para cada trag\u00e9dia, facilitando preven\u00e7\u00e3o e reconstru\u00e7\u00e3o. O deputado Jorge Pinto afirmou que a resposta governamental pode ser ajustada em fun\u00e7\u00e3o do territ\u00f3rio e do tipo de fen\u00f3meno. A proposta aponta, por exemplo, diferen\u00e7as entre fogo florestal, cheias ou outros impactos imediatos.<\/p>\n<h3>Contexto parlamentar<\/h3>\n<p>Pinto indicou que a proposta pode obter aprova\u00e7\u00e3o, argumentando que a evid\u00eancia das altera\u00e7\u00f5es clim\u00e1ticas tem motivado mudan\u00e7as entre quem inicialmente duvidava. O debate no Parlamento incluir\u00e1 outras iniciativas, como medidas de apoio a v\u00edtimas de inc\u00eandios e propostas de prote\u00e7\u00e3o de animais, em linha com a discuss\u00e3o sobre fen\u00f3menos naturais extremos. Um fundo para cat\u00e1strofes naturais tamb\u00e9m est\u00e1 entre as sugest\u00f5es discutidas.<\/p>\n","protected":false},"excerpt":{"rendered":"<ul>\n<li>O Livre prop\u00f5e levar o regime de apoios existente para inc\u00eandios, criado por decreto, a todos os fen\u00f3menos naturais extremos, incluindo tempestades e sismos.<\/li>\n<li>O objetivo \u00e9 criar um regime unificado e vers\u00e1til de apoio e mitiga\u00e7\u00e3o, via resolu\u00e7\u00e3o do Conselho de Ministros, para responder proativamente a desastres naturais.<\/li>\n<li>O debate no Parlamento inclui tamb\u00e9m projects do PS, PCP e PAN; o Chega apresentou uma resolu\u00e7\u00e3o sobre um fundo para cat\u00e1strofes naturais.<\/li>\n<li>O projeto apresenta como exemplos de fen\u00f3menos a incluir situa\u00e7\u00f5es com avisos meteorol\u00f3gicos laranja ou vermelho emitidos pelo Instituto Portugu\u00eas do Mar e da Atmosfera, e referencia as recentes tempestades que causaram mortes e danos.<\/li>\n<li>O deputado Jorge Pinto afirma que a resposta do Governo pode ser adaptada ao territ\u00f3rio e ao tipo de fen\u00f3meno, e afirma acreditar numa aprova\u00e7\u00e3o mais c\u00e9lere face \u00e0 evid\u00eancia de altera\u00e7\u00f5es clim\u00e1ticas.<\/li>\n<\/ul>\n","protected":false},"author":2,"featured_media":416883,"comment_status":"closed","ping_status":"closed","sticky":false,"template":"","format":"standard","meta":{"footnotes":""},"categories":[6725,6871],"tags":[5215,6063,2617,3968,45,5099],"class_list":["post-416876","post","type-post","status-publish","format-standard","has-post-thumbnail","hentry","category-meio-ambiente","category-sociedade","tag-catastrofes-naturais","tag-desastres","tag-incendios","tag-ipma","tag-meio-ambiente","tag-protecao-civil-municipal"],"yoast_head":"<!-- This site is optimized with the Yoast SEO plugin v27.2 - https:\/\/yoast.com\/product\/yoast-seo-wordpress\/ -->\n<title>Livre prop\u00f5e alargar apoios a todos os fen\u00f3menos naturais extremos - Portal Tela Portugal<\/title>\n<meta name=\"robots\" content=\"index, follow, max-snippet:-1, max-image-preview:large, max-video-preview:-1\" \/>\n<meta property=\"og:locale\" content=\"pt_PT\" \/>\n<meta property=\"og:type\" content=\"article\" \/>\n<meta property=\"og:title\" content=\"Livre prop\u00f5e alargar apoios a todos os fen\u00f3menos naturais extremos - Portal Tela Portugal\" \/>\n<meta property=\"og:description\" content=\"O Livre prop\u00f5e levar o regime de apoios existente para inc\u00eandios, criado por decreto, a todos os fen\u00f3menos naturais extremos, incluindo tempestades e sismos. O objetivo \u00e9 criar um regime unificado e vers\u00e1til de apoio e mitiga\u00e7\u00e3o, via resolu\u00e7\u00e3o do Conselho de Ministros, para responder proativamente a desastres naturais. O debate no Parlamento inclui tamb\u00e9m projects do PS, PCP e PAN; o Chega apresentou uma resolu\u00e7\u00e3o sobre um fundo para cat\u00e1strofes naturais. O projeto apresenta como exemplos de fen\u00f3menos a incluir situa\u00e7\u00f5es com avisos meteorol\u00f3gicos laranja ou vermelho emitidos pelo Instituto Portugu\u00eas do Mar e da Atmosfera, e referencia as recentes tempestades que causaram mortes e danos. O deputado Jorge Pinto afirma que a resposta do Governo pode ser adaptada ao territ\u00f3rio e ao tipo de fen\u00f3meno, e afirma acreditar numa aprova\u00e7\u00e3o mais c\u00e9lere face \u00e0 evid\u00eancia de altera\u00e7\u00f5es clim\u00e1ticas.\" \/>\n<meta property=\"og:url\" content=\"https:\/\/portaltela.pt\/noticias\/2026\/03\/20\/livre-propoe-alargar-apoios-a-todos-os-fenomenos-naturais-extremos\/\" \/>\n<meta property=\"og:site_name\" content=\"Portal Tela Portugal\" \/>\n<meta property=\"article:published_time\" content=\"2026-03-20T07:28:45+00:00\" \/>\n<meta name=\"author\" content=\"Telinha\" \/>\n<meta name=\"twitter:card\" content=\"summary_large_image\" \/>\n<meta name=\"twitter:label1\" content=\"Escrito por\" \/>\n\t<meta name=\"twitter:data1\" content=\"Telinha\" \/>\n\t<meta name=\"twitter:label2\" content=\"Tempo estimado de leitura\" \/>\n\t<meta name=\"twitter:data2\" content=\"2 minutos\" \/>\n<script type=\"application\/ld+json\" class=\"yoast-schema-graph\">{\"@context\":\"https:\/\/schema.org\",\"@graph\":[{\"@type\":\"Article\",\"@id\":\"https:\/\/portaltela.pt\/noticias\/2026\/03\/20\/livre-propoe-alargar-apoios-a-todos-os-fenomenos-naturais-extremos\/#article\",\"isPartOf\":{\"@id\":\"https:\/\/portaltela.pt\/noticias\/2026\/03\/20\/livre-propoe-alargar-apoios-a-todos-os-fenomenos-naturais-extremos\/\"},\"author\":{\"name\":\"Telinha\",\"@id\":\"https:\/\/portaltela.pt\/#\/schema\/person\/c4278d4a6028830caff9ee44b42d32ed\"},\"headline\":\"Livre prop\u00f5e alargar apoios a todos os fen\u00f3menos naturais extremos\",\"datePublished\":\"2026-03-20T07:28:45+00:00\",\"mainEntityOfPage\":{\"@id\":\"https:\/\/portaltela.pt\/noticias\/2026\/03\/20\/livre-propoe-alargar-apoios-a-todos-os-fenomenos-naturais-extremos\/\"},\"wordCount\":384,\"image\":{\"@id\":\"https:\/\/portaltela.pt\/noticias\/2026\/03\/20\/livre-propoe-alargar-apoios-a-todos-os-fenomenos-naturais-extremos\/#primaryimage\"},\"thumbnailUrl\":\"https:\/\/portaltela.pt\/s.01k8rhncp4jt1\/2026\/03\/img_1500x1000uu2025-12-17-15-13-04-2254901.jpg\",\"keywords\":[\"cat\u00e1strofes naturais\",\"desastres\",\"inc\u00eandios\",\"IPMA\",\"meio-ambiente\",\"Prote\u00e7\u00e3o Civil Municipal\"],\"articleSection\":[\"Meio Ambiente\",\"Sociedade\"],\"inLanguage\":\"pt-PT\"},{\"@type\":\"WebPage\",\"@id\":\"https:\/\/portaltela.pt\/noticias\/2026\/03\/20\/livre-propoe-alargar-apoios-a-todos-os-fenomenos-naturais-extremos\/\",\"url\":\"https:\/\/portaltela.pt\/noticias\/2026\/03\/20\/livre-propoe-alargar-apoios-a-todos-os-fenomenos-naturais-extremos\/\",\"name\":\"Livre prop\u00f5e alargar apoios a todos os fen\u00f3menos naturais extremos - Portal Tela Portugal\",\"isPartOf\":{\"@id\":\"https:\/\/portaltela.pt\/#website\"},\"primaryImageOfPage\":{\"@id\":\"https:\/\/portaltela.pt\/noticias\/2026\/03\/20\/livre-propoe-alargar-apoios-a-todos-os-fenomenos-naturais-extremos\/#primaryimage\"},\"image\":{\"@id\":\"https:\/\/portaltela.pt\/noticias\/2026\/03\/20\/livre-propoe-alargar-apoios-a-todos-os-fenomenos-naturais-extremos\/#primaryimage\"},\"thumbnailUrl\":\"https:\/\/portaltela.pt\/s.01k8rhncp4jt1\/2026\/03\/img_1500x1000uu2025-12-17-15-13-04-2254901.jpg\",\"datePublished\":\"2026-03-20T07:28:45+00:00\",\"author\":{\"@id\":\"https:\/\/portaltela.pt\/#\/schema\/person\/c4278d4a6028830caff9ee44b42d32ed\"},\"breadcrumb\":{\"@id\":\"https:\/\/portaltela.pt\/noticias\/2026\/03\/20\/livre-propoe-alargar-apoios-a-todos-os-fenomenos-naturais-extremos\/#breadcrumb\"},\"inLanguage\":\"pt-PT\",\"potentialAction\":[{\"@type\":\"ReadAction\",\"target\":[\"https:\/\/portaltela.pt\/noticias\/2026\/03\/20\/livre-propoe-alargar-apoios-a-todos-os-fenomenos-naturais-extremos\/\"]}]},{\"@type\":\"ImageObject\",\"inLanguage\":\"pt-PT\",\"@id\":\"https:\/\/portaltela.pt\/noticias\/2026\/03\/20\/livre-propoe-alargar-apoios-a-todos-os-fenomenos-naturais-extremos\/#primaryimage\",\"url\":\"https:\/\/portaltela.pt\/s.01k8rhncp4jt1\/2026\/03\/img_1500x1000uu2025-12-17-15-13-04-2254901.jpg\",\"contentUrl\":\"https:\/\/portaltela.pt\/s.01k8rhncp4jt1\/2026\/03\/img_1500x1000uu2025-12-17-15-13-04-2254901.jpg\",\"width\":796,\"height\":448,\"caption\":\"Jorge Pinto\"},{\"@type\":\"BreadcrumbList\",\"@id\":\"https:\/\/portaltela.pt\/noticias\/2026\/03\/20\/livre-propoe-alargar-apoios-a-todos-os-fenomenos-naturais-extremos\/#breadcrumb\",\"itemListElement\":[{\"@type\":\"ListItem\",\"position\":1,\"name\":\"In\u00edcio\",\"item\":\"https:\/\/portaltela.pt\/\"},{\"@type\":\"ListItem\",\"position\":2,\"name\":\"Livre prop\u00f5e alargar apoios a todos os fen\u00f3menos naturais extremos\"}]},{\"@type\":\"WebSite\",\"@id\":\"https:\/\/portaltela.pt\/#website\",\"url\":\"https:\/\/portaltela.pt\/\",\"name\":\"Portal Tela Portugal\",\"description\":\"\",\"potentialAction\":[{\"@type\":\"SearchAction\",\"target\":{\"@type\":\"EntryPoint\",\"urlTemplate\":\"https:\/\/portaltela.pt\/?s={search_term_string}\"},\"query-input\":{\"@type\":\"PropertyValueSpecification\",\"valueRequired\":true,\"valueName\":\"search_term_string\"}}],\"inLanguage\":\"pt-PT\"},{\"@type\":\"Person\",\"@id\":\"https:\/\/portaltela.pt\/#\/schema\/person\/c4278d4a6028830caff9ee44b42d32ed\",\"name\":\"Telinha\",\"image\":{\"@type\":\"ImageObject\",\"inLanguage\":\"pt-PT\",\"@id\":\"https:\/\/portaltela.pt\/s.01k8rhncp4jt1\/2025\/11\/talking-bot-125x125.png\",\"url\":\"https:\/\/portaltela.pt\/s.01k8rhncp4jt1\/2025\/11\/talking-bot-125x125.png\",\"contentUrl\":\"https:\/\/portaltela.pt\/s.01k8rhncp4jt1\/2025\/11\/talking-bot-125x125.png\",\"caption\":\"Telinha\"},\"sameAs\":[\"https:\/\/portaltela.pt\/\"],\"url\":\"https:\/\/portaltela.pt\/por\/367410592786\/\"}]}<\/script>\n<!-- \/ Yoast SEO plugin. -->","yoast_head_json":{"title":"Livre prop\u00f5e alargar apoios a todos os fen\u00f3menos naturais extremos - Portal Tela Portugal","robots":{"index":"index","follow":"follow","max-snippet":"max-snippet:-1","max-image-preview":"max-image-preview:large","max-video-preview":"max-video-preview:-1"},"og_locale":"pt_PT","og_type":"article","og_title":"Livre prop\u00f5e alargar apoios a todos os fen\u00f3menos naturais extremos - Portal Tela Portugal","og_description":"O Livre prop\u00f5e levar o regime de apoios existente para inc\u00eandios, criado por decreto, a todos os fen\u00f3menos naturais extremos, incluindo tempestades e sismos. O objetivo \u00e9 criar um regime unificado e vers\u00e1til de apoio e mitiga\u00e7\u00e3o, via resolu\u00e7\u00e3o do Conselho de Ministros, para responder proativamente a desastres naturais. O debate no Parlamento inclui tamb\u00e9m projects do PS, PCP e PAN; o Chega apresentou uma resolu\u00e7\u00e3o sobre um fundo para cat\u00e1strofes naturais. O projeto apresenta como exemplos de fen\u00f3menos a incluir situa\u00e7\u00f5es com avisos meteorol\u00f3gicos laranja ou vermelho emitidos pelo Instituto Portugu\u00eas do Mar e da Atmosfera, e referencia as recentes tempestades que causaram mortes e danos. O deputado Jorge Pinto afirma que a resposta do Governo pode ser adaptada ao territ\u00f3rio e ao tipo de fen\u00f3meno, e afirma acreditar numa aprova\u00e7\u00e3o mais c\u00e9lere face \u00e0 evid\u00eancia de altera\u00e7\u00f5es clim\u00e1ticas.","og_url":"https:\/\/portaltela.pt\/noticias\/2026\/03\/20\/livre-propoe-alargar-apoios-a-todos-os-fenomenos-naturais-extremos\/","og_site_name":"Portal Tela Portugal","article_published_time":"2026-03-20T07:28:45+00:00","author":"Telinha","twitter_card":"summary_large_image","twitter_misc":{"Escrito por":"Telinha","Tempo estimado de leitura":"2 minutos"},"schema":{"@context":"https:\/\/schema.org","@graph":[{"@type":"Article","@id":"https:\/\/portaltela.pt\/noticias\/2026\/03\/20\/livre-propoe-alargar-apoios-a-todos-os-fenomenos-naturais-extremos\/#article","isPartOf":{"@id":"https:\/\/portaltela.pt\/noticias\/2026\/03\/20\/livre-propoe-alargar-apoios-a-todos-os-fenomenos-naturais-extremos\/"},"author":{"name":"Telinha","@id":"https:\/\/portaltela.pt\/#\/schema\/person\/c4278d4a6028830caff9ee44b42d32ed"},"headline":"Livre prop\u00f5e alargar apoios a todos os fen\u00f3menos naturais extremos","datePublished":"2026-03-20T07:28:45+00:00","mainEntityOfPage":{"@id":"https:\/\/portaltela.pt\/noticias\/2026\/03\/20\/livre-propoe-alargar-apoios-a-todos-os-fenomenos-naturais-extremos\/"},"wordCount":384,"image":{"@id":"https:\/\/portaltela.pt\/noticias\/2026\/03\/20\/livre-propoe-alargar-apoios-a-todos-os-fenomenos-naturais-extremos\/#primaryimage"},"thumbnailUrl":"https:\/\/portaltela.pt\/s.01k8rhncp4jt1\/2026\/03\/img_1500x1000uu2025-12-17-15-13-04-2254901.jpg","keywords":["cat\u00e1strofes naturais","desastres","inc\u00eandios","IPMA","meio-ambiente","Prote\u00e7\u00e3o Civil Municipal"],"articleSection":["Meio Ambiente","Sociedade"],"inLanguage":"pt-PT"},{"@type":"WebPage","@id":"https:\/\/portaltela.pt\/noticias\/2026\/03\/20\/livre-propoe-alargar-apoios-a-todos-os-fenomenos-naturais-extremos\/","url":"https:\/\/portaltela.pt\/noticias\/2026\/03\/20\/livre-propoe-alargar-apoios-a-todos-os-fenomenos-naturais-extremos\/","name":"Livre prop\u00f5e alargar apoios a todos os fen\u00f3menos naturais extremos - Portal Tela Portugal","isPartOf":{"@id":"https:\/\/portaltela.pt\/#website"},"primaryImageOfPage":{"@id":"https:\/\/portaltela.pt\/noticias\/2026\/03\/20\/livre-propoe-alargar-apoios-a-todos-os-fenomenos-naturais-extremos\/#primaryimage"},"image":{"@id":"https:\/\/portaltela.pt\/noticias\/2026\/03\/20\/livre-propoe-alargar-apoios-a-todos-os-fenomenos-naturais-extremos\/#primaryimage"},"thumbnailUrl":"https:\/\/portaltela.pt\/s.01k8rhncp4jt1\/2026\/03\/img_1500x1000uu2025-12-17-15-13-04-2254901.jpg","datePublished":"2026-03-20T07:28:45+00:00","author":{"@id":"https:\/\/portaltela.pt\/#\/schema\/person\/c4278d4a6028830caff9ee44b42d32ed"},"breadcrumb":{"@id":"https:\/\/portaltela.pt\/noticias\/2026\/03\/20\/livre-propoe-alargar-apoios-a-todos-os-fenomenos-naturais-extremos\/#breadcrumb"},"inLanguage":"pt-PT","potentialAction":[{"@type":"ReadAction","target":["https:\/\/portaltela.pt\/noticias\/2026\/03\/20\/livre-propoe-alargar-apoios-a-todos-os-fenomenos-naturais-extremos\/"]}]},{"@type":"ImageObject","inLanguage":"pt-PT","@id":"https:\/\/portaltela.pt\/noticias\/2026\/03\/20\/livre-propoe-alargar-apoios-a-todos-os-fenomenos-naturais-extremos\/#primaryimage","url":"https:\/\/portaltela.pt\/s.01k8rhncp4jt1\/2026\/03\/img_1500x1000uu2025-12-17-15-13-04-2254901.jpg","contentUrl":"https:\/\/portaltela.pt\/s.01k8rhncp4jt1\/2026\/03\/img_1500x1000uu2025-12-17-15-13-04-2254901.jpg","width":796,"height":448,"caption":"Jorge Pinto"},{"@type":"BreadcrumbList","@id":"https:\/\/portaltela.pt\/noticias\/2026\/03\/20\/livre-propoe-alargar-apoios-a-todos-os-fenomenos-naturais-extremos\/#breadcrumb","itemListElement":[{"@type":"ListItem","position":1,"name":"In\u00edcio","item":"https:\/\/portaltela.pt\/"},{"@type":"ListItem","position":2,"name":"Livre prop\u00f5e alargar apoios a todos os fen\u00f3menos naturais extremos"}]},{"@type":"WebSite","@id":"https:\/\/portaltela.pt\/#website","url":"https:\/\/portaltela.pt\/","name":"Portal Tela Portugal","description":"","potentialAction":[{"@type":"SearchAction","target":{"@type":"EntryPoint","urlTemplate":"https:\/\/portaltela.pt\/?s={search_term_string}"},"query-input":{"@type":"PropertyValueSpecification","valueRequired":true,"valueName":"search_term_string"}}],"inLanguage":"pt-PT"},{"@type":"Person","@id":"https:\/\/portaltela.pt\/#\/schema\/person\/c4278d4a6028830caff9ee44b42d32ed","name":"Telinha","image":{"@type":"ImageObject","inLanguage":"pt-PT","@id":"https:\/\/portaltela.pt\/s.01k8rhncp4jt1\/2025\/11\/talking-bot-125x125.png","url":"https:\/\/portaltela.pt\/s.01k8rhncp4jt1\/2025\/11\/talking-bot-125x125.png","contentUrl":"https:\/\/portaltela.pt\/s.01k8rhncp4jt1\/2025\/11\/talking-bot-125x125.png","caption":"Telinha"},"sameAs":["https:\/\/portaltela.pt\/"],"url":"https:\/\/portaltela.pt\/por\/367410592786\/"}]}},"_links":{"self":[{"href":"https:\/\/portaltela.pt\/api\/wp\/v2\/posts\/416876","targetHints":{"allow":["GET"]}}],"collection":[{"href":"https:\/\/portaltela.pt\/api\/wp\/v2\/posts"}],"about":[{"href":"https:\/\/portaltela.pt\/api\/wp\/v2\/types\/post"}],"author":[{"embeddable":true,"href":"https:\/\/portaltela.pt\/api\/wp\/v2\/users\/2"}],"replies":[{"embeddable":true,"href":"https:\/\/portaltela.pt\/api\/wp\/v2\/comments?post=416876"}],"version-history":[{"count":0,"href":"https:\/\/portaltela.pt\/api\/wp\/v2\/posts\/416876\/revisions"}],"wp:featuredmedia":[{"embeddable":true,"href":"https:\/\/portaltela.pt\/api\/wp\/v2\/media\/416883"}],"wp:attachment":[{"href":"https:\/\/portaltela.pt\/api\/wp\/v2\/media?parent=416876"}],"wp:term":[{"taxonomy":"category","embeddable":true,"href":"https:\/\/portaltela.pt\/api\/wp\/v2\/categories?post=416876"},{"taxonomy":"post_tag","embeddable":true,"href":"https:\/\/portaltela.pt\/api\/wp\/v2\/tags?post=416876"}],"curies":[{"name":"wp","href":"https:\/\/api.w.org\/{rel}","templated":true}]}}